{"id":82101,"date":"2020-12-15T09:00:14","date_gmt":"2020-12-15T08:00:14","guid":{"rendered":"https:\/\/www.fondazionepirelli.org\/?p=82101"},"modified":"2020-12-15T09:00:14","modified_gmt":"2020-12-15T08:00:14","slug":"imprese-sempre-piu-responsabili","status":"publish","type":"post","link":"https:\/\/www.fondazionepirelli.org\/it\/cultura-dimpresa\/imprese-sempre-piu-responsabili\/","title":{"rendered":"Imprese sempre pi\u00f9 \u201cresponsabili\u201d"},"content":{"rendered":"<p><em>Una tesi discussa all\u2019Universit\u00e0 di Padova come utile vademecum sulla corporate governance <\/em><\/p><p>E\u2019 sempre la responsabilit\u00e0 sociale d\u2019impresa il tema alla ribalta di gran parte dei ragionamenti attorno ai necessari cambiamenti dei paradigmi della produzione industriale, ma anche delle politiche che a questa devono essere rivolte. Tema complesso, quello della responsabilit\u00e0 sociale delle organizzazioni della produzione, che necessita continuamente di messe a punto e di sintesi efficaci per orientarsi. A questo serve leggere il lavoro di tesi, discusso da Alessio Amadei presso il Dipartimento di scienze economiche ed aziendali \u201cM. Fanno\u201d dell\u2019Universit\u00e0 di Padova.<\/p>\n<p>\u201cGovernance e responsabilit\u00e0 sociale nelle societ\u00e0 italiane quotate: un\u2019analisi empirica della disclosure aziendale\u201d, questo il titolo dell\u2019indagine, \u00e8 una corretta sintesi dello stato dell\u2019arte della cosiddetta <em>corporate governance <\/em>che parte dal considerare i molti cambiamenti che stanno attraversando il sistema della produzione ai quali proprio una corretta gestione aziendale pu\u00f2 efficacemente rispondere.<\/p>\n<p>\u201cLa <em>corporate<\/em> <em>governance<\/em> \u00e8 \u2013 sottolinea l\u2019autore -, un veicolo attraverso il quale le imprese possono implementare le politiche di RSI\u201d. Amadei tuttavia si pone il compito di comprendere se il dibattito sulla RSI \u201csi tramuti in scelte operative da parte delle imprese\u201d. Ci\u00f2 che ci si chiede, quindi, \u00e8 se al di l\u00e0 della teoria vi sia davvero una \u201cpratica\u201d adeguata.<\/p>\n<p>Altro obiettivo dell\u2019indagine di Amadei \u00e8 quello di \u201cidentificare le caratteristiche di <em>governance<\/em> che facilitano l\u2019implementazione di politiche di RSI, cos\u00ec da promuovere la diffusione di modelli e comportamenti socialmente virtuosi\u201d.<\/p>\n<p>Il lavoro inizia quindi con una messa a fuoco della situazione e, successivamente, con la ricerca degli effetti della <em>corporate governance <\/em>sulla responsabilit\u00e0 sociale d\u2019impresa. Successivamente vengono esposti i risultati di un\u2019indagine empirica relativa alla <em>disclosure<\/em> aziendale di 219 societ\u00e0 italiane quotate. La ricerca si focalizza sul definire se le imprese ricerchino o meno soggetti esperti in RSI nell\u2019ambito del processo di nomina dei propri amministratori.<\/p>\n<p>La ricerca di Alessio Amadei ha il gran pregio di mettere in fila idee e dati su alcuni degli aspetti pi\u00f9 importanti della moderna gestione d\u2019impresa: una sorta di vademecum utile da leggere e da tenere sotto mano.<\/p><p><strong>Governance e responsabilit\u00e0 sociale nelle societ\u00e0 italiane quotate: un\u2019analisi empirica della disclosure aziendale<\/strong><\/p>\n<p>Alessio Amadei<\/p>\n<p>Universit\u00e0 degli Studi di Padova, Dipartimento di scienze economiche ed aziendali \u201cM.Fanno\u201d, Corso di laurea triennale in economia, 2020<\/p>","protected":false},"excerpt":{"rendered":"<p>Una tesi discussa all\u2019Universit\u00e0 di Padova come utile vademecum sulla corporate governance E\u2019 sempre la responsabilit\u00e0 sociale d\u2019impresa il tema alla ribalta di gran parte dei ragionamenti attorno ai necessari cambiamenti dei paradigmi della produzione industriale, ma anche delle politiche che a questa devono essere rivolte. Tema complesso, quello della responsabilit\u00e0 sociale delle organizzazioni della [&hellip;]<\/p>\n","protected":false},"author":9,"featured_media":0,"comment_status":"open","ping_status":"open","sticky":false,"template":"","format":"standard","meta":{"footnotes":""},"categories":[54,52],"tags":[],"class_list":["post-82101","post","type-post","status-publish","format-standard","hentry","category-approfondimenti","category-cultura-dimpresa"],"acf":[],"yoast_head":"<!-- This site is optimized with the Yoast SEO plugin v25.0 - https:\/\/yoast.com\/wordpress\/plugins\/seo\/ -->\n<title>Imprese sempre pi\u00f9 \u201cresponsabili\u201d - Fondazione Pirelli<\/title>\n<meta name=\"robots\" content=\"index, follow, max-snippet:-1, max-image-preview:large, max-video-preview:-1\" \/>\n<link rel=\"canonical\" href=\"https:\/\/www.fondazionepirelli.org\/it\/cultura-dimpresa\/imprese-sempre-piu-responsabili\/\" \/>\n<meta property=\"og:locale\" content=\"it_IT\" \/>\n<meta property=\"og:type\" content=\"article\" \/>\n<meta property=\"og:title\" content=\"Imprese sempre pi\u00f9 \u201cresponsabili\u201d - Fondazione Pirelli\" \/>\n<meta property=\"og:description\" content=\"Una tesi discussa all\u2019Universit\u00e0 di Padova come utile vademecum sulla corporate governance E\u2019 sempre la responsabilit\u00e0 sociale d\u2019impresa il tema alla ribalta di gran parte dei ragionamenti attorno ai necessari cambiamenti dei paradigmi della produzione industriale, ma anche delle politiche che a questa devono essere rivolte. Tema complesso, quello della responsabilit\u00e0 sociale delle organizzazioni della [&hellip;]\" \/>\n<meta property=\"og:url\" content=\"https:\/\/www.fondazionepirelli.org\/it\/cultura-dimpresa\/imprese-sempre-piu-responsabili\/\" \/>\n<meta property=\"og:site_name\" content=\"Fondazione Pirelli\" \/>\n<meta property=\"article:published_time\" content=\"2020-12-15T08:00:14+00:00\" \/>\n<meta name=\"author\" content=\"fondazionepirelli\" \/>\n<meta name=\"twitter:card\" content=\"summary_large_image\" \/>\n<meta name=\"twitter:label1\" content=\"Scritto da\" \/>\n\t<meta name=\"twitter:data1\" content=\"fondazionepirelli\" \/>\n\t<meta name=\"twitter:label2\" content=\"Tempo di lettura stimato\" \/>\n\t<meta name=\"twitter:data2\" content=\"2 minuti\" \/>\n<script type=\"application\/ld+json\" class=\"yoast-schema-graph\">{\"@context\":\"https:\/\/schema.org\",\"@graph\":[{\"@type\":\"WebPage\",\"@id\":\"https:\/\/www.fondazionepirelli.org\/it\/cultura-dimpresa\/imprese-sempre-piu-responsabili\/\",\"url\":\"https:\/\/www.fondazionepirelli.org\/it\/cultura-dimpresa\/imprese-sempre-piu-responsabili\/\",\"name\":\"Imprese sempre pi\u00f9 \u201cresponsabili\u201d - Fondazione Pirelli\",\"isPartOf\":{\"@id\":\"https:\/\/www.fondazionepirelli.org\/it\/#website\"},\"datePublished\":\"2020-12-15T08:00:14+00:00\",\"author\":{\"@id\":\"https:\/\/www.fondazionepirelli.org\/it\/#\/schema\/person\/c31fcf5937a0e6afa45497f3f8b6d7a0\"},\"breadcrumb\":{\"@id\":\"https:\/\/www.fondazionepirelli.org\/it\/cultura-dimpresa\/imprese-sempre-piu-responsabili\/#breadcrumb\"},\"inLanguage\":\"it-IT\",\"potentialAction\":[{\"@type\":\"ReadAction\",\"target\":[\"https:\/\/www.fondazionepirelli.org\/it\/cultura-dimpresa\/imprese-sempre-piu-responsabili\/\"]}]},{\"@type\":\"BreadcrumbList\",\"@id\":\"https:\/\/www.fondazionepirelli.org\/it\/cultura-dimpresa\/imprese-sempre-piu-responsabili\/#breadcrumb\",\"itemListElement\":[{\"@type\":\"ListItem\",\"position\":1,\"name\":\"Home\",\"item\":\"https:\/\/www.fondazionepirelli.org\/it\/\"},{\"@type\":\"ListItem\",\"position\":2,\"name\":\"Imprese sempre pi\u00f9 \u201cresponsabili\u201d\"}]},{\"@type\":\"WebSite\",\"@id\":\"https:\/\/www.fondazionepirelli.org\/it\/#website\",\"url\":\"https:\/\/www.fondazionepirelli.org\/it\/\",\"name\":\"Fondazione Pirelli\",\"description\":\"\",\"potentialAction\":[{\"@type\":\"SearchAction\",\"target\":{\"@type\":\"EntryPoint\",\"urlTemplate\":\"https:\/\/www.fondazionepirelli.org\/it\/?s={search_term_string}\"},\"query-input\":{\"@type\":\"PropertyValueSpecification\",\"valueRequired\":true,\"valueName\":\"search_term_string\"}}],\"inLanguage\":\"it-IT\"},{\"@type\":\"Person\",\"@id\":\"https:\/\/www.fondazionepirelli.org\/it\/#\/schema\/person\/c31fcf5937a0e6afa45497f3f8b6d7a0\",\"name\":\"fondazionepirelli\",\"image\":{\"@type\":\"ImageObject\",\"inLanguage\":\"it-IT\",\"@id\":\"https:\/\/www.fondazionepirelli.org\/it\/#\/schema\/person\/image\/\",\"url\":\"https:\/\/secure.gravatar.com\/avatar\/9cb486421ce1d6eddbf6c4fb66841b4325b786695f7aedf1dde2222428218696?s=96&d=mm&r=g\",\"contentUrl\":\"https:\/\/secure.gravatar.com\/avatar\/9cb486421ce1d6eddbf6c4fb66841b4325b786695f7aedf1dde2222428218696?s=96&d=mm&r=g\",\"caption\":\"fondazionepirelli\"},\"url\":\"https:\/\/www.fondazionepirelli.org\/it\/author\/fondazionepirelli\/\"}]}<\/script>\n<!-- \/ Yoast SEO plugin. -->","yoast_head_json":{"title":"Imprese sempre pi\u00f9 \u201cresponsabili\u201d - Fondazione Pirelli","robots":{"index":"index","follow":"follow","max-snippet":"max-snippet:-1","max-image-preview":"max-image-preview:large","max-video-preview":"max-video-preview:-1"},"canonical":"https:\/\/www.fondazionepirelli.org\/it\/cultura-dimpresa\/imprese-sempre-piu-responsabili\/","og_locale":"it_IT","og_type":"article","og_title":"Imprese sempre pi\u00f9 \u201cresponsabili\u201d - Fondazione Pirelli","og_description":"Una tesi discussa all\u2019Universit\u00e0 di Padova come utile vademecum sulla corporate governance E\u2019 sempre la responsabilit\u00e0 sociale d\u2019impresa il tema alla ribalta di gran parte dei ragionamenti attorno ai necessari cambiamenti dei paradigmi della produzione industriale, ma anche delle politiche che a questa devono essere rivolte. Tema complesso, quello della responsabilit\u00e0 sociale delle organizzazioni della [&hellip;]","og_url":"https:\/\/www.fondazionepirelli.org\/it\/cultura-dimpresa\/imprese-sempre-piu-responsabili\/","og_site_name":"Fondazione Pirelli","article_published_time":"2020-12-15T08:00:14+00:00","author":"fondazionepirelli","twitter_card":"summary_large_image","twitter_misc":{"Scritto da":"fondazionepirelli","Tempo di lettura stimato":"2 minuti"},"schema":{"@context":"https:\/\/schema.org","@graph":[{"@type":"WebPage","@id":"https:\/\/www.fondazionepirelli.org\/it\/cultura-dimpresa\/imprese-sempre-piu-responsabili\/","url":"https:\/\/www.fondazionepirelli.org\/it\/cultura-dimpresa\/imprese-sempre-piu-responsabili\/","name":"Imprese sempre pi\u00f9 \u201cresponsabili\u201d - Fondazione Pirelli","isPartOf":{"@id":"https:\/\/www.fondazionepirelli.org\/it\/#website"},"datePublished":"2020-12-15T08:00:14+00:00","author":{"@id":"https:\/\/www.fondazionepirelli.org\/it\/#\/schema\/person\/c31fcf5937a0e6afa45497f3f8b6d7a0"},"breadcrumb":{"@id":"https:\/\/www.fondazionepirelli.org\/it\/cultura-dimpresa\/imprese-sempre-piu-responsabili\/#breadcrumb"},"inLanguage":"it-IT","potentialAction":[{"@type":"ReadAction","target":["https:\/\/www.fondazionepirelli.org\/it\/cultura-dimpresa\/imprese-sempre-piu-responsabili\/"]}]},{"@type":"BreadcrumbList","@id":"https:\/\/www.fondazionepirelli.org\/it\/cultura-dimpresa\/imprese-sempre-piu-responsabili\/#breadcrumb","itemListElement":[{"@type":"ListItem","position":1,"name":"Home","item":"https:\/\/www.fondazionepirelli.org\/it\/"},{"@type":"ListItem","position":2,"name":"Imprese sempre pi\u00f9 \u201cresponsabili\u201d"}]},{"@type":"WebSite","@id":"https:\/\/www.fondazionepirelli.org\/it\/#website","url":"https:\/\/www.fondazionepirelli.org\/it\/","name":"Fondazione Pirelli","description":"","potentialAction":[{"@type":"SearchAction","target":{"@type":"EntryPoint","urlTemplate":"https:\/\/www.fondazionepirelli.org\/it\/?s={search_term_string}"},"query-input":{"@type":"PropertyValueSpecification","valueRequired":true,"valueName":"search_term_string"}}],"inLanguage":"it-IT"},{"@type":"Person","@id":"https:\/\/www.fondazionepirelli.org\/it\/#\/schema\/person\/c31fcf5937a0e6afa45497f3f8b6d7a0","name":"fondazionepirelli","image":{"@type":"ImageObject","inLanguage":"it-IT","@id":"https:\/\/www.fondazionepirelli.org\/it\/#\/schema\/person\/image\/","url":"https:\/\/secure.gravatar.com\/avatar\/9cb486421ce1d6eddbf6c4fb66841b4325b786695f7aedf1dde2222428218696?s=96&d=mm&r=g","contentUrl":"https:\/\/secure.gravatar.com\/avatar\/9cb486421ce1d6eddbf6c4fb66841b4325b786695f7aedf1dde2222428218696?s=96&d=mm&r=g","caption":"fondazionepirelli"},"url":"https:\/\/www.fondazionepirelli.org\/it\/author\/fondazionepirelli\/"}]}},"_links":{"self":[{"href":"https:\/\/www.fondazionepirelli.org\/it\/wp-json\/wp\/v2\/posts\/82101\/"}],"collection":[{"href":"https:\/\/www.fondazionepirelli.org\/it\/wp-json\/wp\/v2\/posts\/"}],"about":[{"href":"https:\/\/www.fondazionepirelli.org\/it\/wp-json\/wp\/v2\/types\/post\/"}],"author":[{"embeddable":true,"href":"https:\/\/www.fondazionepirelli.org\/it\/wp-json\/wp\/v2\/users\/9\/"}],"replies":[{"embeddable":true,"href":"https:\/\/www.fondazionepirelli.org\/it\/wp-json\/wp\/v2\/comments\/?post=82101"}],"version-history":[{"count":1,"href":"https:\/\/www.fondazionepirelli.org\/it\/wp-json\/wp\/v2\/posts\/82101\/revisions\/"}],"predecessor-version":[{"id":82104,"href":"https:\/\/www.fondazionepirelli.org\/it\/wp-json\/wp\/v2\/posts\/82101\/revisions\/82104\/"}],"wp:attachment":[{"href":"https:\/\/www.fondazionepirelli.org\/it\/wp-json\/wp\/v2\/media\/?parent=82101"}],"wp:term":[{"taxonomy":"category","embeddable":true,"href":"https:\/\/www.fondazionepirelli.org\/it\/wp-json\/wp\/v2\/categories\/?post=82101"},{"taxonomy":"post_tag","embeddable":true,"href":"https:\/\/www.fondazionepirelli.org\/it\/wp-json\/wp\/v2\/tags\/?post=82101"}],"curies":[{"name":"wp","href":"https:\/\/api.w.org\/{rel}","templated":true}]}}