{"id":82202,"date":"2020-12-22T08:12:08","date_gmt":"2020-12-22T07:12:08","guid":{"rendered":"https:\/\/www.fondazionepirelli.org\/?p=82202"},"modified":"2020-12-22T08:12:08","modified_gmt":"2020-12-22T07:12:08","slug":"in-difesa-dellimpresa","status":"publish","type":"post","link":"https:\/\/www.fondazionepirelli.org\/it\/cultura-dimpresa\/in-difesa-dellimpresa\/","title":{"rendered":"In difesa dell\u2019impresa"},"content":{"rendered":"<p><em>Dagli Usa un libro che racconta perch\u00e9 l\u2019impresa deve essere vista anche come un elemento positivo nella societ\u00e0<\/em><\/p><p>L\u2019impresa non \u00e8 buona e non \u00e8 cattiva. E\u2019 impresa e basta. Che pu\u00f2, tuttavia, avere notevoli aspetti positivi. Anche se viene gestita solo in base al profitto e a null\u2019altro. Questione di strategie di gestione e, in fin dei conti, di donne e uomini alla guida. Guardare alle organizzazioni della produzione partendo da un approccio di questo genere, \u00e8 certamente stimolante. Ed \u00e8 cosa che va fatta. Anche se pu\u00f2 condurre a traguardi che magari non sono quelli attesi.<\/p>\n<p>E\u2019 una lettura interessante quindi quella de \u201cL&#8217;impresa eccezionale. Come il capitalismo migliora la nostra vita\u201d scritto da <a href=\"https:\/\/www.luissuniversitypress.it\/autori\/tyler-cowen\">Tyler Cowen<\/a> professore alla George Mason University ed editorialista del New York Times. L\u2019autore scrive con un linguaggio chiaro e accattivante \u201cin difesa \u00a0dell\u2019impresa, per convincervi che essa merita pi\u00f9 amore e meno odio\u201d. Basato sull\u2019analisi delle imprese americane, il testo ha l\u2019obiettivo di far ragionare il lettore sfatando una serie di preconcetti (talvolta basati su dati reali e talvolta no), che minano la credibilit\u00e0 e il buon nome delle imprese (Usa, in particolare).<\/p>\n<p>Chi legge, quindi, viene condotto a considerare temi come l\u2019onest\u00e0 delle organizzazioni della produzione, le remunerazioni degli amministratori delegati, il monopolio condotto dalle grandi imprese, il significato di Wall Street, le relazioni tra imprese e politica. L\u2019impresa, \u00e8 la tesi di Cowen, ad un esame attento, \u00e8 \u201cun affare migliore di quanto sembri: infatti l\u2019impresa, quando opera al suo meglio, garantisce alle nostre vite pi\u00f9 possibilit\u00e0 per perseguire obiettivi eroici e nobili, in quanto possiamo usare i prodotti dell\u2019impresa per soddisfare i nostri desideri creativi e migliorare le nostre vite\u201d. Cowen aiuta comunque a farsi un\u2019idea pi\u00f9 precisa della realt\u00e0. Anche se in alcuni passaggi desta pi\u00f9 di una perplessit\u00e0. Ma quanto scrive \u00e8 certamente da meditare e da rammentare.<\/p>\n<p>\u201cMolti dei problemi legati all\u2019impresa sono in realt\u00e0 problemi legati a noi stessi, riflettono le imperfezioni che sono proprie, in modo quasi universale, della natura umana\u201d, scrive per esempio Cowen. Condivisibile e stimolante \u00e8 uno dei passaggi finali del libro che descrive secondo l\u2019autore i termini essenziali della sua visione di impresa fatta da \u201cun insieme di asset, assemblati a prezzi d\u2019acquisti vantaggiosi\u201d, ma anche da \u201cun nesso di reputazione e norme esterne e interne\u201d, oltre che essere \u201cun vettore di responsabilit\u00e0\u201d e anche \u201cun bandolo complesso di relazioni transazionalmente efficienti e di relazioni talvolta transazionalmente molto inefficienti\u201d.<\/p>\n<p>Libro chiaramente \u201cdi parte\u201d, quello di Cowen ma da leggere tutto con attenzione. E magari rileggere dopo qualche tempo.<\/p><p><strong>L&#8217;impresa eccezionale. <\/strong><strong>Come il capitalismo migliora la nostra vita<\/strong><\/p>\n<p>Tyler Cowen<\/p>\n<p>LUISS University Press, 2020<\/p>\n","protected":false},"excerpt":{"rendered":"<p>Dagli Usa un libro che racconta perch\u00e9 l\u2019impresa deve essere vista anche come un elemento positivo nella societ\u00e0L\u2019impresa non \u00e8 buona e non \u00e8 cattiva. E\u2019 impresa e basta. Che pu\u00f2, tuttavia, avere notevoli aspetti positivi. Anche se viene gestita solo in base al profitto e a null\u2019altro. Questione di strategie di gestione e, in [&hellip;]<\/p>\n","protected":false},"author":9,"featured_media":82203,"comment_status":"open","ping_status":"open","sticky":false,"template":"","format":"standard","meta":{"footnotes":""},"categories":[52,58],"tags":[],"class_list":["post-82202","post","type-post","status-publish","format-standard","has-post-thumbnail","hentry","category-cultura-dimpresa","category-recensioni-libri"],"acf":[],"yoast_head":"<!-- This site is optimized with the Yoast SEO plugin v25.0 - https:\/\/yoast.com\/wordpress\/plugins\/seo\/ -->\n<title>In difesa dell\u2019impresa - Fondazione Pirelli<\/title>\n<meta name=\"robots\" content=\"index, follow, max-snippet:-1, max-image-preview:large, max-video-preview:-1\" \/>\n<link rel=\"canonical\" href=\"https:\/\/www.fondazionepirelli.org\/it\/cultura-dimpresa\/in-difesa-dellimpresa\/\" \/>\n<meta property=\"og:locale\" content=\"it_IT\" \/>\n<meta property=\"og:type\" content=\"article\" \/>\n<meta property=\"og:title\" content=\"In difesa dell\u2019impresa - Fondazione Pirelli\" \/>\n<meta property=\"og:description\" content=\"Dagli Usa un libro che racconta perch\u00e9 l\u2019impresa deve essere vista anche come un elemento positivo nella societ\u00e0L\u2019impresa non \u00e8 buona e non \u00e8 cattiva. E\u2019 impresa e basta. Che pu\u00f2, tuttavia, avere notevoli aspetti positivi. Anche se viene gestita solo in base al profitto e a null\u2019altro. Questione di strategie di gestione e, in [&hellip;]\" \/>\n<meta property=\"og:url\" content=\"https:\/\/www.fondazionepirelli.org\/it\/cultura-dimpresa\/in-difesa-dellimpresa\/\" \/>\n<meta property=\"og:site_name\" content=\"Fondazione Pirelli\" \/>\n<meta property=\"article:published_time\" content=\"2020-12-22T07:12:08+00:00\" \/>\n<meta property=\"og:image\" content=\"https:\/\/wpsite-assets.fondazionepirelli.org\/wp-content\/uploads\/2020\/12\/21110158\/cowen_cop_01.jpg\" \/>\n\t<meta property=\"og:image:width\" content=\"380\" \/>\n\t<meta property=\"og:image:height\" content=\"499\" \/>\n\t<meta property=\"og:image:type\" content=\"image\/jpeg\" \/>\n<meta name=\"author\" content=\"fondazionepirelli\" \/>\n<meta name=\"twitter:card\" content=\"summary_large_image\" \/>\n<meta name=\"twitter:label1\" content=\"Scritto da\" \/>\n\t<meta name=\"twitter:data1\" content=\"fondazionepirelli\" \/>\n\t<meta name=\"twitter:label2\" content=\"Tempo di lettura stimato\" \/>\n\t<meta name=\"twitter:data2\" content=\"2 minuti\" \/>\n<script type=\"application\/ld+json\" class=\"yoast-schema-graph\">{\"@context\":\"https:\/\/schema.org\",\"@graph\":[{\"@type\":\"WebPage\",\"@id\":\"https:\/\/www.fondazionepirelli.org\/it\/cultura-dimpresa\/in-difesa-dellimpresa\/\",\"url\":\"https:\/\/www.fondazionepirelli.org\/it\/cultura-dimpresa\/in-difesa-dellimpresa\/\",\"name\":\"In difesa dell\u2019impresa - Fondazione Pirelli\",\"isPartOf\":{\"@id\":\"https:\/\/www.fondazionepirelli.org\/it\/#website\"},\"primaryImageOfPage\":{\"@id\":\"https:\/\/www.fondazionepirelli.org\/it\/cultura-dimpresa\/in-difesa-dellimpresa\/#primaryimage\"},\"image\":{\"@id\":\"https:\/\/www.fondazionepirelli.org\/it\/cultura-dimpresa\/in-difesa-dellimpresa\/#primaryimage\"},\"thumbnailUrl\":\"https:\/\/wpsite-assets.fondazionepirelli.org\/wp-content\/uploads\/2020\/12\/21110158\/cowen_cop_01.jpg\",\"datePublished\":\"2020-12-22T07:12:08+00:00\",\"author\":{\"@id\":\"https:\/\/www.fondazionepirelli.org\/it\/#\/schema\/person\/c31fcf5937a0e6afa45497f3f8b6d7a0\"},\"breadcrumb\":{\"@id\":\"https:\/\/www.fondazionepirelli.org\/it\/cultura-dimpresa\/in-difesa-dellimpresa\/#breadcrumb\"},\"inLanguage\":\"it-IT\",\"potentialAction\":[{\"@type\":\"ReadAction\",\"target\":[\"https:\/\/www.fondazionepirelli.org\/it\/cultura-dimpresa\/in-difesa-dellimpresa\/\"]}]},{\"@type\":\"ImageObject\",\"inLanguage\":\"it-IT\",\"@id\":\"https:\/\/www.fondazionepirelli.org\/it\/cultura-dimpresa\/in-difesa-dellimpresa\/#primaryimage\",\"url\":\"https:\/\/wpsite-assets.fondazionepirelli.org\/wp-content\/uploads\/2020\/12\/21110158\/cowen_cop_01.jpg\",\"contentUrl\":\"https:\/\/wpsite-assets.fondazionepirelli.org\/wp-content\/uploads\/2020\/12\/21110158\/cowen_cop_01.jpg\",\"width\":380,\"height\":499},{\"@type\":\"BreadcrumbList\",\"@id\":\"https:\/\/www.fondazionepirelli.org\/it\/cultura-dimpresa\/in-difesa-dellimpresa\/#breadcrumb\",\"itemListElement\":[{\"@type\":\"ListItem\",\"position\":1,\"name\":\"Home\",\"item\":\"https:\/\/www.fondazionepirelli.org\/it\/\"},{\"@type\":\"ListItem\",\"position\":2,\"name\":\"In difesa dell\u2019impresa\"}]},{\"@type\":\"WebSite\",\"@id\":\"https:\/\/www.fondazionepirelli.org\/it\/#website\",\"url\":\"https:\/\/www.fondazionepirelli.org\/it\/\",\"name\":\"Fondazione Pirelli\",\"description\":\"\",\"potentialAction\":[{\"@type\":\"SearchAction\",\"target\":{\"@type\":\"EntryPoint\",\"urlTemplate\":\"https:\/\/www.fondazionepirelli.org\/it\/?s={search_term_string}\"},\"query-input\":{\"@type\":\"PropertyValueSpecification\",\"valueRequired\":true,\"valueName\":\"search_term_string\"}}],\"inLanguage\":\"it-IT\"},{\"@type\":\"Person\",\"@id\":\"https:\/\/www.fondazionepirelli.org\/it\/#\/schema\/person\/c31fcf5937a0e6afa45497f3f8b6d7a0\",\"name\":\"fondazionepirelli\",\"image\":{\"@type\":\"ImageObject\",\"inLanguage\":\"it-IT\",\"@id\":\"https:\/\/www.fondazionepirelli.org\/it\/#\/schema\/person\/image\/\",\"url\":\"https:\/\/secure.gravatar.com\/avatar\/9cb486421ce1d6eddbf6c4fb66841b4325b786695f7aedf1dde2222428218696?s=96&d=mm&r=g\",\"contentUrl\":\"https:\/\/secure.gravatar.com\/avatar\/9cb486421ce1d6eddbf6c4fb66841b4325b786695f7aedf1dde2222428218696?s=96&d=mm&r=g\",\"caption\":\"fondazionepirelli\"},\"url\":\"https:\/\/www.fondazionepirelli.org\/it\/author\/fondazionepirelli\/\"}]}<\/script>\n<!-- \/ Yoast SEO plugin. -->","yoast_head_json":{"title":"In difesa dell\u2019impresa - Fondazione Pirelli","robots":{"index":"index","follow":"follow","max-snippet":"max-snippet:-1","max-image-preview":"max-image-preview:large","max-video-preview":"max-video-preview:-1"},"canonical":"https:\/\/www.fondazionepirelli.org\/it\/cultura-dimpresa\/in-difesa-dellimpresa\/","og_locale":"it_IT","og_type":"article","og_title":"In difesa dell\u2019impresa - Fondazione Pirelli","og_description":"Dagli Usa un libro che racconta perch\u00e9 l\u2019impresa deve essere vista anche come un elemento positivo nella societ\u00e0L\u2019impresa non \u00e8 buona e non \u00e8 cattiva. E\u2019 impresa e basta. Che pu\u00f2, tuttavia, avere notevoli aspetti positivi. Anche se viene gestita solo in base al profitto e a null\u2019altro. Questione di strategie di gestione e, in [&hellip;]","og_url":"https:\/\/www.fondazionepirelli.org\/it\/cultura-dimpresa\/in-difesa-dellimpresa\/","og_site_name":"Fondazione Pirelli","article_published_time":"2020-12-22T07:12:08+00:00","og_image":[{"width":380,"height":499,"url":"https:\/\/wpsite-assets.fondazionepirelli.org\/wp-content\/uploads\/2020\/12\/21110158\/cowen_cop_01.jpg","type":"image\/jpeg"}],"author":"fondazionepirelli","twitter_card":"summary_large_image","twitter_misc":{"Scritto da":"fondazionepirelli","Tempo di lettura stimato":"2 minuti"},"schema":{"@context":"https:\/\/schema.org","@graph":[{"@type":"WebPage","@id":"https:\/\/www.fondazionepirelli.org\/it\/cultura-dimpresa\/in-difesa-dellimpresa\/","url":"https:\/\/www.fondazionepirelli.org\/it\/cultura-dimpresa\/in-difesa-dellimpresa\/","name":"In difesa dell\u2019impresa - Fondazione Pirelli","isPartOf":{"@id":"https:\/\/www.fondazionepirelli.org\/it\/#website"},"primaryImageOfPage":{"@id":"https:\/\/www.fondazionepirelli.org\/it\/cultura-dimpresa\/in-difesa-dellimpresa\/#primaryimage"},"image":{"@id":"https:\/\/www.fondazionepirelli.org\/it\/cultura-dimpresa\/in-difesa-dellimpresa\/#primaryimage"},"thumbnailUrl":"https:\/\/wpsite-assets.fondazionepirelli.org\/wp-content\/uploads\/2020\/12\/21110158\/cowen_cop_01.jpg","datePublished":"2020-12-22T07:12:08+00:00","author":{"@id":"https:\/\/www.fondazionepirelli.org\/it\/#\/schema\/person\/c31fcf5937a0e6afa45497f3f8b6d7a0"},"breadcrumb":{"@id":"https:\/\/www.fondazionepirelli.org\/it\/cultura-dimpresa\/in-difesa-dellimpresa\/#breadcrumb"},"inLanguage":"it-IT","potentialAction":[{"@type":"ReadAction","target":["https:\/\/www.fondazionepirelli.org\/it\/cultura-dimpresa\/in-difesa-dellimpresa\/"]}]},{"@type":"ImageObject","inLanguage":"it-IT","@id":"https:\/\/www.fondazionepirelli.org\/it\/cultura-dimpresa\/in-difesa-dellimpresa\/#primaryimage","url":"https:\/\/wpsite-assets.fondazionepirelli.org\/wp-content\/uploads\/2020\/12\/21110158\/cowen_cop_01.jpg","contentUrl":"https:\/\/wpsite-assets.fondazionepirelli.org\/wp-content\/uploads\/2020\/12\/21110158\/cowen_cop_01.jpg","width":380,"height":499},{"@type":"BreadcrumbList","@id":"https:\/\/www.fondazionepirelli.org\/it\/cultura-dimpresa\/in-difesa-dellimpresa\/#breadcrumb","itemListElement":[{"@type":"ListItem","position":1,"name":"Home","item":"https:\/\/www.fondazionepirelli.org\/it\/"},{"@type":"ListItem","position":2,"name":"In difesa dell\u2019impresa"}]},{"@type":"WebSite","@id":"https:\/\/www.fondazionepirelli.org\/it\/#website","url":"https:\/\/www.fondazionepirelli.org\/it\/","name":"Fondazione Pirelli","description":"","potentialAction":[{"@type":"SearchAction","target":{"@type":"EntryPoint","urlTemplate":"https:\/\/www.fondazionepirelli.org\/it\/?s={search_term_string}"},"query-input":{"@type":"PropertyValueSpecification","valueRequired":true,"valueName":"search_term_string"}}],"inLanguage":"it-IT"},{"@type":"Person","@id":"https:\/\/www.fondazionepirelli.org\/it\/#\/schema\/person\/c31fcf5937a0e6afa45497f3f8b6d7a0","name":"fondazionepirelli","image":{"@type":"ImageObject","inLanguage":"it-IT","@id":"https:\/\/www.fondazionepirelli.org\/it\/#\/schema\/person\/image\/","url":"https:\/\/secure.gravatar.com\/avatar\/9cb486421ce1d6eddbf6c4fb66841b4325b786695f7aedf1dde2222428218696?s=96&d=mm&r=g","contentUrl":"https:\/\/secure.gravatar.com\/avatar\/9cb486421ce1d6eddbf6c4fb66841b4325b786695f7aedf1dde2222428218696?s=96&d=mm&r=g","caption":"fondazionepirelli"},"url":"https:\/\/www.fondazionepirelli.org\/it\/author\/fondazionepirelli\/"}]}},"_links":{"self":[{"href":"https:\/\/www.fondazionepirelli.org\/it\/wp-json\/wp\/v2\/posts\/82202\/"}],"collection":[{"href":"https:\/\/www.fondazionepirelli.org\/it\/wp-json\/wp\/v2\/posts\/"}],"about":[{"href":"https:\/\/www.fondazionepirelli.org\/it\/wp-json\/wp\/v2\/types\/post\/"}],"author":[{"embeddable":true,"href":"https:\/\/www.fondazionepirelli.org\/it\/wp-json\/wp\/v2\/users\/9\/"}],"replies":[{"embeddable":true,"href":"https:\/\/www.fondazionepirelli.org\/it\/wp-json\/wp\/v2\/comments\/?post=82202"}],"version-history":[{"count":2,"href":"https:\/\/www.fondazionepirelli.org\/it\/wp-json\/wp\/v2\/posts\/82202\/revisions\/"}],"predecessor-version":[{"id":82206,"href":"https:\/\/www.fondazionepirelli.org\/it\/wp-json\/wp\/v2\/posts\/82202\/revisions\/82206\/"}],"wp:featuredmedia":[{"embeddable":true,"href":"https:\/\/www.fondazionepirelli.org\/it\/wp-json\/wp\/v2\/media\/82203\/"}],"wp:attachment":[{"href":"https:\/\/www.fondazionepirelli.org\/it\/wp-json\/wp\/v2\/media\/?parent=82202"}],"wp:term":[{"taxonomy":"category","embeddable":true,"href":"https:\/\/www.fondazionepirelli.org\/it\/wp-json\/wp\/v2\/categories\/?post=82202"},{"taxonomy":"post_tag","embeddable":true,"href":"https:\/\/www.fondazionepirelli.org\/it\/wp-json\/wp\/v2\/tags\/?post=82202"}],"curies":[{"name":"wp","href":"https:\/\/api.w.org\/{rel}","templated":true}]}}