{"id":82207,"date":"2020-12-22T08:11:30","date_gmt":"2020-12-22T07:11:30","guid":{"rendered":"https:\/\/www.fondazionepirelli.org\/?p=82207"},"modified":"2020-12-22T08:11:30","modified_gmt":"2020-12-22T07:11:30","slug":"necessita-di-calcolo-e-visione","status":"publish","type":"post","link":"https:\/\/www.fondazionepirelli.org\/it\/cultura-dimpresa\/necessita-di-calcolo-e-visione\/","title":{"rendered":"Necessit\u00e0 di calcolo e visione"},"content":{"rendered":"<p>Una <em>Lectio Magistralis <\/em>del Governatore della Banca d\u2019Italia, Ignazio Visco, aiuta a comprendere meglio la realt\u00e0 del presente e i suoi possibili sviluppi<\/p>\n<p><strong>\u00a0<\/strong><\/p>\n<p>Economia fatta di misura e pianificazione, ma anche di visioni che vanno al di l\u00e0 del calcolo. E che devono comunque fare i conti con i mutamenti della societ\u00e0 e della storia. Cultura in senso lato che si fonde con quella cultura economica e del produrre che deve sempre di pi\u00f9 contemperare buoni bilanci ad un\u2019attenzione importante al territorio e alla crescita delle persone. Si trovano cenni di tutto questo nella <em>Lectio Magistralis<\/em> del Governatore della Banca d\u2019Italia, Ignazio Visco, tenuta al Gran Sasso Science Institute dello scorso 16 dicembre, la cui lettura pu\u00f2 essere utile a molti.<\/p>\n<p>\u201cEconomia, innovazione, conoscenza\u201d \u00e8 una valida sintesi delle relazioni tra i movimenti e le forze della produzione e ci\u00f2 che ha a che fare con la capacit\u00e0 di cambiamento e quindi con il grado di istruzione e conoscenza presente nei sistemi sociali. Con particolare attenzione alla situazione dell\u2019Italia, il Governatore dell\u2019istituto centrale ragiona sulle cause che hanno posto il Paese in svantaggio gi\u00e0 da prima della pandemia di Covid-19 e che, quindi, pongono maggiori difficolt\u00e0 alla ripresa dopo la pandemia stessa. Ragioni che vanno ascritte alla storia economica e politica italiana, che a sua volta va collocata nell\u2019ambito di quella pi\u00f9 generale.<\/p>\n<p>Visco, dopo aver fissato alcuni indicatori relativi alla attuale situazione, prende quindi in considerazione i principali fattori di cambiamento, il tema della ricerca e innovazione, il particolare aspetto della digitalizzazione, quello relativo al \u201ccapitale umano\u201d per passare quindi a delineare le \u201csfide per il futuro\u201d. \u00a0E\u2019 proprio qui che la necessaria unione tra scienza e spirito, tra calcolo e visione d\u2019insieme, si fa pi\u00f9 chiara e impellente. \u201cLa riscoperta dello studio, scientifico e umanistico, \u00e8 la vera radice del progresso umano e sociale, la condizione per lo sviluppo economico\u201d. La <em>Lectio Magistralis <\/em>di Visco \u00e8 lettura da fare per tutti.<\/p><p><a href=\"https:\/\/wpsite-assets.fondazionepirelli.org\/wp-content\/uploads\/2020\/12\/21110443\/Visco_20201216.pdf\"><strong>Economia, innovazione, conoscenza<\/strong><\/a><\/p>\n<p>Ignazio Visco<\/p>\n<p><em>Lectio Magistralis<\/em>, Gran Sasso Science Institute, 16 dicembre 2020<\/p>\n","protected":false},"excerpt":{"rendered":"<p>Una Lectio Magistralis del Governatore della Banca d\u2019Italia, Ignazio Visco, aiuta a comprendere meglio la realt\u00e0 del presente e i suoi possibili sviluppi \u00a0 Economia fatta di misura e pianificazione, ma anche di visioni che vanno al di l\u00e0 del calcolo. E che devono comunque fare i conti con i mutamenti della societ\u00e0 e della [&hellip;]<\/p>\n","protected":false},"author":9,"featured_media":0,"comment_status":"open","ping_status":"open","sticky":false,"template":"","format":"standard","meta":{"footnotes":""},"categories":[54,52],"tags":[],"class_list":["post-82207","post","type-post","status-publish","format-standard","hentry","category-approfondimenti","category-cultura-dimpresa"],"acf":[],"yoast_head":"<!-- This site is optimized with the Yoast SEO plugin v25.0 - https:\/\/yoast.com\/wordpress\/plugins\/seo\/ -->\n<title>Necessit\u00e0 di calcolo e visione - Fondazione Pirelli<\/title>\n<meta name=\"robots\" content=\"index, follow, max-snippet:-1, max-image-preview:large, max-video-preview:-1\" \/>\n<link rel=\"canonical\" href=\"https:\/\/www.fondazionepirelli.org\/it\/cultura-dimpresa\/necessita-di-calcolo-e-visione\/\" \/>\n<meta property=\"og:locale\" content=\"it_IT\" \/>\n<meta property=\"og:type\" content=\"article\" \/>\n<meta property=\"og:title\" content=\"Necessit\u00e0 di calcolo e visione - Fondazione Pirelli\" \/>\n<meta property=\"og:description\" content=\"Una Lectio Magistralis del Governatore della Banca d\u2019Italia, Ignazio Visco, aiuta a comprendere meglio la realt\u00e0 del presente e i suoi possibili sviluppi \u00a0 Economia fatta di misura e pianificazione, ma anche di visioni che vanno al di l\u00e0 del calcolo. E che devono comunque fare i conti con i mutamenti della societ\u00e0 e della [&hellip;]\" \/>\n<meta property=\"og:url\" content=\"https:\/\/www.fondazionepirelli.org\/it\/cultura-dimpresa\/necessita-di-calcolo-e-visione\/\" \/>\n<meta property=\"og:site_name\" content=\"Fondazione Pirelli\" \/>\n<meta property=\"article:published_time\" content=\"2020-12-22T07:11:30+00:00\" \/>\n<meta name=\"author\" content=\"fondazionepirelli\" \/>\n<meta name=\"twitter:card\" content=\"summary_large_image\" \/>\n<meta name=\"twitter:label1\" content=\"Scritto da\" \/>\n\t<meta name=\"twitter:data1\" content=\"fondazionepirelli\" \/>\n\t<meta name=\"twitter:label2\" content=\"Tempo di lettura stimato\" \/>\n\t<meta name=\"twitter:data2\" content=\"2 minuti\" \/>\n<script type=\"application\/ld+json\" class=\"yoast-schema-graph\">{\"@context\":\"https:\/\/schema.org\",\"@graph\":[{\"@type\":\"WebPage\",\"@id\":\"https:\/\/www.fondazionepirelli.org\/it\/cultura-dimpresa\/necessita-di-calcolo-e-visione\/\",\"url\":\"https:\/\/www.fondazionepirelli.org\/it\/cultura-dimpresa\/necessita-di-calcolo-e-visione\/\",\"name\":\"Necessit\u00e0 di calcolo e visione - Fondazione Pirelli\",\"isPartOf\":{\"@id\":\"https:\/\/www.fondazionepirelli.org\/it\/#website\"},\"datePublished\":\"2020-12-22T07:11:30+00:00\",\"author\":{\"@id\":\"https:\/\/www.fondazionepirelli.org\/it\/#\/schema\/person\/c31fcf5937a0e6afa45497f3f8b6d7a0\"},\"breadcrumb\":{\"@id\":\"https:\/\/www.fondazionepirelli.org\/it\/cultura-dimpresa\/necessita-di-calcolo-e-visione\/#breadcrumb\"},\"inLanguage\":\"it-IT\",\"potentialAction\":[{\"@type\":\"ReadAction\",\"target\":[\"https:\/\/www.fondazionepirelli.org\/it\/cultura-dimpresa\/necessita-di-calcolo-e-visione\/\"]}]},{\"@type\":\"BreadcrumbList\",\"@id\":\"https:\/\/www.fondazionepirelli.org\/it\/cultura-dimpresa\/necessita-di-calcolo-e-visione\/#breadcrumb\",\"itemListElement\":[{\"@type\":\"ListItem\",\"position\":1,\"name\":\"Home\",\"item\":\"https:\/\/www.fondazionepirelli.org\/it\/\"},{\"@type\":\"ListItem\",\"position\":2,\"name\":\"Necessit\u00e0 di calcolo e visione\"}]},{\"@type\":\"WebSite\",\"@id\":\"https:\/\/www.fondazionepirelli.org\/it\/#website\",\"url\":\"https:\/\/www.fondazionepirelli.org\/it\/\",\"name\":\"Fondazione Pirelli\",\"description\":\"\",\"potentialAction\":[{\"@type\":\"SearchAction\",\"target\":{\"@type\":\"EntryPoint\",\"urlTemplate\":\"https:\/\/www.fondazionepirelli.org\/it\/?s={search_term_string}\"},\"query-input\":{\"@type\":\"PropertyValueSpecification\",\"valueRequired\":true,\"valueName\":\"search_term_string\"}}],\"inLanguage\":\"it-IT\"},{\"@type\":\"Person\",\"@id\":\"https:\/\/www.fondazionepirelli.org\/it\/#\/schema\/person\/c31fcf5937a0e6afa45497f3f8b6d7a0\",\"name\":\"fondazionepirelli\",\"image\":{\"@type\":\"ImageObject\",\"inLanguage\":\"it-IT\",\"@id\":\"https:\/\/www.fondazionepirelli.org\/it\/#\/schema\/person\/image\/\",\"url\":\"https:\/\/secure.gravatar.com\/avatar\/9cb486421ce1d6eddbf6c4fb66841b4325b786695f7aedf1dde2222428218696?s=96&d=mm&r=g\",\"contentUrl\":\"https:\/\/secure.gravatar.com\/avatar\/9cb486421ce1d6eddbf6c4fb66841b4325b786695f7aedf1dde2222428218696?s=96&d=mm&r=g\",\"caption\":\"fondazionepirelli\"},\"url\":\"https:\/\/www.fondazionepirelli.org\/it\/author\/fondazionepirelli\/\"}]}<\/script>\n<!-- \/ Yoast SEO plugin. -->","yoast_head_json":{"title":"Necessit\u00e0 di calcolo e visione - Fondazione Pirelli","robots":{"index":"index","follow":"follow","max-snippet":"max-snippet:-1","max-image-preview":"max-image-preview:large","max-video-preview":"max-video-preview:-1"},"canonical":"https:\/\/www.fondazionepirelli.org\/it\/cultura-dimpresa\/necessita-di-calcolo-e-visione\/","og_locale":"it_IT","og_type":"article","og_title":"Necessit\u00e0 di calcolo e visione - Fondazione Pirelli","og_description":"Una Lectio Magistralis del Governatore della Banca d\u2019Italia, Ignazio Visco, aiuta a comprendere meglio la realt\u00e0 del presente e i suoi possibili sviluppi \u00a0 Economia fatta di misura e pianificazione, ma anche di visioni che vanno al di l\u00e0 del calcolo. E che devono comunque fare i conti con i mutamenti della societ\u00e0 e della [&hellip;]","og_url":"https:\/\/www.fondazionepirelli.org\/it\/cultura-dimpresa\/necessita-di-calcolo-e-visione\/","og_site_name":"Fondazione Pirelli","article_published_time":"2020-12-22T07:11:30+00:00","author":"fondazionepirelli","twitter_card":"summary_large_image","twitter_misc":{"Scritto da":"fondazionepirelli","Tempo di lettura stimato":"2 minuti"},"schema":{"@context":"https:\/\/schema.org","@graph":[{"@type":"WebPage","@id":"https:\/\/www.fondazionepirelli.org\/it\/cultura-dimpresa\/necessita-di-calcolo-e-visione\/","url":"https:\/\/www.fondazionepirelli.org\/it\/cultura-dimpresa\/necessita-di-calcolo-e-visione\/","name":"Necessit\u00e0 di calcolo e visione - Fondazione Pirelli","isPartOf":{"@id":"https:\/\/www.fondazionepirelli.org\/it\/#website"},"datePublished":"2020-12-22T07:11:30+00:00","author":{"@id":"https:\/\/www.fondazionepirelli.org\/it\/#\/schema\/person\/c31fcf5937a0e6afa45497f3f8b6d7a0"},"breadcrumb":{"@id":"https:\/\/www.fondazionepirelli.org\/it\/cultura-dimpresa\/necessita-di-calcolo-e-visione\/#breadcrumb"},"inLanguage":"it-IT","potentialAction":[{"@type":"ReadAction","target":["https:\/\/www.fondazionepirelli.org\/it\/cultura-dimpresa\/necessita-di-calcolo-e-visione\/"]}]},{"@type":"BreadcrumbList","@id":"https:\/\/www.fondazionepirelli.org\/it\/cultura-dimpresa\/necessita-di-calcolo-e-visione\/#breadcrumb","itemListElement":[{"@type":"ListItem","position":1,"name":"Home","item":"https:\/\/www.fondazionepirelli.org\/it\/"},{"@type":"ListItem","position":2,"name":"Necessit\u00e0 di calcolo e visione"}]},{"@type":"WebSite","@id":"https:\/\/www.fondazionepirelli.org\/it\/#website","url":"https:\/\/www.fondazionepirelli.org\/it\/","name":"Fondazione Pirelli","description":"","potentialAction":[{"@type":"SearchAction","target":{"@type":"EntryPoint","urlTemplate":"https:\/\/www.fondazionepirelli.org\/it\/?s={search_term_string}"},"query-input":{"@type":"PropertyValueSpecification","valueRequired":true,"valueName":"search_term_string"}}],"inLanguage":"it-IT"},{"@type":"Person","@id":"https:\/\/www.fondazionepirelli.org\/it\/#\/schema\/person\/c31fcf5937a0e6afa45497f3f8b6d7a0","name":"fondazionepirelli","image":{"@type":"ImageObject","inLanguage":"it-IT","@id":"https:\/\/www.fondazionepirelli.org\/it\/#\/schema\/person\/image\/","url":"https:\/\/secure.gravatar.com\/avatar\/9cb486421ce1d6eddbf6c4fb66841b4325b786695f7aedf1dde2222428218696?s=96&d=mm&r=g","contentUrl":"https:\/\/secure.gravatar.com\/avatar\/9cb486421ce1d6eddbf6c4fb66841b4325b786695f7aedf1dde2222428218696?s=96&d=mm&r=g","caption":"fondazionepirelli"},"url":"https:\/\/www.fondazionepirelli.org\/it\/author\/fondazionepirelli\/"}]}},"_links":{"self":[{"href":"https:\/\/www.fondazionepirelli.org\/it\/wp-json\/wp\/v2\/posts\/82207\/"}],"collection":[{"href":"https:\/\/www.fondazionepirelli.org\/it\/wp-json\/wp\/v2\/posts\/"}],"about":[{"href":"https:\/\/www.fondazionepirelli.org\/it\/wp-json\/wp\/v2\/types\/post\/"}],"author":[{"embeddable":true,"href":"https:\/\/www.fondazionepirelli.org\/it\/wp-json\/wp\/v2\/users\/9\/"}],"replies":[{"embeddable":true,"href":"https:\/\/www.fondazionepirelli.org\/it\/wp-json\/wp\/v2\/comments\/?post=82207"}],"version-history":[{"count":1,"href":"https:\/\/www.fondazionepirelli.org\/it\/wp-json\/wp\/v2\/posts\/82207\/revisions\/"}],"predecessor-version":[{"id":82210,"href":"https:\/\/www.fondazionepirelli.org\/it\/wp-json\/wp\/v2\/posts\/82207\/revisions\/82210\/"}],"wp:attachment":[{"href":"https:\/\/www.fondazionepirelli.org\/it\/wp-json\/wp\/v2\/media\/?parent=82207"}],"wp:term":[{"taxonomy":"category","embeddable":true,"href":"https:\/\/www.fondazionepirelli.org\/it\/wp-json\/wp\/v2\/categories\/?post=82207"},{"taxonomy":"post_tag","embeddable":true,"href":"https:\/\/www.fondazionepirelli.org\/it\/wp-json\/wp\/v2\/tags\/?post=82207"}],"curies":[{"name":"wp","href":"https:\/\/api.w.org\/{rel}","templated":true}]}}