{"id":82403,"date":"2021-01-26T08:20:44","date_gmt":"2021-01-26T07:20:44","guid":{"rendered":"https:\/\/www.fondazionepirelli.org\/?p=82403"},"modified":"2022-09-30T11:30:36","modified_gmt":"2022-09-30T10:30:36","slug":"la-letteratura-dimpresa-sullitalia-in-movimentoper-raccontare-lavoro-creativita-e-innovazione","status":"publish","type":"post","link":"https:\/\/www.fondazionepirelli.org\/it\/cultura-dimpresa\/la-letteratura-dimpresa-sullitalia-in-movimentoper-raccontare-lavoro-creativita-e-innovazione\/","title":{"rendered":"La letteratura d\u2019impresa sull\u2019Italia in movimento per raccontare lavoro, creativit\u00e0 e innovazione"},"content":{"rendered":"<p><strong>Raccontare l\u2019impresa<\/strong> per <strong>raccontare l\u2019Italia.<\/strong> Dare voce alle donne e agli uomini protagonisti delle storie di fabbrica, dei laboratori industriali, dei cantieri, delle reti in cui s\u2019intrecciano produzioni e servizi, degli spazi in cui, ogni giorno, si inventano nuovi modi di fare le cose. E cos\u00ec dare <strong>dignit\u00e0 di rappresentazione<\/strong> alle persone di un paese attivo, impegnato a cambiare e migliorare, tutto il contrario dello stereotipo dell\u2019\u201dItalia alle vongole\u201d, dell\u2019Italietta pigra, conformista, familista e clientelare. Gli stereotipi, si sa, hanno una base di verit\u00e0, ma finiscono per essere una distorsione profonda dei modi prevalenti di vivere e di essere di un popolo, di una comunit\u00e0, di una nazione. Ecco, l\u2019<strong>Italia dell\u2019impresa<\/strong>, probabilmente, somiglia un po\u2019 di pi\u00f9 all\u2019Italia vera che non la maschera lazzarona e furbastra. L\u2019attitudine a intraprendere \u00e8 ben altro che l\u2019improntitudine dell\u2019arrangiarsi.<\/p>\n<p>L\u2019Italia, infatti, \u00e8 territorio di <strong>creativit\u00e0<\/strong>, di imprese che, nonostante tutto, investono, crescono, innovano, conquistano posizioni di rilievo sui mercati internazionali. E sono proprio queste imprese a tenere insieme competitivit\u00e0 e inclusione sociale, memoria storica e tecnologie d\u2019avanguardia. Costruiscono benessere, creano lavoro. Sono uno dei motori principali del cambiamento. Ecco, queste nostre imprese meritano di essere considerate un cardine per i programmi del <em>Recovery Fund<\/em> della Ue su <em>green economy<\/em> e<em> digital economy<\/em>. E sollecitano un racconto migliore di quello che purtroppo, da gran tempo, \u00e8 diffuso in larghi settori dell\u2019opinione pubblica, ambienti politici compresi. Hanno bisogno, insomma, di una pi\u00f9 adeguata rappresentazione.<\/p>\n<p>Nasce proprio da queste considerazioni l\u2019idea di un \u201c<strong>Premio Letteratura d\u2019impresa<\/strong>\u201d, promosso da <strong>ItalyPost<\/strong>, per valorizzare quelle opere che raccontano, in modo originale, il mondo dell\u2019industria e dei servizi, il legame tra lavoro e territori, la capacit\u00e0 del \u201cfare, fare bene e fare del bene\u201d, la spinta al rinnovamento del Paese attraverso i processi economici e l\u2019evoluzione delle tecnologie. Per dare spazio alla diffusione dei valori positivi della cultura d\u2019impresa, cardine fondamentale per lo sviluppo sostenibile dell\u2019Italia, nel contesto europeo.<\/p>\n<p>La risposta di autori ed editori, gi\u00e0 per questa prima edizione, \u00e8 stata molto positiva. Una sessantina i libri arrivati alla giuria, numerose le richieste di informazioni e chiarimenti, rilevanti le attenzioni dei media. Dai venti titoli selezionati da una commissione tecnica, la giuria (composta da personalit\u00e0 dell\u2019economia e della cultura) ne ha indicati cinque, che adesso vanno ad affrontare la prova pi\u00f9 difficile: la lettura, il giudizio e infine il voto della giuria popolare (duecento persone), con la proclamazione del vincitore al <strong>Festival Citt\u00e0 Impresa di Bergamo<\/strong>, nel maggio prossimo.<\/p>\n<p>In attesa, alcune cose si possono gi\u00e0 dire. I venti libri della prima selezione sono tutti di qualit\u00e0 e descrivono e documentano bene problemi, tensioni, caratteristiche di un mondo economico in evoluzione, quasi una metamorfosi . Sono saggi, biografie, inchieste, opere che tengono insieme elementi di vita vissuta con strutture narrative tipiche della <em>fiction<\/em>. E nella loro scelta la giuria non si \u00e8 fermata sulle questioni di genere letterario e di stile (i generi, da tempo, si mescolano) ma ha privilegiato incisivit\u00e0, leggibilit\u00e0 e soprattutto capacit\u00e0 di rappresentare la complessit\u00e0 del panorama economico e imprenditoriale contemporaneo.<\/p>\n<p>Sono caratteristiche esaltate dai titoli arrivati alla cinquina finale: &#8220;<strong>Fabbrica Futuro<\/strong>\u201d di Marco Bentivogli e Diodato Pirone, Egea; \u201c<strong>Fronte di scavo<\/strong>\u201d di Sara Loffredi, Einaudi; \u201c<strong>La classe avversa<\/strong>\u201d di Alberto Albertini, Hacca Edizioni, \u201c<strong>Instant Moda<\/strong>\u201d di Andrea Batilla, Edizioni Gribaudo e \u201c<strong>Questioni di Stilo<\/strong>\u201d di Cesare Verona, Giunti.<\/p>\n<p>Il primo \u00e8 un\u2019indagine sulle trasformazioni del pi\u00f9 grande gruppo automobilistico italiano, soprattutto nella stagione della guida profondamente innovativa di Sergio Marchionne, attentissimo ai mercati globali, alla qualit\u00e0 dei prodotti, alla produttivit\u00e0 del lavoro e alle relazioni con gli investitori internazionali. Il secondo ricostruisce la straordinaria vicenda del tunnel attraverso il Monte Bianco, nei primi anni Sessanta, un capolavoro ingegneristico e costruttivo della migliore tradizione italiana, un esempio per i tempi di realizzazione e per l\u2019efficienza dei risultati (un esempio che vale ancora oggi). Il terzo guarda l\u2019impresa dall\u2019interno, attraverso le traversie e i cambiamenti che investono ruoli e competenze, scatenano paure e conflitti, alimentano sogni. Il quarto libro analizza e descrive con originalit\u00e0 il mondo che vive tra la moda e l\u2019industria tessile, con un occhio di particolare attenzione alla creativit\u00e0 e al dinamismo del tessuto di piccole e medie imprese, tipico del Nord Est. Il quinto ripercorre la storia di un grande marchio italiano, con testimonianze di grande interesse sulle evoluzioni di un\u2019impresa familiare che sfida il tempo e lega a un prodotto antico \u2013 una penna stilografica \u2013 le pi\u00f9 nuove tecnologie di produzione e le pi\u00f9 sofisticate strategie di marketing.<\/p>\n<p>Sono tutte <strong>vicende esemplari del fare impresa<\/strong> e delle relazioni che si stringono, attraverso l\u2019impresa, tra la ricerca e la produzione, tra il mondo del lavoro e i territori di riferimento, tra la creativit\u00e0 e la severit\u00e0 dell\u2019esecuzione dei programmi, tra i progetti immaginati e la loro trasformazione in realt\u00e0. Messe insieme, queste narrazioni sono uno straordinario, efficace <strong>racconto di un\u2019Italia in movimento<\/strong>. Che merita, soprattutto in tempi di crisi generale, ascolto e attenzione.<\/p><p>(Nell&#8217;immagine: Fulvio Bianconi, interno di fabbrica Pirelli, 1957)<\/p>\n","protected":false},"excerpt":{"rendered":"<p>Raccontare l\u2019impresa per raccontare l\u2019Italia. Dare voce alle donne e agli uomini protagonisti delle storie di fabbrica, dei laboratori industriali, dei cantieri, delle reti in cui s\u2019intrecciano produzioni e servizi, degli spazi in cui, ogni giorno, si inventano nuovi modi di fare le cose. E cos\u00ec dare dignit\u00e0 di rappresentazione alle persone di un paese [&hellip;]<\/p>\n","protected":false},"author":9,"featured_media":82405,"comment_status":"open","ping_status":"open","sticky":false,"template":"","format":"standard","meta":{"footnotes":""},"categories":[53,52],"tags":[],"class_list":["post-82403","post","type-post","status-publish","format-standard","has-post-thumbnail","hentry","category-blog","category-cultura-dimpresa"],"acf":[],"yoast_head":"<!-- This site is optimized with the Yoast SEO plugin v25.0 - https:\/\/yoast.com\/wordpress\/plugins\/seo\/ -->\n<title>La letteratura d\u2019impresa sull\u2019Italia in movimento per raccontare lavoro, creativit\u00e0 e innovazione - Fondazione Pirelli<\/title>\n<meta name=\"robots\" content=\"index, follow, max-snippet:-1, max-image-preview:large, max-video-preview:-1\" \/>\n<link rel=\"canonical\" href=\"https:\/\/www.fondazionepirelli.org\/it\/cultura-dimpresa\/la-letteratura-dimpresa-sullitalia-in-movimentoper-raccontare-lavoro-creativita-e-innovazione\/\" \/>\n<meta property=\"og:locale\" content=\"it_IT\" \/>\n<meta property=\"og:type\" content=\"article\" \/>\n<meta property=\"og:title\" content=\"La letteratura d\u2019impresa sull\u2019Italia in movimento per raccontare lavoro, creativit\u00e0 e innovazione - Fondazione Pirelli\" \/>\n<meta property=\"og:description\" content=\"Raccontare l\u2019impresa per raccontare l\u2019Italia. Dare voce alle donne e agli uomini protagonisti delle storie di fabbrica, dei laboratori industriali, dei cantieri, delle reti in cui s\u2019intrecciano produzioni e servizi, degli spazi in cui, ogni giorno, si inventano nuovi modi di fare le cose. E cos\u00ec dare dignit\u00e0 di rappresentazione alle persone di un paese [&hellip;]\" \/>\n<meta property=\"og:url\" content=\"https:\/\/www.fondazionepirelli.org\/it\/cultura-dimpresa\/la-letteratura-dimpresa-sullitalia-in-movimentoper-raccontare-lavoro-creativita-e-innovazione\/\" \/>\n<meta property=\"og:site_name\" content=\"Fondazione Pirelli\" \/>\n<meta property=\"article:published_time\" content=\"2021-01-26T07:20:44+00:00\" \/>\n<meta property=\"article:modified_time\" content=\"2022-09-30T10:30:36+00:00\" \/>\n<meta property=\"og:image\" content=\"https:\/\/wpsite-assets.fondazionepirelli.org\/wp-content\/uploads\/2021\/01\/26080508\/RP_1957_02_039_Fulvio_Bianconi_fabbrica_pneu_ill3-e1569330968390.jpg\" \/>\n\t<meta property=\"og:image:width\" content=\"599\" \/>\n\t<meta property=\"og:image:height\" content=\"436\" \/>\n\t<meta property=\"og:image:type\" content=\"image\/jpeg\" \/>\n<meta name=\"author\" content=\"fondazionepirelli\" \/>\n<meta name=\"twitter:card\" content=\"summary_large_image\" \/>\n<meta name=\"twitter:label1\" content=\"Scritto da\" \/>\n\t<meta name=\"twitter:data1\" content=\"fondazionepirelli\" \/>\n\t<meta name=\"twitter:label2\" content=\"Tempo di lettura stimato\" \/>\n\t<meta name=\"twitter:data2\" content=\"4 minuti\" \/>\n<script type=\"application\/ld+json\" class=\"yoast-schema-graph\">{\"@context\":\"https:\/\/schema.org\",\"@graph\":[{\"@type\":\"WebPage\",\"@id\":\"https:\/\/www.fondazionepirelli.org\/it\/cultura-dimpresa\/la-letteratura-dimpresa-sullitalia-in-movimentoper-raccontare-lavoro-creativita-e-innovazione\/\",\"url\":\"https:\/\/www.fondazionepirelli.org\/it\/cultura-dimpresa\/la-letteratura-dimpresa-sullitalia-in-movimentoper-raccontare-lavoro-creativita-e-innovazione\/\",\"name\":\"La letteratura d\u2019impresa sull\u2019Italia in movimento per raccontare lavoro, creativit\u00e0 e innovazione - Fondazione Pirelli\",\"isPartOf\":{\"@id\":\"https:\/\/www.fondazionepirelli.org\/it\/#website\"},\"primaryImageOfPage\":{\"@id\":\"https:\/\/www.fondazionepirelli.org\/it\/cultura-dimpresa\/la-letteratura-dimpresa-sullitalia-in-movimentoper-raccontare-lavoro-creativita-e-innovazione\/#primaryimage\"},\"image\":{\"@id\":\"https:\/\/www.fondazionepirelli.org\/it\/cultura-dimpresa\/la-letteratura-dimpresa-sullitalia-in-movimentoper-raccontare-lavoro-creativita-e-innovazione\/#primaryimage\"},\"thumbnailUrl\":\"https:\/\/wpsite-assets.fondazionepirelli.org\/wp-content\/uploads\/2021\/01\/26080508\/RP_1957_02_039_Fulvio_Bianconi_fabbrica_pneu_ill3-e1569330968390.jpg\",\"datePublished\":\"2021-01-26T07:20:44+00:00\",\"dateModified\":\"2022-09-30T10:30:36+00:00\",\"author\":{\"@id\":\"https:\/\/www.fondazionepirelli.org\/it\/#\/schema\/person\/c31fcf5937a0e6afa45497f3f8b6d7a0\"},\"breadcrumb\":{\"@id\":\"https:\/\/www.fondazionepirelli.org\/it\/cultura-dimpresa\/la-letteratura-dimpresa-sullitalia-in-movimentoper-raccontare-lavoro-creativita-e-innovazione\/#breadcrumb\"},\"inLanguage\":\"it-IT\",\"potentialAction\":[{\"@type\":\"ReadAction\",\"target\":[\"https:\/\/www.fondazionepirelli.org\/it\/cultura-dimpresa\/la-letteratura-dimpresa-sullitalia-in-movimentoper-raccontare-lavoro-creativita-e-innovazione\/\"]}]},{\"@type\":\"ImageObject\",\"inLanguage\":\"it-IT\",\"@id\":\"https:\/\/www.fondazionepirelli.org\/it\/cultura-dimpresa\/la-letteratura-dimpresa-sullitalia-in-movimentoper-raccontare-lavoro-creativita-e-innovazione\/#primaryimage\",\"url\":\"https:\/\/wpsite-assets.fondazionepirelli.org\/wp-content\/uploads\/2021\/01\/26080508\/RP_1957_02_039_Fulvio_Bianconi_fabbrica_pneu_ill3-e1569330968390.jpg\",\"contentUrl\":\"https:\/\/wpsite-assets.fondazionepirelli.org\/wp-content\/uploads\/2021\/01\/26080508\/RP_1957_02_039_Fulvio_Bianconi_fabbrica_pneu_ill3-e1569330968390.jpg\",\"width\":599,\"height\":436},{\"@type\":\"BreadcrumbList\",\"@id\":\"https:\/\/www.fondazionepirelli.org\/it\/cultura-dimpresa\/la-letteratura-dimpresa-sullitalia-in-movimentoper-raccontare-lavoro-creativita-e-innovazione\/#breadcrumb\",\"itemListElement\":[{\"@type\":\"ListItem\",\"position\":1,\"name\":\"Home\",\"item\":\"https:\/\/www.fondazionepirelli.org\/it\/\"},{\"@type\":\"ListItem\",\"position\":2,\"name\":\"La letteratura d\u2019impresa sull\u2019Italia in movimento per raccontare lavoro, creativit\u00e0 e innovazione\"}]},{\"@type\":\"WebSite\",\"@id\":\"https:\/\/www.fondazionepirelli.org\/it\/#website\",\"url\":\"https:\/\/www.fondazionepirelli.org\/it\/\",\"name\":\"Fondazione Pirelli\",\"description\":\"\",\"potentialAction\":[{\"@type\":\"SearchAction\",\"target\":{\"@type\":\"EntryPoint\",\"urlTemplate\":\"https:\/\/www.fondazionepirelli.org\/it\/?s={search_term_string}\"},\"query-input\":{\"@type\":\"PropertyValueSpecification\",\"valueRequired\":true,\"valueName\":\"search_term_string\"}}],\"inLanguage\":\"it-IT\"},{\"@type\":\"Person\",\"@id\":\"https:\/\/www.fondazionepirelli.org\/it\/#\/schema\/person\/c31fcf5937a0e6afa45497f3f8b6d7a0\",\"name\":\"fondazionepirelli\",\"image\":{\"@type\":\"ImageObject\",\"inLanguage\":\"it-IT\",\"@id\":\"https:\/\/www.fondazionepirelli.org\/it\/#\/schema\/person\/image\/\",\"url\":\"https:\/\/secure.gravatar.com\/avatar\/9cb486421ce1d6eddbf6c4fb66841b4325b786695f7aedf1dde2222428218696?s=96&d=mm&r=g\",\"contentUrl\":\"https:\/\/secure.gravatar.com\/avatar\/9cb486421ce1d6eddbf6c4fb66841b4325b786695f7aedf1dde2222428218696?s=96&d=mm&r=g\",\"caption\":\"fondazionepirelli\"},\"url\":\"https:\/\/www.fondazionepirelli.org\/it\/author\/fondazionepirelli\/\"}]}<\/script>\n<!-- \/ Yoast SEO plugin. -->","yoast_head_json":{"title":"La letteratura d\u2019impresa sull\u2019Italia in movimento per raccontare lavoro, creativit\u00e0 e innovazione - Fondazione Pirelli","robots":{"index":"index","follow":"follow","max-snippet":"max-snippet:-1","max-image-preview":"max-image-preview:large","max-video-preview":"max-video-preview:-1"},"canonical":"https:\/\/www.fondazionepirelli.org\/it\/cultura-dimpresa\/la-letteratura-dimpresa-sullitalia-in-movimentoper-raccontare-lavoro-creativita-e-innovazione\/","og_locale":"it_IT","og_type":"article","og_title":"La letteratura d\u2019impresa sull\u2019Italia in movimento per raccontare lavoro, creativit\u00e0 e innovazione - Fondazione Pirelli","og_description":"Raccontare l\u2019impresa per raccontare l\u2019Italia. Dare voce alle donne e agli uomini protagonisti delle storie di fabbrica, dei laboratori industriali, dei cantieri, delle reti in cui s\u2019intrecciano produzioni e servizi, degli spazi in cui, ogni giorno, si inventano nuovi modi di fare le cose. E cos\u00ec dare dignit\u00e0 di rappresentazione alle persone di un paese [&hellip;]","og_url":"https:\/\/www.fondazionepirelli.org\/it\/cultura-dimpresa\/la-letteratura-dimpresa-sullitalia-in-movimentoper-raccontare-lavoro-creativita-e-innovazione\/","og_site_name":"Fondazione Pirelli","article_published_time":"2021-01-26T07:20:44+00:00","article_modified_time":"2022-09-30T10:30:36+00:00","og_image":[{"width":599,"height":436,"url":"https:\/\/wpsite-assets.fondazionepirelli.org\/wp-content\/uploads\/2021\/01\/26080508\/RP_1957_02_039_Fulvio_Bianconi_fabbrica_pneu_ill3-e1569330968390.jpg","type":"image\/jpeg"}],"author":"fondazionepirelli","twitter_card":"summary_large_image","twitter_misc":{"Scritto da":"fondazionepirelli","Tempo di lettura stimato":"4 minuti"},"schema":{"@context":"https:\/\/schema.org","@graph":[{"@type":"WebPage","@id":"https:\/\/www.fondazionepirelli.org\/it\/cultura-dimpresa\/la-letteratura-dimpresa-sullitalia-in-movimentoper-raccontare-lavoro-creativita-e-innovazione\/","url":"https:\/\/www.fondazionepirelli.org\/it\/cultura-dimpresa\/la-letteratura-dimpresa-sullitalia-in-movimentoper-raccontare-lavoro-creativita-e-innovazione\/","name":"La letteratura d\u2019impresa sull\u2019Italia in movimento per raccontare lavoro, creativit\u00e0 e innovazione - Fondazione Pirelli","isPartOf":{"@id":"https:\/\/www.fondazionepirelli.org\/it\/#website"},"primaryImageOfPage":{"@id":"https:\/\/www.fondazionepirelli.org\/it\/cultura-dimpresa\/la-letteratura-dimpresa-sullitalia-in-movimentoper-raccontare-lavoro-creativita-e-innovazione\/#primaryimage"},"image":{"@id":"https:\/\/www.fondazionepirelli.org\/it\/cultura-dimpresa\/la-letteratura-dimpresa-sullitalia-in-movimentoper-raccontare-lavoro-creativita-e-innovazione\/#primaryimage"},"thumbnailUrl":"https:\/\/wpsite-assets.fondazionepirelli.org\/wp-content\/uploads\/2021\/01\/26080508\/RP_1957_02_039_Fulvio_Bianconi_fabbrica_pneu_ill3-e1569330968390.jpg","datePublished":"2021-01-26T07:20:44+00:00","dateModified":"2022-09-30T10:30:36+00:00","author":{"@id":"https:\/\/www.fondazionepirelli.org\/it\/#\/schema\/person\/c31fcf5937a0e6afa45497f3f8b6d7a0"},"breadcrumb":{"@id":"https:\/\/www.fondazionepirelli.org\/it\/cultura-dimpresa\/la-letteratura-dimpresa-sullitalia-in-movimentoper-raccontare-lavoro-creativita-e-innovazione\/#breadcrumb"},"inLanguage":"it-IT","potentialAction":[{"@type":"ReadAction","target":["https:\/\/www.fondazionepirelli.org\/it\/cultura-dimpresa\/la-letteratura-dimpresa-sullitalia-in-movimentoper-raccontare-lavoro-creativita-e-innovazione\/"]}]},{"@type":"ImageObject","inLanguage":"it-IT","@id":"https:\/\/www.fondazionepirelli.org\/it\/cultura-dimpresa\/la-letteratura-dimpresa-sullitalia-in-movimentoper-raccontare-lavoro-creativita-e-innovazione\/#primaryimage","url":"https:\/\/wpsite-assets.fondazionepirelli.org\/wp-content\/uploads\/2021\/01\/26080508\/RP_1957_02_039_Fulvio_Bianconi_fabbrica_pneu_ill3-e1569330968390.jpg","contentUrl":"https:\/\/wpsite-assets.fondazionepirelli.org\/wp-content\/uploads\/2021\/01\/26080508\/RP_1957_02_039_Fulvio_Bianconi_fabbrica_pneu_ill3-e1569330968390.jpg","width":599,"height":436},{"@type":"BreadcrumbList","@id":"https:\/\/www.fondazionepirelli.org\/it\/cultura-dimpresa\/la-letteratura-dimpresa-sullitalia-in-movimentoper-raccontare-lavoro-creativita-e-innovazione\/#breadcrumb","itemListElement":[{"@type":"ListItem","position":1,"name":"Home","item":"https:\/\/www.fondazionepirelli.org\/it\/"},{"@type":"ListItem","position":2,"name":"La letteratura d\u2019impresa sull\u2019Italia in movimento per raccontare lavoro, creativit\u00e0 e innovazione"}]},{"@type":"WebSite","@id":"https:\/\/www.fondazionepirelli.org\/it\/#website","url":"https:\/\/www.fondazionepirelli.org\/it\/","name":"Fondazione Pirelli","description":"","potentialAction":[{"@type":"SearchAction","target":{"@type":"EntryPoint","urlTemplate":"https:\/\/www.fondazionepirelli.org\/it\/?s={search_term_string}"},"query-input":{"@type":"PropertyValueSpecification","valueRequired":true,"valueName":"search_term_string"}}],"inLanguage":"it-IT"},{"@type":"Person","@id":"https:\/\/www.fondazionepirelli.org\/it\/#\/schema\/person\/c31fcf5937a0e6afa45497f3f8b6d7a0","name":"fondazionepirelli","image":{"@type":"ImageObject","inLanguage":"it-IT","@id":"https:\/\/www.fondazionepirelli.org\/it\/#\/schema\/person\/image\/","url":"https:\/\/secure.gravatar.com\/avatar\/9cb486421ce1d6eddbf6c4fb66841b4325b786695f7aedf1dde2222428218696?s=96&d=mm&r=g","contentUrl":"https:\/\/secure.gravatar.com\/avatar\/9cb486421ce1d6eddbf6c4fb66841b4325b786695f7aedf1dde2222428218696?s=96&d=mm&r=g","caption":"fondazionepirelli"},"url":"https:\/\/www.fondazionepirelli.org\/it\/author\/fondazionepirelli\/"}]}},"_links":{"self":[{"href":"https:\/\/www.fondazionepirelli.org\/it\/wp-json\/wp\/v2\/posts\/82403\/"}],"collection":[{"href":"https:\/\/www.fondazionepirelli.org\/it\/wp-json\/wp\/v2\/posts\/"}],"about":[{"href":"https:\/\/www.fondazionepirelli.org\/it\/wp-json\/wp\/v2\/types\/post\/"}],"author":[{"embeddable":true,"href":"https:\/\/www.fondazionepirelli.org\/it\/wp-json\/wp\/v2\/users\/9\/"}],"replies":[{"embeddable":true,"href":"https:\/\/www.fondazionepirelli.org\/it\/wp-json\/wp\/v2\/comments\/?post=82403"}],"version-history":[{"count":3,"href":"https:\/\/www.fondazionepirelli.org\/it\/wp-json\/wp\/v2\/posts\/82403\/revisions\/"}],"predecessor-version":[{"id":92271,"href":"https:\/\/www.fondazionepirelli.org\/it\/wp-json\/wp\/v2\/posts\/82403\/revisions\/92271\/"}],"wp:featuredmedia":[{"embeddable":true,"href":"https:\/\/www.fondazionepirelli.org\/it\/wp-json\/wp\/v2\/media\/82405\/"}],"wp:attachment":[{"href":"https:\/\/www.fondazionepirelli.org\/it\/wp-json\/wp\/v2\/media\/?parent=82403"}],"wp:term":[{"taxonomy":"category","embeddable":true,"href":"https:\/\/www.fondazionepirelli.org\/it\/wp-json\/wp\/v2\/categories\/?post=82403"},{"taxonomy":"post_tag","embeddable":true,"href":"https:\/\/www.fondazionepirelli.org\/it\/wp-json\/wp\/v2\/tags\/?post=82403"}],"curies":[{"name":"wp","href":"https:\/\/api.w.org\/{rel}","templated":true}]}}