{"id":82419,"date":"2021-01-26T08:58:59","date_gmt":"2021-01-26T07:58:59","guid":{"rendered":"https:\/\/www.fondazionepirelli.org\/?p=82419"},"modified":"2021-01-26T08:58:59","modified_gmt":"2021-01-26T07:58:59","slug":"rischi-anche-dimpresa","status":"publish","type":"post","link":"https:\/\/www.fondazionepirelli.org\/it\/cultura-dimpresa\/rischi-anche-dimpresa\/","title":{"rendered":"Rischi (anche) d\u2019impresa"},"content":{"rendered":"<p><em>La capacit\u00e0 di affrontare il futuro passa anche dai metodi che mettono in grado le organizzazioni di affrontare i rischi<\/em><\/p><p>Attrezzarsi per il futuro senza prevederlo. A ben vedere, pu\u00f2 essere sintetizzata cos\u00ec una buona parte delle attivit\u00e0 d\u2019impresa. Pianificazione della produzione, analisi dei mercati, ipotesi sui cambiamenti degli schemi d\u2019azione della concorrenza e molto altro ancora, hanno come obiettivo finale quello di mettere in condizione l\u2019azienda di affrontare quanto accadr\u00e0 in modo avveduto. Se, cio\u00e8, il futuro non pu\u00f2 essere in alcun modo previsto davvero, ci si pu\u00f2 comunque preparare a quanto potrebbe ragionevolmente accadere. Ma anche alle sorprese. E\u2019 cio\u00e8 il rischio che deve entrare nelle avvedute pianificazioni d\u2019impresa. Leggere \u201cLa nuova scienza del rischio. L&#8217;arte dell&#8217;immaginazione della difesa e della protezione\u201d di Federica Spampinato, \u00e8 allora cosa che pu\u00f2 essere utile a molti.<br \/>\nChi legge il libro viene condotto per mano nell\u2019esplorazione di un tema che forse poco spazio ha avuto fino ad oggi nelle tecniche di gestione d\u2019impresa. E che non ha a che fare solo con il \u201cvecchio\u201d calcolo delle probabilit\u00e0. La nuova scienza del rischio raccontata da Spampinato, propone infatti una diversa e concreta grammatica del rischio, che permette di immaginare e prevenire il pericolo fuoricampo. L\u2019assunto fondamentale \u00e8 che non pu\u00f2 esistere il &#8220;rischio zero&#8221;, ma che pu\u00f2 esistere la &#8220;conseguenza zero&#8221;.<br \/>\nDopo aver puntualizzato i concetti di \u201cfuturo\u201d e di \u201crischio\u201d, l\u2019autrice presenta a chi legge nuove teorie di elaborazione dei rischi ai quali le organizzazioni possono essere esposte. In particolare, partendo dalla Cindynics, la scienza del rischio, disciplina francese comparsa alla fine degli anni Ottanta, Spampinato arriva alla KELONY\u00ae: un modello matematico post-probabilistico che rimette l\u2019uomo al centro del processo decisionale, affinch\u00e9 possa agire nel migliore dei modi, anche nelle peggiori condizioni possibili, facendo uso anche dell\u2019immaginazione oltre che di nuovi metodi di messa in sicurezza delle attivit\u00e0 e degli ambiti produttivi.<br \/>\nObiettivo generale di tutto, \u00e8, per Spampinato, quello di arrivare a costruire una societ\u00e0 pi\u00f9 consapevole, in grado di pensare alla protezione dell\u2019essere umano al di l\u00e0 di ogni logica di profitto, sia all\u2019interno dell\u2019ambiente civile, sia all\u2019interno delle aziende e delle organizzazioni.<br \/>\nSi pu\u00f2 non essere d\u2019accordo con tutto ci\u00f2 che Spampinato racconta, ma \u201cLa nuova scienza del rischio\u201d \u00e8 una lettura comunque da fare.<\/p><p><strong>La nuova scienza del rischio. L&#8217;arte dell&#8217;immaginazione della difesa e della protezione<\/strong><br \/>\nFederica Spampinato<br \/>\nGuerini e Associati, 2020<\/p>\n","protected":false},"excerpt":{"rendered":"<p>La capacit\u00e0 di affrontare il futuro passa anche dai metodi che mettono in grado le organizzazioni di affrontare i rischiAttrezzarsi per il futuro senza prevederlo. A ben vedere, pu\u00f2 essere sintetizzata cos\u00ec una buona parte delle attivit\u00e0 d\u2019impresa. Pianificazione della produzione, analisi dei mercati, ipotesi sui cambiamenti degli schemi d\u2019azione della concorrenza e molto altro [&hellip;]<\/p>\n","protected":false},"author":9,"featured_media":82420,"comment_status":"open","ping_status":"open","sticky":false,"template":"","format":"standard","meta":{"footnotes":""},"categories":[52,58],"tags":[],"class_list":["post-82419","post","type-post","status-publish","format-standard","has-post-thumbnail","hentry","category-cultura-dimpresa","category-recensioni-libri"],"acf":[],"yoast_head":"<!-- This site is optimized with the Yoast SEO plugin v25.0 - https:\/\/yoast.com\/wordpress\/plugins\/seo\/ -->\n<title>Rischi (anche) d\u2019impresa - Fondazione Pirelli<\/title>\n<meta name=\"robots\" content=\"index, follow, max-snippet:-1, max-image-preview:large, max-video-preview:-1\" \/>\n<link rel=\"canonical\" href=\"https:\/\/www.fondazionepirelli.org\/it\/cultura-dimpresa\/rischi-anche-dimpresa\/\" \/>\n<meta property=\"og:locale\" content=\"it_IT\" \/>\n<meta property=\"og:type\" content=\"article\" \/>\n<meta property=\"og:title\" content=\"Rischi (anche) d\u2019impresa - Fondazione Pirelli\" \/>\n<meta property=\"og:description\" content=\"La capacit\u00e0 di affrontare il futuro passa anche dai metodi che mettono in grado le organizzazioni di affrontare i rischiAttrezzarsi per il futuro senza prevederlo. A ben vedere, pu\u00f2 essere sintetizzata cos\u00ec una buona parte delle attivit\u00e0 d\u2019impresa. Pianificazione della produzione, analisi dei mercati, ipotesi sui cambiamenti degli schemi d\u2019azione della concorrenza e molto altro [&hellip;]\" \/>\n<meta property=\"og:url\" content=\"https:\/\/www.fondazionepirelli.org\/it\/cultura-dimpresa\/rischi-anche-dimpresa\/\" \/>\n<meta property=\"og:site_name\" content=\"Fondazione Pirelli\" \/>\n<meta property=\"article:published_time\" content=\"2021-01-26T07:58:59+00:00\" \/>\n<meta property=\"og:image\" content=\"https:\/\/wpsite-assets.fondazionepirelli.org\/wp-content\/uploads\/2021\/01\/26085830\/51dcNxjZ5OL-e1611647920275.jpg\" \/>\n\t<meta property=\"og:image:width\" content=\"399\" \/>\n\t<meta property=\"og:image:height\" content=\"620\" \/>\n\t<meta property=\"og:image:type\" content=\"image\/jpeg\" \/>\n<meta name=\"author\" content=\"fondazionepirelli\" \/>\n<meta name=\"twitter:card\" content=\"summary_large_image\" \/>\n<meta name=\"twitter:label1\" content=\"Scritto da\" \/>\n\t<meta name=\"twitter:data1\" content=\"fondazionepirelli\" \/>\n\t<meta name=\"twitter:label2\" content=\"Tempo di lettura stimato\" \/>\n\t<meta name=\"twitter:data2\" content=\"2 minuti\" \/>\n<script type=\"application\/ld+json\" class=\"yoast-schema-graph\">{\"@context\":\"https:\/\/schema.org\",\"@graph\":[{\"@type\":\"WebPage\",\"@id\":\"https:\/\/www.fondazionepirelli.org\/it\/cultura-dimpresa\/rischi-anche-dimpresa\/\",\"url\":\"https:\/\/www.fondazionepirelli.org\/it\/cultura-dimpresa\/rischi-anche-dimpresa\/\",\"name\":\"Rischi (anche) d\u2019impresa - Fondazione Pirelli\",\"isPartOf\":{\"@id\":\"https:\/\/www.fondazionepirelli.org\/it\/#website\"},\"primaryImageOfPage\":{\"@id\":\"https:\/\/www.fondazionepirelli.org\/it\/cultura-dimpresa\/rischi-anche-dimpresa\/#primaryimage\"},\"image\":{\"@id\":\"https:\/\/www.fondazionepirelli.org\/it\/cultura-dimpresa\/rischi-anche-dimpresa\/#primaryimage\"},\"thumbnailUrl\":\"https:\/\/wpsite-assets.fondazionepirelli.org\/wp-content\/uploads\/2021\/01\/26085830\/51dcNxjZ5OL-e1611647920275.jpg\",\"datePublished\":\"2021-01-26T07:58:59+00:00\",\"author\":{\"@id\":\"https:\/\/www.fondazionepirelli.org\/it\/#\/schema\/person\/c31fcf5937a0e6afa45497f3f8b6d7a0\"},\"breadcrumb\":{\"@id\":\"https:\/\/www.fondazionepirelli.org\/it\/cultura-dimpresa\/rischi-anche-dimpresa\/#breadcrumb\"},\"inLanguage\":\"it-IT\",\"potentialAction\":[{\"@type\":\"ReadAction\",\"target\":[\"https:\/\/www.fondazionepirelli.org\/it\/cultura-dimpresa\/rischi-anche-dimpresa\/\"]}]},{\"@type\":\"ImageObject\",\"inLanguage\":\"it-IT\",\"@id\":\"https:\/\/www.fondazionepirelli.org\/it\/cultura-dimpresa\/rischi-anche-dimpresa\/#primaryimage\",\"url\":\"https:\/\/wpsite-assets.fondazionepirelli.org\/wp-content\/uploads\/2021\/01\/26085830\/51dcNxjZ5OL-e1611647920275.jpg\",\"contentUrl\":\"https:\/\/wpsite-assets.fondazionepirelli.org\/wp-content\/uploads\/2021\/01\/26085830\/51dcNxjZ5OL-e1611647920275.jpg\",\"width\":399,\"height\":620},{\"@type\":\"BreadcrumbList\",\"@id\":\"https:\/\/www.fondazionepirelli.org\/it\/cultura-dimpresa\/rischi-anche-dimpresa\/#breadcrumb\",\"itemListElement\":[{\"@type\":\"ListItem\",\"position\":1,\"name\":\"Home\",\"item\":\"https:\/\/www.fondazionepirelli.org\/it\/\"},{\"@type\":\"ListItem\",\"position\":2,\"name\":\"Rischi (anche) d\u2019impresa\"}]},{\"@type\":\"WebSite\",\"@id\":\"https:\/\/www.fondazionepirelli.org\/it\/#website\",\"url\":\"https:\/\/www.fondazionepirelli.org\/it\/\",\"name\":\"Fondazione Pirelli\",\"description\":\"\",\"potentialAction\":[{\"@type\":\"SearchAction\",\"target\":{\"@type\":\"EntryPoint\",\"urlTemplate\":\"https:\/\/www.fondazionepirelli.org\/it\/?s={search_term_string}\"},\"query-input\":{\"@type\":\"PropertyValueSpecification\",\"valueRequired\":true,\"valueName\":\"search_term_string\"}}],\"inLanguage\":\"it-IT\"},{\"@type\":\"Person\",\"@id\":\"https:\/\/www.fondazionepirelli.org\/it\/#\/schema\/person\/c31fcf5937a0e6afa45497f3f8b6d7a0\",\"name\":\"fondazionepirelli\",\"image\":{\"@type\":\"ImageObject\",\"inLanguage\":\"it-IT\",\"@id\":\"https:\/\/www.fondazionepirelli.org\/it\/#\/schema\/person\/image\/\",\"url\":\"https:\/\/secure.gravatar.com\/avatar\/9cb486421ce1d6eddbf6c4fb66841b4325b786695f7aedf1dde2222428218696?s=96&d=mm&r=g\",\"contentUrl\":\"https:\/\/secure.gravatar.com\/avatar\/9cb486421ce1d6eddbf6c4fb66841b4325b786695f7aedf1dde2222428218696?s=96&d=mm&r=g\",\"caption\":\"fondazionepirelli\"},\"url\":\"https:\/\/www.fondazionepirelli.org\/it\/author\/fondazionepirelli\/\"}]}<\/script>\n<!-- \/ Yoast SEO plugin. -->","yoast_head_json":{"title":"Rischi (anche) d\u2019impresa - Fondazione Pirelli","robots":{"index":"index","follow":"follow","max-snippet":"max-snippet:-1","max-image-preview":"max-image-preview:large","max-video-preview":"max-video-preview:-1"},"canonical":"https:\/\/www.fondazionepirelli.org\/it\/cultura-dimpresa\/rischi-anche-dimpresa\/","og_locale":"it_IT","og_type":"article","og_title":"Rischi (anche) d\u2019impresa - Fondazione Pirelli","og_description":"La capacit\u00e0 di affrontare il futuro passa anche dai metodi che mettono in grado le organizzazioni di affrontare i rischiAttrezzarsi per il futuro senza prevederlo. A ben vedere, pu\u00f2 essere sintetizzata cos\u00ec una buona parte delle attivit\u00e0 d\u2019impresa. Pianificazione della produzione, analisi dei mercati, ipotesi sui cambiamenti degli schemi d\u2019azione della concorrenza e molto altro [&hellip;]","og_url":"https:\/\/www.fondazionepirelli.org\/it\/cultura-dimpresa\/rischi-anche-dimpresa\/","og_site_name":"Fondazione Pirelli","article_published_time":"2021-01-26T07:58:59+00:00","og_image":[{"width":399,"height":620,"url":"https:\/\/wpsite-assets.fondazionepirelli.org\/wp-content\/uploads\/2021\/01\/26085830\/51dcNxjZ5OL-e1611647920275.jpg","type":"image\/jpeg"}],"author":"fondazionepirelli","twitter_card":"summary_large_image","twitter_misc":{"Scritto da":"fondazionepirelli","Tempo di lettura stimato":"2 minuti"},"schema":{"@context":"https:\/\/schema.org","@graph":[{"@type":"WebPage","@id":"https:\/\/www.fondazionepirelli.org\/it\/cultura-dimpresa\/rischi-anche-dimpresa\/","url":"https:\/\/www.fondazionepirelli.org\/it\/cultura-dimpresa\/rischi-anche-dimpresa\/","name":"Rischi (anche) d\u2019impresa - Fondazione Pirelli","isPartOf":{"@id":"https:\/\/www.fondazionepirelli.org\/it\/#website"},"primaryImageOfPage":{"@id":"https:\/\/www.fondazionepirelli.org\/it\/cultura-dimpresa\/rischi-anche-dimpresa\/#primaryimage"},"image":{"@id":"https:\/\/www.fondazionepirelli.org\/it\/cultura-dimpresa\/rischi-anche-dimpresa\/#primaryimage"},"thumbnailUrl":"https:\/\/wpsite-assets.fondazionepirelli.org\/wp-content\/uploads\/2021\/01\/26085830\/51dcNxjZ5OL-e1611647920275.jpg","datePublished":"2021-01-26T07:58:59+00:00","author":{"@id":"https:\/\/www.fondazionepirelli.org\/it\/#\/schema\/person\/c31fcf5937a0e6afa45497f3f8b6d7a0"},"breadcrumb":{"@id":"https:\/\/www.fondazionepirelli.org\/it\/cultura-dimpresa\/rischi-anche-dimpresa\/#breadcrumb"},"inLanguage":"it-IT","potentialAction":[{"@type":"ReadAction","target":["https:\/\/www.fondazionepirelli.org\/it\/cultura-dimpresa\/rischi-anche-dimpresa\/"]}]},{"@type":"ImageObject","inLanguage":"it-IT","@id":"https:\/\/www.fondazionepirelli.org\/it\/cultura-dimpresa\/rischi-anche-dimpresa\/#primaryimage","url":"https:\/\/wpsite-assets.fondazionepirelli.org\/wp-content\/uploads\/2021\/01\/26085830\/51dcNxjZ5OL-e1611647920275.jpg","contentUrl":"https:\/\/wpsite-assets.fondazionepirelli.org\/wp-content\/uploads\/2021\/01\/26085830\/51dcNxjZ5OL-e1611647920275.jpg","width":399,"height":620},{"@type":"BreadcrumbList","@id":"https:\/\/www.fondazionepirelli.org\/it\/cultura-dimpresa\/rischi-anche-dimpresa\/#breadcrumb","itemListElement":[{"@type":"ListItem","position":1,"name":"Home","item":"https:\/\/www.fondazionepirelli.org\/it\/"},{"@type":"ListItem","position":2,"name":"Rischi (anche) d\u2019impresa"}]},{"@type":"WebSite","@id":"https:\/\/www.fondazionepirelli.org\/it\/#website","url":"https:\/\/www.fondazionepirelli.org\/it\/","name":"Fondazione Pirelli","description":"","potentialAction":[{"@type":"SearchAction","target":{"@type":"EntryPoint","urlTemplate":"https:\/\/www.fondazionepirelli.org\/it\/?s={search_term_string}"},"query-input":{"@type":"PropertyValueSpecification","valueRequired":true,"valueName":"search_term_string"}}],"inLanguage":"it-IT"},{"@type":"Person","@id":"https:\/\/www.fondazionepirelli.org\/it\/#\/schema\/person\/c31fcf5937a0e6afa45497f3f8b6d7a0","name":"fondazionepirelli","image":{"@type":"ImageObject","inLanguage":"it-IT","@id":"https:\/\/www.fondazionepirelli.org\/it\/#\/schema\/person\/image\/","url":"https:\/\/secure.gravatar.com\/avatar\/9cb486421ce1d6eddbf6c4fb66841b4325b786695f7aedf1dde2222428218696?s=96&d=mm&r=g","contentUrl":"https:\/\/secure.gravatar.com\/avatar\/9cb486421ce1d6eddbf6c4fb66841b4325b786695f7aedf1dde2222428218696?s=96&d=mm&r=g","caption":"fondazionepirelli"},"url":"https:\/\/www.fondazionepirelli.org\/it\/author\/fondazionepirelli\/"}]}},"_links":{"self":[{"href":"https:\/\/www.fondazionepirelli.org\/it\/wp-json\/wp\/v2\/posts\/82419\/"}],"collection":[{"href":"https:\/\/www.fondazionepirelli.org\/it\/wp-json\/wp\/v2\/posts\/"}],"about":[{"href":"https:\/\/www.fondazionepirelli.org\/it\/wp-json\/wp\/v2\/types\/post\/"}],"author":[{"embeddable":true,"href":"https:\/\/www.fondazionepirelli.org\/it\/wp-json\/wp\/v2\/users\/9\/"}],"replies":[{"embeddable":true,"href":"https:\/\/www.fondazionepirelli.org\/it\/wp-json\/wp\/v2\/comments\/?post=82419"}],"version-history":[{"count":1,"href":"https:\/\/www.fondazionepirelli.org\/it\/wp-json\/wp\/v2\/posts\/82419\/revisions\/"}],"predecessor-version":[{"id":82422,"href":"https:\/\/www.fondazionepirelli.org\/it\/wp-json\/wp\/v2\/posts\/82419\/revisions\/82422\/"}],"wp:featuredmedia":[{"embeddable":true,"href":"https:\/\/www.fondazionepirelli.org\/it\/wp-json\/wp\/v2\/media\/82420\/"}],"wp:attachment":[{"href":"https:\/\/www.fondazionepirelli.org\/it\/wp-json\/wp\/v2\/media\/?parent=82419"}],"wp:term":[{"taxonomy":"category","embeddable":true,"href":"https:\/\/www.fondazionepirelli.org\/it\/wp-json\/wp\/v2\/categories\/?post=82419"},{"taxonomy":"post_tag","embeddable":true,"href":"https:\/\/www.fondazionepirelli.org\/it\/wp-json\/wp\/v2\/tags\/?post=82419"}],"curies":[{"name":"wp","href":"https:\/\/api.w.org\/{rel}","templated":true}]}}