{"id":82525,"date":"2021-02-02T10:06:45","date_gmt":"2021-02-02T09:06:45","guid":{"rendered":"https:\/\/www.fondazionepirelli.org\/?p=82525"},"modified":"2021-02-02T10:06:45","modified_gmt":"2021-02-02T09:06:45","slug":"il-passato-presente","status":"publish","type":"post","link":"https:\/\/www.fondazionepirelli.org\/it\/cultura-dimpresa\/il-passato-presente\/","title":{"rendered":"Il passato presente"},"content":{"rendered":"<p><em>Un piccolo libro di un grande storico, serve per comprendere meglio il contesto in cui viviamo e lavoriamo<\/em><\/p><p>La buona cultura, e la buona cultura d\u2019impresa in particolare, si nutrono della consapevolezza del presente ma anche del passato. Constatazione che dovrebbe essere acquisita e che, invece, spesso passa in secondo piano, travolta dalla facilit\u00e0 dell\u2019immediato. Leggere il libretto di poco pi\u00f9 di un centinaio di pagine che Adriano Prosperi \u2013 storico di vaglia e adesso professore emerito di storia moderna presso la Scuola Normale Superiore di Pisa -, ha dedicato a \u201cUn tempo senza storia. La distruzione del passato\u201d, serve proprio per rendere pi\u00f9 salda quella consapevolezza che fa della cultura (anche d\u2019impresa), una condizione insostituibile dell\u2019agire.<\/p>\n<p>Prosperi ha voluto scrivere un libro che \u00e8, contemporaneamente, un\u2019apologia della storia e uno sguardo preoccupato sulla societ\u00e0 dell\u2019oblio in cui viviamo. Sulla base della sua lunga esperienza, l\u2019autore commenta la condizione di una societ\u00e0 dove la storia, come disciplina, \u00e8 vituperata e marginalizzata. E dove dimenticare il passato \u00e8 un fenomeno connesso alla scomparsa del futuro nella prospettiva delle nuove generazioni, mentre le rinascenti mitologie nazistoidi si legano all\u2019odio nei confronti di chi viene \u201cda fuori\u201d.<\/p>\n<p>Passato e presente, cos\u00ec come ruolo della memoria e della storia, ma anche dell\u2019impegno civile dei singoli e delle organizzazioni, sono il tema dell\u2019analisi di Prosperi che descrive la condizione inquietante della nostra societ\u00e0. Proprio quella societ\u00e0 nella quale i singoli si muovono e vivono, cos\u00ec come le organizzazioni della produzione e i mercati prendono forma e azione, senza dimenticare i movimenti d\u2019opinione e politici che pare mettano da parte l\u2019accoglienza per privilegiare l\u2019esclusione. Emerge dalle pagine di questo libro una societ\u00e0 nella quale visioni positive legate, per esempio, alla responsabilit\u00e0 sociale d\u2019impresa, alla tutela dell\u2019altro, alla conservazione dell\u2019ambiente, appaiono rischiare di essere poste a margine del cammino lungo della storia.<\/p>\n<p>Prosperi scrive in modo denso e appassionato: le sue pagine non sono sempre di facile lettura. Eppure, leggere \u201cUn tempo senza storia\u201d fa bene a tutti: serve per guardare al passato e al presente in modo corretto e andare verso il futuro con passo deciso.<\/p><p><strong>Un tempo senza storia. La distruzione del passato<\/strong><\/p>\n<p>Adriano Prosperi<\/p>\n<p>Einaudi, 2021<\/p>\n","protected":false},"excerpt":{"rendered":"<p>Un piccolo libro di un grande storico, serve per comprendere meglio il contesto in cui viviamo e lavoriamoLa buona cultura, e la buona cultura d\u2019impresa in particolare, si nutrono della consapevolezza del presente ma anche del passato. Constatazione che dovrebbe essere acquisita e che, invece, spesso passa in secondo piano, travolta dalla facilit\u00e0 dell\u2019immediato. Leggere [&hellip;]<\/p>\n","protected":false},"author":9,"featured_media":82526,"comment_status":"open","ping_status":"open","sticky":false,"template":"","format":"standard","meta":{"footnotes":""},"categories":[52,58],"tags":[],"class_list":["post-82525","post","type-post","status-publish","format-standard","has-post-thumbnail","hentry","category-cultura-dimpresa","category-recensioni-libri"],"acf":[],"yoast_head":"<!-- This site is optimized with the Yoast SEO plugin v25.0 - https:\/\/yoast.com\/wordpress\/plugins\/seo\/ -->\n<title>Il passato presente - Fondazione Pirelli<\/title>\n<meta name=\"robots\" content=\"index, follow, max-snippet:-1, max-image-preview:large, max-video-preview:-1\" \/>\n<link rel=\"canonical\" href=\"https:\/\/www.fondazionepirelli.org\/it\/cultura-dimpresa\/il-passato-presente\/\" \/>\n<meta property=\"og:locale\" content=\"it_IT\" \/>\n<meta property=\"og:type\" content=\"article\" \/>\n<meta property=\"og:title\" content=\"Il passato presente - Fondazione Pirelli\" \/>\n<meta property=\"og:description\" content=\"Un piccolo libro di un grande storico, serve per comprendere meglio il contesto in cui viviamo e lavoriamoLa buona cultura, e la buona cultura d\u2019impresa in particolare, si nutrono della consapevolezza del presente ma anche del passato. Constatazione che dovrebbe essere acquisita e che, invece, spesso passa in secondo piano, travolta dalla facilit\u00e0 dell\u2019immediato. Leggere [&hellip;]\" \/>\n<meta property=\"og:url\" content=\"https:\/\/www.fondazionepirelli.org\/it\/cultura-dimpresa\/il-passato-presente\/\" \/>\n<meta property=\"og:site_name\" content=\"Fondazione Pirelli\" \/>\n<meta property=\"article:published_time\" content=\"2021-02-02T09:06:45+00:00\" \/>\n<meta property=\"og:image\" content=\"https:\/\/wpsite-assets.fondazionepirelli.org\/wp-content\/uploads\/2021\/02\/01092438\/978885843555HIG-e1612167958591.jpg\" \/>\n\t<meta property=\"og:image:width\" content=\"399\" \/>\n\t<meta property=\"og:image:height\" content=\"683\" \/>\n\t<meta property=\"og:image:type\" content=\"image\/jpeg\" \/>\n<meta name=\"author\" content=\"fondazionepirelli\" \/>\n<meta name=\"twitter:card\" content=\"summary_large_image\" \/>\n<meta name=\"twitter:label1\" content=\"Scritto da\" \/>\n\t<meta name=\"twitter:data1\" content=\"fondazionepirelli\" \/>\n\t<meta name=\"twitter:label2\" content=\"Tempo di lettura stimato\" \/>\n\t<meta name=\"twitter:data2\" content=\"2 minuti\" \/>\n<script type=\"application\/ld+json\" class=\"yoast-schema-graph\">{\"@context\":\"https:\/\/schema.org\",\"@graph\":[{\"@type\":\"WebPage\",\"@id\":\"https:\/\/www.fondazionepirelli.org\/it\/cultura-dimpresa\/il-passato-presente\/\",\"url\":\"https:\/\/www.fondazionepirelli.org\/it\/cultura-dimpresa\/il-passato-presente\/\",\"name\":\"Il passato presente - Fondazione Pirelli\",\"isPartOf\":{\"@id\":\"https:\/\/www.fondazionepirelli.org\/it\/#website\"},\"primaryImageOfPage\":{\"@id\":\"https:\/\/www.fondazionepirelli.org\/it\/cultura-dimpresa\/il-passato-presente\/#primaryimage\"},\"image\":{\"@id\":\"https:\/\/www.fondazionepirelli.org\/it\/cultura-dimpresa\/il-passato-presente\/#primaryimage\"},\"thumbnailUrl\":\"https:\/\/wpsite-assets.fondazionepirelli.org\/wp-content\/uploads\/2021\/02\/01092438\/978885843555HIG-e1612167958591.jpg\",\"datePublished\":\"2021-02-02T09:06:45+00:00\",\"author\":{\"@id\":\"https:\/\/www.fondazionepirelli.org\/it\/#\/schema\/person\/c31fcf5937a0e6afa45497f3f8b6d7a0\"},\"breadcrumb\":{\"@id\":\"https:\/\/www.fondazionepirelli.org\/it\/cultura-dimpresa\/il-passato-presente\/#breadcrumb\"},\"inLanguage\":\"it-IT\",\"potentialAction\":[{\"@type\":\"ReadAction\",\"target\":[\"https:\/\/www.fondazionepirelli.org\/it\/cultura-dimpresa\/il-passato-presente\/\"]}]},{\"@type\":\"ImageObject\",\"inLanguage\":\"it-IT\",\"@id\":\"https:\/\/www.fondazionepirelli.org\/it\/cultura-dimpresa\/il-passato-presente\/#primaryimage\",\"url\":\"https:\/\/wpsite-assets.fondazionepirelli.org\/wp-content\/uploads\/2021\/02\/01092438\/978885843555HIG-e1612167958591.jpg\",\"contentUrl\":\"https:\/\/wpsite-assets.fondazionepirelli.org\/wp-content\/uploads\/2021\/02\/01092438\/978885843555HIG-e1612167958591.jpg\",\"width\":399,\"height\":683},{\"@type\":\"BreadcrumbList\",\"@id\":\"https:\/\/www.fondazionepirelli.org\/it\/cultura-dimpresa\/il-passato-presente\/#breadcrumb\",\"itemListElement\":[{\"@type\":\"ListItem\",\"position\":1,\"name\":\"Home\",\"item\":\"https:\/\/www.fondazionepirelli.org\/it\/\"},{\"@type\":\"ListItem\",\"position\":2,\"name\":\"Il passato presente\"}]},{\"@type\":\"WebSite\",\"@id\":\"https:\/\/www.fondazionepirelli.org\/it\/#website\",\"url\":\"https:\/\/www.fondazionepirelli.org\/it\/\",\"name\":\"Fondazione Pirelli\",\"description\":\"\",\"potentialAction\":[{\"@type\":\"SearchAction\",\"target\":{\"@type\":\"EntryPoint\",\"urlTemplate\":\"https:\/\/www.fondazionepirelli.org\/it\/?s={search_term_string}\"},\"query-input\":{\"@type\":\"PropertyValueSpecification\",\"valueRequired\":true,\"valueName\":\"search_term_string\"}}],\"inLanguage\":\"it-IT\"},{\"@type\":\"Person\",\"@id\":\"https:\/\/www.fondazionepirelli.org\/it\/#\/schema\/person\/c31fcf5937a0e6afa45497f3f8b6d7a0\",\"name\":\"fondazionepirelli\",\"image\":{\"@type\":\"ImageObject\",\"inLanguage\":\"it-IT\",\"@id\":\"https:\/\/www.fondazionepirelli.org\/it\/#\/schema\/person\/image\/\",\"url\":\"https:\/\/secure.gravatar.com\/avatar\/9cb486421ce1d6eddbf6c4fb66841b4325b786695f7aedf1dde2222428218696?s=96&d=mm&r=g\",\"contentUrl\":\"https:\/\/secure.gravatar.com\/avatar\/9cb486421ce1d6eddbf6c4fb66841b4325b786695f7aedf1dde2222428218696?s=96&d=mm&r=g\",\"caption\":\"fondazionepirelli\"},\"url\":\"https:\/\/www.fondazionepirelli.org\/it\/author\/fondazionepirelli\/\"}]}<\/script>\n<!-- \/ Yoast SEO plugin. -->","yoast_head_json":{"title":"Il passato presente - Fondazione Pirelli","robots":{"index":"index","follow":"follow","max-snippet":"max-snippet:-1","max-image-preview":"max-image-preview:large","max-video-preview":"max-video-preview:-1"},"canonical":"https:\/\/www.fondazionepirelli.org\/it\/cultura-dimpresa\/il-passato-presente\/","og_locale":"it_IT","og_type":"article","og_title":"Il passato presente - Fondazione Pirelli","og_description":"Un piccolo libro di un grande storico, serve per comprendere meglio il contesto in cui viviamo e lavoriamoLa buona cultura, e la buona cultura d\u2019impresa in particolare, si nutrono della consapevolezza del presente ma anche del passato. Constatazione che dovrebbe essere acquisita e che, invece, spesso passa in secondo piano, travolta dalla facilit\u00e0 dell\u2019immediato. Leggere [&hellip;]","og_url":"https:\/\/www.fondazionepirelli.org\/it\/cultura-dimpresa\/il-passato-presente\/","og_site_name":"Fondazione Pirelli","article_published_time":"2021-02-02T09:06:45+00:00","og_image":[{"width":399,"height":683,"url":"https:\/\/wpsite-assets.fondazionepirelli.org\/wp-content\/uploads\/2021\/02\/01092438\/978885843555HIG-e1612167958591.jpg","type":"image\/jpeg"}],"author":"fondazionepirelli","twitter_card":"summary_large_image","twitter_misc":{"Scritto da":"fondazionepirelli","Tempo di lettura stimato":"2 minuti"},"schema":{"@context":"https:\/\/schema.org","@graph":[{"@type":"WebPage","@id":"https:\/\/www.fondazionepirelli.org\/it\/cultura-dimpresa\/il-passato-presente\/","url":"https:\/\/www.fondazionepirelli.org\/it\/cultura-dimpresa\/il-passato-presente\/","name":"Il passato presente - Fondazione Pirelli","isPartOf":{"@id":"https:\/\/www.fondazionepirelli.org\/it\/#website"},"primaryImageOfPage":{"@id":"https:\/\/www.fondazionepirelli.org\/it\/cultura-dimpresa\/il-passato-presente\/#primaryimage"},"image":{"@id":"https:\/\/www.fondazionepirelli.org\/it\/cultura-dimpresa\/il-passato-presente\/#primaryimage"},"thumbnailUrl":"https:\/\/wpsite-assets.fondazionepirelli.org\/wp-content\/uploads\/2021\/02\/01092438\/978885843555HIG-e1612167958591.jpg","datePublished":"2021-02-02T09:06:45+00:00","author":{"@id":"https:\/\/www.fondazionepirelli.org\/it\/#\/schema\/person\/c31fcf5937a0e6afa45497f3f8b6d7a0"},"breadcrumb":{"@id":"https:\/\/www.fondazionepirelli.org\/it\/cultura-dimpresa\/il-passato-presente\/#breadcrumb"},"inLanguage":"it-IT","potentialAction":[{"@type":"ReadAction","target":["https:\/\/www.fondazionepirelli.org\/it\/cultura-dimpresa\/il-passato-presente\/"]}]},{"@type":"ImageObject","inLanguage":"it-IT","@id":"https:\/\/www.fondazionepirelli.org\/it\/cultura-dimpresa\/il-passato-presente\/#primaryimage","url":"https:\/\/wpsite-assets.fondazionepirelli.org\/wp-content\/uploads\/2021\/02\/01092438\/978885843555HIG-e1612167958591.jpg","contentUrl":"https:\/\/wpsite-assets.fondazionepirelli.org\/wp-content\/uploads\/2021\/02\/01092438\/978885843555HIG-e1612167958591.jpg","width":399,"height":683},{"@type":"BreadcrumbList","@id":"https:\/\/www.fondazionepirelli.org\/it\/cultura-dimpresa\/il-passato-presente\/#breadcrumb","itemListElement":[{"@type":"ListItem","position":1,"name":"Home","item":"https:\/\/www.fondazionepirelli.org\/it\/"},{"@type":"ListItem","position":2,"name":"Il passato presente"}]},{"@type":"WebSite","@id":"https:\/\/www.fondazionepirelli.org\/it\/#website","url":"https:\/\/www.fondazionepirelli.org\/it\/","name":"Fondazione Pirelli","description":"","potentialAction":[{"@type":"SearchAction","target":{"@type":"EntryPoint","urlTemplate":"https:\/\/www.fondazionepirelli.org\/it\/?s={search_term_string}"},"query-input":{"@type":"PropertyValueSpecification","valueRequired":true,"valueName":"search_term_string"}}],"inLanguage":"it-IT"},{"@type":"Person","@id":"https:\/\/www.fondazionepirelli.org\/it\/#\/schema\/person\/c31fcf5937a0e6afa45497f3f8b6d7a0","name":"fondazionepirelli","image":{"@type":"ImageObject","inLanguage":"it-IT","@id":"https:\/\/www.fondazionepirelli.org\/it\/#\/schema\/person\/image\/","url":"https:\/\/secure.gravatar.com\/avatar\/9cb486421ce1d6eddbf6c4fb66841b4325b786695f7aedf1dde2222428218696?s=96&d=mm&r=g","contentUrl":"https:\/\/secure.gravatar.com\/avatar\/9cb486421ce1d6eddbf6c4fb66841b4325b786695f7aedf1dde2222428218696?s=96&d=mm&r=g","caption":"fondazionepirelli"},"url":"https:\/\/www.fondazionepirelli.org\/it\/author\/fondazionepirelli\/"}]}},"_links":{"self":[{"href":"https:\/\/www.fondazionepirelli.org\/it\/wp-json\/wp\/v2\/posts\/82525\/"}],"collection":[{"href":"https:\/\/www.fondazionepirelli.org\/it\/wp-json\/wp\/v2\/posts\/"}],"about":[{"href":"https:\/\/www.fondazionepirelli.org\/it\/wp-json\/wp\/v2\/types\/post\/"}],"author":[{"embeddable":true,"href":"https:\/\/www.fondazionepirelli.org\/it\/wp-json\/wp\/v2\/users\/9\/"}],"replies":[{"embeddable":true,"href":"https:\/\/www.fondazionepirelli.org\/it\/wp-json\/wp\/v2\/comments\/?post=82525"}],"version-history":[{"count":1,"href":"https:\/\/www.fondazionepirelli.org\/it\/wp-json\/wp\/v2\/posts\/82525\/revisions\/"}],"predecessor-version":[{"id":82528,"href":"https:\/\/www.fondazionepirelli.org\/it\/wp-json\/wp\/v2\/posts\/82525\/revisions\/82528\/"}],"wp:featuredmedia":[{"embeddable":true,"href":"https:\/\/www.fondazionepirelli.org\/it\/wp-json\/wp\/v2\/media\/82526\/"}],"wp:attachment":[{"href":"https:\/\/www.fondazionepirelli.org\/it\/wp-json\/wp\/v2\/media\/?parent=82525"}],"wp:term":[{"taxonomy":"category","embeddable":true,"href":"https:\/\/www.fondazionepirelli.org\/it\/wp-json\/wp\/v2\/categories\/?post=82525"},{"taxonomy":"post_tag","embeddable":true,"href":"https:\/\/www.fondazionepirelli.org\/it\/wp-json\/wp\/v2\/tags\/?post=82525"}],"curies":[{"name":"wp","href":"https:\/\/api.w.org\/{rel}","templated":true}]}}