{"id":82577,"date":"2021-02-09T08:42:30","date_gmt":"2021-02-09T07:42:30","guid":{"rendered":"https:\/\/www.fondazionepirelli.org\/?p=82577"},"modified":"2021-02-09T08:42:30","modified_gmt":"2021-02-09T07:42:30","slug":"social-media-dimpresa","status":"publish","type":"post","link":"https:\/\/www.fondazionepirelli.org\/it\/cultura-dimpresa\/social-media-dimpresa\/","title":{"rendered":"Social media d\u2019impresa"},"content":{"rendered":"<p><em>In una tesi discussa alla Cattolica di Milano, la fotografia delle relazioni delle aziende con una parte importante del web<\/em><\/p>\n<p><strong>\u00a0<\/strong><\/p>\n<p>Immagine d\u2019impresa e strumenti digitali con i quali diffonderla insieme alla sua attivit\u00e0. Traguardo ormai raggiunto da gran parte delle aziende. Eppure, traguardo ancora tutto da esplorare e comprendere. E\u2019 quanto ha provato a fare Glenda Corbo con \u201cSocial Media e imprese: stato dell&#8217;arte e implicazioni psicologiche\u201d, il suo lavoro di tesi discusso all\u2019Universit\u00e0 Cattolica del Sacro Cuore, che, come indica lo stesso titolo, prende in considerazione le relazioni tra i social media e le organizzazioni della produzione.<\/p>\n<p>Corbo spiega che l&#8217;idea della ricerca \u00e8 nata a partire dall&#8217;interesse personale per i\u00a0<strong>Social <\/strong><strong>Media<\/strong>\u00a0(SM) e il loro utilizzo da parte delle\u00a0<strong>imprese<\/strong>. L\u2019indagine ragiona quindi partendo dalla constatazione che l&#8217;uso di queste tecnologie \u00e8 determinato da diverse strategie di gestione, che a loro volta provocano un impatto positivo sulla produttivit\u00e0, sulla competitivit\u00e0 e sulle prestazioni innovative. D\u2019altro canto, dice Corbo, i SM sono diventati uno strumento per comunicare e interagire con i clienti a costi inferiori e in modo pi\u00f9 efficace rispetto ai canali tradizionali.<\/p>\n<p>La base conoscitiva della tesi \u00e8 quindi la constatazione che nella generalit\u00e0 dei casi gli scopi per i quali si utilizzano i social media possono essere diversi: sviluppare l&#8217;immagine aziendale, rispondere ai clienti, collaborare con altre aziende, reclutare e scambiare opinioni. Il lavoro di Glenda Corbo, tuttavia, si concentra sugli aspetti economici e psicologici della presenza dei SM nelle imprese.<\/p>\n<p>In concreto, l\u2019indagine prende quindi le mosse da una fotografia del livello attuale di uso dei SM da parte delle imprese europee partendo da macro-dati provenienti da una indagine Eurostat. In un secondo capitolo, Corbo cerca di comprendere quali siano le variabili psicologiche che spingono gli imprenditori verso l&#8217;utilizzo dei SM. Nel terzo capitolo, l\u2019attenzione \u00e8 invece poste sulle strategie di <em>web<\/em> <em>marketing<\/em>.<\/p>\n<p>La ricerca di Glenda Corbo ha la caratteristica di concentrare in uno spazio limitato una serie di informazioni utili a delineare il quadro delle relazioni tra i SM e la generalit\u00e0 delle imprese italiane ed europee. Una buona base di conoscenza di una parte dell\u2019attuale assetto economico e produttivo che deve essere conosciuta meglio per capire di pi\u00f9 l\u2019evoluzione dell\u2019attuale rete d\u2019imprese.<\/p><p><a href=\"https:\/\/www.tesionline.it\/tesi\/psicologia-per-le-organizzazioni%3A-hr%2C-marketing-e-comunicazione-\/social-media-e-imprese-stato-dell-arte-e-implicazioni-psicologiche\/55426\"><strong>Social Media e imprese: stato dell&#8217;arte e implicazioni psicologiche<\/strong><\/a><\/p>\n<p>Glenda Corbo<\/p>\n<p>Tesi, Universit\u00e0 Cattolica del sacro Cuore, Milano, 2020-2021<\/p>\n","protected":false},"excerpt":{"rendered":"<p>In una tesi discussa alla Cattolica di Milano, la fotografia delle relazioni delle aziende con una parte importante del web \u00a0 Immagine d\u2019impresa e strumenti digitali con i quali diffonderla insieme alla sua attivit\u00e0. Traguardo ormai raggiunto da gran parte delle aziende. Eppure, traguardo ancora tutto da esplorare e comprendere. E\u2019 quanto ha provato a [&hellip;]<\/p>\n","protected":false},"author":9,"featured_media":0,"comment_status":"open","ping_status":"open","sticky":false,"template":"","format":"standard","meta":{"footnotes":""},"categories":[54,52],"tags":[],"class_list":["post-82577","post","type-post","status-publish","format-standard","hentry","category-approfondimenti","category-cultura-dimpresa"],"acf":[],"yoast_head":"<!-- This site is optimized with the Yoast SEO plugin v25.0 - https:\/\/yoast.com\/wordpress\/plugins\/seo\/ -->\n<title>Social media d\u2019impresa - Fondazione Pirelli<\/title>\n<meta name=\"robots\" content=\"index, follow, max-snippet:-1, max-image-preview:large, max-video-preview:-1\" \/>\n<link rel=\"canonical\" href=\"https:\/\/www.fondazionepirelli.org\/it\/cultura-dimpresa\/social-media-dimpresa\/\" \/>\n<meta property=\"og:locale\" content=\"it_IT\" \/>\n<meta property=\"og:type\" content=\"article\" \/>\n<meta property=\"og:title\" content=\"Social media d\u2019impresa - Fondazione Pirelli\" \/>\n<meta property=\"og:description\" content=\"In una tesi discussa alla Cattolica di Milano, la fotografia delle relazioni delle aziende con una parte importante del web \u00a0 Immagine d\u2019impresa e strumenti digitali con i quali diffonderla insieme alla sua attivit\u00e0. Traguardo ormai raggiunto da gran parte delle aziende. Eppure, traguardo ancora tutto da esplorare e comprendere. E\u2019 quanto ha provato a [&hellip;]\" \/>\n<meta property=\"og:url\" content=\"https:\/\/www.fondazionepirelli.org\/it\/cultura-dimpresa\/social-media-dimpresa\/\" \/>\n<meta property=\"og:site_name\" content=\"Fondazione Pirelli\" \/>\n<meta property=\"article:published_time\" content=\"2021-02-09T07:42:30+00:00\" \/>\n<meta name=\"author\" content=\"fondazionepirelli\" \/>\n<meta name=\"twitter:card\" content=\"summary_large_image\" \/>\n<meta name=\"twitter:label1\" content=\"Scritto da\" \/>\n\t<meta name=\"twitter:data1\" content=\"fondazionepirelli\" \/>\n\t<meta name=\"twitter:label2\" content=\"Tempo di lettura stimato\" \/>\n\t<meta name=\"twitter:data2\" content=\"2 minuti\" \/>\n<script type=\"application\/ld+json\" class=\"yoast-schema-graph\">{\"@context\":\"https:\/\/schema.org\",\"@graph\":[{\"@type\":\"WebPage\",\"@id\":\"https:\/\/www.fondazionepirelli.org\/it\/cultura-dimpresa\/social-media-dimpresa\/\",\"url\":\"https:\/\/www.fondazionepirelli.org\/it\/cultura-dimpresa\/social-media-dimpresa\/\",\"name\":\"Social media d\u2019impresa - Fondazione Pirelli\",\"isPartOf\":{\"@id\":\"https:\/\/www.fondazionepirelli.org\/it\/#website\"},\"datePublished\":\"2021-02-09T07:42:30+00:00\",\"author\":{\"@id\":\"https:\/\/www.fondazionepirelli.org\/it\/#\/schema\/person\/c31fcf5937a0e6afa45497f3f8b6d7a0\"},\"breadcrumb\":{\"@id\":\"https:\/\/www.fondazionepirelli.org\/it\/cultura-dimpresa\/social-media-dimpresa\/#breadcrumb\"},\"inLanguage\":\"it-IT\",\"potentialAction\":[{\"@type\":\"ReadAction\",\"target\":[\"https:\/\/www.fondazionepirelli.org\/it\/cultura-dimpresa\/social-media-dimpresa\/\"]}]},{\"@type\":\"BreadcrumbList\",\"@id\":\"https:\/\/www.fondazionepirelli.org\/it\/cultura-dimpresa\/social-media-dimpresa\/#breadcrumb\",\"itemListElement\":[{\"@type\":\"ListItem\",\"position\":1,\"name\":\"Home\",\"item\":\"https:\/\/www.fondazionepirelli.org\/it\/\"},{\"@type\":\"ListItem\",\"position\":2,\"name\":\"Social media d\u2019impresa\"}]},{\"@type\":\"WebSite\",\"@id\":\"https:\/\/www.fondazionepirelli.org\/it\/#website\",\"url\":\"https:\/\/www.fondazionepirelli.org\/it\/\",\"name\":\"Fondazione Pirelli\",\"description\":\"\",\"potentialAction\":[{\"@type\":\"SearchAction\",\"target\":{\"@type\":\"EntryPoint\",\"urlTemplate\":\"https:\/\/www.fondazionepirelli.org\/it\/?s={search_term_string}\"},\"query-input\":{\"@type\":\"PropertyValueSpecification\",\"valueRequired\":true,\"valueName\":\"search_term_string\"}}],\"inLanguage\":\"it-IT\"},{\"@type\":\"Person\",\"@id\":\"https:\/\/www.fondazionepirelli.org\/it\/#\/schema\/person\/c31fcf5937a0e6afa45497f3f8b6d7a0\",\"name\":\"fondazionepirelli\",\"image\":{\"@type\":\"ImageObject\",\"inLanguage\":\"it-IT\",\"@id\":\"https:\/\/www.fondazionepirelli.org\/it\/#\/schema\/person\/image\/\",\"url\":\"https:\/\/secure.gravatar.com\/avatar\/9cb486421ce1d6eddbf6c4fb66841b4325b786695f7aedf1dde2222428218696?s=96&d=mm&r=g\",\"contentUrl\":\"https:\/\/secure.gravatar.com\/avatar\/9cb486421ce1d6eddbf6c4fb66841b4325b786695f7aedf1dde2222428218696?s=96&d=mm&r=g\",\"caption\":\"fondazionepirelli\"},\"url\":\"https:\/\/www.fondazionepirelli.org\/it\/author\/fondazionepirelli\/\"}]}<\/script>\n<!-- \/ Yoast SEO plugin. -->","yoast_head_json":{"title":"Social media d\u2019impresa - Fondazione Pirelli","robots":{"index":"index","follow":"follow","max-snippet":"max-snippet:-1","max-image-preview":"max-image-preview:large","max-video-preview":"max-video-preview:-1"},"canonical":"https:\/\/www.fondazionepirelli.org\/it\/cultura-dimpresa\/social-media-dimpresa\/","og_locale":"it_IT","og_type":"article","og_title":"Social media d\u2019impresa - Fondazione Pirelli","og_description":"In una tesi discussa alla Cattolica di Milano, la fotografia delle relazioni delle aziende con una parte importante del web \u00a0 Immagine d\u2019impresa e strumenti digitali con i quali diffonderla insieme alla sua attivit\u00e0. Traguardo ormai raggiunto da gran parte delle aziende. Eppure, traguardo ancora tutto da esplorare e comprendere. E\u2019 quanto ha provato a [&hellip;]","og_url":"https:\/\/www.fondazionepirelli.org\/it\/cultura-dimpresa\/social-media-dimpresa\/","og_site_name":"Fondazione Pirelli","article_published_time":"2021-02-09T07:42:30+00:00","author":"fondazionepirelli","twitter_card":"summary_large_image","twitter_misc":{"Scritto da":"fondazionepirelli","Tempo di lettura stimato":"2 minuti"},"schema":{"@context":"https:\/\/schema.org","@graph":[{"@type":"WebPage","@id":"https:\/\/www.fondazionepirelli.org\/it\/cultura-dimpresa\/social-media-dimpresa\/","url":"https:\/\/www.fondazionepirelli.org\/it\/cultura-dimpresa\/social-media-dimpresa\/","name":"Social media d\u2019impresa - Fondazione Pirelli","isPartOf":{"@id":"https:\/\/www.fondazionepirelli.org\/it\/#website"},"datePublished":"2021-02-09T07:42:30+00:00","author":{"@id":"https:\/\/www.fondazionepirelli.org\/it\/#\/schema\/person\/c31fcf5937a0e6afa45497f3f8b6d7a0"},"breadcrumb":{"@id":"https:\/\/www.fondazionepirelli.org\/it\/cultura-dimpresa\/social-media-dimpresa\/#breadcrumb"},"inLanguage":"it-IT","potentialAction":[{"@type":"ReadAction","target":["https:\/\/www.fondazionepirelli.org\/it\/cultura-dimpresa\/social-media-dimpresa\/"]}]},{"@type":"BreadcrumbList","@id":"https:\/\/www.fondazionepirelli.org\/it\/cultura-dimpresa\/social-media-dimpresa\/#breadcrumb","itemListElement":[{"@type":"ListItem","position":1,"name":"Home","item":"https:\/\/www.fondazionepirelli.org\/it\/"},{"@type":"ListItem","position":2,"name":"Social media d\u2019impresa"}]},{"@type":"WebSite","@id":"https:\/\/www.fondazionepirelli.org\/it\/#website","url":"https:\/\/www.fondazionepirelli.org\/it\/","name":"Fondazione Pirelli","description":"","potentialAction":[{"@type":"SearchAction","target":{"@type":"EntryPoint","urlTemplate":"https:\/\/www.fondazionepirelli.org\/it\/?s={search_term_string}"},"query-input":{"@type":"PropertyValueSpecification","valueRequired":true,"valueName":"search_term_string"}}],"inLanguage":"it-IT"},{"@type":"Person","@id":"https:\/\/www.fondazionepirelli.org\/it\/#\/schema\/person\/c31fcf5937a0e6afa45497f3f8b6d7a0","name":"fondazionepirelli","image":{"@type":"ImageObject","inLanguage":"it-IT","@id":"https:\/\/www.fondazionepirelli.org\/it\/#\/schema\/person\/image\/","url":"https:\/\/secure.gravatar.com\/avatar\/9cb486421ce1d6eddbf6c4fb66841b4325b786695f7aedf1dde2222428218696?s=96&d=mm&r=g","contentUrl":"https:\/\/secure.gravatar.com\/avatar\/9cb486421ce1d6eddbf6c4fb66841b4325b786695f7aedf1dde2222428218696?s=96&d=mm&r=g","caption":"fondazionepirelli"},"url":"https:\/\/www.fondazionepirelli.org\/it\/author\/fondazionepirelli\/"}]}},"_links":{"self":[{"href":"https:\/\/www.fondazionepirelli.org\/it\/wp-json\/wp\/v2\/posts\/82577\/"}],"collection":[{"href":"https:\/\/www.fondazionepirelli.org\/it\/wp-json\/wp\/v2\/posts\/"}],"about":[{"href":"https:\/\/www.fondazionepirelli.org\/it\/wp-json\/wp\/v2\/types\/post\/"}],"author":[{"embeddable":true,"href":"https:\/\/www.fondazionepirelli.org\/it\/wp-json\/wp\/v2\/users\/9\/"}],"replies":[{"embeddable":true,"href":"https:\/\/www.fondazionepirelli.org\/it\/wp-json\/wp\/v2\/comments\/?post=82577"}],"version-history":[{"count":1,"href":"https:\/\/www.fondazionepirelli.org\/it\/wp-json\/wp\/v2\/posts\/82577\/revisions\/"}],"predecessor-version":[{"id":82578,"href":"https:\/\/www.fondazionepirelli.org\/it\/wp-json\/wp\/v2\/posts\/82577\/revisions\/82578\/"}],"wp:attachment":[{"href":"https:\/\/www.fondazionepirelli.org\/it\/wp-json\/wp\/v2\/media\/?parent=82577"}],"wp:term":[{"taxonomy":"category","embeddable":true,"href":"https:\/\/www.fondazionepirelli.org\/it\/wp-json\/wp\/v2\/categories\/?post=82577"},{"taxonomy":"post_tag","embeddable":true,"href":"https:\/\/www.fondazionepirelli.org\/it\/wp-json\/wp\/v2\/tags\/?post=82577"}],"curies":[{"name":"wp","href":"https:\/\/api.w.org\/{rel}","templated":true}]}}