{"id":82655,"date":"2021-02-15T11:12:10","date_gmt":"2021-02-15T10:12:10","guid":{"rendered":"https:\/\/www.fondazionepirelli.org\/?p=82655"},"modified":"2021-02-15T11:12:10","modified_gmt":"2021-02-15T10:12:10","slug":"un-governo-politico-di-competenti-per-la-ripresa-addio-propaganda-adesso-bisognera-studiare","status":"publish","type":"post","link":"https:\/\/www.fondazionepirelli.org\/it\/cultura-dimpresa\/un-governo-politico-di-competenti-per-la-ripresa-addio-propaganda-adesso-bisognera-studiare\/","title":{"rendered":"Un governo \u201cpolitico\u201d di competenti per la ripresa <br> Addio propaganda: adesso bisogner\u00e0 studiare"},"content":{"rendered":"<p>\u201cLa conoscenza e i suoi nemici\u201d, di <strong>Tom Nichols<\/strong>, professore alla Harvard University, pubblicato dalla <strong>Oxford University<\/strong> Press nel 2017 e l\u2019anno dopo, in Italia, dalla <strong>Luiss<\/strong>, ha animato per qualche tempo il discorso pubblico internazionale, su \u201cl\u2019era dell\u2019incompetenza e i rischi per la democrazia\u201d. Negli Usa di Trump e nel Regno Unito di Johnson, nell\u2019Europa dei populismi e dei sovranismi insidiosi, il libro \u00e8 stato letto, discusso, contestato ma anche e soprattutto apprezzato da parte di tutti coloro che non volevano cedere all\u2019illusione dell\u2019\u201duno vale uno\u201d e alle contestazioni ignoranti contro le <strong>competenze<\/strong>. Adesso la portata devastante della crisi determinata dall\u2019incrocio tra pandemia da Covid19 e recessione economica ha rafforzato la necessit\u00e0 di risposte serie e lungimiranti, per affrontare e provare a risolvere i grandi temi della salute, della sicurezza e dello sviluppo.<\/p>\n<p>Si prende finalmente atto che il mondo \u00e8 troppo complesso per essere ridotto a uno slogan, a un tweet, a un proclama da un balcone o a una chiacchiera da bar trasformata in atto di governo. E cos\u00ec finalmente si ritorna alla \u201cconoscenza e ai suoi amici\u201d e dunque a dare spazio e responsabilit\u00e0 a chi sa, sa fare e pu\u00f2 fare del bene. Il governo Draghi ne \u00e8 un chiaro esempio.<\/p>\n<p>\u201cSe ora \u00e8 il popolo a volere un\u2019\u00e9lite\u201d, ha scritto Antonio Polito sul \u201cCorriere della Sera\u201d (9 febbraio), documentando come \u201cil sostegno a Draghi di quasi tutte le forze politiche \u00e8 una conseguenza dell\u2019ampio favore dei cittadini\u201d. E il governo che ha giurato al Quirinale e adesso si presenta alle Camere ha un forte sogno di svolta rispetto al passato, ricco com\u2019\u00e8 di personalit\u00e0 di solida competenza, <strong>credibilit\u00e0 internazionale<\/strong>, capacit\u00e0 maturata nella gestione di problemi complessi, a cavallo tra l\u2019economia, la pubblica amministrazione, la scienza, la ricerca, la <strong>cultura politecnica<\/strong>. Conoscenze e competenze che s\u2019incrociano, costruiscono sintesi originali in grado di decrittare le nuove dimensioni del mondo, scrivono mappe aggiornate per governare realt\u00e0 in radicale cambiamento, quasi una metamorfosi. Tutti i cosiddetti \u201ctecnici\u201d scelti dal presidente del Consiglio Draghi, con il sostegno del quirinale, hanno queste fondamentali caratteristiche.<\/p>\n<p>Il governo Draghi non ha, naturalmente, la bacchetta magica. N\u00e9 potr\u00e0 rispondere a tutte le aspettative (perfino un po\u2019 eccessive) maturate in questi giorni di entusiasmo per il cambiamento: \u00e8 un gabinetto guidato da un riformista d\u2019esperienza e dunque senza alcuna inclinazione alla palingenesi. Ma sappiamo fin d\u2019ora che si muover\u00e0 scegliendo e decidendo, senza proclami n\u00e9 illusorie promesse.<\/p>\n<p>\u201c<strong>Ora facciamo parlare i fatti<\/strong>\u201d, ha detto il premier ai suoi ministri, durante la prima riunione di governo, sabato mattina. Nessun \u201cfaremo\u201d. Piuttosto, ascolteremo gli \u201cabbiamo fatto\u201d. Il passo di un nuovo stile di guida del Paese, dopo anni di chiacchiere, passerelle vanitose, battute, comparsate in tv, inondazioni di twitt e post sui social media, furbe \u201clocation\u201d e sovrabbondanza di eventi luccicosi, insomma trucchi di abile comunicazione per velare la povert\u00e0 delle idee.<\/p>\n<p>E\u2019 uno stile che, naturalmente, rivela anche un cambio di sostanza: niente liste della spesa, con sussidi e contributi, ma un vero e proprio <strong>piano di azione<\/strong> per investire i 200 miliardi del <strong>Recovery Plan<\/strong> e gli altri fondi del bilancio della Ue e dello Stato, in modo da rimettere in movimento la macchina economica e sociale italiana inceppata dalla pandemia ma gi\u00e0 in affanno da moltissimo tempo (la produttivit\u00e0 \u00e8 ferma da vent\u2019anni).<\/p>\n<p>Siamo di fronte, infatti, a un governo molto \u201c<strong>politico<\/strong>\u201d, che arriva dopo l\u2019evidenza di una profonda e preoccupante incapacit\u00e0 dei partiti e dei movimenti organizzati (i 5Stelle) di portare l\u2019Italia fuori dalla crisi. \u201cPolitico\u201d nel senso delle esperienze e delle competenze delle personalit\u00e0 chiamate a guidare l\u2019economia, la transizione ecologica e digitale, le infrastrutture, la giustizia e la sicurezza (tutti \u201ctecnici\u201d con una visione ampia dei problemi da affrontare, una visione appunto \u201cpolitica\u201d).<\/p>\n<p>\u201cPolitico\u201d perch\u00e9 deve definire e decidere \u201cpolicy\u201d e cio\u00e8 indirizzi, progetti, programmi da tradurre in \u201cpolitics\u201d.<\/p>\n<p>\u201cPolitico\u201d perch\u00e9, come ci hanno insegnato Max Weber e John Maynard Keynes, si muover\u00e0 secondo l\u2019idea forte di un interesse generale del Paese: lo sviluppo sostenibile, l\u2019ambiente, la scuola, il lavoro, l\u2019abbattimento delle diseguaglianze di genere, il futuro per la \u201cNext Generation\u201d messa al centro dell\u2019attenzione di tutta l\u2019Europa: i nostri figli e nipoti.<\/p>\n<p>Ecco perch\u00e9, dopo gli anni dei mediocri e degli incompetenti e il loro fallimento come ceto di governo, tornano le \u00e9lites: per farsi carico di una migliore condizione economica e sociale, di una pi\u00f9 articolata e sicura navigazione della nostra democrazia.<\/p>\n<p>\u00c9lites ma non casta. Piuttosto, un insieme di donne e uomini che hanno maturato, nel corso della loro storia di<strong> impegno professionale e civile<\/strong> (basta leggerne le biografie, per trovarne ampio riscontro) un forte senso di responsabilit\u00e0 da classe dirigente, una acuta consapevolezza dell\u2019intreccio dei diritti e dei doveri, la consapevolezza dell\u2019urgenza, proprio nella notte della crisi, di ritessere la trama del destino generale di un\u2019Italia che merita molto di pi\u00f9 di quanto le sue rappresentanze politiche siano state finora in grado di darle. Tutt\u2019altro che gli \u201cuomini nuovi\u201d carichi di ambizioni personali e generosi di illusioni che hanno animato una troppo lunga stagione della recente storia italiana.<\/p>\n<p>Semmai, ecco un insieme di personalit\u00e0 che ricordano i grandi <em>civil servants <\/em>alla Ciampi e alla Carli, i banchieri alla Raffaele Mattioli, gli uomini d\u2019impresa come Olivetti, Agnelli, Pirelli e Mattei, gli scienziati come Giulio Natta e Rita Levi Montalcini che hanno saputo fare rinascere questo Paese dopo il disastro del fascismo e della guerra e farlo crescere nelle nuove dinamiche della democrazia liberale e dello sviluppo.<\/p>\n<p>Un governo di competenti, ma non di tecnocrati. Ha colto bene il punto Maurizio Landini, segretario generale della Cgil, quando ha avvertito i suoi colleghi sindacalisti: adesso bisogner\u00e0 studiare. Poca propaganda, molta concretezza.<\/p>\n<p>Le caratteristiche e le qualit\u00e0 della squadra guidata da Mario Draghi interpellano direttamente anche le rappresentanze sociali, le organizzazioni dell\u2019impresa e del lavoro, chiedendo un linguaggio migliore e pi\u00f9 in sintonia con le sfide che ci tocca affrontare e una maggiore e migliore pertinenza nelle analisi e nelle proposte. Stare ai fatti, guardare agli interessi di parte ma solo nell\u2019orizzonte dell\u2019interesse generale, approfondire i dossier dei problemi e avanzare proposte concrete. Come peraltro \u00e8 gi\u00e0 successo negli snodi cruciali, nelle pagine pi\u00f9 drammatiche della nostra storia.<\/p>\n<p>Nell\u2019immediato dopoguerra, quando il presidente della Confindustria Costa e il segretario della Cgil Di Vittorio trovarono l\u2019accordo su \u201cprima le fabbriche e poi le case\u201d, per fare ripartire il Paese, davanti all\u2019impegno del governo guidato da Alcide De Gasperi. Poi negli anni bui del terrorismo e delle drammatiche tensioni politiche e sociali, con i dialoghi tra Gianni Agnelli per le imprese e Luciano Lama per le organizzazioni dei lavoratori. Con la \u201cconcertazione\u201d di Carlo Azeglio Ciampi dopo quel drammatico 1992 all\u2019incrocio tra crisi politica (Tangentopoli), finanziaria (il crollo della lira) e istituzionale (le stragi mafiose contro Giovanni Falcone e Paolo Borsellino). E con le intese generali per entrare nell\u2019euro.<\/p>\n<p>Anche adesso, \u00e8 tempo di svolte e intese lungimiranti, di un impegno comune sullo sviluppo e la sicurezza, nella grande prospettiva europea. Un passaggio drammatico, eppur carico di speranze, proprio grazie al senso di responsabilit\u00e0 mostrato dal Quirinale e dai nuovi abitanti di Palazzo Chigi. E a quello che sapranno fare gli italiani.<\/p>\n<p>Fuori dalle angustie del populismo, bisogna sentirsi di nuovo cittadini. Saper essere persone, non gente. Assumere la consapevolezza che non si \u00e8 pi\u00f9 pubblico degli show del potere e nemmeno soltanto consumatori. <strong>Cittadini consapevoli<\/strong>, appunto. D\u2019altronde, non avevamo dato ragione a Francesco De Gregori, in una delle sue pi\u00f9 struggenti e civili canzoni? \u201c<strong>La storia siamo noi<\/strong>\u201d.<\/p>\n","protected":false},"excerpt":{"rendered":"<p>\u201cLa conoscenza e i suoi nemici\u201d, di Tom Nichols, professore alla Harvard University, pubblicato dalla Oxford University Press nel 2017 e l\u2019anno dopo, in Italia, dalla Luiss, ha animato per qualche tempo il discorso pubblico internazionale, su \u201cl\u2019era dell\u2019incompetenza e i rischi per la democrazia\u201d. Negli Usa di Trump e nel Regno Unito di Johnson, [&hellip;]<\/p>\n","protected":false},"author":9,"featured_media":82665,"comment_status":"open","ping_status":"open","sticky":false,"template":"","format":"standard","meta":{"footnotes":""},"categories":[53,52],"tags":[],"class_list":["post-82655","post","type-post","status-publish","format-standard","has-post-thumbnail","hentry","category-blog","category-cultura-dimpresa"],"acf":[],"yoast_head":"<!-- This site is optimized with the Yoast SEO plugin v25.0 - https:\/\/yoast.com\/wordpress\/plugins\/seo\/ -->\n<title>Un governo \u201cpolitico\u201d di competenti per la ripresa  Addio propaganda: adesso bisogner\u00e0 studiare - Fondazione Pirelli<\/title>\n<meta name=\"robots\" content=\"index, follow, max-snippet:-1, max-image-preview:large, max-video-preview:-1\" \/>\n<link rel=\"canonical\" href=\"https:\/\/www.fondazionepirelli.org\/it\/cultura-dimpresa\/un-governo-politico-di-competenti-per-la-ripresa-addio-propaganda-adesso-bisognera-studiare\/\" \/>\n<meta property=\"og:locale\" content=\"it_IT\" \/>\n<meta property=\"og:type\" content=\"article\" \/>\n<meta property=\"og:title\" content=\"Un governo \u201cpolitico\u201d di competenti per la ripresa  Addio propaganda: adesso bisogner\u00e0 studiare - Fondazione Pirelli\" \/>\n<meta property=\"og:description\" content=\"\u201cLa conoscenza e i suoi nemici\u201d, di Tom Nichols, professore alla Harvard University, pubblicato dalla Oxford University Press nel 2017 e l\u2019anno dopo, in Italia, dalla Luiss, ha animato per qualche tempo il discorso pubblico internazionale, su \u201cl\u2019era dell\u2019incompetenza e i rischi per la democrazia\u201d. Negli Usa di Trump e nel Regno Unito di Johnson, [&hellip;]\" \/>\n<meta property=\"og:url\" content=\"https:\/\/127.0.0.1\/it\/cultura-dimpresa\/un-governo-politico-di-competenti-per-la-ripresa-addio-propaganda-adesso-bisognera-studiare\/\" \/>\n<meta property=\"og:site_name\" content=\"Fondazione Pirelli\" \/>\n<meta property=\"article:published_time\" content=\"2021-02-15T10:12:10+00:00\" \/>\n<meta property=\"og:image\" content=\"https:\/\/wpsite-assets.fondazionepirelli.org\/wp-content\/uploads\/2021\/02\/15111205\/school-of-athens-1200x805-1.jpg\" \/>\n\t<meta property=\"og:image:width\" content=\"1200\" \/>\n\t<meta property=\"og:image:height\" content=\"805\" \/>\n\t<meta property=\"og:image:type\" content=\"image\/jpeg\" \/>\n<meta name=\"author\" content=\"fondazionepirelli\" \/>\n<meta name=\"twitter:card\" content=\"summary_large_image\" \/>\n<meta name=\"twitter:label1\" content=\"Scritto da\" \/>\n\t<meta name=\"twitter:data1\" content=\"fondazionepirelli\" \/>\n\t<meta name=\"twitter:label2\" content=\"Tempo di lettura stimato\" \/>\n\t<meta name=\"twitter:data2\" content=\"6 minuti\" \/>\n<script type=\"application\/ld+json\" class=\"yoast-schema-graph\">{\"@context\":\"https:\/\/schema.org\",\"@graph\":[{\"@type\":\"WebPage\",\"@id\":\"https:\/\/127.0.0.1\/it\/cultura-dimpresa\/un-governo-politico-di-competenti-per-la-ripresa-addio-propaganda-adesso-bisognera-studiare\/\",\"url\":\"https:\/\/127.0.0.1\/it\/cultura-dimpresa\/un-governo-politico-di-competenti-per-la-ripresa-addio-propaganda-adesso-bisognera-studiare\/\",\"name\":\"Un governo \u201cpolitico\u201d di competenti per la ripresa Addio propaganda: adesso bisogner\u00e0 studiare - Fondazione Pirelli\",\"isPartOf\":{\"@id\":\"https:\/\/www.fondazionepirelli.org\/it\/#website\"},\"primaryImageOfPage\":{\"@id\":\"https:\/\/127.0.0.1\/it\/cultura-dimpresa\/un-governo-politico-di-competenti-per-la-ripresa-addio-propaganda-adesso-bisognera-studiare\/#primaryimage\"},\"image\":{\"@id\":\"https:\/\/127.0.0.1\/it\/cultura-dimpresa\/un-governo-politico-di-competenti-per-la-ripresa-addio-propaganda-adesso-bisognera-studiare\/#primaryimage\"},\"thumbnailUrl\":\"https:\/\/wpsite-assets.fondazionepirelli.org\/wp-content\/uploads\/2021\/02\/15111205\/school-of-athens-1200x805-1.jpg\",\"datePublished\":\"2021-02-15T10:12:10+00:00\",\"author\":{\"@id\":\"https:\/\/www.fondazionepirelli.org\/it\/#\/schema\/person\/c31fcf5937a0e6afa45497f3f8b6d7a0\"},\"breadcrumb\":{\"@id\":\"https:\/\/127.0.0.1\/it\/cultura-dimpresa\/un-governo-politico-di-competenti-per-la-ripresa-addio-propaganda-adesso-bisognera-studiare\/#breadcrumb\"},\"inLanguage\":\"it-IT\",\"potentialAction\":[{\"@type\":\"ReadAction\",\"target\":[\"https:\/\/127.0.0.1\/it\/cultura-dimpresa\/un-governo-politico-di-competenti-per-la-ripresa-addio-propaganda-adesso-bisognera-studiare\/\"]}]},{\"@type\":\"ImageObject\",\"inLanguage\":\"it-IT\",\"@id\":\"https:\/\/127.0.0.1\/it\/cultura-dimpresa\/un-governo-politico-di-competenti-per-la-ripresa-addio-propaganda-adesso-bisognera-studiare\/#primaryimage\",\"url\":\"https:\/\/wpsite-assets.fondazionepirelli.org\/wp-content\/uploads\/2021\/02\/15111205\/school-of-athens-1200x805-1.jpg\",\"contentUrl\":\"https:\/\/wpsite-assets.fondazionepirelli.org\/wp-content\/uploads\/2021\/02\/15111205\/school-of-athens-1200x805-1.jpg\",\"width\":1200,\"height\":805},{\"@type\":\"BreadcrumbList\",\"@id\":\"https:\/\/127.0.0.1\/it\/cultura-dimpresa\/un-governo-politico-di-competenti-per-la-ripresa-addio-propaganda-adesso-bisognera-studiare\/#breadcrumb\",\"itemListElement\":[{\"@type\":\"ListItem\",\"position\":1,\"name\":\"Home\",\"item\":\"https:\/\/www.fondazionepirelli.org\/it\/\"},{\"@type\":\"ListItem\",\"position\":2,\"name\":\"Un governo \u201cpolitico\u201d di competenti per la ripresa Addio propaganda: adesso bisogner\u00e0 studiare\"}]},{\"@type\":\"WebSite\",\"@id\":\"https:\/\/www.fondazionepirelli.org\/it\/#website\",\"url\":\"https:\/\/www.fondazionepirelli.org\/it\/\",\"name\":\"Fondazione Pirelli\",\"description\":\"\",\"potentialAction\":[{\"@type\":\"SearchAction\",\"target\":{\"@type\":\"EntryPoint\",\"urlTemplate\":\"https:\/\/www.fondazionepirelli.org\/it\/?s={search_term_string}\"},\"query-input\":{\"@type\":\"PropertyValueSpecification\",\"valueRequired\":true,\"valueName\":\"search_term_string\"}}],\"inLanguage\":\"it-IT\"},{\"@type\":\"Person\",\"@id\":\"https:\/\/www.fondazionepirelli.org\/it\/#\/schema\/person\/c31fcf5937a0e6afa45497f3f8b6d7a0\",\"name\":\"fondazionepirelli\",\"image\":{\"@type\":\"ImageObject\",\"inLanguage\":\"it-IT\",\"@id\":\"https:\/\/www.fondazionepirelli.org\/it\/#\/schema\/person\/image\/\",\"url\":\"https:\/\/secure.gravatar.com\/avatar\/9cb486421ce1d6eddbf6c4fb66841b4325b786695f7aedf1dde2222428218696?s=96&d=mm&r=g\",\"contentUrl\":\"https:\/\/secure.gravatar.com\/avatar\/9cb486421ce1d6eddbf6c4fb66841b4325b786695f7aedf1dde2222428218696?s=96&d=mm&r=g\",\"caption\":\"fondazionepirelli\"},\"url\":\"https:\/\/www.fondazionepirelli.org\/it\/author\/fondazionepirelli\/\"}]}<\/script>\n<!-- \/ Yoast SEO plugin. -->","yoast_head_json":{"title":"Un governo \u201cpolitico\u201d di competenti per la ripresa  Addio propaganda: adesso bisogner\u00e0 studiare - Fondazione Pirelli","robots":{"index":"index","follow":"follow","max-snippet":"max-snippet:-1","max-image-preview":"max-image-preview:large","max-video-preview":"max-video-preview:-1"},"canonical":"https:\/\/www.fondazionepirelli.org\/it\/cultura-dimpresa\/un-governo-politico-di-competenti-per-la-ripresa-addio-propaganda-adesso-bisognera-studiare\/","og_locale":"it_IT","og_type":"article","og_title":"Un governo \u201cpolitico\u201d di competenti per la ripresa  Addio propaganda: adesso bisogner\u00e0 studiare - Fondazione Pirelli","og_description":"\u201cLa conoscenza e i suoi nemici\u201d, di Tom Nichols, professore alla Harvard University, pubblicato dalla Oxford University Press nel 2017 e l\u2019anno dopo, in Italia, dalla Luiss, ha animato per qualche tempo il discorso pubblico internazionale, su \u201cl\u2019era dell\u2019incompetenza e i rischi per la democrazia\u201d. Negli Usa di Trump e nel Regno Unito di Johnson, [&hellip;]","og_url":"https:\/\/127.0.0.1\/it\/cultura-dimpresa\/un-governo-politico-di-competenti-per-la-ripresa-addio-propaganda-adesso-bisognera-studiare\/","og_site_name":"Fondazione Pirelli","article_published_time":"2021-02-15T10:12:10+00:00","og_image":[{"width":1200,"height":805,"url":"https:\/\/wpsite-assets.fondazionepirelli.org\/wp-content\/uploads\/2021\/02\/15111205\/school-of-athens-1200x805-1.jpg","type":"image\/jpeg"}],"author":"fondazionepirelli","twitter_card":"summary_large_image","twitter_misc":{"Scritto da":"fondazionepirelli","Tempo di lettura stimato":"6 minuti"},"schema":{"@context":"https:\/\/schema.org","@graph":[{"@type":"WebPage","@id":"https:\/\/127.0.0.1\/it\/cultura-dimpresa\/un-governo-politico-di-competenti-per-la-ripresa-addio-propaganda-adesso-bisognera-studiare\/","url":"https:\/\/127.0.0.1\/it\/cultura-dimpresa\/un-governo-politico-di-competenti-per-la-ripresa-addio-propaganda-adesso-bisognera-studiare\/","name":"Un governo \u201cpolitico\u201d di competenti per la ripresa Addio propaganda: adesso bisogner\u00e0 studiare - Fondazione Pirelli","isPartOf":{"@id":"https:\/\/www.fondazionepirelli.org\/it\/#website"},"primaryImageOfPage":{"@id":"https:\/\/127.0.0.1\/it\/cultura-dimpresa\/un-governo-politico-di-competenti-per-la-ripresa-addio-propaganda-adesso-bisognera-studiare\/#primaryimage"},"image":{"@id":"https:\/\/127.0.0.1\/it\/cultura-dimpresa\/un-governo-politico-di-competenti-per-la-ripresa-addio-propaganda-adesso-bisognera-studiare\/#primaryimage"},"thumbnailUrl":"https:\/\/wpsite-assets.fondazionepirelli.org\/wp-content\/uploads\/2021\/02\/15111205\/school-of-athens-1200x805-1.jpg","datePublished":"2021-02-15T10:12:10+00:00","author":{"@id":"https:\/\/www.fondazionepirelli.org\/it\/#\/schema\/person\/c31fcf5937a0e6afa45497f3f8b6d7a0"},"breadcrumb":{"@id":"https:\/\/127.0.0.1\/it\/cultura-dimpresa\/un-governo-politico-di-competenti-per-la-ripresa-addio-propaganda-adesso-bisognera-studiare\/#breadcrumb"},"inLanguage":"it-IT","potentialAction":[{"@type":"ReadAction","target":["https:\/\/127.0.0.1\/it\/cultura-dimpresa\/un-governo-politico-di-competenti-per-la-ripresa-addio-propaganda-adesso-bisognera-studiare\/"]}]},{"@type":"ImageObject","inLanguage":"it-IT","@id":"https:\/\/127.0.0.1\/it\/cultura-dimpresa\/un-governo-politico-di-competenti-per-la-ripresa-addio-propaganda-adesso-bisognera-studiare\/#primaryimage","url":"https:\/\/wpsite-assets.fondazionepirelli.org\/wp-content\/uploads\/2021\/02\/15111205\/school-of-athens-1200x805-1.jpg","contentUrl":"https:\/\/wpsite-assets.fondazionepirelli.org\/wp-content\/uploads\/2021\/02\/15111205\/school-of-athens-1200x805-1.jpg","width":1200,"height":805},{"@type":"BreadcrumbList","@id":"https:\/\/127.0.0.1\/it\/cultura-dimpresa\/un-governo-politico-di-competenti-per-la-ripresa-addio-propaganda-adesso-bisognera-studiare\/#breadcrumb","itemListElement":[{"@type":"ListItem","position":1,"name":"Home","item":"https:\/\/www.fondazionepirelli.org\/it\/"},{"@type":"ListItem","position":2,"name":"Un governo \u201cpolitico\u201d di competenti per la ripresa Addio propaganda: adesso bisogner\u00e0 studiare"}]},{"@type":"WebSite","@id":"https:\/\/www.fondazionepirelli.org\/it\/#website","url":"https:\/\/www.fondazionepirelli.org\/it\/","name":"Fondazione Pirelli","description":"","potentialAction":[{"@type":"SearchAction","target":{"@type":"EntryPoint","urlTemplate":"https:\/\/www.fondazionepirelli.org\/it\/?s={search_term_string}"},"query-input":{"@type":"PropertyValueSpecification","valueRequired":true,"valueName":"search_term_string"}}],"inLanguage":"it-IT"},{"@type":"Person","@id":"https:\/\/www.fondazionepirelli.org\/it\/#\/schema\/person\/c31fcf5937a0e6afa45497f3f8b6d7a0","name":"fondazionepirelli","image":{"@type":"ImageObject","inLanguage":"it-IT","@id":"https:\/\/www.fondazionepirelli.org\/it\/#\/schema\/person\/image\/","url":"https:\/\/secure.gravatar.com\/avatar\/9cb486421ce1d6eddbf6c4fb66841b4325b786695f7aedf1dde2222428218696?s=96&d=mm&r=g","contentUrl":"https:\/\/secure.gravatar.com\/avatar\/9cb486421ce1d6eddbf6c4fb66841b4325b786695f7aedf1dde2222428218696?s=96&d=mm&r=g","caption":"fondazionepirelli"},"url":"https:\/\/www.fondazionepirelli.org\/it\/author\/fondazionepirelli\/"}]}},"_links":{"self":[{"href":"https:\/\/www.fondazionepirelli.org\/it\/wp-json\/wp\/v2\/posts\/82655\/"}],"collection":[{"href":"https:\/\/www.fondazionepirelli.org\/it\/wp-json\/wp\/v2\/posts\/"}],"about":[{"href":"https:\/\/www.fondazionepirelli.org\/it\/wp-json\/wp\/v2\/types\/post\/"}],"author":[{"embeddable":true,"href":"https:\/\/www.fondazionepirelli.org\/it\/wp-json\/wp\/v2\/users\/9\/"}],"replies":[{"embeddable":true,"href":"https:\/\/www.fondazionepirelli.org\/it\/wp-json\/wp\/v2\/comments\/?post=82655"}],"version-history":[{"count":1,"href":"https:\/\/www.fondazionepirelli.org\/it\/wp-json\/wp\/v2\/posts\/82655\/revisions\/"}],"predecessor-version":[{"id":82656,"href":"https:\/\/www.fondazionepirelli.org\/it\/wp-json\/wp\/v2\/posts\/82655\/revisions\/82656\/"}],"wp:featuredmedia":[{"embeddable":true,"href":"https:\/\/www.fondazionepirelli.org\/it\/wp-json\/wp\/v2\/media\/82665\/"}],"wp:attachment":[{"href":"https:\/\/www.fondazionepirelli.org\/it\/wp-json\/wp\/v2\/media\/?parent=82655"}],"wp:term":[{"taxonomy":"category","embeddable":true,"href":"https:\/\/www.fondazionepirelli.org\/it\/wp-json\/wp\/v2\/categories\/?post=82655"},{"taxonomy":"post_tag","embeddable":true,"href":"https:\/\/www.fondazionepirelli.org\/it\/wp-json\/wp\/v2\/tags\/?post=82655"}],"curies":[{"name":"wp","href":"https:\/\/api.w.org\/{rel}","templated":true}]}}