{"id":82657,"date":"2021-02-15T11:12:43","date_gmt":"2021-02-15T10:12:43","guid":{"rendered":"https:\/\/www.fondazionepirelli.org\/?p=82657"},"modified":"2021-02-15T11:12:43","modified_gmt":"2021-02-15T10:12:43","slug":"quale-etica-per-quale-impresa","status":"publish","type":"post","link":"https:\/\/www.fondazionepirelli.org\/it\/cultura-dimpresa\/quale-etica-per-quale-impresa\/","title":{"rendered":"Quale etica per quale impresa?"},"content":{"rendered":"<p><em>L\u2019analisi critica e attenta del profitto quale scopo finale delle organizzazioni della produzione<\/em><\/p><p>Profitto prima di tutto. Dal quale poi discender\u00e0 anche altro. Sempre che la conduzione dell\u2019impresa sia secondo etica e regole di buona convivenza civile. E\u2019 la tesi che Franco Debenedetti \u2013 amministratore di diverse societ\u00e0 ma soprattutto acuto osservatore della realt\u00e0 dell\u2019economia e non solo -, propone nel suo \u201cFare profitti. Etica dell\u2019impresa\u201d appena pubblicato. Un libro che raggiunge l\u2019obiettivo: quello di far pensare e ragionare su un tema: le relazioni tra profitto d\u2019impresa e ruolo della stessa all\u2019interno della societ\u00e0 d\u2019oggi nella quale il capitalismo \u00e8 nuovamente posto sotto i riflettori della critica.<\/p>\n<p>Debenedetti ragiona nell\u2019ambito del vasto argomento che mette insieme le regole della buona impresa con quelle dettate dalla constatazione dei molti problemi che il capitalismo pare generare. L\u2019autore mette cos\u00ec a confronto il profitto come fine ultimo delle organizzazioni della produzione e gli altri scopi che a queste sempre di pi\u00f9 vengono dati (quasi in maniera esclusiva). A partire dalla responsabilit\u00e0 sociale d\u2019impresa. Tutto sulla traccia indicata da un anniversario, i cinquant\u2019anni dalla pubblicazione di un celeberrimo articolo di Milton Friedman che scrisse: \u201cL\u2019unica vera responsabilit\u00e0 delle imprese \u00e8 fare profitti\u201d.<\/p>\n<p>Debenedetti, in particolare, prende come punto focale del suo argomentare la societ\u00e0 per azioni, ma quanto scrive \u00e8 valido per l\u2019insieme dell\u2019attuale sistema dell\u2019economia e della finanza. \u00a0E si chiede se, di fronte alla crisi ed ai problemi generati da questa, occorra buttare tutto all\u2019aria. La risposta \u00e8 chiara: l\u2019impresa deve continuare ad essere tale, mentre per correggere le distorsioni occorrono certezza delle leggi e l\u2019agire delle democrazie.<\/p>\n<p>Il libro si legge quasi come un racconto. Ad iniziare dalla messa a punto del perch\u00e9 secondo l\u2019autore fare profitti sia etica d\u2019impresa, per passare alla messa a fuoco del perch\u00e9 fare profitti debba essere attivit\u00e0 condotta nel rispetto delle regole fondamentali della societ\u00e0. Successivamente il libro ragiona sulle diseguaglianze in atto e quindi sulle caratteristiche pi\u00f9 importanti dell\u2019attuale sistema sociale: la connettivit\u00e0 e la digitalizzazione delle relazioni. Tutto si chiude poi con un approfondimento relativo agli ultimi mesi toccati dalla pandemia di Covid-19, nei quali il ruolo delle imprese pare essere rivalutato e considerato.<\/p>\n<p>Il libro di Franco Debenedetti \u00e8 certamente da leggere con attenzione pur se scritto in modo denso e fitto. E\u2019 un libro che fa pensare, non si \u00e8 obbligati ad esser d\u2019accordo con ogni sua riga, ma certamente si deve apprezzarne lo sforzo d\u2019analisi e di interpretazione della storia e della realt\u00e0.<\/p><p><strong>Fare profitti. Etica dell\u2019impresa<\/strong><\/p>\n<p>Franco Debenedetti<\/p>\n<p>Marsilio, 2021<\/p>\n","protected":false},"excerpt":{"rendered":"<p>L\u2019analisi critica e attenta del profitto quale scopo finale delle organizzazioni della produzioneProfitto prima di tutto. Dal quale poi discender\u00e0 anche altro. Sempre che la conduzione dell\u2019impresa sia secondo etica e regole di buona convivenza civile. E\u2019 la tesi che Franco Debenedetti \u2013 amministratore di diverse societ\u00e0 ma soprattutto acuto osservatore della realt\u00e0 dell\u2019economia e [&hellip;]<\/p>\n","protected":false},"author":9,"featured_media":82658,"comment_status":"open","ping_status":"open","sticky":false,"template":"","format":"standard","meta":{"footnotes":""},"categories":[52,58],"tags":[],"class_list":["post-82657","post","type-post","status-publish","format-standard","has-post-thumbnail","hentry","category-cultura-dimpresa","category-recensioni-libri"],"acf":[],"yoast_head":"<!-- This site is optimized with the Yoast SEO plugin v25.0 - https:\/\/yoast.com\/wordpress\/plugins\/seo\/ -->\n<title>Quale etica per quale impresa? - Fondazione Pirelli<\/title>\n<meta name=\"robots\" content=\"index, follow, max-snippet:-1, max-image-preview:large, max-video-preview:-1\" \/>\n<link rel=\"canonical\" href=\"https:\/\/www.fondazionepirelli.org\/it\/cultura-dimpresa\/quale-etica-per-quale-impresa\/\" \/>\n<meta property=\"og:locale\" content=\"it_IT\" \/>\n<meta property=\"og:type\" content=\"article\" \/>\n<meta property=\"og:title\" content=\"Quale etica per quale impresa? - Fondazione Pirelli\" \/>\n<meta property=\"og:description\" content=\"L\u2019analisi critica e attenta del profitto quale scopo finale delle organizzazioni della produzioneProfitto prima di tutto. Dal quale poi discender\u00e0 anche altro. Sempre che la conduzione dell\u2019impresa sia secondo etica e regole di buona convivenza civile. E\u2019 la tesi che Franco Debenedetti \u2013 amministratore di diverse societ\u00e0 ma soprattutto acuto osservatore della realt\u00e0 dell\u2019economia e [&hellip;]\" \/>\n<meta property=\"og:url\" content=\"https:\/\/www.fondazionepirelli.org\/it\/cultura-dimpresa\/quale-etica-per-quale-impresa\/\" \/>\n<meta property=\"og:site_name\" content=\"Fondazione Pirelli\" \/>\n<meta property=\"article:published_time\" content=\"2021-02-15T10:12:43+00:00\" \/>\n<meta property=\"og:image\" content=\"https:\/\/wpsite-assets.fondazionepirelli.org\/wp-content\/uploads\/2021\/02\/15101506\/2970906.jpg\" \/>\n\t<meta property=\"og:image:width\" content=\"410\" \/>\n\t<meta property=\"og:image:height\" content=\"594\" \/>\n\t<meta property=\"og:image:type\" content=\"image\/jpeg\" \/>\n<meta name=\"author\" content=\"fondazionepirelli\" \/>\n<meta name=\"twitter:card\" content=\"summary_large_image\" \/>\n<meta name=\"twitter:label1\" content=\"Scritto da\" \/>\n\t<meta name=\"twitter:data1\" content=\"fondazionepirelli\" \/>\n\t<meta name=\"twitter:label2\" content=\"Tempo di lettura stimato\" \/>\n\t<meta name=\"twitter:data2\" content=\"2 minuti\" \/>\n<script type=\"application\/ld+json\" class=\"yoast-schema-graph\">{\"@context\":\"https:\/\/schema.org\",\"@graph\":[{\"@type\":\"WebPage\",\"@id\":\"https:\/\/www.fondazionepirelli.org\/it\/cultura-dimpresa\/quale-etica-per-quale-impresa\/\",\"url\":\"https:\/\/www.fondazionepirelli.org\/it\/cultura-dimpresa\/quale-etica-per-quale-impresa\/\",\"name\":\"Quale etica per quale impresa? - Fondazione Pirelli\",\"isPartOf\":{\"@id\":\"https:\/\/www.fondazionepirelli.org\/it\/#website\"},\"primaryImageOfPage\":{\"@id\":\"https:\/\/www.fondazionepirelli.org\/it\/cultura-dimpresa\/quale-etica-per-quale-impresa\/#primaryimage\"},\"image\":{\"@id\":\"https:\/\/www.fondazionepirelli.org\/it\/cultura-dimpresa\/quale-etica-per-quale-impresa\/#primaryimage\"},\"thumbnailUrl\":\"https:\/\/wpsite-assets.fondazionepirelli.org\/wp-content\/uploads\/2021\/02\/15101506\/2970906.jpg\",\"datePublished\":\"2021-02-15T10:12:43+00:00\",\"author\":{\"@id\":\"https:\/\/www.fondazionepirelli.org\/it\/#\/schema\/person\/c31fcf5937a0e6afa45497f3f8b6d7a0\"},\"breadcrumb\":{\"@id\":\"https:\/\/www.fondazionepirelli.org\/it\/cultura-dimpresa\/quale-etica-per-quale-impresa\/#breadcrumb\"},\"inLanguage\":\"it-IT\",\"potentialAction\":[{\"@type\":\"ReadAction\",\"target\":[\"https:\/\/www.fondazionepirelli.org\/it\/cultura-dimpresa\/quale-etica-per-quale-impresa\/\"]}]},{\"@type\":\"ImageObject\",\"inLanguage\":\"it-IT\",\"@id\":\"https:\/\/www.fondazionepirelli.org\/it\/cultura-dimpresa\/quale-etica-per-quale-impresa\/#primaryimage\",\"url\":\"https:\/\/wpsite-assets.fondazionepirelli.org\/wp-content\/uploads\/2021\/02\/15101506\/2970906.jpg\",\"contentUrl\":\"https:\/\/wpsite-assets.fondazionepirelli.org\/wp-content\/uploads\/2021\/02\/15101506\/2970906.jpg\",\"width\":410,\"height\":594},{\"@type\":\"BreadcrumbList\",\"@id\":\"https:\/\/www.fondazionepirelli.org\/it\/cultura-dimpresa\/quale-etica-per-quale-impresa\/#breadcrumb\",\"itemListElement\":[{\"@type\":\"ListItem\",\"position\":1,\"name\":\"Home\",\"item\":\"https:\/\/www.fondazionepirelli.org\/it\/\"},{\"@type\":\"ListItem\",\"position\":2,\"name\":\"Quale etica per quale impresa?\"}]},{\"@type\":\"WebSite\",\"@id\":\"https:\/\/www.fondazionepirelli.org\/it\/#website\",\"url\":\"https:\/\/www.fondazionepirelli.org\/it\/\",\"name\":\"Fondazione Pirelli\",\"description\":\"\",\"potentialAction\":[{\"@type\":\"SearchAction\",\"target\":{\"@type\":\"EntryPoint\",\"urlTemplate\":\"https:\/\/www.fondazionepirelli.org\/it\/?s={search_term_string}\"},\"query-input\":{\"@type\":\"PropertyValueSpecification\",\"valueRequired\":true,\"valueName\":\"search_term_string\"}}],\"inLanguage\":\"it-IT\"},{\"@type\":\"Person\",\"@id\":\"https:\/\/www.fondazionepirelli.org\/it\/#\/schema\/person\/c31fcf5937a0e6afa45497f3f8b6d7a0\",\"name\":\"fondazionepirelli\",\"image\":{\"@type\":\"ImageObject\",\"inLanguage\":\"it-IT\",\"@id\":\"https:\/\/www.fondazionepirelli.org\/it\/#\/schema\/person\/image\/\",\"url\":\"https:\/\/secure.gravatar.com\/avatar\/9cb486421ce1d6eddbf6c4fb66841b4325b786695f7aedf1dde2222428218696?s=96&d=mm&r=g\",\"contentUrl\":\"https:\/\/secure.gravatar.com\/avatar\/9cb486421ce1d6eddbf6c4fb66841b4325b786695f7aedf1dde2222428218696?s=96&d=mm&r=g\",\"caption\":\"fondazionepirelli\"},\"url\":\"https:\/\/www.fondazionepirelli.org\/it\/author\/fondazionepirelli\/\"}]}<\/script>\n<!-- \/ Yoast SEO plugin. -->","yoast_head_json":{"title":"Quale etica per quale impresa? - Fondazione Pirelli","robots":{"index":"index","follow":"follow","max-snippet":"max-snippet:-1","max-image-preview":"max-image-preview:large","max-video-preview":"max-video-preview:-1"},"canonical":"https:\/\/www.fondazionepirelli.org\/it\/cultura-dimpresa\/quale-etica-per-quale-impresa\/","og_locale":"it_IT","og_type":"article","og_title":"Quale etica per quale impresa? - Fondazione Pirelli","og_description":"L\u2019analisi critica e attenta del profitto quale scopo finale delle organizzazioni della produzioneProfitto prima di tutto. Dal quale poi discender\u00e0 anche altro. Sempre che la conduzione dell\u2019impresa sia secondo etica e regole di buona convivenza civile. E\u2019 la tesi che Franco Debenedetti \u2013 amministratore di diverse societ\u00e0 ma soprattutto acuto osservatore della realt\u00e0 dell\u2019economia e [&hellip;]","og_url":"https:\/\/www.fondazionepirelli.org\/it\/cultura-dimpresa\/quale-etica-per-quale-impresa\/","og_site_name":"Fondazione Pirelli","article_published_time":"2021-02-15T10:12:43+00:00","og_image":[{"width":410,"height":594,"url":"https:\/\/wpsite-assets.fondazionepirelli.org\/wp-content\/uploads\/2021\/02\/15101506\/2970906.jpg","type":"image\/jpeg"}],"author":"fondazionepirelli","twitter_card":"summary_large_image","twitter_misc":{"Scritto da":"fondazionepirelli","Tempo di lettura stimato":"2 minuti"},"schema":{"@context":"https:\/\/schema.org","@graph":[{"@type":"WebPage","@id":"https:\/\/www.fondazionepirelli.org\/it\/cultura-dimpresa\/quale-etica-per-quale-impresa\/","url":"https:\/\/www.fondazionepirelli.org\/it\/cultura-dimpresa\/quale-etica-per-quale-impresa\/","name":"Quale etica per quale impresa? - Fondazione Pirelli","isPartOf":{"@id":"https:\/\/www.fondazionepirelli.org\/it\/#website"},"primaryImageOfPage":{"@id":"https:\/\/www.fondazionepirelli.org\/it\/cultura-dimpresa\/quale-etica-per-quale-impresa\/#primaryimage"},"image":{"@id":"https:\/\/www.fondazionepirelli.org\/it\/cultura-dimpresa\/quale-etica-per-quale-impresa\/#primaryimage"},"thumbnailUrl":"https:\/\/wpsite-assets.fondazionepirelli.org\/wp-content\/uploads\/2021\/02\/15101506\/2970906.jpg","datePublished":"2021-02-15T10:12:43+00:00","author":{"@id":"https:\/\/www.fondazionepirelli.org\/it\/#\/schema\/person\/c31fcf5937a0e6afa45497f3f8b6d7a0"},"breadcrumb":{"@id":"https:\/\/www.fondazionepirelli.org\/it\/cultura-dimpresa\/quale-etica-per-quale-impresa\/#breadcrumb"},"inLanguage":"it-IT","potentialAction":[{"@type":"ReadAction","target":["https:\/\/www.fondazionepirelli.org\/it\/cultura-dimpresa\/quale-etica-per-quale-impresa\/"]}]},{"@type":"ImageObject","inLanguage":"it-IT","@id":"https:\/\/www.fondazionepirelli.org\/it\/cultura-dimpresa\/quale-etica-per-quale-impresa\/#primaryimage","url":"https:\/\/wpsite-assets.fondazionepirelli.org\/wp-content\/uploads\/2021\/02\/15101506\/2970906.jpg","contentUrl":"https:\/\/wpsite-assets.fondazionepirelli.org\/wp-content\/uploads\/2021\/02\/15101506\/2970906.jpg","width":410,"height":594},{"@type":"BreadcrumbList","@id":"https:\/\/www.fondazionepirelli.org\/it\/cultura-dimpresa\/quale-etica-per-quale-impresa\/#breadcrumb","itemListElement":[{"@type":"ListItem","position":1,"name":"Home","item":"https:\/\/www.fondazionepirelli.org\/it\/"},{"@type":"ListItem","position":2,"name":"Quale etica per quale impresa?"}]},{"@type":"WebSite","@id":"https:\/\/www.fondazionepirelli.org\/it\/#website","url":"https:\/\/www.fondazionepirelli.org\/it\/","name":"Fondazione Pirelli","description":"","potentialAction":[{"@type":"SearchAction","target":{"@type":"EntryPoint","urlTemplate":"https:\/\/www.fondazionepirelli.org\/it\/?s={search_term_string}"},"query-input":{"@type":"PropertyValueSpecification","valueRequired":true,"valueName":"search_term_string"}}],"inLanguage":"it-IT"},{"@type":"Person","@id":"https:\/\/www.fondazionepirelli.org\/it\/#\/schema\/person\/c31fcf5937a0e6afa45497f3f8b6d7a0","name":"fondazionepirelli","image":{"@type":"ImageObject","inLanguage":"it-IT","@id":"https:\/\/www.fondazionepirelli.org\/it\/#\/schema\/person\/image\/","url":"https:\/\/secure.gravatar.com\/avatar\/9cb486421ce1d6eddbf6c4fb66841b4325b786695f7aedf1dde2222428218696?s=96&d=mm&r=g","contentUrl":"https:\/\/secure.gravatar.com\/avatar\/9cb486421ce1d6eddbf6c4fb66841b4325b786695f7aedf1dde2222428218696?s=96&d=mm&r=g","caption":"fondazionepirelli"},"url":"https:\/\/www.fondazionepirelli.org\/it\/author\/fondazionepirelli\/"}]}},"_links":{"self":[{"href":"https:\/\/www.fondazionepirelli.org\/it\/wp-json\/wp\/v2\/posts\/82657\/"}],"collection":[{"href":"https:\/\/www.fondazionepirelli.org\/it\/wp-json\/wp\/v2\/posts\/"}],"about":[{"href":"https:\/\/www.fondazionepirelli.org\/it\/wp-json\/wp\/v2\/types\/post\/"}],"author":[{"embeddable":true,"href":"https:\/\/www.fondazionepirelli.org\/it\/wp-json\/wp\/v2\/users\/9\/"}],"replies":[{"embeddable":true,"href":"https:\/\/www.fondazionepirelli.org\/it\/wp-json\/wp\/v2\/comments\/?post=82657"}],"version-history":[{"count":1,"href":"https:\/\/www.fondazionepirelli.org\/it\/wp-json\/wp\/v2\/posts\/82657\/revisions\/"}],"predecessor-version":[{"id":82660,"href":"https:\/\/www.fondazionepirelli.org\/it\/wp-json\/wp\/v2\/posts\/82657\/revisions\/82660\/"}],"wp:featuredmedia":[{"embeddable":true,"href":"https:\/\/www.fondazionepirelli.org\/it\/wp-json\/wp\/v2\/media\/82658\/"}],"wp:attachment":[{"href":"https:\/\/www.fondazionepirelli.org\/it\/wp-json\/wp\/v2\/media\/?parent=82657"}],"wp:term":[{"taxonomy":"category","embeddable":true,"href":"https:\/\/www.fondazionepirelli.org\/it\/wp-json\/wp\/v2\/categories\/?post=82657"},{"taxonomy":"post_tag","embeddable":true,"href":"https:\/\/www.fondazionepirelli.org\/it\/wp-json\/wp\/v2\/tags\/?post=82657"}],"curies":[{"name":"wp","href":"https:\/\/api.w.org\/{rel}","templated":true}]}}