{"id":82713,"date":"2021-02-23T10:05:09","date_gmt":"2021-02-23T09:05:09","guid":{"rendered":"https:\/\/www.fondazionepirelli.org\/?p=82713"},"modified":"2021-02-23T10:05:09","modified_gmt":"2021-02-23T09:05:09","slug":"icone-di-cultura-dimpresa","status":"publish","type":"post","link":"https:\/\/www.fondazionepirelli.org\/it\/cultura-dimpresa\/icone-di-cultura-dimpresa\/","title":{"rendered":"Icone di cultura d\u2019impresa"},"content":{"rendered":"<p><em>Appena pubblicato il racconto in dieci passi del meglio dell\u2019industria del design italiano<\/em><\/p>\n<p><strong>\u00a0<\/strong><\/p>\n<p>L\u2019eccellenza e la sua cultura d\u2019impresa. L\u2019inimitabilit\u00e0 del prodotto. La storia che si fa risorsa per il presente. Ecco alcuni dei tratti raccontati in \u201cIcone. Mito, storie e personaggi del design italiano\u201d, libro scritto da Giovanna Mancini e appena pubblicato: una raccolta di istantanee d\u2019impresa, dedicate ad aziende che fanno grande il design nazionale.<\/p>\n<p>\u201cIcone\u201d prende le mosse da una considerazione: nel panorama internazionale del design le imprese italiane rappresentano da oltre mezzo secolo un\u2019eccellenza globalmente riconosciuta, tanto dal mercato, quanto dal mondo della cultura e della progettazione. A provarlo \u00e8 la quantit\u00e0 enorme di prodotti che hanno posti d\u2019onore in collezioni e raccolte di design e arte applicata. Senza dire del significato economico che questo comparto ha assunto ormai da tempo.<\/p>\n<p>Ma cosa c\u2019\u00e8 dietro tutto questo? La risposta, anzi le dieci risposte, a questa domanda le si trova nelle pagine che Mancini ha scritto andando in giro per alcune delle aziende migliori del settore come Alessi, Artemide, B&amp;B Italia, Caimi Brevetti, Cassina, Driade, Gufram, Kartell, Molteni&amp;C e Zanotta. Un viaggio dentro e dietro l\u2019inventiva italiana che dimostra come ogni volta il successo sia il risultato di un insieme complesso di elementi: non semplicemente la qualit\u00e0 del prodotto, ma l\u2019avventura dello sperimentare, la voglia di esplorare, il gusto dell\u2019innovare e anche \u2013 perch\u00e9 no -, la capacit\u00e0 di rischiare. Tutto senza scordare la capacit\u00e0 di unire ogni volta in modi diversi la tradizione con l\u2019innovazione. Arte rara e non solo grande capacit\u00e0 gestionale e produttiva.<\/p>\n<p>Giovanna Mancini racconta tutto questo, e fa comprendere come non vi sia formula matematica che serva per spiegare l\u2019imponderabile della creativit\u00e0 imprenditoriale italiana applicata al design.<\/p>\n<p>Scrive l\u2019autrice a proposito di due dei protagonisti del suo libro: \u201cEntrambi appassionati di bellezza, creativit\u00e0, sostenibilit\u00e0, unicit\u00e0 del saper fare italiano, sostegno ai giovani talenti e sguardo al futuro. A unirli \u00e8 proprio questo: la visione condivisa di un fare impresa che si fonda su due pilastri fondamentali e imprescindibili, scienza e umanesimo\u201d.<\/p>\n<p>\u201cIcone\u201d \u00e8 fatto da meno di duecento pagine, tutte da leggere con attenzione.<\/p><p><strong>Icone. <\/strong><strong>Mito, storie e personaggi del design italiano<\/strong><\/p>\n<p>Giovanna Mancini<\/p>\n<p>Luiss University Press, 2021<\/p>","protected":false},"excerpt":{"rendered":"<p>Appena pubblicato il racconto in dieci passi del meglio dell\u2019industria del design italiano \u00a0 L\u2019eccellenza e la sua cultura d\u2019impresa. L\u2019inimitabilit\u00e0 del prodotto. La storia che si fa risorsa per il presente. Ecco alcuni dei tratti raccontati in \u201cIcone. Mito, storie e personaggi del design italiano\u201d, libro scritto da Giovanna Mancini e appena pubblicato: una [&hellip;]<\/p>\n","protected":false},"author":9,"featured_media":82715,"comment_status":"open","ping_status":"open","sticky":false,"template":"","format":"standard","meta":{"footnotes":""},"categories":[52,58],"tags":[],"class_list":["post-82713","post","type-post","status-publish","format-standard","has-post-thumbnail","hentry","category-cultura-dimpresa","category-recensioni-libri"],"acf":[],"yoast_head":"<!-- This site is optimized with the Yoast SEO plugin v25.0 - https:\/\/yoast.com\/wordpress\/plugins\/seo\/ -->\n<title>Icone di cultura d\u2019impresa - Fondazione Pirelli<\/title>\n<meta name=\"robots\" content=\"index, follow, max-snippet:-1, max-image-preview:large, max-video-preview:-1\" \/>\n<link rel=\"canonical\" href=\"https:\/\/www.fondazionepirelli.org\/it\/cultura-dimpresa\/icone-di-cultura-dimpresa\/\" \/>\n<meta property=\"og:locale\" content=\"it_IT\" \/>\n<meta property=\"og:type\" content=\"article\" \/>\n<meta property=\"og:title\" content=\"Icone di cultura d\u2019impresa - Fondazione Pirelli\" \/>\n<meta property=\"og:description\" content=\"Appena pubblicato il racconto in dieci passi del meglio dell\u2019industria del design italiano \u00a0 L\u2019eccellenza e la sua cultura d\u2019impresa. L\u2019inimitabilit\u00e0 del prodotto. La storia che si fa risorsa per il presente. Ecco alcuni dei tratti raccontati in \u201cIcone. Mito, storie e personaggi del design italiano\u201d, libro scritto da Giovanna Mancini e appena pubblicato: una [&hellip;]\" \/>\n<meta property=\"og:url\" content=\"https:\/\/www.fondazionepirelli.org\/it\/cultura-dimpresa\/icone-di-cultura-dimpresa\/\" \/>\n<meta property=\"og:site_name\" content=\"Fondazione Pirelli\" \/>\n<meta property=\"article:published_time\" content=\"2021-02-23T09:05:09+00:00\" \/>\n<meta property=\"og:image\" content=\"https:\/\/wpsite-assets.fondazionepirelli.org\/wp-content\/uploads\/2021\/02\/22163748\/611h5GjnQVL-e1614008282897.jpg\" \/>\n\t<meta property=\"og:image:width\" content=\"499\" \/>\n\t<meta property=\"og:image:height\" content=\"699\" \/>\n\t<meta property=\"og:image:type\" content=\"image\/jpeg\" \/>\n<meta name=\"author\" content=\"fondazionepirelli\" \/>\n<meta name=\"twitter:card\" content=\"summary_large_image\" \/>\n<meta name=\"twitter:label1\" content=\"Scritto da\" \/>\n\t<meta name=\"twitter:data1\" content=\"fondazionepirelli\" \/>\n\t<meta name=\"twitter:label2\" content=\"Tempo di lettura stimato\" \/>\n\t<meta name=\"twitter:data2\" content=\"2 minuti\" \/>\n<script type=\"application\/ld+json\" class=\"yoast-schema-graph\">{\"@context\":\"https:\/\/schema.org\",\"@graph\":[{\"@type\":\"WebPage\",\"@id\":\"https:\/\/www.fondazionepirelli.org\/it\/cultura-dimpresa\/icone-di-cultura-dimpresa\/\",\"url\":\"https:\/\/www.fondazionepirelli.org\/it\/cultura-dimpresa\/icone-di-cultura-dimpresa\/\",\"name\":\"Icone di cultura d\u2019impresa - Fondazione Pirelli\",\"isPartOf\":{\"@id\":\"https:\/\/www.fondazionepirelli.org\/it\/#website\"},\"primaryImageOfPage\":{\"@id\":\"https:\/\/www.fondazionepirelli.org\/it\/cultura-dimpresa\/icone-di-cultura-dimpresa\/#primaryimage\"},\"image\":{\"@id\":\"https:\/\/www.fondazionepirelli.org\/it\/cultura-dimpresa\/icone-di-cultura-dimpresa\/#primaryimage\"},\"thumbnailUrl\":\"https:\/\/wpsite-assets.fondazionepirelli.org\/wp-content\/uploads\/2021\/02\/22163748\/611h5GjnQVL-e1614008282897.jpg\",\"datePublished\":\"2021-02-23T09:05:09+00:00\",\"author\":{\"@id\":\"https:\/\/www.fondazionepirelli.org\/it\/#\/schema\/person\/c31fcf5937a0e6afa45497f3f8b6d7a0\"},\"breadcrumb\":{\"@id\":\"https:\/\/www.fondazionepirelli.org\/it\/cultura-dimpresa\/icone-di-cultura-dimpresa\/#breadcrumb\"},\"inLanguage\":\"it-IT\",\"potentialAction\":[{\"@type\":\"ReadAction\",\"target\":[\"https:\/\/www.fondazionepirelli.org\/it\/cultura-dimpresa\/icone-di-cultura-dimpresa\/\"]}]},{\"@type\":\"ImageObject\",\"inLanguage\":\"it-IT\",\"@id\":\"https:\/\/www.fondazionepirelli.org\/it\/cultura-dimpresa\/icone-di-cultura-dimpresa\/#primaryimage\",\"url\":\"https:\/\/wpsite-assets.fondazionepirelli.org\/wp-content\/uploads\/2021\/02\/22163748\/611h5GjnQVL-e1614008282897.jpg\",\"contentUrl\":\"https:\/\/wpsite-assets.fondazionepirelli.org\/wp-content\/uploads\/2021\/02\/22163748\/611h5GjnQVL-e1614008282897.jpg\",\"width\":499,\"height\":699},{\"@type\":\"BreadcrumbList\",\"@id\":\"https:\/\/www.fondazionepirelli.org\/it\/cultura-dimpresa\/icone-di-cultura-dimpresa\/#breadcrumb\",\"itemListElement\":[{\"@type\":\"ListItem\",\"position\":1,\"name\":\"Home\",\"item\":\"https:\/\/www.fondazionepirelli.org\/it\/\"},{\"@type\":\"ListItem\",\"position\":2,\"name\":\"Icone di cultura d\u2019impresa\"}]},{\"@type\":\"WebSite\",\"@id\":\"https:\/\/www.fondazionepirelli.org\/it\/#website\",\"url\":\"https:\/\/www.fondazionepirelli.org\/it\/\",\"name\":\"Fondazione Pirelli\",\"description\":\"\",\"potentialAction\":[{\"@type\":\"SearchAction\",\"target\":{\"@type\":\"EntryPoint\",\"urlTemplate\":\"https:\/\/www.fondazionepirelli.org\/it\/?s={search_term_string}\"},\"query-input\":{\"@type\":\"PropertyValueSpecification\",\"valueRequired\":true,\"valueName\":\"search_term_string\"}}],\"inLanguage\":\"it-IT\"},{\"@type\":\"Person\",\"@id\":\"https:\/\/www.fondazionepirelli.org\/it\/#\/schema\/person\/c31fcf5937a0e6afa45497f3f8b6d7a0\",\"name\":\"fondazionepirelli\",\"image\":{\"@type\":\"ImageObject\",\"inLanguage\":\"it-IT\",\"@id\":\"https:\/\/www.fondazionepirelli.org\/it\/#\/schema\/person\/image\/\",\"url\":\"https:\/\/secure.gravatar.com\/avatar\/9cb486421ce1d6eddbf6c4fb66841b4325b786695f7aedf1dde2222428218696?s=96&d=mm&r=g\",\"contentUrl\":\"https:\/\/secure.gravatar.com\/avatar\/9cb486421ce1d6eddbf6c4fb66841b4325b786695f7aedf1dde2222428218696?s=96&d=mm&r=g\",\"caption\":\"fondazionepirelli\"},\"url\":\"https:\/\/www.fondazionepirelli.org\/it\/author\/fondazionepirelli\/\"}]}<\/script>\n<!-- \/ Yoast SEO plugin. -->","yoast_head_json":{"title":"Icone di cultura d\u2019impresa - Fondazione Pirelli","robots":{"index":"index","follow":"follow","max-snippet":"max-snippet:-1","max-image-preview":"max-image-preview:large","max-video-preview":"max-video-preview:-1"},"canonical":"https:\/\/www.fondazionepirelli.org\/it\/cultura-dimpresa\/icone-di-cultura-dimpresa\/","og_locale":"it_IT","og_type":"article","og_title":"Icone di cultura d\u2019impresa - Fondazione Pirelli","og_description":"Appena pubblicato il racconto in dieci passi del meglio dell\u2019industria del design italiano \u00a0 L\u2019eccellenza e la sua cultura d\u2019impresa. L\u2019inimitabilit\u00e0 del prodotto. La storia che si fa risorsa per il presente. Ecco alcuni dei tratti raccontati in \u201cIcone. Mito, storie e personaggi del design italiano\u201d, libro scritto da Giovanna Mancini e appena pubblicato: una [&hellip;]","og_url":"https:\/\/www.fondazionepirelli.org\/it\/cultura-dimpresa\/icone-di-cultura-dimpresa\/","og_site_name":"Fondazione Pirelli","article_published_time":"2021-02-23T09:05:09+00:00","og_image":[{"width":499,"height":699,"url":"https:\/\/wpsite-assets.fondazionepirelli.org\/wp-content\/uploads\/2021\/02\/22163748\/611h5GjnQVL-e1614008282897.jpg","type":"image\/jpeg"}],"author":"fondazionepirelli","twitter_card":"summary_large_image","twitter_misc":{"Scritto da":"fondazionepirelli","Tempo di lettura stimato":"2 minuti"},"schema":{"@context":"https:\/\/schema.org","@graph":[{"@type":"WebPage","@id":"https:\/\/www.fondazionepirelli.org\/it\/cultura-dimpresa\/icone-di-cultura-dimpresa\/","url":"https:\/\/www.fondazionepirelli.org\/it\/cultura-dimpresa\/icone-di-cultura-dimpresa\/","name":"Icone di cultura d\u2019impresa - Fondazione Pirelli","isPartOf":{"@id":"https:\/\/www.fondazionepirelli.org\/it\/#website"},"primaryImageOfPage":{"@id":"https:\/\/www.fondazionepirelli.org\/it\/cultura-dimpresa\/icone-di-cultura-dimpresa\/#primaryimage"},"image":{"@id":"https:\/\/www.fondazionepirelli.org\/it\/cultura-dimpresa\/icone-di-cultura-dimpresa\/#primaryimage"},"thumbnailUrl":"https:\/\/wpsite-assets.fondazionepirelli.org\/wp-content\/uploads\/2021\/02\/22163748\/611h5GjnQVL-e1614008282897.jpg","datePublished":"2021-02-23T09:05:09+00:00","author":{"@id":"https:\/\/www.fondazionepirelli.org\/it\/#\/schema\/person\/c31fcf5937a0e6afa45497f3f8b6d7a0"},"breadcrumb":{"@id":"https:\/\/www.fondazionepirelli.org\/it\/cultura-dimpresa\/icone-di-cultura-dimpresa\/#breadcrumb"},"inLanguage":"it-IT","potentialAction":[{"@type":"ReadAction","target":["https:\/\/www.fondazionepirelli.org\/it\/cultura-dimpresa\/icone-di-cultura-dimpresa\/"]}]},{"@type":"ImageObject","inLanguage":"it-IT","@id":"https:\/\/www.fondazionepirelli.org\/it\/cultura-dimpresa\/icone-di-cultura-dimpresa\/#primaryimage","url":"https:\/\/wpsite-assets.fondazionepirelli.org\/wp-content\/uploads\/2021\/02\/22163748\/611h5GjnQVL-e1614008282897.jpg","contentUrl":"https:\/\/wpsite-assets.fondazionepirelli.org\/wp-content\/uploads\/2021\/02\/22163748\/611h5GjnQVL-e1614008282897.jpg","width":499,"height":699},{"@type":"BreadcrumbList","@id":"https:\/\/www.fondazionepirelli.org\/it\/cultura-dimpresa\/icone-di-cultura-dimpresa\/#breadcrumb","itemListElement":[{"@type":"ListItem","position":1,"name":"Home","item":"https:\/\/www.fondazionepirelli.org\/it\/"},{"@type":"ListItem","position":2,"name":"Icone di cultura d\u2019impresa"}]},{"@type":"WebSite","@id":"https:\/\/www.fondazionepirelli.org\/it\/#website","url":"https:\/\/www.fondazionepirelli.org\/it\/","name":"Fondazione Pirelli","description":"","potentialAction":[{"@type":"SearchAction","target":{"@type":"EntryPoint","urlTemplate":"https:\/\/www.fondazionepirelli.org\/it\/?s={search_term_string}"},"query-input":{"@type":"PropertyValueSpecification","valueRequired":true,"valueName":"search_term_string"}}],"inLanguage":"it-IT"},{"@type":"Person","@id":"https:\/\/www.fondazionepirelli.org\/it\/#\/schema\/person\/c31fcf5937a0e6afa45497f3f8b6d7a0","name":"fondazionepirelli","image":{"@type":"ImageObject","inLanguage":"it-IT","@id":"https:\/\/www.fondazionepirelli.org\/it\/#\/schema\/person\/image\/","url":"https:\/\/secure.gravatar.com\/avatar\/9cb486421ce1d6eddbf6c4fb66841b4325b786695f7aedf1dde2222428218696?s=96&d=mm&r=g","contentUrl":"https:\/\/secure.gravatar.com\/avatar\/9cb486421ce1d6eddbf6c4fb66841b4325b786695f7aedf1dde2222428218696?s=96&d=mm&r=g","caption":"fondazionepirelli"},"url":"https:\/\/www.fondazionepirelli.org\/it\/author\/fondazionepirelli\/"}]}},"_links":{"self":[{"href":"https:\/\/www.fondazionepirelli.org\/it\/wp-json\/wp\/v2\/posts\/82713\/"}],"collection":[{"href":"https:\/\/www.fondazionepirelli.org\/it\/wp-json\/wp\/v2\/posts\/"}],"about":[{"href":"https:\/\/www.fondazionepirelli.org\/it\/wp-json\/wp\/v2\/types\/post\/"}],"author":[{"embeddable":true,"href":"https:\/\/www.fondazionepirelli.org\/it\/wp-json\/wp\/v2\/users\/9\/"}],"replies":[{"embeddable":true,"href":"https:\/\/www.fondazionepirelli.org\/it\/wp-json\/wp\/v2\/comments\/?post=82713"}],"version-history":[{"count":1,"href":"https:\/\/www.fondazionepirelli.org\/it\/wp-json\/wp\/v2\/posts\/82713\/revisions\/"}],"predecessor-version":[{"id":82714,"href":"https:\/\/www.fondazionepirelli.org\/it\/wp-json\/wp\/v2\/posts\/82713\/revisions\/82714\/"}],"wp:featuredmedia":[{"embeddable":true,"href":"https:\/\/www.fondazionepirelli.org\/it\/wp-json\/wp\/v2\/media\/82715\/"}],"wp:attachment":[{"href":"https:\/\/www.fondazionepirelli.org\/it\/wp-json\/wp\/v2\/media\/?parent=82713"}],"wp:term":[{"taxonomy":"category","embeddable":true,"href":"https:\/\/www.fondazionepirelli.org\/it\/wp-json\/wp\/v2\/categories\/?post=82713"},{"taxonomy":"post_tag","embeddable":true,"href":"https:\/\/www.fondazionepirelli.org\/it\/wp-json\/wp\/v2\/tags\/?post=82713"}],"curies":[{"name":"wp","href":"https:\/\/api.w.org\/{rel}","templated":true}]}}