{"id":82750,"date":"2021-03-02T09:05:36","date_gmt":"2021-03-02T08:05:36","guid":{"rendered":"https:\/\/www.fondazionepirelli.org\/?p=82750"},"modified":"2021-03-02T09:05:36","modified_gmt":"2021-03-02T08:05:36","slug":"governare-la-sostenibilita","status":"publish","type":"post","link":"https:\/\/www.fondazionepirelli.org\/it\/cultura-dimpresa\/governare-la-sostenibilita\/","title":{"rendered":"Governare la \u201csostenibilit\u00e0"},"content":{"rendered":"<p><em>Un libro appena pubblicato fa luce sul complesso tema dei fattori ESG<\/em><\/p><p>Imprese \u201csostenibile\u201d e impresa \u201cefficiente\u201d. Binomio non impossibile e, anzi, sempre pi\u00f9 realizzabile. A patto che gestione e organizzazione siano attentamente costruite e condotte. E\u2019 attorno a questi temi che ragiona Rita Rolli (ordinario di diritto privato nel Dipartimento di Scienze Giuridiche dell\u2019Universit\u00e0 di Bologna oltre che avvocato), nel suo \u201cL&#8217;impatto dei fattori ESG sull&#8217;impresa. Modelli di governance e nuove responsabilit\u00e0\u201d.<\/p>\n<p>La prospettiva del libro \u00e8 quella di cogliere da una visuale concreta la tensione alla sostenibilit\u00e0 presente nelle imprese e oggi ricondotta all\u2019ormai celebre acronimo ESG (Environmental, Social &amp; Governance). Compito non facile, quello che si \u00e8 posto l\u2019autrice. Soprattutto perch\u00e9 attorno a questo acronimo ruotano concetti e strumenti operativi ormai interdisciplinari che vanno padroneggiati e che orientano scelte e strategie non solo della grande impresa sotto forma di societ\u00e0 per azioni, ma anche della finanza e, entro certi limiti, anche delle realt\u00e0 produttive pi\u00f9 piccole. Tutto, deve poi essere declinato in una cornice che non \u00e8 solo manageriale e organizzativa, ma anche giuridica secondo l\u2019ordinamento europeo e nazionale e che tocca diversi aspetti legislativi per arrivare addirittura ai grandi temi della tutela dell\u2019ambiente e della attenzione ai risvolti sociali dell\u2019azione d\u2019impresa.<\/p>\n<p>Rolli affronta tutto partendo dall\u2019impatto dei fattori ESG sulla <em>governance<\/em><\/p>\n<p>e sulla responsabilit\u00e0 dell\u2019impresa, per passare quindi ad approfondire prima gli aspetti legali e poi quelli organizzativi, e per arrivare poi a toccare il delicato tema delle responsabilit\u00e0 degli amministratori.<\/p>\n<p>Tutto viene affrontato con un linguaggio non sempre facilissimo, dovuto per\u00f2 alla difficolt\u00e0 e alla complessit\u00e0 del tema.<\/p>\n<p>Dalle pagine di Rita Rolli emergono due aspetti. Da un lato, nuove questioni giuridiche che paiono irradiare di luce nuova istituti tradizionali e suggerire una visione comune tesa a sfumare la contrapposizione tra interessi particolari e interessi generali. Dall\u2019altro, un aspetto particolare e non sufficientemente noto di quella buona cultura d\u2019impresa che sempre di pi\u00f9 pare diffondersi in una porzione importante del tessuto industriale italiano.<\/p><p><strong>L&#8217;impatto dei fattori ESG sull&#8217;impresa. Modelli di governance e nuove responsabilit\u00e0<\/strong><\/p>\n<p>Rita Rolli<\/p>\n<p>il Mulino, 2021<\/p>","protected":false},"excerpt":{"rendered":"<p>Un libro appena pubblicato fa luce sul complesso tema dei fattori ESGImprese \u201csostenibile\u201d e impresa \u201cefficiente\u201d. Binomio non impossibile e, anzi, sempre pi\u00f9 realizzabile. A patto che gestione e organizzazione siano attentamente costruite e condotte. E\u2019 attorno a questi temi che ragiona Rita Rolli (ordinario di diritto privato nel Dipartimento di Scienze Giuridiche dell\u2019Universit\u00e0 di [&hellip;]<\/p>\n","protected":false},"author":9,"featured_media":82751,"comment_status":"open","ping_status":"open","sticky":false,"template":"","format":"standard","meta":{"footnotes":""},"categories":[52,58],"tags":[],"class_list":["post-82750","post","type-post","status-publish","format-standard","has-post-thumbnail","hentry","category-cultura-dimpresa","category-recensioni-libri"],"acf":[],"yoast_head":"<!-- This site is optimized with the Yoast SEO plugin v25.0 - https:\/\/yoast.com\/wordpress\/plugins\/seo\/ -->\n<title>Governare la \u201csostenibilit\u00e0 - Fondazione Pirelli<\/title>\n<meta name=\"robots\" content=\"index, follow, max-snippet:-1, max-image-preview:large, max-video-preview:-1\" \/>\n<link rel=\"canonical\" href=\"https:\/\/www.fondazionepirelli.org\/it\/cultura-dimpresa\/governare-la-sostenibilita\/\" \/>\n<meta property=\"og:locale\" content=\"it_IT\" \/>\n<meta property=\"og:type\" content=\"article\" \/>\n<meta property=\"og:title\" content=\"Governare la \u201csostenibilit\u00e0 - Fondazione Pirelli\" \/>\n<meta property=\"og:description\" content=\"Un libro appena pubblicato fa luce sul complesso tema dei fattori ESGImprese \u201csostenibile\u201d e impresa \u201cefficiente\u201d. Binomio non impossibile e, anzi, sempre pi\u00f9 realizzabile. A patto che gestione e organizzazione siano attentamente costruite e condotte. E\u2019 attorno a questi temi che ragiona Rita Rolli (ordinario di diritto privato nel Dipartimento di Scienze Giuridiche dell\u2019Universit\u00e0 di [&hellip;]\" \/>\n<meta property=\"og:url\" content=\"https:\/\/127.0.0.1\/it\/cultura-dimpresa\/governare-la-sostenibilita\/\" \/>\n<meta property=\"og:site_name\" content=\"Fondazione Pirelli\" \/>\n<meta property=\"article:published_time\" content=\"2021-03-02T08:05:36+00:00\" \/>\n<meta property=\"og:image\" content=\"https:\/\/wpsite-assets.fondazionepirelli.org\/wp-content\/uploads\/2021\/03\/01115305\/d85170bcover29107.png\" \/>\n\t<meta property=\"og:image:width\" content=\"399\" \/>\n\t<meta property=\"og:image:height\" content=\"614\" \/>\n\t<meta property=\"og:image:type\" content=\"image\/png\" \/>\n<meta name=\"author\" content=\"fondazionepirelli\" \/>\n<meta name=\"twitter:card\" content=\"summary_large_image\" \/>\n<meta name=\"twitter:label1\" content=\"Scritto da\" \/>\n\t<meta name=\"twitter:data1\" content=\"fondazionepirelli\" \/>\n\t<meta name=\"twitter:label2\" content=\"Tempo di lettura stimato\" \/>\n\t<meta name=\"twitter:data2\" content=\"2 minuti\" \/>\n<script type=\"application\/ld+json\" class=\"yoast-schema-graph\">{\"@context\":\"https:\/\/schema.org\",\"@graph\":[{\"@type\":\"WebPage\",\"@id\":\"https:\/\/127.0.0.1\/it\/cultura-dimpresa\/governare-la-sostenibilita\/\",\"url\":\"https:\/\/127.0.0.1\/it\/cultura-dimpresa\/governare-la-sostenibilita\/\",\"name\":\"Governare la \u201csostenibilit\u00e0 - Fondazione Pirelli\",\"isPartOf\":{\"@id\":\"https:\/\/www.fondazionepirelli.org\/it\/#website\"},\"primaryImageOfPage\":{\"@id\":\"https:\/\/127.0.0.1\/it\/cultura-dimpresa\/governare-la-sostenibilita\/#primaryimage\"},\"image\":{\"@id\":\"https:\/\/127.0.0.1\/it\/cultura-dimpresa\/governare-la-sostenibilita\/#primaryimage\"},\"thumbnailUrl\":\"https:\/\/wpsite-assets.fondazionepirelli.org\/wp-content\/uploads\/2021\/03\/01115305\/d85170bcover29107.png\",\"datePublished\":\"2021-03-02T08:05:36+00:00\",\"author\":{\"@id\":\"https:\/\/www.fondazionepirelli.org\/it\/#\/schema\/person\/c31fcf5937a0e6afa45497f3f8b6d7a0\"},\"breadcrumb\":{\"@id\":\"https:\/\/127.0.0.1\/it\/cultura-dimpresa\/governare-la-sostenibilita\/#breadcrumb\"},\"inLanguage\":\"it-IT\",\"potentialAction\":[{\"@type\":\"ReadAction\",\"target\":[\"https:\/\/127.0.0.1\/it\/cultura-dimpresa\/governare-la-sostenibilita\/\"]}]},{\"@type\":\"ImageObject\",\"inLanguage\":\"it-IT\",\"@id\":\"https:\/\/127.0.0.1\/it\/cultura-dimpresa\/governare-la-sostenibilita\/#primaryimage\",\"url\":\"https:\/\/wpsite-assets.fondazionepirelli.org\/wp-content\/uploads\/2021\/03\/01115305\/d85170bcover29107.png\",\"contentUrl\":\"https:\/\/wpsite-assets.fondazionepirelli.org\/wp-content\/uploads\/2021\/03\/01115305\/d85170bcover29107.png\",\"width\":399,\"height\":614},{\"@type\":\"BreadcrumbList\",\"@id\":\"https:\/\/127.0.0.1\/it\/cultura-dimpresa\/governare-la-sostenibilita\/#breadcrumb\",\"itemListElement\":[{\"@type\":\"ListItem\",\"position\":1,\"name\":\"Home\",\"item\":\"https:\/\/www.fondazionepirelli.org\/it\/\"},{\"@type\":\"ListItem\",\"position\":2,\"name\":\"Governare la \u201csostenibilit\u00e0\"}]},{\"@type\":\"WebSite\",\"@id\":\"https:\/\/www.fondazionepirelli.org\/it\/#website\",\"url\":\"https:\/\/www.fondazionepirelli.org\/it\/\",\"name\":\"Fondazione Pirelli\",\"description\":\"\",\"potentialAction\":[{\"@type\":\"SearchAction\",\"target\":{\"@type\":\"EntryPoint\",\"urlTemplate\":\"https:\/\/www.fondazionepirelli.org\/it\/?s={search_term_string}\"},\"query-input\":{\"@type\":\"PropertyValueSpecification\",\"valueRequired\":true,\"valueName\":\"search_term_string\"}}],\"inLanguage\":\"it-IT\"},{\"@type\":\"Person\",\"@id\":\"https:\/\/www.fondazionepirelli.org\/it\/#\/schema\/person\/c31fcf5937a0e6afa45497f3f8b6d7a0\",\"name\":\"fondazionepirelli\",\"image\":{\"@type\":\"ImageObject\",\"inLanguage\":\"it-IT\",\"@id\":\"https:\/\/www.fondazionepirelli.org\/it\/#\/schema\/person\/image\/\",\"url\":\"https:\/\/secure.gravatar.com\/avatar\/9cb486421ce1d6eddbf6c4fb66841b4325b786695f7aedf1dde2222428218696?s=96&d=mm&r=g\",\"contentUrl\":\"https:\/\/secure.gravatar.com\/avatar\/9cb486421ce1d6eddbf6c4fb66841b4325b786695f7aedf1dde2222428218696?s=96&d=mm&r=g\",\"caption\":\"fondazionepirelli\"},\"url\":\"https:\/\/www.fondazionepirelli.org\/it\/author\/fondazionepirelli\/\"}]}<\/script>\n<!-- \/ Yoast SEO plugin. -->","yoast_head_json":{"title":"Governare la \u201csostenibilit\u00e0 - Fondazione Pirelli","robots":{"index":"index","follow":"follow","max-snippet":"max-snippet:-1","max-image-preview":"max-image-preview:large","max-video-preview":"max-video-preview:-1"},"canonical":"https:\/\/www.fondazionepirelli.org\/it\/cultura-dimpresa\/governare-la-sostenibilita\/","og_locale":"it_IT","og_type":"article","og_title":"Governare la \u201csostenibilit\u00e0 - Fondazione Pirelli","og_description":"Un libro appena pubblicato fa luce sul complesso tema dei fattori ESGImprese \u201csostenibile\u201d e impresa \u201cefficiente\u201d. Binomio non impossibile e, anzi, sempre pi\u00f9 realizzabile. A patto che gestione e organizzazione siano attentamente costruite e condotte. E\u2019 attorno a questi temi che ragiona Rita Rolli (ordinario di diritto privato nel Dipartimento di Scienze Giuridiche dell\u2019Universit\u00e0 di [&hellip;]","og_url":"https:\/\/127.0.0.1\/it\/cultura-dimpresa\/governare-la-sostenibilita\/","og_site_name":"Fondazione Pirelli","article_published_time":"2021-03-02T08:05:36+00:00","og_image":[{"width":399,"height":614,"url":"https:\/\/wpsite-assets.fondazionepirelli.org\/wp-content\/uploads\/2021\/03\/01115305\/d85170bcover29107.png","type":"image\/png"}],"author":"fondazionepirelli","twitter_card":"summary_large_image","twitter_misc":{"Scritto da":"fondazionepirelli","Tempo di lettura stimato":"2 minuti"},"schema":{"@context":"https:\/\/schema.org","@graph":[{"@type":"WebPage","@id":"https:\/\/127.0.0.1\/it\/cultura-dimpresa\/governare-la-sostenibilita\/","url":"https:\/\/127.0.0.1\/it\/cultura-dimpresa\/governare-la-sostenibilita\/","name":"Governare la \u201csostenibilit\u00e0 - Fondazione Pirelli","isPartOf":{"@id":"https:\/\/www.fondazionepirelli.org\/it\/#website"},"primaryImageOfPage":{"@id":"https:\/\/127.0.0.1\/it\/cultura-dimpresa\/governare-la-sostenibilita\/#primaryimage"},"image":{"@id":"https:\/\/127.0.0.1\/it\/cultura-dimpresa\/governare-la-sostenibilita\/#primaryimage"},"thumbnailUrl":"https:\/\/wpsite-assets.fondazionepirelli.org\/wp-content\/uploads\/2021\/03\/01115305\/d85170bcover29107.png","datePublished":"2021-03-02T08:05:36+00:00","author":{"@id":"https:\/\/www.fondazionepirelli.org\/it\/#\/schema\/person\/c31fcf5937a0e6afa45497f3f8b6d7a0"},"breadcrumb":{"@id":"https:\/\/127.0.0.1\/it\/cultura-dimpresa\/governare-la-sostenibilita\/#breadcrumb"},"inLanguage":"it-IT","potentialAction":[{"@type":"ReadAction","target":["https:\/\/127.0.0.1\/it\/cultura-dimpresa\/governare-la-sostenibilita\/"]}]},{"@type":"ImageObject","inLanguage":"it-IT","@id":"https:\/\/127.0.0.1\/it\/cultura-dimpresa\/governare-la-sostenibilita\/#primaryimage","url":"https:\/\/wpsite-assets.fondazionepirelli.org\/wp-content\/uploads\/2021\/03\/01115305\/d85170bcover29107.png","contentUrl":"https:\/\/wpsite-assets.fondazionepirelli.org\/wp-content\/uploads\/2021\/03\/01115305\/d85170bcover29107.png","width":399,"height":614},{"@type":"BreadcrumbList","@id":"https:\/\/127.0.0.1\/it\/cultura-dimpresa\/governare-la-sostenibilita\/#breadcrumb","itemListElement":[{"@type":"ListItem","position":1,"name":"Home","item":"https:\/\/www.fondazionepirelli.org\/it\/"},{"@type":"ListItem","position":2,"name":"Governare la \u201csostenibilit\u00e0"}]},{"@type":"WebSite","@id":"https:\/\/www.fondazionepirelli.org\/it\/#website","url":"https:\/\/www.fondazionepirelli.org\/it\/","name":"Fondazione Pirelli","description":"","potentialAction":[{"@type":"SearchAction","target":{"@type":"EntryPoint","urlTemplate":"https:\/\/www.fondazionepirelli.org\/it\/?s={search_term_string}"},"query-input":{"@type":"PropertyValueSpecification","valueRequired":true,"valueName":"search_term_string"}}],"inLanguage":"it-IT"},{"@type":"Person","@id":"https:\/\/www.fondazionepirelli.org\/it\/#\/schema\/person\/c31fcf5937a0e6afa45497f3f8b6d7a0","name":"fondazionepirelli","image":{"@type":"ImageObject","inLanguage":"it-IT","@id":"https:\/\/www.fondazionepirelli.org\/it\/#\/schema\/person\/image\/","url":"https:\/\/secure.gravatar.com\/avatar\/9cb486421ce1d6eddbf6c4fb66841b4325b786695f7aedf1dde2222428218696?s=96&d=mm&r=g","contentUrl":"https:\/\/secure.gravatar.com\/avatar\/9cb486421ce1d6eddbf6c4fb66841b4325b786695f7aedf1dde2222428218696?s=96&d=mm&r=g","caption":"fondazionepirelli"},"url":"https:\/\/www.fondazionepirelli.org\/it\/author\/fondazionepirelli\/"}]}},"_links":{"self":[{"href":"https:\/\/www.fondazionepirelli.org\/it\/wp-json\/wp\/v2\/posts\/82750\/"}],"collection":[{"href":"https:\/\/www.fondazionepirelli.org\/it\/wp-json\/wp\/v2\/posts\/"}],"about":[{"href":"https:\/\/www.fondazionepirelli.org\/it\/wp-json\/wp\/v2\/types\/post\/"}],"author":[{"embeddable":true,"href":"https:\/\/www.fondazionepirelli.org\/it\/wp-json\/wp\/v2\/users\/9\/"}],"replies":[{"embeddable":true,"href":"https:\/\/www.fondazionepirelli.org\/it\/wp-json\/wp\/v2\/comments\/?post=82750"}],"version-history":[{"count":1,"href":"https:\/\/www.fondazionepirelli.org\/it\/wp-json\/wp\/v2\/posts\/82750\/revisions\/"}],"predecessor-version":[{"id":82753,"href":"https:\/\/www.fondazionepirelli.org\/it\/wp-json\/wp\/v2\/posts\/82750\/revisions\/82753\/"}],"wp:featuredmedia":[{"embeddable":true,"href":"https:\/\/www.fondazionepirelli.org\/it\/wp-json\/wp\/v2\/media\/82751\/"}],"wp:attachment":[{"href":"https:\/\/www.fondazionepirelli.org\/it\/wp-json\/wp\/v2\/media\/?parent=82750"}],"wp:term":[{"taxonomy":"category","embeddable":true,"href":"https:\/\/www.fondazionepirelli.org\/it\/wp-json\/wp\/v2\/categories\/?post=82750"},{"taxonomy":"post_tag","embeddable":true,"href":"https:\/\/www.fondazionepirelli.org\/it\/wp-json\/wp\/v2\/tags\/?post=82750"}],"curies":[{"name":"wp","href":"https:\/\/api.w.org\/{rel}","templated":true}]}}