{"id":82762,"date":"2021-03-08T17:50:06","date_gmt":"2021-03-08T16:50:06","guid":{"rendered":"https:\/\/www.fondazionepirelli.org\/?p=82762"},"modified":"2021-03-08T17:50:06","modified_gmt":"2021-03-08T16:50:06","slug":"girolamo-bombelli-sulle-tracce-di-una-collaborazione-nel-segno-della-fotografia-industriale","status":"publish","type":"post","link":"https:\/\/www.fondazionepirelli.org\/it\/archivio-storico\/girolamo-bombelli-sulle-tracce-di-una-collaborazione-nel-segno-della-fotografia-industriale\/","title":{"rendered":"Girolamo Bombelli, sulle tracce di una collaborazione nel segno della fotografia industriale"},"content":{"rendered":"<p>Si \u00e8 recentemente si \u00e8 conclusa a <strong>San Pietroburgo<\/strong> la mostra dal titolo &#8220;<strong>L&#8217;Italia s&#8217;industria 1920-1960<\/strong>&#8220;, organizzata dall\u2019<strong>Istituto Italiano di Cultura della citt\u00e0<\/strong> e dall\u2019ICCD, Istituto Centrale per il Catalogo e la Documentazione del Ministero per i beni e le attivit\u00e0 culturali e per il turismo. La mostra, curata da Francesca Fabiani, ha raccontato lo sviluppo industriale italiano dagli anni Venti al 1960 attraverso gli scatti di <strong>Girolamo Bombell<\/strong>i e, come spiega la curatrice, \u201c<em>Le fotografie del fondo Bombelli restituiscono l\u2019immagine di un\u2019Italia operosa, alle prese con le prime esperienze di imprenditoria su larga scala che videro l\u2019affermarsi di alcuni \u201cbrand\u201d diventati poi leggendari: la Martini &amp; Rossi, la Pirelli, la Bassetti e molti altri<\/em>\u201d. Nei primi anni Venti la Pirelli era per la verit\u00e0 un\u2019impresa multinazionale gi\u00e0 pi\u00f9 che affermata che celebrava, nel 1922, i 50 anni di attivit\u00e0.<\/p>\n<p>E proprio alle <strong>celebrazioni del cinquantenario<\/strong> \u00e8 legata gran parte dell\u2019attivit\u00e0 svolta da Bombelli per la<strong> Pirelli<\/strong>. Un primo studio sulle sue fotografie di soggetto industriale da parte di <strong>Valeria Bianconi<\/strong> &#8211; sfociato nella tesi di laurea dal titolo \u201cUn esempio concreto di fotografia industriale in Italia: la Pirelli nel suo insediamento Bicocca nel fondo Bombelli-Cattaneo dell\u2019ICCD\u201d &#8211; ha consentito di attribuire al fotografo una serie di scatti conservati presso il nostro Archivio Storico. Si tratta di un corpus di fotografie raccolto nel 1922: due album a fogli sciolti dedicati agli stabilimenti e alle produzioni, e due album dedicati alle piantagioni di alberi da caucci\u00f9 che la Pirelli possedeva in Indonesia. I due album dal titolo \u201c<strong>Gli stabilimenti della societ\u00e0 Pirelli nel 1922\u201d<\/strong> rappresentano, attraverso stampe fotografiche 18 x 24 cm incollate su cartoncino, alcune vedute esterne e di reparto dei due stabilimenti Pirelli di Milano (via Ponte Seveso e Bicocca) per la produzione di articoli vari, pneumatici e cavi. Un\u2019ultima sezione \u00e8 dedicata ai \u201cservizi\u201d (magazzino spedizioni, pompieri, infermeria, ecc.). Le fotografie riportano una didascalia sul cartoncino relativa al soggetto ritratto e alcune di queste immagini sono state rintracciate anche nell\u2019archivio del fotografo Spartaco Zampi di Udine, che ha lavorato a Milano tra il 1916 e il 1918.<\/p>\n<p>Purtroppo poco si sa del rapporto di Girolamo Bombelli con la Pirelli. Nato a Milano nel <strong>1882<\/strong>, la sua attivit\u00e0 \u00e8 strettamente legata a quella dello stabilimento grafico <strong>Alfieri &amp; Lacroix<\/strong>, fondato nel 1890 da Emilio Alfieri ed Edoardo Lacroix, dal dopoguerra una delle maggiori industrie tipografiche in Italia. Presumibilmente in questo periodo Bombelli apre il suo studio presso la sede della casa editrice e tipografia &#8211; come conferma il timbro sul verso di alcune fotografie conservate presso il nostro Archivio Storico, che reca l\u2019indirizzo di via Mantegna n. 6 a Milano &#8211; fornendo il materiale fotografico per le pubblicazioni.<\/p>\n<p>La Alfieri &amp; Lacroix, che a partire dagli anni Dieci del Novecento cura la stampa di numerose pubblicazioni della Pirelli &amp; C. (cataloghi, listini, cartoline e opuscoli sulla societ\u00e0), nel 1922 si occupa anche della stampa del volume giubilare \u201cPirelli &amp; C. nel suo cinquantenario\u201d, che si inserisce tra le iniziative per le celebrazioni, e in cui sono pubblicate alcune fotografie di Bombelli. Il fotografo continua a collaborare con Pirelli nel corso degli anni Venti e Trenta, scattando reportage di interni ed esterni di stabilimenti, filiali e negozi. Immagini che restituiscono la memoria dell\u2019impresa, dei suoi prodotti e del lavoro industriale moderno, rappresentazioni emblematiche del progresso.<\/p>\n","protected":false},"excerpt":{"rendered":"<p>Si \u00e8 recentemente si \u00e8 conclusa a San Pietroburgo la mostra dal titolo &#8220;L&#8217;Italia s&#8217;industria 1920-1960&#8220;, organizzata dall\u2019Istituto Italiano di Cultura della citt\u00e0 e dall\u2019ICCD, Istituto Centrale per il Catalogo e la Documentazione del Ministero per i beni e le attivit\u00e0 culturali e per il turismo. La mostra, curata da Francesca Fabiani, ha raccontato lo [&hellip;]<\/p>\n","protected":false},"author":9,"featured_media":82811,"comment_status":"open","ping_status":"open","sticky":false,"template":"","format":"standard","meta":{"footnotes":""},"categories":[126],"tags":[],"class_list":["post-82762","post","type-post","status-publish","format-standard","has-post-thumbnail","hentry","category-archivio-storico"],"acf":[],"yoast_head":"<!-- This site is optimized with the Yoast SEO plugin v25.0 - https:\/\/yoast.com\/wordpress\/plugins\/seo\/ -->\n<title>Girolamo Bombelli, sulle tracce di una collaborazione nel segno della fotografia industriale - Fondazione Pirelli<\/title>\n<meta name=\"robots\" content=\"index, follow, max-snippet:-1, max-image-preview:large, max-video-preview:-1\" \/>\n<link rel=\"canonical\" href=\"https:\/\/www.fondazionepirelli.org\/it\/archivio-storico\/girolamo-bombelli-sulle-tracce-di-una-collaborazione-nel-segno-della-fotografia-industriale\/\" \/>\n<meta property=\"og:locale\" content=\"it_IT\" \/>\n<meta property=\"og:type\" content=\"article\" \/>\n<meta property=\"og:title\" content=\"Girolamo Bombelli, sulle tracce di una collaborazione nel segno della fotografia industriale - Fondazione Pirelli\" \/>\n<meta property=\"og:description\" content=\"Si \u00e8 recentemente si \u00e8 conclusa a San Pietroburgo la mostra dal titolo &#8220;L&#8217;Italia s&#8217;industria 1920-1960&#8220;, organizzata dall\u2019Istituto Italiano di Cultura della citt\u00e0 e dall\u2019ICCD, Istituto Centrale per il Catalogo e la Documentazione del Ministero per i beni e le attivit\u00e0 culturali e per il turismo. La mostra, curata da Francesca Fabiani, ha raccontato lo [&hellip;]\" \/>\n<meta property=\"og:url\" content=\"https:\/\/www.fondazionepirelli.org\/it\/archivio-storico\/girolamo-bombelli-sulle-tracce-di-una-collaborazione-nel-segno-della-fotografia-industriale\/\" \/>\n<meta property=\"og:site_name\" content=\"Fondazione Pirelli\" \/>\n<meta property=\"article:published_time\" content=\"2021-03-08T16:50:06+00:00\" \/>\n<meta property=\"og:image\" content=\"https:\/\/wpsite-assets.fondazionepirelli.org\/wp-content\/uploads\/2021\/03\/08173515\/Bombelli_07_Stabilimento_Bicocca_accesso-e1615221467642.jpg\" \/>\n\t<meta property=\"og:image:width\" content=\"402\" \/>\n\t<meta property=\"og:image:height\" content=\"310\" \/>\n\t<meta property=\"og:image:type\" content=\"image\/jpeg\" \/>\n<meta name=\"author\" content=\"fondazionepirelli\" \/>\n<meta name=\"twitter:card\" content=\"summary_large_image\" \/>\n<meta name=\"twitter:label1\" content=\"Scritto da\" \/>\n\t<meta name=\"twitter:data1\" content=\"fondazionepirelli\" \/>\n\t<meta name=\"twitter:label2\" content=\"Tempo di lettura stimato\" \/>\n\t<meta name=\"twitter:data2\" content=\"3 minuti\" \/>\n<script type=\"application\/ld+json\" class=\"yoast-schema-graph\">{\"@context\":\"https:\/\/schema.org\",\"@graph\":[{\"@type\":\"WebPage\",\"@id\":\"https:\/\/www.fondazionepirelli.org\/it\/archivio-storico\/girolamo-bombelli-sulle-tracce-di-una-collaborazione-nel-segno-della-fotografia-industriale\/\",\"url\":\"https:\/\/www.fondazionepirelli.org\/it\/archivio-storico\/girolamo-bombelli-sulle-tracce-di-una-collaborazione-nel-segno-della-fotografia-industriale\/\",\"name\":\"Girolamo Bombelli, sulle tracce di una collaborazione nel segno della fotografia industriale - Fondazione Pirelli\",\"isPartOf\":{\"@id\":\"https:\/\/www.fondazionepirelli.org\/it\/#website\"},\"primaryImageOfPage\":{\"@id\":\"https:\/\/www.fondazionepirelli.org\/it\/archivio-storico\/girolamo-bombelli-sulle-tracce-di-una-collaborazione-nel-segno-della-fotografia-industriale\/#primaryimage\"},\"image\":{\"@id\":\"https:\/\/www.fondazionepirelli.org\/it\/archivio-storico\/girolamo-bombelli-sulle-tracce-di-una-collaborazione-nel-segno-della-fotografia-industriale\/#primaryimage\"},\"thumbnailUrl\":\"https:\/\/wpsite-assets.fondazionepirelli.org\/wp-content\/uploads\/2021\/03\/08173515\/Bombelli_07_Stabilimento_Bicocca_accesso-e1615221467642.jpg\",\"datePublished\":\"2021-03-08T16:50:06+00:00\",\"author\":{\"@id\":\"https:\/\/www.fondazionepirelli.org\/it\/#\/schema\/person\/c31fcf5937a0e6afa45497f3f8b6d7a0\"},\"breadcrumb\":{\"@id\":\"https:\/\/www.fondazionepirelli.org\/it\/archivio-storico\/girolamo-bombelli-sulle-tracce-di-una-collaborazione-nel-segno-della-fotografia-industriale\/#breadcrumb\"},\"inLanguage\":\"it-IT\",\"potentialAction\":[{\"@type\":\"ReadAction\",\"target\":[\"https:\/\/www.fondazionepirelli.org\/it\/archivio-storico\/girolamo-bombelli-sulle-tracce-di-una-collaborazione-nel-segno-della-fotografia-industriale\/\"]}]},{\"@type\":\"ImageObject\",\"inLanguage\":\"it-IT\",\"@id\":\"https:\/\/www.fondazionepirelli.org\/it\/archivio-storico\/girolamo-bombelli-sulle-tracce-di-una-collaborazione-nel-segno-della-fotografia-industriale\/#primaryimage\",\"url\":\"https:\/\/wpsite-assets.fondazionepirelli.org\/wp-content\/uploads\/2021\/03\/08173515\/Bombelli_07_Stabilimento_Bicocca_accesso-e1615221467642.jpg\",\"contentUrl\":\"https:\/\/wpsite-assets.fondazionepirelli.org\/wp-content\/uploads\/2021\/03\/08173515\/Bombelli_07_Stabilimento_Bicocca_accesso-e1615221467642.jpg\",\"width\":402,\"height\":310},{\"@type\":\"BreadcrumbList\",\"@id\":\"https:\/\/www.fondazionepirelli.org\/it\/archivio-storico\/girolamo-bombelli-sulle-tracce-di-una-collaborazione-nel-segno-della-fotografia-industriale\/#breadcrumb\",\"itemListElement\":[{\"@type\":\"ListItem\",\"position\":1,\"name\":\"Home\",\"item\":\"https:\/\/www.fondazionepirelli.org\/it\/\"},{\"@type\":\"ListItem\",\"position\":2,\"name\":\"Girolamo Bombelli, sulle tracce di una collaborazione nel segno della fotografia industriale\"}]},{\"@type\":\"WebSite\",\"@id\":\"https:\/\/www.fondazionepirelli.org\/it\/#website\",\"url\":\"https:\/\/www.fondazionepirelli.org\/it\/\",\"name\":\"Fondazione Pirelli\",\"description\":\"\",\"potentialAction\":[{\"@type\":\"SearchAction\",\"target\":{\"@type\":\"EntryPoint\",\"urlTemplate\":\"https:\/\/www.fondazionepirelli.org\/it\/?s={search_term_string}\"},\"query-input\":{\"@type\":\"PropertyValueSpecification\",\"valueRequired\":true,\"valueName\":\"search_term_string\"}}],\"inLanguage\":\"it-IT\"},{\"@type\":\"Person\",\"@id\":\"https:\/\/www.fondazionepirelli.org\/it\/#\/schema\/person\/c31fcf5937a0e6afa45497f3f8b6d7a0\",\"name\":\"fondazionepirelli\",\"image\":{\"@type\":\"ImageObject\",\"inLanguage\":\"it-IT\",\"@id\":\"https:\/\/www.fondazionepirelli.org\/it\/#\/schema\/person\/image\/\",\"url\":\"https:\/\/secure.gravatar.com\/avatar\/9cb486421ce1d6eddbf6c4fb66841b4325b786695f7aedf1dde2222428218696?s=96&d=mm&r=g\",\"contentUrl\":\"https:\/\/secure.gravatar.com\/avatar\/9cb486421ce1d6eddbf6c4fb66841b4325b786695f7aedf1dde2222428218696?s=96&d=mm&r=g\",\"caption\":\"fondazionepirelli\"},\"url\":\"https:\/\/www.fondazionepirelli.org\/it\/author\/fondazionepirelli\/\"}]}<\/script>\n<!-- \/ Yoast SEO plugin. -->","yoast_head_json":{"title":"Girolamo Bombelli, sulle tracce di una collaborazione nel segno della fotografia industriale - Fondazione Pirelli","robots":{"index":"index","follow":"follow","max-snippet":"max-snippet:-1","max-image-preview":"max-image-preview:large","max-video-preview":"max-video-preview:-1"},"canonical":"https:\/\/www.fondazionepirelli.org\/it\/archivio-storico\/girolamo-bombelli-sulle-tracce-di-una-collaborazione-nel-segno-della-fotografia-industriale\/","og_locale":"it_IT","og_type":"article","og_title":"Girolamo Bombelli, sulle tracce di una collaborazione nel segno della fotografia industriale - Fondazione Pirelli","og_description":"Si \u00e8 recentemente si \u00e8 conclusa a San Pietroburgo la mostra dal titolo &#8220;L&#8217;Italia s&#8217;industria 1920-1960&#8220;, organizzata dall\u2019Istituto Italiano di Cultura della citt\u00e0 e dall\u2019ICCD, Istituto Centrale per il Catalogo e la Documentazione del Ministero per i beni e le attivit\u00e0 culturali e per il turismo. La mostra, curata da Francesca Fabiani, ha raccontato lo [&hellip;]","og_url":"https:\/\/www.fondazionepirelli.org\/it\/archivio-storico\/girolamo-bombelli-sulle-tracce-di-una-collaborazione-nel-segno-della-fotografia-industriale\/","og_site_name":"Fondazione Pirelli","article_published_time":"2021-03-08T16:50:06+00:00","og_image":[{"width":402,"height":310,"url":"https:\/\/wpsite-assets.fondazionepirelli.org\/wp-content\/uploads\/2021\/03\/08173515\/Bombelli_07_Stabilimento_Bicocca_accesso-e1615221467642.jpg","type":"image\/jpeg"}],"author":"fondazionepirelli","twitter_card":"summary_large_image","twitter_misc":{"Scritto da":"fondazionepirelli","Tempo di lettura stimato":"3 minuti"},"schema":{"@context":"https:\/\/schema.org","@graph":[{"@type":"WebPage","@id":"https:\/\/www.fondazionepirelli.org\/it\/archivio-storico\/girolamo-bombelli-sulle-tracce-di-una-collaborazione-nel-segno-della-fotografia-industriale\/","url":"https:\/\/www.fondazionepirelli.org\/it\/archivio-storico\/girolamo-bombelli-sulle-tracce-di-una-collaborazione-nel-segno-della-fotografia-industriale\/","name":"Girolamo Bombelli, sulle tracce di una collaborazione nel segno della fotografia industriale - Fondazione Pirelli","isPartOf":{"@id":"https:\/\/www.fondazionepirelli.org\/it\/#website"},"primaryImageOfPage":{"@id":"https:\/\/www.fondazionepirelli.org\/it\/archivio-storico\/girolamo-bombelli-sulle-tracce-di-una-collaborazione-nel-segno-della-fotografia-industriale\/#primaryimage"},"image":{"@id":"https:\/\/www.fondazionepirelli.org\/it\/archivio-storico\/girolamo-bombelli-sulle-tracce-di-una-collaborazione-nel-segno-della-fotografia-industriale\/#primaryimage"},"thumbnailUrl":"https:\/\/wpsite-assets.fondazionepirelli.org\/wp-content\/uploads\/2021\/03\/08173515\/Bombelli_07_Stabilimento_Bicocca_accesso-e1615221467642.jpg","datePublished":"2021-03-08T16:50:06+00:00","author":{"@id":"https:\/\/www.fondazionepirelli.org\/it\/#\/schema\/person\/c31fcf5937a0e6afa45497f3f8b6d7a0"},"breadcrumb":{"@id":"https:\/\/www.fondazionepirelli.org\/it\/archivio-storico\/girolamo-bombelli-sulle-tracce-di-una-collaborazione-nel-segno-della-fotografia-industriale\/#breadcrumb"},"inLanguage":"it-IT","potentialAction":[{"@type":"ReadAction","target":["https:\/\/www.fondazionepirelli.org\/it\/archivio-storico\/girolamo-bombelli-sulle-tracce-di-una-collaborazione-nel-segno-della-fotografia-industriale\/"]}]},{"@type":"ImageObject","inLanguage":"it-IT","@id":"https:\/\/www.fondazionepirelli.org\/it\/archivio-storico\/girolamo-bombelli-sulle-tracce-di-una-collaborazione-nel-segno-della-fotografia-industriale\/#primaryimage","url":"https:\/\/wpsite-assets.fondazionepirelli.org\/wp-content\/uploads\/2021\/03\/08173515\/Bombelli_07_Stabilimento_Bicocca_accesso-e1615221467642.jpg","contentUrl":"https:\/\/wpsite-assets.fondazionepirelli.org\/wp-content\/uploads\/2021\/03\/08173515\/Bombelli_07_Stabilimento_Bicocca_accesso-e1615221467642.jpg","width":402,"height":310},{"@type":"BreadcrumbList","@id":"https:\/\/www.fondazionepirelli.org\/it\/archivio-storico\/girolamo-bombelli-sulle-tracce-di-una-collaborazione-nel-segno-della-fotografia-industriale\/#breadcrumb","itemListElement":[{"@type":"ListItem","position":1,"name":"Home","item":"https:\/\/www.fondazionepirelli.org\/it\/"},{"@type":"ListItem","position":2,"name":"Girolamo Bombelli, sulle tracce di una collaborazione nel segno della fotografia industriale"}]},{"@type":"WebSite","@id":"https:\/\/www.fondazionepirelli.org\/it\/#website","url":"https:\/\/www.fondazionepirelli.org\/it\/","name":"Fondazione Pirelli","description":"","potentialAction":[{"@type":"SearchAction","target":{"@type":"EntryPoint","urlTemplate":"https:\/\/www.fondazionepirelli.org\/it\/?s={search_term_string}"},"query-input":{"@type":"PropertyValueSpecification","valueRequired":true,"valueName":"search_term_string"}}],"inLanguage":"it-IT"},{"@type":"Person","@id":"https:\/\/www.fondazionepirelli.org\/it\/#\/schema\/person\/c31fcf5937a0e6afa45497f3f8b6d7a0","name":"fondazionepirelli","image":{"@type":"ImageObject","inLanguage":"it-IT","@id":"https:\/\/www.fondazionepirelli.org\/it\/#\/schema\/person\/image\/","url":"https:\/\/secure.gravatar.com\/avatar\/9cb486421ce1d6eddbf6c4fb66841b4325b786695f7aedf1dde2222428218696?s=96&d=mm&r=g","contentUrl":"https:\/\/secure.gravatar.com\/avatar\/9cb486421ce1d6eddbf6c4fb66841b4325b786695f7aedf1dde2222428218696?s=96&d=mm&r=g","caption":"fondazionepirelli"},"url":"https:\/\/www.fondazionepirelli.org\/it\/author\/fondazionepirelli\/"}]}},"_links":{"self":[{"href":"https:\/\/www.fondazionepirelli.org\/it\/wp-json\/wp\/v2\/posts\/82762\/"}],"collection":[{"href":"https:\/\/www.fondazionepirelli.org\/it\/wp-json\/wp\/v2\/posts\/"}],"about":[{"href":"https:\/\/www.fondazionepirelli.org\/it\/wp-json\/wp\/v2\/types\/post\/"}],"author":[{"embeddable":true,"href":"https:\/\/www.fondazionepirelli.org\/it\/wp-json\/wp\/v2\/users\/9\/"}],"replies":[{"embeddable":true,"href":"https:\/\/www.fondazionepirelli.org\/it\/wp-json\/wp\/v2\/comments\/?post=82762"}],"version-history":[{"count":7,"href":"https:\/\/www.fondazionepirelli.org\/it\/wp-json\/wp\/v2\/posts\/82762\/revisions\/"}],"predecessor-version":[{"id":82826,"href":"https:\/\/www.fondazionepirelli.org\/it\/wp-json\/wp\/v2\/posts\/82762\/revisions\/82826\/"}],"wp:featuredmedia":[{"embeddable":true,"href":"https:\/\/www.fondazionepirelli.org\/it\/wp-json\/wp\/v2\/media\/82811\/"}],"wp:attachment":[{"href":"https:\/\/www.fondazionepirelli.org\/it\/wp-json\/wp\/v2\/media\/?parent=82762"}],"wp:term":[{"taxonomy":"category","embeddable":true,"href":"https:\/\/www.fondazionepirelli.org\/it\/wp-json\/wp\/v2\/categories\/?post=82762"},{"taxonomy":"post_tag","embeddable":true,"href":"https:\/\/www.fondazionepirelli.org\/it\/wp-json\/wp\/v2\/tags\/?post=82762"}],"curies":[{"name":"wp","href":"https:\/\/api.w.org\/{rel}","templated":true}]}}