{"id":82840,"date":"2021-03-10T08:48:22","date_gmt":"2021-03-10T07:48:22","guid":{"rendered":"https:\/\/www.fondazionepirelli.org\/?p=82840"},"modified":"2021-03-10T08:48:22","modified_gmt":"2021-03-10T07:48:22","slug":"una-seria-lotta-alla-poverta-oltre-lemergenza-significa-creare-lavoro-soprattutto-per-le-donne","status":"publish","type":"post","link":"https:\/\/www.fondazionepirelli.org\/it\/cultura-dimpresa\/una-seria-lotta-alla-poverta-oltre-lemergenza-significa-creare-lavoro-soprattutto-per-le-donne\/","title":{"rendered":"Una seria lotta alla povert\u00e0, oltre l\u2019emergenza, significa creare lavoro, soprattutto per le donne"},"content":{"rendered":"<p>La parola chiave, per cercare di costruire un futuro pi\u00f9 equilibrato, \u00e8 sempre \u201c<strong>sostenibilit\u00e0<\/strong>\u201d. Quella ambientale, naturalmente (dobbiamo lasciare non solo una moneta migliore, ma soprattutto un mondo migliore, per usare l\u2019efficace sintesi di Mario Draghi, capace banchiere e adesso per fortuna presidente del Consiglio). Ma anche quella <strong>sociale<\/strong>. E di genere. La pandemia e la recessione hanno aggravato una situazione economica che gi\u00e0 risentiva pesantemente della Grande Crisi finanziaria del 2008 e del mancato \u201ccambio di paradigma\u201d dello sviluppo economico (una migliore governance della globalizzazione, un\u2019economia meno distorta nello svantaggio dei ceti deboli, una diversa qualit\u00e0 della crescita). E oggi i dati ci rivelano con drammatica evidenza l\u2019<strong>aumento della condizione di povert\u00e0<\/strong>, che tocca soprattutto i lavoratori precari, le <strong>donne<\/strong>, le <strong>giovani generazioni<\/strong> e i bambini, di cui viene compromessa la possibilit\u00e0 di costruire un futuro equo (rompendo ancora una volta il patto generazionale e tradendo le indicazioni della Costituzione). \u201c5 milioni di precari scomparsi\u201d, aveva notato il Censis nel suo Rapporto annuale del dicembre scorso, calcolando i posti di lavoro cancellati dalla pandemia e notando l\u2019incremento allarmante del disagio sociale, ma anche del rancore e della frustrazione in chi si ritrova ai margini della societ\u00e0, per impoverimento progressivo e crollo della fiducia e delle speranze.<\/p>\n<p>E\u2019 una riflessione obbligata, per tutto il mondo politico e per gli attori sociali, proprio nel momento in cui, con i fondi del <strong>Recovery Plan Next Generation Ue<\/strong> e con le altre risorse pubbliche derivate dalla sospensione del Patto di Stabilit\u00e0 e dalle garanzie della Bce sui titoli pubblici l\u2019Italia ha a disposizione risorse molto abbondanti per investire sia sui provvedimenti d\u2019emergenza sia sui progetti di lungo periodo per<strong> green economy<\/strong> e<strong> digital economy<\/strong> sia, ancora, sulle riforme necessarie per ammodernare finalmente il Paese e rafforzare la formazione dei giovani, la ricerca, l\u2019innovazione economica e sociale. Soldi in gran parte a debito, \u00e8 necessario ricordare: da restituire, quindi, riavviando una macchina economica e sociale bloccata da pi\u00f9 di vent\u2019anni e garantendo una robusta crescita economica.<br \/>\nLa lotta alla povert\u00e0, infatti, ha nella crescita equilibrata e sostenibile la sua molla fondamentale. Il lavoro, dunque, con una maggiore partecipazione, quantitativa e qualitativa, delle donne. La scuola e l\u2019universit\u00e0, per un capitale umano qualificato. La <strong>valorizzazione dell\u2019ambiente<\/strong> e della qualit\u00e0 della vita. I beni pubblici, a cominciare da salute e istruzione. Con una robusta convergenza tra investimenti pubblici e investimenti privati.<\/p>\n<p>\u201c<strong>Abolire la miseria<\/strong>\u201d era il titolo di un saggio, di grande impatto, scritto nel 1945 da <strong>Ernesto Rossi<\/strong>, uno dei pi\u00f9 attivi intellettuali italiani dell\u2019epoca, liberale con solidi valori sociali, \u201cgrande firma\u201d de \u201cIl Mondo\u201d di Mario Pannunzio e autore, con Artiero Spinelli ed Eugenio Colorni, del \u201cManifesto di Ventotene\u201d che fu di grande ispirazione per la nascita dell\u2019Europa Unita. Gli strumenti indicati erano, appunto, gli investimenti per la scuola, la sanit\u00e0, le case popolari e un sistema di welfare, tra assistenza e previdenza, in grado di compensare gli squilibri sociali dei cicli economici. Era l\u2019Italia in cui, nel 1946, il presidente del Consiglio Alcide De Gasperi sosteneva che \u201cil nostro primo dovere \u00e8 di batterci con tutte le nostre forze per la solidariet\u00e0 e la ricostruzione nazionale\u201d. La stagione degli aiuti del Piano Marshall ben impiegati, tra assistenza e investimenti per l\u2019industria e il lavoro. E dell\u2019intesa tra il presidente di Confindustria Angelo Costa e il segretario della Cgil Giuseppe Di Vittorio sull\u2019impegno comune cos\u00ec sintetizzato: \u201cPrima le fabbriche, poi le case\u201d, priorit\u00e0 al lavoro per recuperare risorse per tutti gli investimenti sociali.<\/p>\n<p>Da l\u00ec, da quella <strong>intelligenza strategica sullo sviluppo<\/strong>, pur tra diversit\u00e0, divergenze e aspri conflitti politici e sociali, sono nati la Ricostruzione, il boom economico, il rafforzamento dei diritti sociali e civili, una lunga stagione di benessere diffuso.<br \/>\nOggi, in un contesto nazionale e internazionale radicalmente mutato, bisogna ripartire dalla condivisa assunzione di responsabilit\u00e0 per la ripresa. Con un\u2019idea chiara: il contrasto alla povert\u00e0 e alle disuguaglianze, sociali, di genere e generazionali, non ha bisogno di slogan da piazze, spiagge, balconi e vocianti schermi Tv e digitali ma di buona e<strong> lungimirante politica<\/strong>. E di una sintesi tra misure d\u2019emergenza e scelte d\u2019investimento con lo sguardo lungo e ambizioso del riformismo. Il governo Draghi, sinora, si sta muovendo su questa strada.<br \/>\nGuardiamo bene i dati, allora. \u201cUn milione di italiani piomba nella povert\u00e0. E\u2019 allarme per il Nord\u201d, scrive \u201cLa Stampa\u201d (5 marzo). \u201cUn milione di poveri in pi\u00f9 nonostante la diga dei sussidi\u201d, titola il \u201cCorriere della Sera\u201d. L\u2019indice Istat della povert\u00e0 assoluta \u00e8 salito al 9,4% (la soglia \u00e8 data dalla spesa minima indispensabile per cibo, casa e difesa dal freddo), il che vuol dire che 5,6 milioni di italiani non sono in grado nemmeno di mangiare decentemente (e infatti aumentano le file alla Caritas e negli altri centri di sostegno pubblici e privati per avere almeno un pasto). Tra loro, i minorenni sono 1 milione 346mila, 209mila in pi\u00f9 dell\u2019anno precedente.<\/p>\n<p>Le famiglie crollate in povert\u00e0 assoluta sono aumentate di 209mila unit\u00e0 nel Nord, di 53mila nel Centro e di 186mila nel Sud. Detti cos\u00ec, sono numeri, nell\u2019aridit\u00e0 impietosa delle statistiche. A pensarci bene, sono persone in grandi difficolt\u00e0, uomini, donne, ragazzi umiliati e offesi, volti sofferenti, vite ferite dal degrado. Tante. Troppe. Che incontriamo per strada. Che chiedono una risposta, un intervento, una prospettiva che vadano molto oltre il gesto di carit\u00e0 e di solidariet\u00e0, la piccola momentanea scelta di assistenza.<br \/>\nTra i 7 e i 9 milioni sono le persone \u201cin povert\u00e0 relativa\u201d, che faticano ad arrivare alla fine del mese.<br \/>\n\u201cIl welfare non raggiunge chi soffre e le nostre citt\u00e0 si sono sfaldate\u201d, commenta il sociologo Aldo Bonomi, aggiungendo che \u201ccon la retorica non si mangia\u201d e che dunque bisogna intervenire rapidamente con riforme dei meccanismi del welfare e degli ammortizzatori sociali: \u201cLa cassa integrazione non pu\u00f2 pi\u00f9 essere solo o prevalentemente operaia: ci sono i precari, le colf, gli autonomi, le partite Iva, i creativi che vivono delle reti urbane ora sfaldate. E c\u2019\u00e8 bisogno di una medicina e di un welfare territoriale per ricostruire le comunit\u00e0 con figure pubbliche che colgano i segnali, intercettino i bisogni e intervengano\u201d.<br \/>\nIl reddito di cittadinanza, con tutte le sue distorsioni, e il reddito di emergenza hanno alleviato le conseguenze pi\u00f9 dure della caduta dei salari e della perdita del lavoro, soprattutto nel Sud. Ma la sfida, adesso, \u00e8 di <strong>creare lavoro e occupare quei posti ancora liberi nelle imprese<\/strong> che sono ripartite ma non trovano persone formate da assumere. Riformare i centri del lavoro e dell\u2019Anpal. Aumentare radicalmente la partecipazione femminile all\u2019occupazione. Legare la formazione, non solo scolastica, ma nel corso di tutta la vita lavorativa, al cambio degli scenari economici e sociali. Considerare l\u2019ambiente come una risorsa da valorizzare.<br \/>\nEcco un altro punto chiave, nella lotta alla povert\u00e0. Il <strong>ruolo delle donne<\/strong>. Sotto il titolo \u201cIl lavoro perduto delle donne\u201d, proprio l\u20198 marzo \u201cla Repubblica ha documentato come la crisi accelerata dalla pandemia abbia provocato la perdita di oltre 300mila posti, di fronte a 100 mila uomini. Sono stati colpiti, infatti, soprattutto i servizi, a prevalente mano d\u2019opera femminile. Il tasso di occupazione \u00e8 sceso a quota 48,6% (quello degli uomini \u00e8 del 67,5) e il tasso di inattivit\u00e0 (tra i 15 e i 64 anni) \u00e8 salito al 45,9%, rispetto al 26,3% degli uomini. Un grandissimo capitale umano inattivo. Un mancato aumento del Pil pari a circa 88 miliardi di euro, secondo i calcoli di Eurostat. Ma anche un aggravarsi degli squilibri personali, familiari, sociali.<br \/>\nDunque, \u00e8 indispensabile <strong>riavviare l\u2019economia e accelerare le riforme.<\/strong> Mercato del lavoro, ammortizzatori sociali, scuola e servizi. La lotta alla povert\u00e0 coincide, in gran parte, al di l\u00e0 dell\u2019assistenza d\u2019emergenza, con un nuovo e migliore ciclo dello sviluppo.<\/p>\n","protected":false},"excerpt":{"rendered":"<p>La parola chiave, per cercare di costruire un futuro pi\u00f9 equilibrato, \u00e8 sempre \u201csostenibilit\u00e0\u201d. Quella ambientale, naturalmente (dobbiamo lasciare non solo una moneta migliore, ma soprattutto un mondo migliore, per usare l\u2019efficace sintesi di Mario Draghi, capace banchiere e adesso per fortuna presidente del Consiglio). Ma anche quella sociale. E di genere. La pandemia e [&hellip;]<\/p>\n","protected":false},"author":9,"featured_media":82843,"comment_status":"open","ping_status":"open","sticky":false,"template":"","format":"standard","meta":{"footnotes":""},"categories":[53,52],"tags":[],"class_list":["post-82840","post","type-post","status-publish","format-standard","has-post-thumbnail","hentry","category-blog","category-cultura-dimpresa"],"acf":[],"yoast_head":"<!-- This site is optimized with the Yoast SEO plugin v25.0 - https:\/\/yoast.com\/wordpress\/plugins\/seo\/ -->\n<title>Una seria lotta alla povert\u00e0, oltre l\u2019emergenza, significa creare lavoro, soprattutto per le donne - Fondazione Pirelli<\/title>\n<meta name=\"robots\" content=\"index, follow, max-snippet:-1, max-image-preview:large, max-video-preview:-1\" \/>\n<link rel=\"canonical\" href=\"https:\/\/www.fondazionepirelli.org\/it\/cultura-dimpresa\/una-seria-lotta-alla-poverta-oltre-lemergenza-significa-creare-lavoro-soprattutto-per-le-donne\/\" \/>\n<meta property=\"og:locale\" content=\"it_IT\" \/>\n<meta property=\"og:type\" content=\"article\" \/>\n<meta property=\"og:title\" content=\"Una seria lotta alla povert\u00e0, oltre l\u2019emergenza, significa creare lavoro, soprattutto per le donne - Fondazione Pirelli\" \/>\n<meta property=\"og:description\" content=\"La parola chiave, per cercare di costruire un futuro pi\u00f9 equilibrato, \u00e8 sempre \u201csostenibilit\u00e0\u201d. Quella ambientale, naturalmente (dobbiamo lasciare non solo una moneta migliore, ma soprattutto un mondo migliore, per usare l\u2019efficace sintesi di Mario Draghi, capace banchiere e adesso per fortuna presidente del Consiglio). Ma anche quella sociale. E di genere. La pandemia e [&hellip;]\" \/>\n<meta property=\"og:url\" content=\"https:\/\/www.fondazionepirelli.org\/it\/cultura-dimpresa\/una-seria-lotta-alla-poverta-oltre-lemergenza-significa-creare-lavoro-soprattutto-per-le-donne\/\" \/>\n<meta property=\"og:site_name\" content=\"Fondazione Pirelli\" \/>\n<meta property=\"article:published_time\" content=\"2021-03-10T07:48:22+00:00\" \/>\n<meta property=\"og:image\" content=\"https:\/\/wpsite-assets.fondazionepirelli.org\/wp-content\/uploads\/2021\/03\/10084753\/Lavoro-donne-e1615362486386.png\" \/>\n\t<meta property=\"og:image:width\" content=\"500\" \/>\n\t<meta property=\"og:image:height\" content=\"278\" \/>\n\t<meta property=\"og:image:type\" content=\"image\/png\" \/>\n<meta name=\"author\" content=\"fondazionepirelli\" \/>\n<meta name=\"twitter:card\" content=\"summary_large_image\" \/>\n<meta name=\"twitter:label1\" content=\"Scritto da\" \/>\n\t<meta name=\"twitter:data1\" content=\"fondazionepirelli\" \/>\n\t<meta name=\"twitter:label2\" content=\"Tempo di lettura stimato\" \/>\n\t<meta name=\"twitter:data2\" content=\"6 minuti\" \/>\n<script type=\"application\/ld+json\" class=\"yoast-schema-graph\">{\"@context\":\"https:\/\/schema.org\",\"@graph\":[{\"@type\":\"WebPage\",\"@id\":\"https:\/\/www.fondazionepirelli.org\/it\/cultura-dimpresa\/una-seria-lotta-alla-poverta-oltre-lemergenza-significa-creare-lavoro-soprattutto-per-le-donne\/\",\"url\":\"https:\/\/www.fondazionepirelli.org\/it\/cultura-dimpresa\/una-seria-lotta-alla-poverta-oltre-lemergenza-significa-creare-lavoro-soprattutto-per-le-donne\/\",\"name\":\"Una seria lotta alla povert\u00e0, oltre l\u2019emergenza, significa creare lavoro, soprattutto per le donne - Fondazione Pirelli\",\"isPartOf\":{\"@id\":\"https:\/\/www.fondazionepirelli.org\/it\/#website\"},\"primaryImageOfPage\":{\"@id\":\"https:\/\/www.fondazionepirelli.org\/it\/cultura-dimpresa\/una-seria-lotta-alla-poverta-oltre-lemergenza-significa-creare-lavoro-soprattutto-per-le-donne\/#primaryimage\"},\"image\":{\"@id\":\"https:\/\/www.fondazionepirelli.org\/it\/cultura-dimpresa\/una-seria-lotta-alla-poverta-oltre-lemergenza-significa-creare-lavoro-soprattutto-per-le-donne\/#primaryimage\"},\"thumbnailUrl\":\"https:\/\/wpsite-assets.fondazionepirelli.org\/wp-content\/uploads\/2021\/03\/10084753\/Lavoro-donne-e1615362486386.png\",\"datePublished\":\"2021-03-10T07:48:22+00:00\",\"author\":{\"@id\":\"https:\/\/www.fondazionepirelli.org\/it\/#\/schema\/person\/c31fcf5937a0e6afa45497f3f8b6d7a0\"},\"breadcrumb\":{\"@id\":\"https:\/\/www.fondazionepirelli.org\/it\/cultura-dimpresa\/una-seria-lotta-alla-poverta-oltre-lemergenza-significa-creare-lavoro-soprattutto-per-le-donne\/#breadcrumb\"},\"inLanguage\":\"it-IT\",\"potentialAction\":[{\"@type\":\"ReadAction\",\"target\":[\"https:\/\/www.fondazionepirelli.org\/it\/cultura-dimpresa\/una-seria-lotta-alla-poverta-oltre-lemergenza-significa-creare-lavoro-soprattutto-per-le-donne\/\"]}]},{\"@type\":\"ImageObject\",\"inLanguage\":\"it-IT\",\"@id\":\"https:\/\/www.fondazionepirelli.org\/it\/cultura-dimpresa\/una-seria-lotta-alla-poverta-oltre-lemergenza-significa-creare-lavoro-soprattutto-per-le-donne\/#primaryimage\",\"url\":\"https:\/\/wpsite-assets.fondazionepirelli.org\/wp-content\/uploads\/2021\/03\/10084753\/Lavoro-donne-e1615362486386.png\",\"contentUrl\":\"https:\/\/wpsite-assets.fondazionepirelli.org\/wp-content\/uploads\/2021\/03\/10084753\/Lavoro-donne-e1615362486386.png\",\"width\":500,\"height\":278},{\"@type\":\"BreadcrumbList\",\"@id\":\"https:\/\/www.fondazionepirelli.org\/it\/cultura-dimpresa\/una-seria-lotta-alla-poverta-oltre-lemergenza-significa-creare-lavoro-soprattutto-per-le-donne\/#breadcrumb\",\"itemListElement\":[{\"@type\":\"ListItem\",\"position\":1,\"name\":\"Home\",\"item\":\"https:\/\/www.fondazionepirelli.org\/it\/\"},{\"@type\":\"ListItem\",\"position\":2,\"name\":\"Una seria lotta alla povert\u00e0, oltre l\u2019emergenza, significa creare lavoro, soprattutto per le donne\"}]},{\"@type\":\"WebSite\",\"@id\":\"https:\/\/www.fondazionepirelli.org\/it\/#website\",\"url\":\"https:\/\/www.fondazionepirelli.org\/it\/\",\"name\":\"Fondazione Pirelli\",\"description\":\"\",\"potentialAction\":[{\"@type\":\"SearchAction\",\"target\":{\"@type\":\"EntryPoint\",\"urlTemplate\":\"https:\/\/www.fondazionepirelli.org\/it\/?s={search_term_string}\"},\"query-input\":{\"@type\":\"PropertyValueSpecification\",\"valueRequired\":true,\"valueName\":\"search_term_string\"}}],\"inLanguage\":\"it-IT\"},{\"@type\":\"Person\",\"@id\":\"https:\/\/www.fondazionepirelli.org\/it\/#\/schema\/person\/c31fcf5937a0e6afa45497f3f8b6d7a0\",\"name\":\"fondazionepirelli\",\"image\":{\"@type\":\"ImageObject\",\"inLanguage\":\"it-IT\",\"@id\":\"https:\/\/www.fondazionepirelli.org\/it\/#\/schema\/person\/image\/\",\"url\":\"https:\/\/secure.gravatar.com\/avatar\/9cb486421ce1d6eddbf6c4fb66841b4325b786695f7aedf1dde2222428218696?s=96&d=mm&r=g\",\"contentUrl\":\"https:\/\/secure.gravatar.com\/avatar\/9cb486421ce1d6eddbf6c4fb66841b4325b786695f7aedf1dde2222428218696?s=96&d=mm&r=g\",\"caption\":\"fondazionepirelli\"},\"url\":\"https:\/\/www.fondazionepirelli.org\/it\/author\/fondazionepirelli\/\"}]}<\/script>\n<!-- \/ Yoast SEO plugin. -->","yoast_head_json":{"title":"Una seria lotta alla povert\u00e0, oltre l\u2019emergenza, significa creare lavoro, soprattutto per le donne - Fondazione Pirelli","robots":{"index":"index","follow":"follow","max-snippet":"max-snippet:-1","max-image-preview":"max-image-preview:large","max-video-preview":"max-video-preview:-1"},"canonical":"https:\/\/www.fondazionepirelli.org\/it\/cultura-dimpresa\/una-seria-lotta-alla-poverta-oltre-lemergenza-significa-creare-lavoro-soprattutto-per-le-donne\/","og_locale":"it_IT","og_type":"article","og_title":"Una seria lotta alla povert\u00e0, oltre l\u2019emergenza, significa creare lavoro, soprattutto per le donne - Fondazione Pirelli","og_description":"La parola chiave, per cercare di costruire un futuro pi\u00f9 equilibrato, \u00e8 sempre \u201csostenibilit\u00e0\u201d. Quella ambientale, naturalmente (dobbiamo lasciare non solo una moneta migliore, ma soprattutto un mondo migliore, per usare l\u2019efficace sintesi di Mario Draghi, capace banchiere e adesso per fortuna presidente del Consiglio). Ma anche quella sociale. E di genere. La pandemia e [&hellip;]","og_url":"https:\/\/www.fondazionepirelli.org\/it\/cultura-dimpresa\/una-seria-lotta-alla-poverta-oltre-lemergenza-significa-creare-lavoro-soprattutto-per-le-donne\/","og_site_name":"Fondazione Pirelli","article_published_time":"2021-03-10T07:48:22+00:00","og_image":[{"width":500,"height":278,"url":"https:\/\/wpsite-assets.fondazionepirelli.org\/wp-content\/uploads\/2021\/03\/10084753\/Lavoro-donne-e1615362486386.png","type":"image\/png"}],"author":"fondazionepirelli","twitter_card":"summary_large_image","twitter_misc":{"Scritto da":"fondazionepirelli","Tempo di lettura stimato":"6 minuti"},"schema":{"@context":"https:\/\/schema.org","@graph":[{"@type":"WebPage","@id":"https:\/\/www.fondazionepirelli.org\/it\/cultura-dimpresa\/una-seria-lotta-alla-poverta-oltre-lemergenza-significa-creare-lavoro-soprattutto-per-le-donne\/","url":"https:\/\/www.fondazionepirelli.org\/it\/cultura-dimpresa\/una-seria-lotta-alla-poverta-oltre-lemergenza-significa-creare-lavoro-soprattutto-per-le-donne\/","name":"Una seria lotta alla povert\u00e0, oltre l\u2019emergenza, significa creare lavoro, soprattutto per le donne - Fondazione Pirelli","isPartOf":{"@id":"https:\/\/www.fondazionepirelli.org\/it\/#website"},"primaryImageOfPage":{"@id":"https:\/\/www.fondazionepirelli.org\/it\/cultura-dimpresa\/una-seria-lotta-alla-poverta-oltre-lemergenza-significa-creare-lavoro-soprattutto-per-le-donne\/#primaryimage"},"image":{"@id":"https:\/\/www.fondazionepirelli.org\/it\/cultura-dimpresa\/una-seria-lotta-alla-poverta-oltre-lemergenza-significa-creare-lavoro-soprattutto-per-le-donne\/#primaryimage"},"thumbnailUrl":"https:\/\/wpsite-assets.fondazionepirelli.org\/wp-content\/uploads\/2021\/03\/10084753\/Lavoro-donne-e1615362486386.png","datePublished":"2021-03-10T07:48:22+00:00","author":{"@id":"https:\/\/www.fondazionepirelli.org\/it\/#\/schema\/person\/c31fcf5937a0e6afa45497f3f8b6d7a0"},"breadcrumb":{"@id":"https:\/\/www.fondazionepirelli.org\/it\/cultura-dimpresa\/una-seria-lotta-alla-poverta-oltre-lemergenza-significa-creare-lavoro-soprattutto-per-le-donne\/#breadcrumb"},"inLanguage":"it-IT","potentialAction":[{"@type":"ReadAction","target":["https:\/\/www.fondazionepirelli.org\/it\/cultura-dimpresa\/una-seria-lotta-alla-poverta-oltre-lemergenza-significa-creare-lavoro-soprattutto-per-le-donne\/"]}]},{"@type":"ImageObject","inLanguage":"it-IT","@id":"https:\/\/www.fondazionepirelli.org\/it\/cultura-dimpresa\/una-seria-lotta-alla-poverta-oltre-lemergenza-significa-creare-lavoro-soprattutto-per-le-donne\/#primaryimage","url":"https:\/\/wpsite-assets.fondazionepirelli.org\/wp-content\/uploads\/2021\/03\/10084753\/Lavoro-donne-e1615362486386.png","contentUrl":"https:\/\/wpsite-assets.fondazionepirelli.org\/wp-content\/uploads\/2021\/03\/10084753\/Lavoro-donne-e1615362486386.png","width":500,"height":278},{"@type":"BreadcrumbList","@id":"https:\/\/www.fondazionepirelli.org\/it\/cultura-dimpresa\/una-seria-lotta-alla-poverta-oltre-lemergenza-significa-creare-lavoro-soprattutto-per-le-donne\/#breadcrumb","itemListElement":[{"@type":"ListItem","position":1,"name":"Home","item":"https:\/\/www.fondazionepirelli.org\/it\/"},{"@type":"ListItem","position":2,"name":"Una seria lotta alla povert\u00e0, oltre l\u2019emergenza, significa creare lavoro, soprattutto per le donne"}]},{"@type":"WebSite","@id":"https:\/\/www.fondazionepirelli.org\/it\/#website","url":"https:\/\/www.fondazionepirelli.org\/it\/","name":"Fondazione Pirelli","description":"","potentialAction":[{"@type":"SearchAction","target":{"@type":"EntryPoint","urlTemplate":"https:\/\/www.fondazionepirelli.org\/it\/?s={search_term_string}"},"query-input":{"@type":"PropertyValueSpecification","valueRequired":true,"valueName":"search_term_string"}}],"inLanguage":"it-IT"},{"@type":"Person","@id":"https:\/\/www.fondazionepirelli.org\/it\/#\/schema\/person\/c31fcf5937a0e6afa45497f3f8b6d7a0","name":"fondazionepirelli","image":{"@type":"ImageObject","inLanguage":"it-IT","@id":"https:\/\/www.fondazionepirelli.org\/it\/#\/schema\/person\/image\/","url":"https:\/\/secure.gravatar.com\/avatar\/9cb486421ce1d6eddbf6c4fb66841b4325b786695f7aedf1dde2222428218696?s=96&d=mm&r=g","contentUrl":"https:\/\/secure.gravatar.com\/avatar\/9cb486421ce1d6eddbf6c4fb66841b4325b786695f7aedf1dde2222428218696?s=96&d=mm&r=g","caption":"fondazionepirelli"},"url":"https:\/\/www.fondazionepirelli.org\/it\/author\/fondazionepirelli\/"}]}},"_links":{"self":[{"href":"https:\/\/www.fondazionepirelli.org\/it\/wp-json\/wp\/v2\/posts\/82840\/"}],"collection":[{"href":"https:\/\/www.fondazionepirelli.org\/it\/wp-json\/wp\/v2\/posts\/"}],"about":[{"href":"https:\/\/www.fondazionepirelli.org\/it\/wp-json\/wp\/v2\/types\/post\/"}],"author":[{"embeddable":true,"href":"https:\/\/www.fondazionepirelli.org\/it\/wp-json\/wp\/v2\/users\/9\/"}],"replies":[{"embeddable":true,"href":"https:\/\/www.fondazionepirelli.org\/it\/wp-json\/wp\/v2\/comments\/?post=82840"}],"version-history":[{"count":2,"href":"https:\/\/www.fondazionepirelli.org\/it\/wp-json\/wp\/v2\/posts\/82840\/revisions\/"}],"predecessor-version":[{"id":82842,"href":"https:\/\/www.fondazionepirelli.org\/it\/wp-json\/wp\/v2\/posts\/82840\/revisions\/82842\/"}],"wp:featuredmedia":[{"embeddable":true,"href":"https:\/\/www.fondazionepirelli.org\/it\/wp-json\/wp\/v2\/media\/82843\/"}],"wp:attachment":[{"href":"https:\/\/www.fondazionepirelli.org\/it\/wp-json\/wp\/v2\/media\/?parent=82840"}],"wp:term":[{"taxonomy":"category","embeddable":true,"href":"https:\/\/www.fondazionepirelli.org\/it\/wp-json\/wp\/v2\/categories\/?post=82840"},{"taxonomy":"post_tag","embeddable":true,"href":"https:\/\/www.fondazionepirelli.org\/it\/wp-json\/wp\/v2\/tags\/?post=82840"}],"curies":[{"name":"wp","href":"https:\/\/api.w.org\/{rel}","templated":true}]}}