{"id":82952,"date":"2021-03-22T11:09:52","date_gmt":"2021-03-22T10:09:52","guid":{"rendered":"https:\/\/www.fondazionepirelli.org\/?p=82952"},"modified":"2021-03-22T11:16:41","modified_gmt":"2021-03-22T10:16:41","slug":"il-sud-e-le-riforme-necessarie-allo-sviluppo-tra-i-fondi-ue-e-la-cultura-dimpresa","status":"publish","type":"post","link":"https:\/\/www.fondazionepirelli.org\/it\/cultura-dimpresa\/il-sud-e-le-riforme-necessarie-allo-sviluppo-tra-i-fondi-ue-e-la-cultura-dimpresa\/","title":{"rendered":"Il Sud e le riforme necessarie allo sviluppo, tra i fondi Ue e la cultura d\u2019impresa"},"content":{"rendered":"<p>\u201c<strong>Sud, progetti per ripartire<\/strong>\u201d. E\u2019 il titolo, senza enfasi, di due giorni di incontri, promossi da Mara Carfagna, ministra per il Mezzogiorno e la coesione territoriale, il 23 e il 24, per discutere su come usare le risorse del <strong>Recovery Plan<\/strong> e gli altri fondi Ue per rinnovare profondamente l\u2019Italia e dunque provare anche a sanare il divario Nord-Sud. Apertura del presidente del Consiglio Mario Draghi, conclusioni del ministro dell\u2019Economia Daniele Franco. Presenti, oltre ai membri del governo, ai politici e agli amministratori locali, la Banca d\u2019Italia e l\u2019Istat, per ragionare sulla base di dati approfonditi e aggiornati. E proprio le indicazioni strategiche del Recovery Plan della Ue (ambiente, innovazione, economia digitale, formazione) sono il contesto pi\u00f9 opportuno per capire bene cosa fare cosa per il Sud e nel Sud. \u201cChiudere l\u2019epoca delle lamentazioni e avviare un approccio pi\u00f9 combattivo, per aggredire i problemi antichi e recenti di quest\u2019area del Paese\u201d, dice la ministra Carfagna (\u201cLa Stampa\u201d, 20 marzo). Dunque, \u201cpi\u00f9 progettualit\u00e0 e meno conflittualit\u00e0 e rivendicazionismo\u201d.<\/p>\n<p>Le <strong>scelte d\u2019investimento<\/strong> e la loro realizzazione tempestiva, le <strong>riforme sul lavoro<\/strong> (a cominciare da quello delle donne), le infrastrutture, gli stimoli all\u2019impresa, la qualit\u00e0 della formazione scolastica, universitaria e professionale, la riduzione del divario digitale (sono nel Sud gran parte di quei 16 milioni di famiglie, il 60% del totale italiano, che non hanno internet su rete fissa o una connessione da almeno 30 Mbit\/s) diranno se stavolta si sar\u00e0 andati davvero oltre l\u2019abitudine antica degli annunci.<\/p>\n<p>Di sicuro, questa \u00e8 un\u2019occasione irripetibile per uscire dalla crisi scatenata da pandemia e recessione con un profondo, radicale rinnovamento del Paese, con un Mezzogiorno finalmente attivo, saldamente europeo e dunque compiutamente mediterraneo.<\/p>\n<p>Viviamo stagioni di ricorrenze, i <strong>160 anni dall\u2019Unit\u00e0 d\u2019Italia<\/strong>. E di dibattiti storici sulle responsabilit\u00e0 della carente integrazione e del mancato abbattimento del divario economico e sociale (36 mila euro, nel 2018, il Pil pro capite nel Nord Est, 35mila nel Nord Ovest, 31mila nel Centro e solo 19mila nel Sud, segnato da una grande e distorcente diffusione dell\u2019economia sommersa). Fiorisce, da tempo, una rancorosa letteratura neo-borbonica (per sapere di pi\u00f9 su quel che davvero \u00e8 successo, vale la pena leggere \u201cItaliani per forza\u201d di Dino Messina, Solferino, una solida inchiesta storica e giornalistica su \u201cle leggende contro l\u2019Unit\u00e0 d\u2019Italia che \u00e8 l\u2019ora di sfatare\u201d). E tutto il Paese \u00e8 percorso da spinte centripete che danneggiano profondamente, con gli egoismi e i particolarismi localistici, le prospettive di sviluppo equilibrato e sostenibile dell\u2019Italia.<\/p>\n<p>E\u2019 opportuno, dunque, <strong>ragionare con intelligenza e competenza di \u201cglobale\u201d e \u201clocale\u201d<\/strong>, usando tutte le leve possibili per fare uscire il Sud dalla \u201clamentazione\u201d, dalle tendenze all\u2019assistenzialismo, dalle tentazioni delle clientele antiche e nuove.<\/p>\n<p>Il Sud, infatti, non \u00e8 riducibile soltanto a un bel paesaggio o al pi\u00f9 banale turismo come enfatico folklore. N\u00e9 lo si pu\u00f2 emarginare come territorio a dominio criminale (ben sapendo come mafia siciliana, \u2018ndrangheta, camorra e \u201csacra corona unita\u201d sono ancora forti e radicate e dal Sud si sono diffuse verso il Nord e il resto d\u2019Europa e dunque vanno combattute con impegno e severit\u00e0).<\/p>\n<p>Il Sud, infatti, \u00e8 anche altro, di straordinaria vitalit\u00e0: <strong>imprenditoria che cresce nonostante il clima ostile<\/strong> e gli ostacoli della cattiva pubblica amministrazione, cultura in cerca di protagonismo responsabile, ambizioni di giovani generazioni che vogliono poter scommettere sul futuro. Il Sud non \u00e8 \u201cirredimibile\u201d, come temeva il pessimismo razionale di Leonardo Sciascia. Ha semmai un \u201ccuore di cactus\u201d, perch\u00e9, nonostante tutto, conserva al suo interno l\u2019acqua e la vita, pure nelle condizioni pi\u00f9 disperate. E va letto con intelligenza non solo in quello che dice protestando, ma soprattutto in quello che fa, pur se con riserbo parlando poco (gli esempi di politici, magistrati, uomini e donne dello Stato, imprenditori vittime della mafia, come Piersanti Mattarella, Giovanni Falcone, Paolo Borsellino, ne sono testimonianza).<\/p>\n<p>Il Sud, senza retorica, si pu\u00f2 leggere e capire nei versi essenziali di un grande poeta, come Lucio Piccolo: \u201cPure il rovo ebbe la sua piegatura di dolcezza\/ anche il pruno il suo candore\u201d. Un territorio, molto italiano e tutt\u2019altro che provinciale, fuori dagli eccessi della luce e dalle cupezze del lutto, da rimettere sulla strada dello sviluppo europeo.<\/p>\n<p>Buona amministrazione, dunque. Investimenti produttivi. Riforme. E cultura d\u2019impresa. Proprio perch\u00e9 l\u2019impresa \u00e8 tessuto connettivo forte, capitale sociale positivo, struttura portante di comunit\u00e0 in crescita, nelle relazioni tra tutti i soggetti che ne fanno parte, gli imprenditori, i finanziatori, gli operai, i tecnici, i manager, i ricercatori, i fornitori, i clienti, la fitta rete di <em>stakeholders<\/em>. L\u2019impresa come lievito di crescita sostenibile. Nel rapporto con i territori in cui affondano le radici le attitudini al \u201cfare, e fare bene\u201d. Anche nel Mezzogiorno. Seguendo la lezione di Carlo M. Cipolla: \u201cGli italiani sono abituati, fin dal Medio Evo, a produrre, all\u2019ombra dei campanili, cose belle che piacciono al mondo\u201d.<\/p>\n<p>Proprio al Sud serve questo tessuto connettivo, per uscire dalle secche delle povert\u00e0 sociali, culturali e materiali dell\u2019assistenzialismo, del clientelismo e del degrado dell\u2019economia sommersa su cui fa leva la criminalit\u00e0. E ridare speranza a un territorio operoso d\u2019incontro e di sintesi tra l\u2019Europa continentale e il Mediterraneo.<\/p>\n","protected":false},"excerpt":{"rendered":"<p>\u201cSud, progetti per ripartire\u201d. E\u2019 il titolo, senza enfasi, di due giorni di incontri, promossi da Mara Carfagna, ministra per il Mezzogiorno e la coesione territoriale, il 23 e il 24, per discutere su come usare le risorse del Recovery Plan e gli altri fondi Ue per rinnovare profondamente l\u2019Italia e dunque provare anche a [&hellip;]<\/p>\n","protected":false},"author":9,"featured_media":82966,"comment_status":"open","ping_status":"open","sticky":false,"template":"","format":"standard","meta":{"footnotes":""},"categories":[53,52],"tags":[],"class_list":["post-82952","post","type-post","status-publish","format-standard","has-post-thumbnail","hentry","category-blog","category-cultura-dimpresa"],"acf":[],"yoast_head":"<!-- This site is optimized with the Yoast SEO plugin v25.0 - https:\/\/yoast.com\/wordpress\/plugins\/seo\/ -->\n<title>Il Sud e le riforme necessarie allo sviluppo, tra i fondi Ue e la cultura d\u2019impresa - Fondazione Pirelli<\/title>\n<meta name=\"robots\" content=\"index, follow, max-snippet:-1, max-image-preview:large, max-video-preview:-1\" \/>\n<link rel=\"canonical\" href=\"https:\/\/www.fondazionepirelli.org\/it\/cultura-dimpresa\/il-sud-e-le-riforme-necessarie-allo-sviluppo-tra-i-fondi-ue-e-la-cultura-dimpresa\/\" \/>\n<meta property=\"og:locale\" content=\"it_IT\" \/>\n<meta property=\"og:type\" content=\"article\" \/>\n<meta property=\"og:title\" content=\"Il Sud e le riforme necessarie allo sviluppo, tra i fondi Ue e la cultura d\u2019impresa - Fondazione Pirelli\" \/>\n<meta property=\"og:description\" content=\"\u201cSud, progetti per ripartire\u201d. E\u2019 il titolo, senza enfasi, di due giorni di incontri, promossi da Mara Carfagna, ministra per il Mezzogiorno e la coesione territoriale, il 23 e il 24, per discutere su come usare le risorse del Recovery Plan e gli altri fondi Ue per rinnovare profondamente l\u2019Italia e dunque provare anche a [&hellip;]\" \/>\n<meta property=\"og:url\" content=\"https:\/\/127.0.0.1\/it\/cultura-dimpresa\/il-sud-e-le-riforme-necessarie-allo-sviluppo-tra-i-fondi-ue-e-la-cultura-dimpresa\/\" \/>\n<meta property=\"og:site_name\" content=\"Fondazione Pirelli\" \/>\n<meta property=\"article:published_time\" content=\"2021-03-22T10:09:52+00:00\" \/>\n<meta property=\"article:modified_time\" content=\"2021-03-22T10:16:41+00:00\" \/>\n<meta property=\"og:image\" content=\"https:\/\/wpsite-assets.fondazionepirelli.org\/wp-content\/uploads\/2021\/03\/22111632\/albero1.jpg\" \/>\n\t<meta property=\"og:image:width\" content=\"484\" \/>\n\t<meta property=\"og:image:height\" content=\"295\" \/>\n\t<meta property=\"og:image:type\" content=\"image\/jpeg\" \/>\n<meta name=\"author\" content=\"fondazionepirelli\" \/>\n<meta name=\"twitter:card\" content=\"summary_large_image\" \/>\n<meta name=\"twitter:label1\" content=\"Scritto da\" \/>\n\t<meta name=\"twitter:data1\" content=\"fondazionepirelli\" \/>\n\t<meta name=\"twitter:label2\" content=\"Tempo di lettura stimato\" \/>\n\t<meta name=\"twitter:data2\" content=\"4 minuti\" \/>\n<script type=\"application\/ld+json\" class=\"yoast-schema-graph\">{\"@context\":\"https:\/\/schema.org\",\"@graph\":[{\"@type\":\"WebPage\",\"@id\":\"https:\/\/127.0.0.1\/it\/cultura-dimpresa\/il-sud-e-le-riforme-necessarie-allo-sviluppo-tra-i-fondi-ue-e-la-cultura-dimpresa\/\",\"url\":\"https:\/\/127.0.0.1\/it\/cultura-dimpresa\/il-sud-e-le-riforme-necessarie-allo-sviluppo-tra-i-fondi-ue-e-la-cultura-dimpresa\/\",\"name\":\"Il Sud e le riforme necessarie allo sviluppo, tra i fondi Ue e la cultura d\u2019impresa - Fondazione Pirelli\",\"isPartOf\":{\"@id\":\"https:\/\/www.fondazionepirelli.org\/it\/#website\"},\"primaryImageOfPage\":{\"@id\":\"https:\/\/127.0.0.1\/it\/cultura-dimpresa\/il-sud-e-le-riforme-necessarie-allo-sviluppo-tra-i-fondi-ue-e-la-cultura-dimpresa\/#primaryimage\"},\"image\":{\"@id\":\"https:\/\/127.0.0.1\/it\/cultura-dimpresa\/il-sud-e-le-riforme-necessarie-allo-sviluppo-tra-i-fondi-ue-e-la-cultura-dimpresa\/#primaryimage\"},\"thumbnailUrl\":\"https:\/\/wpsite-assets.fondazionepirelli.org\/wp-content\/uploads\/2021\/03\/22111632\/albero1.jpg\",\"datePublished\":\"2021-03-22T10:09:52+00:00\",\"dateModified\":\"2021-03-22T10:16:41+00:00\",\"author\":{\"@id\":\"https:\/\/www.fondazionepirelli.org\/it\/#\/schema\/person\/c31fcf5937a0e6afa45497f3f8b6d7a0\"},\"breadcrumb\":{\"@id\":\"https:\/\/127.0.0.1\/it\/cultura-dimpresa\/il-sud-e-le-riforme-necessarie-allo-sviluppo-tra-i-fondi-ue-e-la-cultura-dimpresa\/#breadcrumb\"},\"inLanguage\":\"it-IT\",\"potentialAction\":[{\"@type\":\"ReadAction\",\"target\":[\"https:\/\/127.0.0.1\/it\/cultura-dimpresa\/il-sud-e-le-riforme-necessarie-allo-sviluppo-tra-i-fondi-ue-e-la-cultura-dimpresa\/\"]}]},{\"@type\":\"ImageObject\",\"inLanguage\":\"it-IT\",\"@id\":\"https:\/\/127.0.0.1\/it\/cultura-dimpresa\/il-sud-e-le-riforme-necessarie-allo-sviluppo-tra-i-fondi-ue-e-la-cultura-dimpresa\/#primaryimage\",\"url\":\"https:\/\/wpsite-assets.fondazionepirelli.org\/wp-content\/uploads\/2021\/03\/22111632\/albero1.jpg\",\"contentUrl\":\"https:\/\/wpsite-assets.fondazionepirelli.org\/wp-content\/uploads\/2021\/03\/22111632\/albero1.jpg\",\"width\":484,\"height\":295},{\"@type\":\"BreadcrumbList\",\"@id\":\"https:\/\/127.0.0.1\/it\/cultura-dimpresa\/il-sud-e-le-riforme-necessarie-allo-sviluppo-tra-i-fondi-ue-e-la-cultura-dimpresa\/#breadcrumb\",\"itemListElement\":[{\"@type\":\"ListItem\",\"position\":1,\"name\":\"Home\",\"item\":\"https:\/\/www.fondazionepirelli.org\/it\/\"},{\"@type\":\"ListItem\",\"position\":2,\"name\":\"Il Sud e le riforme necessarie allo sviluppo, tra i fondi Ue e la cultura d\u2019impresa\"}]},{\"@type\":\"WebSite\",\"@id\":\"https:\/\/www.fondazionepirelli.org\/it\/#website\",\"url\":\"https:\/\/www.fondazionepirelli.org\/it\/\",\"name\":\"Fondazione Pirelli\",\"description\":\"\",\"potentialAction\":[{\"@type\":\"SearchAction\",\"target\":{\"@type\":\"EntryPoint\",\"urlTemplate\":\"https:\/\/www.fondazionepirelli.org\/it\/?s={search_term_string}\"},\"query-input\":{\"@type\":\"PropertyValueSpecification\",\"valueRequired\":true,\"valueName\":\"search_term_string\"}}],\"inLanguage\":\"it-IT\"},{\"@type\":\"Person\",\"@id\":\"https:\/\/www.fondazionepirelli.org\/it\/#\/schema\/person\/c31fcf5937a0e6afa45497f3f8b6d7a0\",\"name\":\"fondazionepirelli\",\"image\":{\"@type\":\"ImageObject\",\"inLanguage\":\"it-IT\",\"@id\":\"https:\/\/www.fondazionepirelli.org\/it\/#\/schema\/person\/image\/\",\"url\":\"https:\/\/secure.gravatar.com\/avatar\/9cb486421ce1d6eddbf6c4fb66841b4325b786695f7aedf1dde2222428218696?s=96&d=mm&r=g\",\"contentUrl\":\"https:\/\/secure.gravatar.com\/avatar\/9cb486421ce1d6eddbf6c4fb66841b4325b786695f7aedf1dde2222428218696?s=96&d=mm&r=g\",\"caption\":\"fondazionepirelli\"},\"url\":\"https:\/\/www.fondazionepirelli.org\/it\/author\/fondazionepirelli\/\"}]}<\/script>\n<!-- \/ Yoast SEO plugin. -->","yoast_head_json":{"title":"Il Sud e le riforme necessarie allo sviluppo, tra i fondi Ue e la cultura d\u2019impresa - Fondazione Pirelli","robots":{"index":"index","follow":"follow","max-snippet":"max-snippet:-1","max-image-preview":"max-image-preview:large","max-video-preview":"max-video-preview:-1"},"canonical":"https:\/\/www.fondazionepirelli.org\/it\/cultura-dimpresa\/il-sud-e-le-riforme-necessarie-allo-sviluppo-tra-i-fondi-ue-e-la-cultura-dimpresa\/","og_locale":"it_IT","og_type":"article","og_title":"Il Sud e le riforme necessarie allo sviluppo, tra i fondi Ue e la cultura d\u2019impresa - Fondazione Pirelli","og_description":"\u201cSud, progetti per ripartire\u201d. E\u2019 il titolo, senza enfasi, di due giorni di incontri, promossi da Mara Carfagna, ministra per il Mezzogiorno e la coesione territoriale, il 23 e il 24, per discutere su come usare le risorse del Recovery Plan e gli altri fondi Ue per rinnovare profondamente l\u2019Italia e dunque provare anche a [&hellip;]","og_url":"https:\/\/127.0.0.1\/it\/cultura-dimpresa\/il-sud-e-le-riforme-necessarie-allo-sviluppo-tra-i-fondi-ue-e-la-cultura-dimpresa\/","og_site_name":"Fondazione Pirelli","article_published_time":"2021-03-22T10:09:52+00:00","article_modified_time":"2021-03-22T10:16:41+00:00","og_image":[{"width":484,"height":295,"url":"https:\/\/wpsite-assets.fondazionepirelli.org\/wp-content\/uploads\/2021\/03\/22111632\/albero1.jpg","type":"image\/jpeg"}],"author":"fondazionepirelli","twitter_card":"summary_large_image","twitter_misc":{"Scritto da":"fondazionepirelli","Tempo di lettura stimato":"4 minuti"},"schema":{"@context":"https:\/\/schema.org","@graph":[{"@type":"WebPage","@id":"https:\/\/127.0.0.1\/it\/cultura-dimpresa\/il-sud-e-le-riforme-necessarie-allo-sviluppo-tra-i-fondi-ue-e-la-cultura-dimpresa\/","url":"https:\/\/127.0.0.1\/it\/cultura-dimpresa\/il-sud-e-le-riforme-necessarie-allo-sviluppo-tra-i-fondi-ue-e-la-cultura-dimpresa\/","name":"Il Sud e le riforme necessarie allo sviluppo, tra i fondi Ue e la cultura d\u2019impresa - Fondazione Pirelli","isPartOf":{"@id":"https:\/\/www.fondazionepirelli.org\/it\/#website"},"primaryImageOfPage":{"@id":"https:\/\/127.0.0.1\/it\/cultura-dimpresa\/il-sud-e-le-riforme-necessarie-allo-sviluppo-tra-i-fondi-ue-e-la-cultura-dimpresa\/#primaryimage"},"image":{"@id":"https:\/\/127.0.0.1\/it\/cultura-dimpresa\/il-sud-e-le-riforme-necessarie-allo-sviluppo-tra-i-fondi-ue-e-la-cultura-dimpresa\/#primaryimage"},"thumbnailUrl":"https:\/\/wpsite-assets.fondazionepirelli.org\/wp-content\/uploads\/2021\/03\/22111632\/albero1.jpg","datePublished":"2021-03-22T10:09:52+00:00","dateModified":"2021-03-22T10:16:41+00:00","author":{"@id":"https:\/\/www.fondazionepirelli.org\/it\/#\/schema\/person\/c31fcf5937a0e6afa45497f3f8b6d7a0"},"breadcrumb":{"@id":"https:\/\/127.0.0.1\/it\/cultura-dimpresa\/il-sud-e-le-riforme-necessarie-allo-sviluppo-tra-i-fondi-ue-e-la-cultura-dimpresa\/#breadcrumb"},"inLanguage":"it-IT","potentialAction":[{"@type":"ReadAction","target":["https:\/\/127.0.0.1\/it\/cultura-dimpresa\/il-sud-e-le-riforme-necessarie-allo-sviluppo-tra-i-fondi-ue-e-la-cultura-dimpresa\/"]}]},{"@type":"ImageObject","inLanguage":"it-IT","@id":"https:\/\/127.0.0.1\/it\/cultura-dimpresa\/il-sud-e-le-riforme-necessarie-allo-sviluppo-tra-i-fondi-ue-e-la-cultura-dimpresa\/#primaryimage","url":"https:\/\/wpsite-assets.fondazionepirelli.org\/wp-content\/uploads\/2021\/03\/22111632\/albero1.jpg","contentUrl":"https:\/\/wpsite-assets.fondazionepirelli.org\/wp-content\/uploads\/2021\/03\/22111632\/albero1.jpg","width":484,"height":295},{"@type":"BreadcrumbList","@id":"https:\/\/127.0.0.1\/it\/cultura-dimpresa\/il-sud-e-le-riforme-necessarie-allo-sviluppo-tra-i-fondi-ue-e-la-cultura-dimpresa\/#breadcrumb","itemListElement":[{"@type":"ListItem","position":1,"name":"Home","item":"https:\/\/www.fondazionepirelli.org\/it\/"},{"@type":"ListItem","position":2,"name":"Il Sud e le riforme necessarie allo sviluppo, tra i fondi Ue e la cultura d\u2019impresa"}]},{"@type":"WebSite","@id":"https:\/\/www.fondazionepirelli.org\/it\/#website","url":"https:\/\/www.fondazionepirelli.org\/it\/","name":"Fondazione Pirelli","description":"","potentialAction":[{"@type":"SearchAction","target":{"@type":"EntryPoint","urlTemplate":"https:\/\/www.fondazionepirelli.org\/it\/?s={search_term_string}"},"query-input":{"@type":"PropertyValueSpecification","valueRequired":true,"valueName":"search_term_string"}}],"inLanguage":"it-IT"},{"@type":"Person","@id":"https:\/\/www.fondazionepirelli.org\/it\/#\/schema\/person\/c31fcf5937a0e6afa45497f3f8b6d7a0","name":"fondazionepirelli","image":{"@type":"ImageObject","inLanguage":"it-IT","@id":"https:\/\/www.fondazionepirelli.org\/it\/#\/schema\/person\/image\/","url":"https:\/\/secure.gravatar.com\/avatar\/9cb486421ce1d6eddbf6c4fb66841b4325b786695f7aedf1dde2222428218696?s=96&d=mm&r=g","contentUrl":"https:\/\/secure.gravatar.com\/avatar\/9cb486421ce1d6eddbf6c4fb66841b4325b786695f7aedf1dde2222428218696?s=96&d=mm&r=g","caption":"fondazionepirelli"},"url":"https:\/\/www.fondazionepirelli.org\/it\/author\/fondazionepirelli\/"}]}},"_links":{"self":[{"href":"https:\/\/www.fondazionepirelli.org\/it\/wp-json\/wp\/v2\/posts\/82952\/"}],"collection":[{"href":"https:\/\/www.fondazionepirelli.org\/it\/wp-json\/wp\/v2\/posts\/"}],"about":[{"href":"https:\/\/www.fondazionepirelli.org\/it\/wp-json\/wp\/v2\/types\/post\/"}],"author":[{"embeddable":true,"href":"https:\/\/www.fondazionepirelli.org\/it\/wp-json\/wp\/v2\/users\/9\/"}],"replies":[{"embeddable":true,"href":"https:\/\/www.fondazionepirelli.org\/it\/wp-json\/wp\/v2\/comments\/?post=82952"}],"version-history":[{"count":1,"href":"https:\/\/www.fondazionepirelli.org\/it\/wp-json\/wp\/v2\/posts\/82952\/revisions\/"}],"predecessor-version":[{"id":82953,"href":"https:\/\/www.fondazionepirelli.org\/it\/wp-json\/wp\/v2\/posts\/82952\/revisions\/82953\/"}],"wp:featuredmedia":[{"embeddable":true,"href":"https:\/\/www.fondazionepirelli.org\/it\/wp-json\/wp\/v2\/media\/82966\/"}],"wp:attachment":[{"href":"https:\/\/www.fondazionepirelli.org\/it\/wp-json\/wp\/v2\/media\/?parent=82952"}],"wp:term":[{"taxonomy":"category","embeddable":true,"href":"https:\/\/www.fondazionepirelli.org\/it\/wp-json\/wp\/v2\/categories\/?post=82952"},{"taxonomy":"post_tag","embeddable":true,"href":"https:\/\/www.fondazionepirelli.org\/it\/wp-json\/wp\/v2\/tags\/?post=82952"}],"curies":[{"name":"wp","href":"https:\/\/api.w.org\/{rel}","templated":true}]}}