{"id":83028,"date":"2021-03-30T06:50:13","date_gmt":"2021-03-30T05:50:13","guid":{"rendered":"https:\/\/www.fondazionepirelli.org\/?p=83028"},"modified":"2021-03-30T07:01:54","modified_gmt":"2021-03-30T06:01:54","slug":"la-lezione-dattualita-del-mito-di-enea-anziani-da-salvare-e-giovani-da-fare-crescere","status":"publish","type":"post","link":"https:\/\/www.fondazionepirelli.org\/it\/cultura-dimpresa\/la-lezione-dattualita-del-mito-di-enea-anziani-da-salvare-e-giovani-da-fare-crescere\/","title":{"rendered":"La lezione d\u2019attualit\u00e0 del mito di Enea: anziani da salvare e giovani da fare crescere"},"content":{"rendered":"<p>Essere padri. Ed essere figli. Scoprire, proprio nel cuore drammatico della crisi da pandemia e recessione, la rete delle relazioni tra la<strong> consapevolezza del passato<\/strong> e la <strong>responsabilit\u00e0 del futuro<\/strong>. E dunque fare scelte, politiche e sociali che sappiano, contemporaneamente, proteggere gli anziani e costruire condizioni per garantire un destino migliore alle nuove generazioni, ai nostri figli e nipoti. Sta proprio qui la chiave pi\u00f9 lucidamente progettuale della <strong>sostenibilit\u00e0<\/strong>: tutelare e valorizzare l\u2019ambiente, evitando che continui il degrado e dunque peggiori la qualit\u00e0 della vita e investire sull\u2019innovazione, la formazione, la conoscenza, i migliori equilibri sociali. La lezione migliore della crisi sta dunque nella consapevolezza di dover andare \u201coltre la fragilit\u00e0\u201d messa in dolorosa evidenza dagli oltre 107mila morti per Covid19 in Italia (su quasi tre milioni di vittime e 127 milioni di malati nel mondo, alla fine di marzo). E di dovere lavorare non solo sul freno alla pandemia (con una vaccinazione di massa rapida ed efficace) e sulla cura dei contagiati, ma anche su un radicale cambio di paradigma dello sviluppo economico e sociale. Sulla qualit\u00e0 dell\u2019economia. Sui rapporti sociali e i diritti ai beni pubblici (la salute e la scuola, innanzitutto). Sul lavoro (con il potenziamento delle opportunit\u00e0 per le donne) e sul welfare. E sulle relazioni tra progresso (economico, scientifico, sociale) e tutela delle persone. Su una <em>Impact Economy <\/em>\u00a0fondata su <em>green <\/em>e <em>digital economy<\/em>, come giustamente la Ue impone per l\u2019ambizioso <em>Recovery Plan<\/em> pensato, responsabilmente, per la <em>Next Generation<\/em>.<\/p>\n<p>C\u2019\u00e8 un\u2019immagine ricorrente, in alcuni dei discorsi pi\u00f9 sapienti di questi lunghi e difficili mesi. Ed \u00e8 quella di <strong>Enea<\/strong> che si carica sulle spalle il vecchio padre Anchise e prende per mano il piccolo figlio Ascanio, per fuggire dalle rovine di Troia e cercare, insieme, una via di fuga e di salvezza. Tre generazioni, tra la memoria e l\u2019avvenire. La responsabilit\u00e0 dell\u2019essere padre e la premura amorosa e grata dell\u2019essere figlio. La consapevolezza della sconfitta ma anche il residuo d\u2019orgoglio del guerriero che, pur vinto, si riscopre al centro di una gerarchia familiare e sociale e sa di dovere andare avanti per ricostruire una comunit\u00e0 (si chiamer\u00e0 poi Alba Longa, e Roma, e Italia, quella comunit\u00e0 e avr\u00e0 un uomo errante, un profugo che scappa dalla guerra, come fondatore).<\/p>\n<p>A quell\u2019immagine del mito aveva fatto esplicito riferimento <strong>Papa Francesco<\/strong> in un\u2019intervista a \u201cLa Civilt\u00e0 Cattolica\u201d nell\u2019aprile dello scorso anno, proprio all\u2019inizio della pandemia: \u201cL\u2019Eneide di Virgilio, nel contesto della sconfitta, d\u00e0 il consiglio di non abbassare le braccia: \u2018Preparatevi a tempi migliori, perch\u00e9 in quel momento questo ci aiuter\u00e0 ricordare le cose che sono successe ora. Abbiate cura di voi per un futuro che verr\u00e0. E quando questo futuro verr\u00e0, vi far\u00e0 bene ricordare ci\u00f2 che \u00e8 accaduto\u2019\u201d. Ed ecco l\u2019immagine di Enea, sconfitto a Troia, che \u201caveva perduto tutto e gli restavano due vie d\u2019uscita: o rimanere l\u00e0 a piangere e porre fine alla sua vita, o fare quello che aveva in cuore, andare oltre, andare verso i monti per allontanarsi dalla guerra\u201d.\u00a0Insiste il Papa: \u201c\u00c8 un verso magnifico:\u00a0<em>Cessi, et sublato montem genitore petivi<\/em>. \u2018Mi rassegnai e, sollevato il padre, mi diressi sui monti\u2019\u201d. \u00c8 proprio ci\u00f2 che tutti noi dobbiamo fare oggi, conclude Papa Francesco: \u201cPrendere le radici delle nostre tradizioni e salire sui monti\u201d.<\/p>\n<p>Non ci sono, nell\u2019Enea di Virgilio, n\u00e9 l\u2019epica dell\u2019eroe n\u00e9 la retorica della sconfitta gloriosa. Semmai, l\u2019umanissimo dolore per le conseguenze della guerra, la capacit\u00e0 di farsi carico e dunque di prendersi cura dei familiari e delle persone di cui ha responsabilit\u00e0 e la scelta, faticosa e necessaria, di mettersi in cammino, costruire un nuovo inizio di vita e di storia. Ecco perch\u00e9 quell\u2019Enea \u00e8, oggi, un nostro contemporaneo.<\/p>\n<p>Ogni relazione, infatti, \u00e8 contemporaneamente, una continuit\u00e0 e una frattura. Una custodia della tradizione (da alimentare come un fuoco, per usare l\u2019efficace similitudine di Gustav Mahler). E un ambizioso impegno di cambiamento, trasformazione, costruzione di nuovi orizzonti. Memoria e futuro.<\/p>\n<p>Oggi, tutto ci\u00f2 significa scrivere un nuovo patto generazionale, che cerchi di rimediare ai guasti della frattura della met\u00e0 degli anni Ottanta (con l\u2019esplosione del debito pubblico, scaricato sulle spalle delle generazioni future, per consentire a quelle adulte dell\u2019epoca di vivere nel benessere senza preoccuparsi di produrre nuova ricchezza). E sapere fare scelte per proteggere, oggi, gli anziani dalla malattia e dalla morte (un\u2019urgenza) e per dare un futuro migliore ai giovani.<\/p>\n<p>Il mito di Enea, con l\u2019immagine della famosa scultura di Gian Lorenzo Bernini, torna nelle parole di un capace, sensibile scrittore, <strong>Antonio Scurati,<\/strong> sulle pagine del \u201cCorriere della Sera\u201d (25 marzo), con il suo carico di suggerimenti per \u201cla nostra salvezza\u201d: \u201cMettersi in salvo abbandonando l\u2019anziano padre \u00e8 disumano, ma rischiare la propria vita per salvare il genitore senza avere un figlio da condurre per mano \u00e8 gesto disperato. Ascanio, non Anchise, \u00e8 anche da punto di vista strutturale il fattore di sostegno del gruppo scultoreo. Nel momento stesso in cui si scopre figlio, Enea deve sapersi padre\u201d.<\/p>\n<p>Scurati ne deduce sapientemente implicazioni politiche d\u2019attualit\u00e0: \u201cIl mito dice alla cronaca che, mentre con una mano dobbiamo vaccinare i nostri anziani genitori, con l\u2019altra dobbiamo fare tutto il possibile per riaprire le scuole dei nostri figli\u201d.<\/p>\n<p>E, andando oltre l\u2019emergenza di questi giorni convulsi, \u201cc\u2019\u00e8 altro, molto altro da fare con \u2018la mano di Ascanio\u2019. Dobbiamo creare le condizioni affinch\u00e9 una societ\u00e0 infeconda smetta di esserlo\u201d. Infeconda per il crollo della natalit\u00e0. Ma anche per la bassa crescita economica, il blocco dell\u2019ascensore sociale, l\u2019inaridimento delle speranze di migliori condizioni per le ragazze e i ragazzi di oggi.<\/p>\n<p>Ecco il punto: c\u2019\u00e8 una \u201cItalia stretta dal declino demografico: 746mila morti e solo 404mila nati\u201d, come titola \u201c<strong>Il Sole24Ore<\/strong>\u201d (27 marzo) in apertura della prima pagina, dando conto dei dati Istat per il 2020. \u201cNoi, vecchi italiani rimasti senza figli\u201d, commenta su \u201cla Repubblica\u201d (27 marzo) Gianpiero Dalla Zuanna, uno dei pi\u00f9 autorevoli studiosi di demografia. Siamo scesi sotto la soglia dei 60 milioni di abitanti, i nostri giovani pi\u00f9 dinamici continuano ad abbandonare l\u2019Italia e anche gli immigrati e i loro figli vanno via, cercando altrove, in Europa, migliori condizioni di vita, di lavoro e di crescita sociale. Culle vuote, giovani coppie sfiduciate, sviluppo bloccato. Un orizzonte d\u2019incertezza e smarrimento. Aggravato, proprio in tempi di pandemia, da una scelta di alcuni poteri istituzionali, in regioni confusamente governate, di umiliare gli anziani vaccinandoli poco e in ritardo, per privilegiare categorie e corporazioni socialmente potenti.<\/p>\n<p>E\u2019 un trend socialmente devastante, per i vecchi e per i giovani, da interrompere e ribaltare.<\/p>\n<p>I provvedimenti decisi con senso dell\u2019urgenza e anche con lungimiranza dal presidente del Consiglio Mario Draghi vanno per fortuna in una direzione equilibrata. Privilegiare l\u2019apertura delle scuole. Insistere sulla vaccinazione per fasce d\u2019et\u00e0. E, in prospettiva, scrivere un <em>Recovery Plan<\/em> efficace, su ambiente e innovazione, riforme e conoscenza. La lezione di Enea, Anchise e Ascanio, appunto.<\/p>\n","protected":false},"excerpt":{"rendered":"<p>Essere padri. Ed essere figli. Scoprire, proprio nel cuore drammatico della crisi da pandemia e recessione, la rete delle relazioni tra la consapevolezza del passato e la responsabilit\u00e0 del futuro. E dunque fare scelte, politiche e sociali che sappiano, contemporaneamente, proteggere gli anziani e costruire condizioni per garantire un destino migliore alle nuove generazioni, ai [&hellip;]<\/p>\n","protected":false},"author":9,"featured_media":83040,"comment_status":"open","ping_status":"open","sticky":false,"template":"","format":"standard","meta":{"footnotes":""},"categories":[53,52],"tags":[],"class_list":["post-83028","post","type-post","status-publish","format-standard","has-post-thumbnail","hentry","category-blog","category-cultura-dimpresa"],"acf":[],"yoast_head":"<!-- This site is optimized with the Yoast SEO plugin v25.0 - https:\/\/yoast.com\/wordpress\/plugins\/seo\/ -->\n<title>La lezione d\u2019attualit\u00e0 del mito di Enea: anziani da salvare e giovani da fare crescere - Fondazione Pirelli<\/title>\n<meta name=\"robots\" content=\"index, follow, max-snippet:-1, max-image-preview:large, max-video-preview:-1\" \/>\n<link rel=\"canonical\" href=\"https:\/\/www.fondazionepirelli.org\/it\/cultura-dimpresa\/la-lezione-dattualita-del-mito-di-enea-anziani-da-salvare-e-giovani-da-fare-crescere\/\" \/>\n<meta property=\"og:locale\" content=\"it_IT\" \/>\n<meta property=\"og:type\" content=\"article\" \/>\n<meta property=\"og:title\" content=\"La lezione d\u2019attualit\u00e0 del mito di Enea: anziani da salvare e giovani da fare crescere - Fondazione Pirelli\" \/>\n<meta property=\"og:description\" content=\"Essere padri. Ed essere figli. Scoprire, proprio nel cuore drammatico della crisi da pandemia e recessione, la rete delle relazioni tra la consapevolezza del passato e la responsabilit\u00e0 del futuro. E dunque fare scelte, politiche e sociali che sappiano, contemporaneamente, proteggere gli anziani e costruire condizioni per garantire un destino migliore alle nuove generazioni, ai [&hellip;]\" \/>\n<meta property=\"og:url\" content=\"https:\/\/www.fondazionepirelli.org\/it\/cultura-dimpresa\/la-lezione-dattualita-del-mito-di-enea-anziani-da-salvare-e-giovani-da-fare-crescere\/\" \/>\n<meta property=\"og:site_name\" content=\"Fondazione Pirelli\" \/>\n<meta property=\"article:published_time\" content=\"2021-03-30T05:50:13+00:00\" \/>\n<meta property=\"article:modified_time\" content=\"2021-03-30T06:01:54+00:00\" \/>\n<meta property=\"og:image\" content=\"https:\/\/wpsite-assets.fondazionepirelli.org\/wp-content\/uploads\/2021\/03\/29091040\/f6e87944560ada16a4630aeb17459321-e1617084099162.jpg\" \/>\n\t<meta property=\"og:image:width\" content=\"349\" \/>\n\t<meta property=\"og:image:height\" content=\"508\" \/>\n\t<meta property=\"og:image:type\" content=\"image\/jpeg\" \/>\n<meta name=\"author\" content=\"fondazionepirelli\" \/>\n<meta name=\"twitter:card\" content=\"summary_large_image\" \/>\n<meta name=\"twitter:label1\" content=\"Scritto da\" \/>\n\t<meta name=\"twitter:data1\" content=\"fondazionepirelli\" \/>\n\t<meta name=\"twitter:label2\" content=\"Tempo di lettura stimato\" \/>\n\t<meta name=\"twitter:data2\" content=\"6 minuti\" \/>\n<script type=\"application\/ld+json\" class=\"yoast-schema-graph\">{\"@context\":\"https:\/\/schema.org\",\"@graph\":[{\"@type\":\"WebPage\",\"@id\":\"https:\/\/www.fondazionepirelli.org\/it\/cultura-dimpresa\/la-lezione-dattualita-del-mito-di-enea-anziani-da-salvare-e-giovani-da-fare-crescere\/\",\"url\":\"https:\/\/www.fondazionepirelli.org\/it\/cultura-dimpresa\/la-lezione-dattualita-del-mito-di-enea-anziani-da-salvare-e-giovani-da-fare-crescere\/\",\"name\":\"La lezione d\u2019attualit\u00e0 del mito di Enea: anziani da salvare e giovani da fare crescere - Fondazione Pirelli\",\"isPartOf\":{\"@id\":\"https:\/\/www.fondazionepirelli.org\/it\/#website\"},\"primaryImageOfPage\":{\"@id\":\"https:\/\/www.fondazionepirelli.org\/it\/cultura-dimpresa\/la-lezione-dattualita-del-mito-di-enea-anziani-da-salvare-e-giovani-da-fare-crescere\/#primaryimage\"},\"image\":{\"@id\":\"https:\/\/www.fondazionepirelli.org\/it\/cultura-dimpresa\/la-lezione-dattualita-del-mito-di-enea-anziani-da-salvare-e-giovani-da-fare-crescere\/#primaryimage\"},\"thumbnailUrl\":\"https:\/\/wpsite-assets.fondazionepirelli.org\/wp-content\/uploads\/2021\/03\/29091040\/f6e87944560ada16a4630aeb17459321-e1617084099162.jpg\",\"datePublished\":\"2021-03-30T05:50:13+00:00\",\"dateModified\":\"2021-03-30T06:01:54+00:00\",\"author\":{\"@id\":\"https:\/\/www.fondazionepirelli.org\/it\/#\/schema\/person\/c31fcf5937a0e6afa45497f3f8b6d7a0\"},\"breadcrumb\":{\"@id\":\"https:\/\/www.fondazionepirelli.org\/it\/cultura-dimpresa\/la-lezione-dattualita-del-mito-di-enea-anziani-da-salvare-e-giovani-da-fare-crescere\/#breadcrumb\"},\"inLanguage\":\"it-IT\",\"potentialAction\":[{\"@type\":\"ReadAction\",\"target\":[\"https:\/\/www.fondazionepirelli.org\/it\/cultura-dimpresa\/la-lezione-dattualita-del-mito-di-enea-anziani-da-salvare-e-giovani-da-fare-crescere\/\"]}]},{\"@type\":\"ImageObject\",\"inLanguage\":\"it-IT\",\"@id\":\"https:\/\/www.fondazionepirelli.org\/it\/cultura-dimpresa\/la-lezione-dattualita-del-mito-di-enea-anziani-da-salvare-e-giovani-da-fare-crescere\/#primaryimage\",\"url\":\"https:\/\/wpsite-assets.fondazionepirelli.org\/wp-content\/uploads\/2021\/03\/29091040\/f6e87944560ada16a4630aeb17459321-e1617084099162.jpg\",\"contentUrl\":\"https:\/\/wpsite-assets.fondazionepirelli.org\/wp-content\/uploads\/2021\/03\/29091040\/f6e87944560ada16a4630aeb17459321-e1617084099162.jpg\",\"width\":349,\"height\":508},{\"@type\":\"BreadcrumbList\",\"@id\":\"https:\/\/www.fondazionepirelli.org\/it\/cultura-dimpresa\/la-lezione-dattualita-del-mito-di-enea-anziani-da-salvare-e-giovani-da-fare-crescere\/#breadcrumb\",\"itemListElement\":[{\"@type\":\"ListItem\",\"position\":1,\"name\":\"Home\",\"item\":\"https:\/\/www.fondazionepirelli.org\/it\/\"},{\"@type\":\"ListItem\",\"position\":2,\"name\":\"La lezione d\u2019attualit\u00e0 del mito di Enea: anziani da salvare e giovani da fare crescere\"}]},{\"@type\":\"WebSite\",\"@id\":\"https:\/\/www.fondazionepirelli.org\/it\/#website\",\"url\":\"https:\/\/www.fondazionepirelli.org\/it\/\",\"name\":\"Fondazione Pirelli\",\"description\":\"\",\"potentialAction\":[{\"@type\":\"SearchAction\",\"target\":{\"@type\":\"EntryPoint\",\"urlTemplate\":\"https:\/\/www.fondazionepirelli.org\/it\/?s={search_term_string}\"},\"query-input\":{\"@type\":\"PropertyValueSpecification\",\"valueRequired\":true,\"valueName\":\"search_term_string\"}}],\"inLanguage\":\"it-IT\"},{\"@type\":\"Person\",\"@id\":\"https:\/\/www.fondazionepirelli.org\/it\/#\/schema\/person\/c31fcf5937a0e6afa45497f3f8b6d7a0\",\"name\":\"fondazionepirelli\",\"image\":{\"@type\":\"ImageObject\",\"inLanguage\":\"it-IT\",\"@id\":\"https:\/\/www.fondazionepirelli.org\/it\/#\/schema\/person\/image\/\",\"url\":\"https:\/\/secure.gravatar.com\/avatar\/9cb486421ce1d6eddbf6c4fb66841b4325b786695f7aedf1dde2222428218696?s=96&d=mm&r=g\",\"contentUrl\":\"https:\/\/secure.gravatar.com\/avatar\/9cb486421ce1d6eddbf6c4fb66841b4325b786695f7aedf1dde2222428218696?s=96&d=mm&r=g\",\"caption\":\"fondazionepirelli\"},\"url\":\"https:\/\/www.fondazionepirelli.org\/it\/author\/fondazionepirelli\/\"}]}<\/script>\n<!-- \/ Yoast SEO plugin. -->","yoast_head_json":{"title":"La lezione d\u2019attualit\u00e0 del mito di Enea: anziani da salvare e giovani da fare crescere - Fondazione Pirelli","robots":{"index":"index","follow":"follow","max-snippet":"max-snippet:-1","max-image-preview":"max-image-preview:large","max-video-preview":"max-video-preview:-1"},"canonical":"https:\/\/www.fondazionepirelli.org\/it\/cultura-dimpresa\/la-lezione-dattualita-del-mito-di-enea-anziani-da-salvare-e-giovani-da-fare-crescere\/","og_locale":"it_IT","og_type":"article","og_title":"La lezione d\u2019attualit\u00e0 del mito di Enea: anziani da salvare e giovani da fare crescere - Fondazione Pirelli","og_description":"Essere padri. Ed essere figli. Scoprire, proprio nel cuore drammatico della crisi da pandemia e recessione, la rete delle relazioni tra la consapevolezza del passato e la responsabilit\u00e0 del futuro. E dunque fare scelte, politiche e sociali che sappiano, contemporaneamente, proteggere gli anziani e costruire condizioni per garantire un destino migliore alle nuove generazioni, ai [&hellip;]","og_url":"https:\/\/www.fondazionepirelli.org\/it\/cultura-dimpresa\/la-lezione-dattualita-del-mito-di-enea-anziani-da-salvare-e-giovani-da-fare-crescere\/","og_site_name":"Fondazione Pirelli","article_published_time":"2021-03-30T05:50:13+00:00","article_modified_time":"2021-03-30T06:01:54+00:00","og_image":[{"width":349,"height":508,"url":"https:\/\/wpsite-assets.fondazionepirelli.org\/wp-content\/uploads\/2021\/03\/29091040\/f6e87944560ada16a4630aeb17459321-e1617084099162.jpg","type":"image\/jpeg"}],"author":"fondazionepirelli","twitter_card":"summary_large_image","twitter_misc":{"Scritto da":"fondazionepirelli","Tempo di lettura stimato":"6 minuti"},"schema":{"@context":"https:\/\/schema.org","@graph":[{"@type":"WebPage","@id":"https:\/\/www.fondazionepirelli.org\/it\/cultura-dimpresa\/la-lezione-dattualita-del-mito-di-enea-anziani-da-salvare-e-giovani-da-fare-crescere\/","url":"https:\/\/www.fondazionepirelli.org\/it\/cultura-dimpresa\/la-lezione-dattualita-del-mito-di-enea-anziani-da-salvare-e-giovani-da-fare-crescere\/","name":"La lezione d\u2019attualit\u00e0 del mito di Enea: anziani da salvare e giovani da fare crescere - Fondazione Pirelli","isPartOf":{"@id":"https:\/\/www.fondazionepirelli.org\/it\/#website"},"primaryImageOfPage":{"@id":"https:\/\/www.fondazionepirelli.org\/it\/cultura-dimpresa\/la-lezione-dattualita-del-mito-di-enea-anziani-da-salvare-e-giovani-da-fare-crescere\/#primaryimage"},"image":{"@id":"https:\/\/www.fondazionepirelli.org\/it\/cultura-dimpresa\/la-lezione-dattualita-del-mito-di-enea-anziani-da-salvare-e-giovani-da-fare-crescere\/#primaryimage"},"thumbnailUrl":"https:\/\/wpsite-assets.fondazionepirelli.org\/wp-content\/uploads\/2021\/03\/29091040\/f6e87944560ada16a4630aeb17459321-e1617084099162.jpg","datePublished":"2021-03-30T05:50:13+00:00","dateModified":"2021-03-30T06:01:54+00:00","author":{"@id":"https:\/\/www.fondazionepirelli.org\/it\/#\/schema\/person\/c31fcf5937a0e6afa45497f3f8b6d7a0"},"breadcrumb":{"@id":"https:\/\/www.fondazionepirelli.org\/it\/cultura-dimpresa\/la-lezione-dattualita-del-mito-di-enea-anziani-da-salvare-e-giovani-da-fare-crescere\/#breadcrumb"},"inLanguage":"it-IT","potentialAction":[{"@type":"ReadAction","target":["https:\/\/www.fondazionepirelli.org\/it\/cultura-dimpresa\/la-lezione-dattualita-del-mito-di-enea-anziani-da-salvare-e-giovani-da-fare-crescere\/"]}]},{"@type":"ImageObject","inLanguage":"it-IT","@id":"https:\/\/www.fondazionepirelli.org\/it\/cultura-dimpresa\/la-lezione-dattualita-del-mito-di-enea-anziani-da-salvare-e-giovani-da-fare-crescere\/#primaryimage","url":"https:\/\/wpsite-assets.fondazionepirelli.org\/wp-content\/uploads\/2021\/03\/29091040\/f6e87944560ada16a4630aeb17459321-e1617084099162.jpg","contentUrl":"https:\/\/wpsite-assets.fondazionepirelli.org\/wp-content\/uploads\/2021\/03\/29091040\/f6e87944560ada16a4630aeb17459321-e1617084099162.jpg","width":349,"height":508},{"@type":"BreadcrumbList","@id":"https:\/\/www.fondazionepirelli.org\/it\/cultura-dimpresa\/la-lezione-dattualita-del-mito-di-enea-anziani-da-salvare-e-giovani-da-fare-crescere\/#breadcrumb","itemListElement":[{"@type":"ListItem","position":1,"name":"Home","item":"https:\/\/www.fondazionepirelli.org\/it\/"},{"@type":"ListItem","position":2,"name":"La lezione d\u2019attualit\u00e0 del mito di Enea: anziani da salvare e giovani da fare crescere"}]},{"@type":"WebSite","@id":"https:\/\/www.fondazionepirelli.org\/it\/#website","url":"https:\/\/www.fondazionepirelli.org\/it\/","name":"Fondazione Pirelli","description":"","potentialAction":[{"@type":"SearchAction","target":{"@type":"EntryPoint","urlTemplate":"https:\/\/www.fondazionepirelli.org\/it\/?s={search_term_string}"},"query-input":{"@type":"PropertyValueSpecification","valueRequired":true,"valueName":"search_term_string"}}],"inLanguage":"it-IT"},{"@type":"Person","@id":"https:\/\/www.fondazionepirelli.org\/it\/#\/schema\/person\/c31fcf5937a0e6afa45497f3f8b6d7a0","name":"fondazionepirelli","image":{"@type":"ImageObject","inLanguage":"it-IT","@id":"https:\/\/www.fondazionepirelli.org\/it\/#\/schema\/person\/image\/","url":"https:\/\/secure.gravatar.com\/avatar\/9cb486421ce1d6eddbf6c4fb66841b4325b786695f7aedf1dde2222428218696?s=96&d=mm&r=g","contentUrl":"https:\/\/secure.gravatar.com\/avatar\/9cb486421ce1d6eddbf6c4fb66841b4325b786695f7aedf1dde2222428218696?s=96&d=mm&r=g","caption":"fondazionepirelli"},"url":"https:\/\/www.fondazionepirelli.org\/it\/author\/fondazionepirelli\/"}]}},"_links":{"self":[{"href":"https:\/\/www.fondazionepirelli.org\/it\/wp-json\/wp\/v2\/posts\/83028\/"}],"collection":[{"href":"https:\/\/www.fondazionepirelli.org\/it\/wp-json\/wp\/v2\/posts\/"}],"about":[{"href":"https:\/\/www.fondazionepirelli.org\/it\/wp-json\/wp\/v2\/types\/post\/"}],"author":[{"embeddable":true,"href":"https:\/\/www.fondazionepirelli.org\/it\/wp-json\/wp\/v2\/users\/9\/"}],"replies":[{"embeddable":true,"href":"https:\/\/www.fondazionepirelli.org\/it\/wp-json\/wp\/v2\/comments\/?post=83028"}],"version-history":[{"count":5,"href":"https:\/\/www.fondazionepirelli.org\/it\/wp-json\/wp\/v2\/posts\/83028\/revisions\/"}],"predecessor-version":[{"id":83047,"href":"https:\/\/www.fondazionepirelli.org\/it\/wp-json\/wp\/v2\/posts\/83028\/revisions\/83047\/"}],"wp:featuredmedia":[{"embeddable":true,"href":"https:\/\/www.fondazionepirelli.org\/it\/wp-json\/wp\/v2\/media\/83040\/"}],"wp:attachment":[{"href":"https:\/\/www.fondazionepirelli.org\/it\/wp-json\/wp\/v2\/media\/?parent=83028"}],"wp:term":[{"taxonomy":"category","embeddable":true,"href":"https:\/\/www.fondazionepirelli.org\/it\/wp-json\/wp\/v2\/categories\/?post=83028"},{"taxonomy":"post_tag","embeddable":true,"href":"https:\/\/www.fondazionepirelli.org\/it\/wp-json\/wp\/v2\/tags\/?post=83028"}],"curies":[{"name":"wp","href":"https:\/\/api.w.org\/{rel}","templated":true}]}}