{"id":83036,"date":"2021-03-30T06:51:10","date_gmt":"2021-03-30T05:51:10","guid":{"rendered":"https:\/\/www.fondazionepirelli.org\/?p=83036"},"modified":"2021-03-30T13:45:13","modified_gmt":"2021-03-30T12:45:13","slug":"la-buona-storia-per-la-buona-cultura-dimpresa","status":"publish","type":"post","link":"https:\/\/www.fondazionepirelli.org\/it\/cultura-dimpresa\/la-buona-storia-per-la-buona-cultura-dimpresa\/","title":{"rendered":"La buona storia per la buona cultura d\u2019impresa"},"content":{"rendered":"<p><em>L\u2019ultima fatica letteraria di Valerio Castronovo costituisce uno strumento importante per capire di pi\u00f9 e agire meglio<\/em><\/p><p>La cultura d\u2019impresa si forma e\u00a0 si arricchisce anche con una buona conoscenza di quanto \u00e8 accaduto: buona storia per buona cultura del produrre. Principio acquisito ma non scontato e che, per questo, deve essere sempre coltivato e rinnovato. Ecco perch\u00e9 serve leggere buoni libri come la \u201cStoria economica d\u2019Italia. Dall\u2019Ottocento al 2020\u201d scritto da Valerio Castronovo, gi\u00e0 professore di storia contemporanea all\u2019Universit\u00e0 di Torino ma soprattutto raffinato conoscitore delle vicende italiane tra economia, societ\u00e0 e politica degli ultimi duecento anni.<\/p>\n<p>L\u2019ultimo libro scritto da Castronovo riprende, amplia, aggiorna e ripubblica una storia dell\u2019economia italiana che pi\u00f9 volte \u00e8 stata pubblicata in varie versioni e sempre rinnovata. Sullo sfondo delle vicende della finanza e del mercato internazionale, Castronovo ricostruisce quindi il complesso itinerario dell\u2019economia italiana, intrecciandolo sia agli eventi politici e agli orientamenti culturali sia alle trasformazioni di natura sociale. Vengono cos\u00ec rievocate, insieme all\u2019opera dei principali attori della vita economica e delle diverse componenti del mondo del lavoro, le fasi pi\u00fa significative di un processo di sviluppo e di modernizzazione che non fu n\u00e9 univoco n\u00e9 lineare, ma molto difforme dal punto di vista del territorio ed estremamente accidentato.<\/p>\n<p>L\u2019autore conduce quindi chi legge dalla situazione dell\u2019Italia appena unificata a quella del Paese durante il \u201cdecollo industriale\u201d per passare poi al travagliato periodo tra la prima e la seconda guerra mondiale e arrivare quindi alla situazione dell\u2019Italia industriale dopo il secondo conflitto e quindi a quella di un paese alle prese con una \u201cdifficile modernizzazione\u201d e quindi con una crisi mondiale senza molti precedenti.<\/p>\n<p>Ne emerge il racconto di una paese che, dopo aver compiuto rilevanti progressi economici, anche grazie al dinamismo di una miriade di piccole e medie imprese, senza colmare tuttavia il divario fra il Centro-Nord e il Mezzogiorno, \u00e8 oggi di fronte al problema del risanamento di un ingente debito pubblico nell&#8217;ambito dell&#8217;Unione monetaria europea, e a quello della crescente competitivit\u00e0 di grandi paesi emergenti. Una condizione, quella di oggi, che deriva anche dalle vicende degli ultimi decenni, tanto da far pensare che l\u2019Italia rappresenti un caso a s\u00e9 stante nel quadro delle economie occidentali. Tanto differenti, rispetto a quelle di altri paesi europei, sono state, oltre alle matrici del capitalismo italiano, le risorse materiali, le condizioni strutturali e le caratteristiche sociali della nostra esperienza economica.<\/p>\n<p>Nell&#8217;epoca della globalizzazione e della pandemia, \u00e8 quindi la tesi di Castronovo, il nostro Paese si trova dunque a percorrere un tornante cruciale per il suo futuro.<\/p>\n<p>Valerio Castronovo ha scritto ancora una volta un libro che fornisce gli elementi essenziali per capire dove si \u00e8 e dove si potr\u00e0 andare. Da leggere e tenere come buon compagno di viaggio.<\/p><p><strong>Storia economica d\u2019Italia. Dall\u2019Ottocento al 2020<\/strong><\/p>\n<p>Valerio Castronovo<\/p>\n<p>Einaudi, 2020<\/p>\n","protected":false},"excerpt":{"rendered":"<p>L\u2019ultima fatica letteraria di Valerio Castronovo costituisce uno strumento importante per capire di pi\u00f9 e agire meglioLa cultura d\u2019impresa si forma e\u00a0 si arricchisce anche con una buona conoscenza di quanto \u00e8 accaduto: buona storia per buona cultura del produrre. Principio acquisito ma non scontato e che, per questo, deve essere sempre coltivato e rinnovato. [&hellip;]<\/p>\n","protected":false},"author":9,"featured_media":83037,"comment_status":"open","ping_status":"open","sticky":false,"template":"","format":"standard","meta":{"footnotes":""},"categories":[52,58],"tags":[],"class_list":["post-83036","post","type-post","status-publish","format-standard","has-post-thumbnail","hentry","category-cultura-dimpresa","category-recensioni-libri"],"acf":[],"yoast_head":"<!-- This site is optimized with the Yoast SEO plugin v25.0 - https:\/\/yoast.com\/wordpress\/plugins\/seo\/ -->\n<title>La buona storia per la buona cultura d\u2019impresa - Fondazione Pirelli<\/title>\n<meta name=\"robots\" content=\"index, follow, max-snippet:-1, max-image-preview:large, max-video-preview:-1\" \/>\n<link rel=\"canonical\" href=\"https:\/\/www.fondazionepirelli.org\/it\/cultura-dimpresa\/la-buona-storia-per-la-buona-cultura-dimpresa\/\" \/>\n<meta property=\"og:locale\" content=\"it_IT\" \/>\n<meta property=\"og:type\" content=\"article\" \/>\n<meta property=\"og:title\" content=\"La buona storia per la buona cultura d\u2019impresa - Fondazione Pirelli\" \/>\n<meta property=\"og:description\" content=\"L\u2019ultima fatica letteraria di Valerio Castronovo costituisce uno strumento importante per capire di pi\u00f9 e agire meglioLa cultura d\u2019impresa si forma e\u00a0 si arricchisce anche con una buona conoscenza di quanto \u00e8 accaduto: buona storia per buona cultura del produrre. Principio acquisito ma non scontato e che, per questo, deve essere sempre coltivato e rinnovato. [&hellip;]\" \/>\n<meta property=\"og:url\" content=\"https:\/\/www.fondazionepirelli.org\/it\/cultura-dimpresa\/la-buona-storia-per-la-buona-cultura-dimpresa\/\" \/>\n<meta property=\"og:site_name\" content=\"Fondazione Pirelli\" \/>\n<meta property=\"article:published_time\" content=\"2021-03-30T05:51:10+00:00\" \/>\n<meta property=\"article:modified_time\" content=\"2021-03-30T12:45:13+00:00\" \/>\n<meta property=\"og:image\" content=\"https:\/\/wpsite-assets.fondazionepirelli.org\/wp-content\/uploads\/2021\/03\/29090903\/978880624441GRA.jpg\" \/>\n\t<meta property=\"og:image:width\" content=\"250\" \/>\n\t<meta property=\"og:image:height\" content=\"385\" \/>\n\t<meta property=\"og:image:type\" content=\"image\/jpeg\" \/>\n<meta name=\"author\" content=\"fondazionepirelli\" \/>\n<meta name=\"twitter:card\" content=\"summary_large_image\" \/>\n<meta name=\"twitter:label1\" content=\"Scritto da\" \/>\n\t<meta name=\"twitter:data1\" content=\"fondazionepirelli\" \/>\n\t<meta name=\"twitter:label2\" content=\"Tempo di lettura stimato\" \/>\n\t<meta name=\"twitter:data2\" content=\"2 minuti\" \/>\n<script type=\"application\/ld+json\" class=\"yoast-schema-graph\">{\"@context\":\"https:\/\/schema.org\",\"@graph\":[{\"@type\":\"WebPage\",\"@id\":\"https:\/\/www.fondazionepirelli.org\/it\/cultura-dimpresa\/la-buona-storia-per-la-buona-cultura-dimpresa\/\",\"url\":\"https:\/\/www.fondazionepirelli.org\/it\/cultura-dimpresa\/la-buona-storia-per-la-buona-cultura-dimpresa\/\",\"name\":\"La buona storia per la buona cultura d\u2019impresa - Fondazione Pirelli\",\"isPartOf\":{\"@id\":\"https:\/\/www.fondazionepirelli.org\/it\/#website\"},\"primaryImageOfPage\":{\"@id\":\"https:\/\/www.fondazionepirelli.org\/it\/cultura-dimpresa\/la-buona-storia-per-la-buona-cultura-dimpresa\/#primaryimage\"},\"image\":{\"@id\":\"https:\/\/www.fondazionepirelli.org\/it\/cultura-dimpresa\/la-buona-storia-per-la-buona-cultura-dimpresa\/#primaryimage\"},\"thumbnailUrl\":\"https:\/\/wpsite-assets.fondazionepirelli.org\/wp-content\/uploads\/2021\/03\/29090903\/978880624441GRA.jpg\",\"datePublished\":\"2021-03-30T05:51:10+00:00\",\"dateModified\":\"2021-03-30T12:45:13+00:00\",\"author\":{\"@id\":\"https:\/\/www.fondazionepirelli.org\/it\/#\/schema\/person\/c31fcf5937a0e6afa45497f3f8b6d7a0\"},\"breadcrumb\":{\"@id\":\"https:\/\/www.fondazionepirelli.org\/it\/cultura-dimpresa\/la-buona-storia-per-la-buona-cultura-dimpresa\/#breadcrumb\"},\"inLanguage\":\"it-IT\",\"potentialAction\":[{\"@type\":\"ReadAction\",\"target\":[\"https:\/\/www.fondazionepirelli.org\/it\/cultura-dimpresa\/la-buona-storia-per-la-buona-cultura-dimpresa\/\"]}]},{\"@type\":\"ImageObject\",\"inLanguage\":\"it-IT\",\"@id\":\"https:\/\/www.fondazionepirelli.org\/it\/cultura-dimpresa\/la-buona-storia-per-la-buona-cultura-dimpresa\/#primaryimage\",\"url\":\"https:\/\/wpsite-assets.fondazionepirelli.org\/wp-content\/uploads\/2021\/03\/29090903\/978880624441GRA.jpg\",\"contentUrl\":\"https:\/\/wpsite-assets.fondazionepirelli.org\/wp-content\/uploads\/2021\/03\/29090903\/978880624441GRA.jpg\",\"width\":250,\"height\":385},{\"@type\":\"BreadcrumbList\",\"@id\":\"https:\/\/www.fondazionepirelli.org\/it\/cultura-dimpresa\/la-buona-storia-per-la-buona-cultura-dimpresa\/#breadcrumb\",\"itemListElement\":[{\"@type\":\"ListItem\",\"position\":1,\"name\":\"Home\",\"item\":\"https:\/\/www.fondazionepirelli.org\/it\/\"},{\"@type\":\"ListItem\",\"position\":2,\"name\":\"La buona storia per la buona cultura d\u2019impresa\"}]},{\"@type\":\"WebSite\",\"@id\":\"https:\/\/www.fondazionepirelli.org\/it\/#website\",\"url\":\"https:\/\/www.fondazionepirelli.org\/it\/\",\"name\":\"Fondazione Pirelli\",\"description\":\"\",\"potentialAction\":[{\"@type\":\"SearchAction\",\"target\":{\"@type\":\"EntryPoint\",\"urlTemplate\":\"https:\/\/www.fondazionepirelli.org\/it\/?s={search_term_string}\"},\"query-input\":{\"@type\":\"PropertyValueSpecification\",\"valueRequired\":true,\"valueName\":\"search_term_string\"}}],\"inLanguage\":\"it-IT\"},{\"@type\":\"Person\",\"@id\":\"https:\/\/www.fondazionepirelli.org\/it\/#\/schema\/person\/c31fcf5937a0e6afa45497f3f8b6d7a0\",\"name\":\"fondazionepirelli\",\"image\":{\"@type\":\"ImageObject\",\"inLanguage\":\"it-IT\",\"@id\":\"https:\/\/www.fondazionepirelli.org\/it\/#\/schema\/person\/image\/\",\"url\":\"https:\/\/secure.gravatar.com\/avatar\/9cb486421ce1d6eddbf6c4fb66841b4325b786695f7aedf1dde2222428218696?s=96&d=mm&r=g\",\"contentUrl\":\"https:\/\/secure.gravatar.com\/avatar\/9cb486421ce1d6eddbf6c4fb66841b4325b786695f7aedf1dde2222428218696?s=96&d=mm&r=g\",\"caption\":\"fondazionepirelli\"},\"url\":\"https:\/\/www.fondazionepirelli.org\/it\/author\/fondazionepirelli\/\"}]}<\/script>\n<!-- \/ Yoast SEO plugin. -->","yoast_head_json":{"title":"La buona storia per la buona cultura d\u2019impresa - Fondazione Pirelli","robots":{"index":"index","follow":"follow","max-snippet":"max-snippet:-1","max-image-preview":"max-image-preview:large","max-video-preview":"max-video-preview:-1"},"canonical":"https:\/\/www.fondazionepirelli.org\/it\/cultura-dimpresa\/la-buona-storia-per-la-buona-cultura-dimpresa\/","og_locale":"it_IT","og_type":"article","og_title":"La buona storia per la buona cultura d\u2019impresa - Fondazione Pirelli","og_description":"L\u2019ultima fatica letteraria di Valerio Castronovo costituisce uno strumento importante per capire di pi\u00f9 e agire meglioLa cultura d\u2019impresa si forma e\u00a0 si arricchisce anche con una buona conoscenza di quanto \u00e8 accaduto: buona storia per buona cultura del produrre. Principio acquisito ma non scontato e che, per questo, deve essere sempre coltivato e rinnovato. [&hellip;]","og_url":"https:\/\/www.fondazionepirelli.org\/it\/cultura-dimpresa\/la-buona-storia-per-la-buona-cultura-dimpresa\/","og_site_name":"Fondazione Pirelli","article_published_time":"2021-03-30T05:51:10+00:00","article_modified_time":"2021-03-30T12:45:13+00:00","og_image":[{"width":250,"height":385,"url":"https:\/\/wpsite-assets.fondazionepirelli.org\/wp-content\/uploads\/2021\/03\/29090903\/978880624441GRA.jpg","type":"image\/jpeg"}],"author":"fondazionepirelli","twitter_card":"summary_large_image","twitter_misc":{"Scritto da":"fondazionepirelli","Tempo di lettura stimato":"2 minuti"},"schema":{"@context":"https:\/\/schema.org","@graph":[{"@type":"WebPage","@id":"https:\/\/www.fondazionepirelli.org\/it\/cultura-dimpresa\/la-buona-storia-per-la-buona-cultura-dimpresa\/","url":"https:\/\/www.fondazionepirelli.org\/it\/cultura-dimpresa\/la-buona-storia-per-la-buona-cultura-dimpresa\/","name":"La buona storia per la buona cultura d\u2019impresa - Fondazione Pirelli","isPartOf":{"@id":"https:\/\/www.fondazionepirelli.org\/it\/#website"},"primaryImageOfPage":{"@id":"https:\/\/www.fondazionepirelli.org\/it\/cultura-dimpresa\/la-buona-storia-per-la-buona-cultura-dimpresa\/#primaryimage"},"image":{"@id":"https:\/\/www.fondazionepirelli.org\/it\/cultura-dimpresa\/la-buona-storia-per-la-buona-cultura-dimpresa\/#primaryimage"},"thumbnailUrl":"https:\/\/wpsite-assets.fondazionepirelli.org\/wp-content\/uploads\/2021\/03\/29090903\/978880624441GRA.jpg","datePublished":"2021-03-30T05:51:10+00:00","dateModified":"2021-03-30T12:45:13+00:00","author":{"@id":"https:\/\/www.fondazionepirelli.org\/it\/#\/schema\/person\/c31fcf5937a0e6afa45497f3f8b6d7a0"},"breadcrumb":{"@id":"https:\/\/www.fondazionepirelli.org\/it\/cultura-dimpresa\/la-buona-storia-per-la-buona-cultura-dimpresa\/#breadcrumb"},"inLanguage":"it-IT","potentialAction":[{"@type":"ReadAction","target":["https:\/\/www.fondazionepirelli.org\/it\/cultura-dimpresa\/la-buona-storia-per-la-buona-cultura-dimpresa\/"]}]},{"@type":"ImageObject","inLanguage":"it-IT","@id":"https:\/\/www.fondazionepirelli.org\/it\/cultura-dimpresa\/la-buona-storia-per-la-buona-cultura-dimpresa\/#primaryimage","url":"https:\/\/wpsite-assets.fondazionepirelli.org\/wp-content\/uploads\/2021\/03\/29090903\/978880624441GRA.jpg","contentUrl":"https:\/\/wpsite-assets.fondazionepirelli.org\/wp-content\/uploads\/2021\/03\/29090903\/978880624441GRA.jpg","width":250,"height":385},{"@type":"BreadcrumbList","@id":"https:\/\/www.fondazionepirelli.org\/it\/cultura-dimpresa\/la-buona-storia-per-la-buona-cultura-dimpresa\/#breadcrumb","itemListElement":[{"@type":"ListItem","position":1,"name":"Home","item":"https:\/\/www.fondazionepirelli.org\/it\/"},{"@type":"ListItem","position":2,"name":"La buona storia per la buona cultura d\u2019impresa"}]},{"@type":"WebSite","@id":"https:\/\/www.fondazionepirelli.org\/it\/#website","url":"https:\/\/www.fondazionepirelli.org\/it\/","name":"Fondazione Pirelli","description":"","potentialAction":[{"@type":"SearchAction","target":{"@type":"EntryPoint","urlTemplate":"https:\/\/www.fondazionepirelli.org\/it\/?s={search_term_string}"},"query-input":{"@type":"PropertyValueSpecification","valueRequired":true,"valueName":"search_term_string"}}],"inLanguage":"it-IT"},{"@type":"Person","@id":"https:\/\/www.fondazionepirelli.org\/it\/#\/schema\/person\/c31fcf5937a0e6afa45497f3f8b6d7a0","name":"fondazionepirelli","image":{"@type":"ImageObject","inLanguage":"it-IT","@id":"https:\/\/www.fondazionepirelli.org\/it\/#\/schema\/person\/image\/","url":"https:\/\/secure.gravatar.com\/avatar\/9cb486421ce1d6eddbf6c4fb66841b4325b786695f7aedf1dde2222428218696?s=96&d=mm&r=g","contentUrl":"https:\/\/secure.gravatar.com\/avatar\/9cb486421ce1d6eddbf6c4fb66841b4325b786695f7aedf1dde2222428218696?s=96&d=mm&r=g","caption":"fondazionepirelli"},"url":"https:\/\/www.fondazionepirelli.org\/it\/author\/fondazionepirelli\/"}]}},"_links":{"self":[{"href":"https:\/\/www.fondazionepirelli.org\/it\/wp-json\/wp\/v2\/posts\/83036\/"}],"collection":[{"href":"https:\/\/www.fondazionepirelli.org\/it\/wp-json\/wp\/v2\/posts\/"}],"about":[{"href":"https:\/\/www.fondazionepirelli.org\/it\/wp-json\/wp\/v2\/types\/post\/"}],"author":[{"embeddable":true,"href":"https:\/\/www.fondazionepirelli.org\/it\/wp-json\/wp\/v2\/users\/9\/"}],"replies":[{"embeddable":true,"href":"https:\/\/www.fondazionepirelli.org\/it\/wp-json\/wp\/v2\/comments\/?post=83036"}],"version-history":[{"count":1,"href":"https:\/\/www.fondazionepirelli.org\/it\/wp-json\/wp\/v2\/posts\/83036\/revisions\/"}],"predecessor-version":[{"id":83039,"href":"https:\/\/www.fondazionepirelli.org\/it\/wp-json\/wp\/v2\/posts\/83036\/revisions\/83039\/"}],"wp:featuredmedia":[{"embeddable":true,"href":"https:\/\/www.fondazionepirelli.org\/it\/wp-json\/wp\/v2\/media\/83037\/"}],"wp:attachment":[{"href":"https:\/\/www.fondazionepirelli.org\/it\/wp-json\/wp\/v2\/media\/?parent=83036"}],"wp:term":[{"taxonomy":"category","embeddable":true,"href":"https:\/\/www.fondazionepirelli.org\/it\/wp-json\/wp\/v2\/categories\/?post=83036"},{"taxonomy":"post_tag","embeddable":true,"href":"https:\/\/www.fondazionepirelli.org\/it\/wp-json\/wp\/v2\/tags\/?post=83036"}],"curies":[{"name":"wp","href":"https:\/\/api.w.org\/{rel}","templated":true}]}}