{"id":83056,"date":"2021-04-07T15:18:54","date_gmt":"2021-04-07T14:18:54","guid":{"rendered":"https:\/\/www.fondazionepirelli.org\/?p=83056"},"modified":"2021-04-12T07:56:17","modified_gmt":"2021-04-12T06:56:17","slug":"larchitettura-pubblicitaria-nelle-fiere-degli-anni-cinquanta","status":"publish","type":"post","link":"https:\/\/www.fondazionepirelli.org\/it\/iniziative\/larchitettura-pubblicitaria-nelle-fiere-degli-anni-cinquanta\/","title":{"rendered":"\u201cL\u2019architettura pubblicitaria\u201d nelle fiere degli anni Cinquanta"},"content":{"rendered":"<p>La partecipazione di <strong>Pirelli<\/strong> a esposizioni e <strong>fiere<\/strong> per la presentazione dei propri prodotti risale alle origini della sua storia. All\u2019<strong>Esposizione Nazionale di Milano<\/strong> del 1881, quando l\u2019azienda non ha ancora compiuto dieci anni di attivit\u00e0, seguono le partecipazioni a fiere in tutto il mondo: da Parigi (1900) a Osaka (1903), da Saint Louis (1904) a Buenos Aires (1910). Se anche in queste fiere di primo Novecento non mancano le <strong>sperimentazioni allestitive<\/strong>, come la gigantografia dell\u2019uscita delle maestranze realizzata dal fotografo Luca Comerio per l\u2019<strong>esposizione del Sempione<\/strong> <strong>del 1906<\/strong>, \u00e8 negli anni Cinquanta che l\u2019architettura fieristica sperimenta soluzioni davvero innovative, affidate a grandi nomi dell\u2019architettura in collaborazione con grandi autori della grafica. A partire dal 1948, con la consulenza di <strong>Leonardo Sinisgall<\/strong>i, la Pirelli riprende l\u2019attivit\u00e0 pubblicitaria, nelle sue diverse manifestazioni. Tra queste, le fiere rivestono un ruolo importante\u00a0 nella presentazione, a livello internazionale, dei <strong>numerosi prodotti<\/strong> dell\u2019azienda, come testimoniano le tante fotografie conservate nel nostro Archivio Storico e consultabili <a href=\"https:\/\/www.fondazionepirelli.org\/archivio-storico\/fotografie\/search\/result.html?collanaName=%22Esposizioni%22\">on line<\/a>. Tra le prime partecipazioni del dopoguerra, degno di nota \u00e8 lo stand Pirelli realizzato nel 1951 alla <strong>Fiera Campionaria di Milano<\/strong>, che riapriva i battenti dopo la ricostruzione in seguito ai bombardamenti del 1943. Se l\u2019ideazione \u00e8 molto probabilmente dovuta a Sinisgalli, la progettazione architettonica dello stand viene affidata a<strong> Luigi Gargantini<\/strong>, che realizza un \u201ccastello pubblicitario\u201d, come lo definisce la rivista <em>Domus<\/em> sul numero di luglio-agosto 1951: un\u2019installazione dove non \u00e8 esposto alcun prodotto ma sono mostrate solo le pubblicit\u00e0 realizzate dalla Pirelli nel corso della sua storia, riprodotte su cubi e parallelepipedi ancorati a pali all\u2019interno di una struttura aperta su quattro lati. \u201cRaramente un prodotto della vita moderna ha trovato altrettanta eleganza di esposizione\u201d \u2013 afferma Vittorio Bonicelli nell\u2019articolo \u201c<a href=\"https:\/\/www.fondazionepirelli.org\/archivio-storico\/bookreader\/pubblicazioni-e-riviste\/RivistaPirelli\/1951_2.html?q=bonicelli&amp;start=21&amp;lang=it#page\/20\/mode\/2up\">Architettura pubblicitaria<\/a>\u201d sulla Rivista Pirelli \u2013 \u201cMa non \u00e8 tanto questo che conta [&#8230;]: piuttosto l\u2019equilibrio dei vuoti e dei pieni, e come lo spazio, la luce, il colore abbiano un posto ben preciso, immutabile. Tutto ci\u00f2 significa stile\u201d, conclude Bonicelli.<\/p>\n<p>Nel corso degli anni Cinquanta, quando, dopo l\u2019uscita di Leonardo Sinisgalli, la Propaganda Pirelli passa sotto la guida di <strong>Arrigo Castellani<\/strong>, il fenomeno delle fiere cresce a dismisura, sia per numero di visitatori, sia come luogo di sperimentazione architettonica. Gli allestimenti sono sempre pi\u00f9 spettacolari per soddisfare il desiderio del pubblico di \u201cun po\u2019 di\u00a0 fantascienza e un po\u2019 di luna park\u201d come afferma Francesco Mafera nell\u2019articolo per la Rivista Pirelli <a href=\"https:\/\/www.fondazionepirelli.org\/archivio-storico\/bookreader\/pubblicazioni-e-riviste\/RivistaPirelli\/1956_2.html?q=&amp;start=41&amp;lang=it#page\/40\/mode\/2up\">Settantacinque fiere in un anno<\/a>, nel quale l\u2019autore si interroga sull\u2019opportunit\u00e0 della grandiosit\u00e0 e del costo di alcuni stand fieristici di quegli anni. Come esempio di allestimento \u201csensazionale\u201d viene mostrata nell\u2019articolo la struttura progettata dall\u2019architetto<strong> Roberto Menghi<\/strong> per la <strong>Fiera Campionaria del 1955<\/strong>: una piscina pensile, frutto della collaborazione tra Pirelli e il Comitato organizzativo della Fiera, realizzata con una gabbia in cemento armato dalle pareti di cristallo, sorretta da dieci piedistalli, nella quale i sommozzatori del Gruppo Sportivo Pirelli danno una dimostrazione dell\u2019utilizzo dei prodotti dell\u2019azienda per il mare. Tra i padiglioni spettacolari ricordiamo anche quello allestito dalla Pirelli alla <strong>Fiera del Levante di Bari<\/strong> dello stesso anno: una vera e propria opera ingegneristica affidata ancora una volta a Luigi Gargantini con la supervisione dell\u2019ingegnere <strong>Giuseppe Valtolina<\/strong>. Un enorme pneumatico da trattore del diametro di 16 metri e del peso 20 tonnellate \u00e8 posto in equilibrio su una mensola posizionata a sbalzo sulla via principale della Fiera, a sovrastare il passaggio del pubblico e a significare la forza del contributo dato da Pirelli allo sviluppo del Mezzogiorno. Notevoli gli accorgimenti tecnici sia per mantenere in equilibrio la struttura sotto la spinta del vento, sia per ottenere le eccezionali dimensioni della ruota. Anche a questo allestimento viene dedicato un <a href=\"https:\/\/www.fondazionepirelli.org\/archivio-storico\/bookreader\/pubblicazioni-e-riviste\/RivistaPirelli\/1955_5.html?q=&amp;start=26&amp;lang=it#page\/26\/mode\/2up\">articolo<\/a> dalla Rivista Pirelli, che ne esalta il valore architettonico,\u00a0 risultato \u201cdal contrasto fra le strutture della mensola semplice, lineare [&#8230;] e la gonfia rotondit\u00e0 plastica del pneumatico con la girandola del suo battistrada molto marcato\u201d. Intorno alla struttura i prodotti Pirelli per l\u2019agricoltura vengono presentati a cura di Pino Tovaglia, con \u201cun gioco decorativo a forte risalto plastico\u201d.<\/p>\n<p>Degni di nota in questi anni sono anche alcuni esempi di allestimenti meno spettacolari, ma caratterizzati da un\u2019elevata qualit\u00e0 nel design. \u00c8 il caso della <strong>Fiera del Ciclo e del Motociclo del 1956<\/strong>, dove la Pirelli presenta i propri prodotti con un progetto firmato da <strong>Franco Albini e Franca Helg<\/strong>, con il contributo di Pino Tovaglia. Lo stand ricostruisce la <strong>storia della bicicletta<\/strong> con la presentazione di pezzi storici all\u2019interno di una struttura che ricorda la forma di una grande ruota. Un pilastro al centro sostiene quattro telai radiali con le grafiche di Tovaglia, al di sotto dei quali sono disposti i pneumatici e gli accessori per bici e motociclette che hanno fatto la storia del trasporto su due ruote. Un allestimento caratterizzato dal razionalismo e dal rigore tipici di Franco Albini, che viene salutato dalla rivista <em>Ciclismo<\/em> come lo stand \u201cpi\u00f9 commovente, pi\u00f9 poetico, il pi\u00f9 grande inno alla bicicletta che grande o piccola ditta (e questa \u00e8 grandissima, inarrivabile) ebbero mai dedicato alla regina della strada\u201d.<\/p>\n<p>Tra i nomi coinvolti nella progettazione delle fiere in questi anni e nei successivi anni Sessanta anche <strong>Erberto Carboni, Bruno Munari, Bob Noorda, oltre a Renato Guttuso,<\/strong> autore dello straordinario mosaico esposto nel padiglione progettato per Pirelli da Franco Albini e Franca Helg per l\u2019Esposizione Internazionale del Lavoro\u00a0 a Torino nel 1961, dedicato alla ricerca scientifica e oggi esposto presso la Fondazione Pirelli.<\/p>","protected":false},"excerpt":{"rendered":"<p>La partecipazione di Pirelli a esposizioni e fiere per la presentazione dei propri prodotti risale alle origini della sua storia. All\u2019Esposizione Nazionale di Milano del 1881, quando l\u2019azienda non ha ancora compiuto dieci anni di attivit\u00e0, seguono le partecipazioni a fiere in tutto il mondo: da Parigi (1900) a Osaka (1903), da Saint Louis (1904) [&hellip;]<\/p>\n","protected":false},"author":9,"featured_media":83058,"comment_status":"open","ping_status":"open","sticky":false,"template":"","format":"standard","meta":{"footnotes":""},"categories":[126,60,62],"tags":[125],"class_list":["post-83056","post","type-post","status-publish","format-standard","has-post-thumbnail","hentry","category-archivio-storico","category-iniziative","category-storie-dal-mondo-pirelli","tag-storie-di-prodotto"],"acf":[],"yoast_head":"<!-- This site is optimized with the Yoast SEO plugin v25.0 - https:\/\/yoast.com\/wordpress\/plugins\/seo\/ -->\n<title>\u201cL\u2019architettura pubblicitaria\u201d nelle fiere degli anni Cinquanta - Fondazione Pirelli<\/title>\n<meta name=\"robots\" content=\"index, follow, max-snippet:-1, max-image-preview:large, max-video-preview:-1\" \/>\n<link rel=\"canonical\" href=\"https:\/\/www.fondazionepirelli.org\/it\/iniziative\/larchitettura-pubblicitaria-nelle-fiere-degli-anni-cinquanta\/\" \/>\n<meta property=\"og:locale\" content=\"it_IT\" \/>\n<meta property=\"og:type\" content=\"article\" \/>\n<meta property=\"og:title\" content=\"\u201cL\u2019architettura pubblicitaria\u201d nelle fiere degli anni Cinquanta - Fondazione Pirelli\" \/>\n<meta property=\"og:description\" content=\"La partecipazione di Pirelli a esposizioni e fiere per la presentazione dei propri prodotti risale alle origini della sua storia. All\u2019Esposizione Nazionale di Milano del 1881, quando l\u2019azienda non ha ancora compiuto dieci anni di attivit\u00e0, seguono le partecipazioni a fiere in tutto il mondo: da Parigi (1900) a Osaka (1903), da Saint Louis (1904) [&hellip;]\" \/>\n<meta property=\"og:url\" content=\"https:\/\/www.fondazionepirelli.org\/it\/iniziative\/larchitettura-pubblicitaria-nelle-fiere-degli-anni-cinquanta\/\" \/>\n<meta property=\"og:site_name\" content=\"Fondazione Pirelli\" \/>\n<meta property=\"article:published_time\" content=\"2021-04-07T14:18:54+00:00\" \/>\n<meta property=\"article:modified_time\" content=\"2021-04-12T06:56:17+00:00\" \/>\n<meta property=\"og:image\" content=\"https:\/\/wpsite-assets.fondazionepirelli.org\/wp-content\/uploads\/2021\/04\/02090116\/Prop2_SaloneCicloMotocicloMilano_128013_-e1617350487976.jpg\" \/>\n\t<meta property=\"og:image:width\" content=\"499\" \/>\n\t<meta property=\"og:image:height\" content=\"380\" \/>\n\t<meta property=\"og:image:type\" content=\"image\/jpeg\" \/>\n<meta name=\"author\" content=\"fondazionepirelli\" \/>\n<meta name=\"twitter:card\" content=\"summary_large_image\" \/>\n<meta name=\"twitter:label1\" content=\"Scritto da\" \/>\n\t<meta name=\"twitter:data1\" content=\"fondazionepirelli\" \/>\n\t<meta name=\"twitter:label2\" content=\"Tempo di lettura stimato\" \/>\n\t<meta name=\"twitter:data2\" content=\"4 minuti\" \/>\n<script type=\"application\/ld+json\" class=\"yoast-schema-graph\">{\"@context\":\"https:\/\/schema.org\",\"@graph\":[{\"@type\":\"WebPage\",\"@id\":\"https:\/\/www.fondazionepirelli.org\/it\/iniziative\/larchitettura-pubblicitaria-nelle-fiere-degli-anni-cinquanta\/\",\"url\":\"https:\/\/www.fondazionepirelli.org\/it\/iniziative\/larchitettura-pubblicitaria-nelle-fiere-degli-anni-cinquanta\/\",\"name\":\"\u201cL\u2019architettura pubblicitaria\u201d nelle fiere degli anni Cinquanta - Fondazione Pirelli\",\"isPartOf\":{\"@id\":\"https:\/\/www.fondazionepirelli.org\/it\/#website\"},\"primaryImageOfPage\":{\"@id\":\"https:\/\/www.fondazionepirelli.org\/it\/iniziative\/larchitettura-pubblicitaria-nelle-fiere-degli-anni-cinquanta\/#primaryimage\"},\"image\":{\"@id\":\"https:\/\/www.fondazionepirelli.org\/it\/iniziative\/larchitettura-pubblicitaria-nelle-fiere-degli-anni-cinquanta\/#primaryimage\"},\"thumbnailUrl\":\"https:\/\/wpsite-assets.fondazionepirelli.org\/wp-content\/uploads\/2021\/04\/02090116\/Prop2_SaloneCicloMotocicloMilano_128013_-e1617350487976.jpg\",\"datePublished\":\"2021-04-07T14:18:54+00:00\",\"dateModified\":\"2021-04-12T06:56:17+00:00\",\"author\":{\"@id\":\"https:\/\/www.fondazionepirelli.org\/it\/#\/schema\/person\/c31fcf5937a0e6afa45497f3f8b6d7a0\"},\"breadcrumb\":{\"@id\":\"https:\/\/www.fondazionepirelli.org\/it\/iniziative\/larchitettura-pubblicitaria-nelle-fiere-degli-anni-cinquanta\/#breadcrumb\"},\"inLanguage\":\"it-IT\",\"potentialAction\":[{\"@type\":\"ReadAction\",\"target\":[\"https:\/\/www.fondazionepirelli.org\/it\/iniziative\/larchitettura-pubblicitaria-nelle-fiere-degli-anni-cinquanta\/\"]}]},{\"@type\":\"ImageObject\",\"inLanguage\":\"it-IT\",\"@id\":\"https:\/\/www.fondazionepirelli.org\/it\/iniziative\/larchitettura-pubblicitaria-nelle-fiere-degli-anni-cinquanta\/#primaryimage\",\"url\":\"https:\/\/wpsite-assets.fondazionepirelli.org\/wp-content\/uploads\/2021\/04\/02090116\/Prop2_SaloneCicloMotocicloMilano_128013_-e1617350487976.jpg\",\"contentUrl\":\"https:\/\/wpsite-assets.fondazionepirelli.org\/wp-content\/uploads\/2021\/04\/02090116\/Prop2_SaloneCicloMotocicloMilano_128013_-e1617350487976.jpg\",\"width\":499,\"height\":380},{\"@type\":\"BreadcrumbList\",\"@id\":\"https:\/\/www.fondazionepirelli.org\/it\/iniziative\/larchitettura-pubblicitaria-nelle-fiere-degli-anni-cinquanta\/#breadcrumb\",\"itemListElement\":[{\"@type\":\"ListItem\",\"position\":1,\"name\":\"Home\",\"item\":\"https:\/\/www.fondazionepirelli.org\/it\/\"},{\"@type\":\"ListItem\",\"position\":2,\"name\":\"\u201cL\u2019architettura pubblicitaria\u201d nelle fiere degli anni Cinquanta\"}]},{\"@type\":\"WebSite\",\"@id\":\"https:\/\/www.fondazionepirelli.org\/it\/#website\",\"url\":\"https:\/\/www.fondazionepirelli.org\/it\/\",\"name\":\"Fondazione Pirelli\",\"description\":\"\",\"potentialAction\":[{\"@type\":\"SearchAction\",\"target\":{\"@type\":\"EntryPoint\",\"urlTemplate\":\"https:\/\/www.fondazionepirelli.org\/it\/?s={search_term_string}\"},\"query-input\":{\"@type\":\"PropertyValueSpecification\",\"valueRequired\":true,\"valueName\":\"search_term_string\"}}],\"inLanguage\":\"it-IT\"},{\"@type\":\"Person\",\"@id\":\"https:\/\/www.fondazionepirelli.org\/it\/#\/schema\/person\/c31fcf5937a0e6afa45497f3f8b6d7a0\",\"name\":\"fondazionepirelli\",\"image\":{\"@type\":\"ImageObject\",\"inLanguage\":\"it-IT\",\"@id\":\"https:\/\/www.fondazionepirelli.org\/it\/#\/schema\/person\/image\/\",\"url\":\"https:\/\/secure.gravatar.com\/avatar\/9cb486421ce1d6eddbf6c4fb66841b4325b786695f7aedf1dde2222428218696?s=96&d=mm&r=g\",\"contentUrl\":\"https:\/\/secure.gravatar.com\/avatar\/9cb486421ce1d6eddbf6c4fb66841b4325b786695f7aedf1dde2222428218696?s=96&d=mm&r=g\",\"caption\":\"fondazionepirelli\"},\"url\":\"https:\/\/www.fondazionepirelli.org\/it\/author\/fondazionepirelli\/\"}]}<\/script>\n<!-- \/ Yoast SEO plugin. -->","yoast_head_json":{"title":"\u201cL\u2019architettura pubblicitaria\u201d nelle fiere degli anni Cinquanta - Fondazione Pirelli","robots":{"index":"index","follow":"follow","max-snippet":"max-snippet:-1","max-image-preview":"max-image-preview:large","max-video-preview":"max-video-preview:-1"},"canonical":"https:\/\/www.fondazionepirelli.org\/it\/iniziative\/larchitettura-pubblicitaria-nelle-fiere-degli-anni-cinquanta\/","og_locale":"it_IT","og_type":"article","og_title":"\u201cL\u2019architettura pubblicitaria\u201d nelle fiere degli anni Cinquanta - Fondazione Pirelli","og_description":"La partecipazione di Pirelli a esposizioni e fiere per la presentazione dei propri prodotti risale alle origini della sua storia. All\u2019Esposizione Nazionale di Milano del 1881, quando l\u2019azienda non ha ancora compiuto dieci anni di attivit\u00e0, seguono le partecipazioni a fiere in tutto il mondo: da Parigi (1900) a Osaka (1903), da Saint Louis (1904) [&hellip;]","og_url":"https:\/\/www.fondazionepirelli.org\/it\/iniziative\/larchitettura-pubblicitaria-nelle-fiere-degli-anni-cinquanta\/","og_site_name":"Fondazione Pirelli","article_published_time":"2021-04-07T14:18:54+00:00","article_modified_time":"2021-04-12T06:56:17+00:00","og_image":[{"width":499,"height":380,"url":"https:\/\/wpsite-assets.fondazionepirelli.org\/wp-content\/uploads\/2021\/04\/02090116\/Prop2_SaloneCicloMotocicloMilano_128013_-e1617350487976.jpg","type":"image\/jpeg"}],"author":"fondazionepirelli","twitter_card":"summary_large_image","twitter_misc":{"Scritto da":"fondazionepirelli","Tempo di lettura stimato":"4 minuti"},"schema":{"@context":"https:\/\/schema.org","@graph":[{"@type":"WebPage","@id":"https:\/\/www.fondazionepirelli.org\/it\/iniziative\/larchitettura-pubblicitaria-nelle-fiere-degli-anni-cinquanta\/","url":"https:\/\/www.fondazionepirelli.org\/it\/iniziative\/larchitettura-pubblicitaria-nelle-fiere-degli-anni-cinquanta\/","name":"\u201cL\u2019architettura pubblicitaria\u201d nelle fiere degli anni Cinquanta - Fondazione Pirelli","isPartOf":{"@id":"https:\/\/www.fondazionepirelli.org\/it\/#website"},"primaryImageOfPage":{"@id":"https:\/\/www.fondazionepirelli.org\/it\/iniziative\/larchitettura-pubblicitaria-nelle-fiere-degli-anni-cinquanta\/#primaryimage"},"image":{"@id":"https:\/\/www.fondazionepirelli.org\/it\/iniziative\/larchitettura-pubblicitaria-nelle-fiere-degli-anni-cinquanta\/#primaryimage"},"thumbnailUrl":"https:\/\/wpsite-assets.fondazionepirelli.org\/wp-content\/uploads\/2021\/04\/02090116\/Prop2_SaloneCicloMotocicloMilano_128013_-e1617350487976.jpg","datePublished":"2021-04-07T14:18:54+00:00","dateModified":"2021-04-12T06:56:17+00:00","author":{"@id":"https:\/\/www.fondazionepirelli.org\/it\/#\/schema\/person\/c31fcf5937a0e6afa45497f3f8b6d7a0"},"breadcrumb":{"@id":"https:\/\/www.fondazionepirelli.org\/it\/iniziative\/larchitettura-pubblicitaria-nelle-fiere-degli-anni-cinquanta\/#breadcrumb"},"inLanguage":"it-IT","potentialAction":[{"@type":"ReadAction","target":["https:\/\/www.fondazionepirelli.org\/it\/iniziative\/larchitettura-pubblicitaria-nelle-fiere-degli-anni-cinquanta\/"]}]},{"@type":"ImageObject","inLanguage":"it-IT","@id":"https:\/\/www.fondazionepirelli.org\/it\/iniziative\/larchitettura-pubblicitaria-nelle-fiere-degli-anni-cinquanta\/#primaryimage","url":"https:\/\/wpsite-assets.fondazionepirelli.org\/wp-content\/uploads\/2021\/04\/02090116\/Prop2_SaloneCicloMotocicloMilano_128013_-e1617350487976.jpg","contentUrl":"https:\/\/wpsite-assets.fondazionepirelli.org\/wp-content\/uploads\/2021\/04\/02090116\/Prop2_SaloneCicloMotocicloMilano_128013_-e1617350487976.jpg","width":499,"height":380},{"@type":"BreadcrumbList","@id":"https:\/\/www.fondazionepirelli.org\/it\/iniziative\/larchitettura-pubblicitaria-nelle-fiere-degli-anni-cinquanta\/#breadcrumb","itemListElement":[{"@type":"ListItem","position":1,"name":"Home","item":"https:\/\/www.fondazionepirelli.org\/it\/"},{"@type":"ListItem","position":2,"name":"\u201cL\u2019architettura pubblicitaria\u201d nelle fiere degli anni Cinquanta"}]},{"@type":"WebSite","@id":"https:\/\/www.fondazionepirelli.org\/it\/#website","url":"https:\/\/www.fondazionepirelli.org\/it\/","name":"Fondazione Pirelli","description":"","potentialAction":[{"@type":"SearchAction","target":{"@type":"EntryPoint","urlTemplate":"https:\/\/www.fondazionepirelli.org\/it\/?s={search_term_string}"},"query-input":{"@type":"PropertyValueSpecification","valueRequired":true,"valueName":"search_term_string"}}],"inLanguage":"it-IT"},{"@type":"Person","@id":"https:\/\/www.fondazionepirelli.org\/it\/#\/schema\/person\/c31fcf5937a0e6afa45497f3f8b6d7a0","name":"fondazionepirelli","image":{"@type":"ImageObject","inLanguage":"it-IT","@id":"https:\/\/www.fondazionepirelli.org\/it\/#\/schema\/person\/image\/","url":"https:\/\/secure.gravatar.com\/avatar\/9cb486421ce1d6eddbf6c4fb66841b4325b786695f7aedf1dde2222428218696?s=96&d=mm&r=g","contentUrl":"https:\/\/secure.gravatar.com\/avatar\/9cb486421ce1d6eddbf6c4fb66841b4325b786695f7aedf1dde2222428218696?s=96&d=mm&r=g","caption":"fondazionepirelli"},"url":"https:\/\/www.fondazionepirelli.org\/it\/author\/fondazionepirelli\/"}]}},"_links":{"self":[{"href":"https:\/\/www.fondazionepirelli.org\/it\/wp-json\/wp\/v2\/posts\/83056\/"}],"collection":[{"href":"https:\/\/www.fondazionepirelli.org\/it\/wp-json\/wp\/v2\/posts\/"}],"about":[{"href":"https:\/\/www.fondazionepirelli.org\/it\/wp-json\/wp\/v2\/types\/post\/"}],"author":[{"embeddable":true,"href":"https:\/\/www.fondazionepirelli.org\/it\/wp-json\/wp\/v2\/users\/9\/"}],"replies":[{"embeddable":true,"href":"https:\/\/www.fondazionepirelli.org\/it\/wp-json\/wp\/v2\/comments\/?post=83056"}],"version-history":[{"count":3,"href":"https:\/\/www.fondazionepirelli.org\/it\/wp-json\/wp\/v2\/posts\/83056\/revisions\/"}],"predecessor-version":[{"id":83155,"href":"https:\/\/www.fondazionepirelli.org\/it\/wp-json\/wp\/v2\/posts\/83056\/revisions\/83155\/"}],"wp:featuredmedia":[{"embeddable":true,"href":"https:\/\/www.fondazionepirelli.org\/it\/wp-json\/wp\/v2\/media\/83058\/"}],"wp:attachment":[{"href":"https:\/\/www.fondazionepirelli.org\/it\/wp-json\/wp\/v2\/media\/?parent=83056"}],"wp:term":[{"taxonomy":"category","embeddable":true,"href":"https:\/\/www.fondazionepirelli.org\/it\/wp-json\/wp\/v2\/categories\/?post=83056"},{"taxonomy":"post_tag","embeddable":true,"href":"https:\/\/www.fondazionepirelli.org\/it\/wp-json\/wp\/v2\/tags\/?post=83056"}],"curies":[{"name":"wp","href":"https:\/\/api.w.org\/{rel}","templated":true}]}}