{"id":83137,"date":"2021-04-12T07:05:52","date_gmt":"2021-04-12T06:05:52","guid":{"rendered":"https:\/\/www.fondazionepirelli.org\/?p=83137"},"modified":"2021-04-12T07:05:52","modified_gmt":"2021-04-12T06:05:52","slug":"cultura-dellimpresa-sostenibile","status":"publish","type":"post","link":"https:\/\/www.fondazionepirelli.org\/it\/cultura-dimpresa\/cultura-dellimpresa-sostenibile\/","title":{"rendered":"Cultura dell\u2019impresa sostenibile"},"content":{"rendered":"<p><em>Una tesi discussa presso l\u2019Universit\u00e0 di Pisa ragiona e sull\u2019economia circolare e sulle sue concrete possibilit\u00e0 di realizzazione<\/em><\/p>\n<p><strong>\u00a0<\/strong><\/p>\n<p>Responsabilit\u00e0 d\u2019impresa anche dal punto di vista ambientale. Questione spinosa e non completamente risolta. E che quindi va sempre affrontata con attenzione. E\u2019 questo che fa Stefano Merciadri con il suo lavoro di tesi \u201cIl ruolo delle imprese verso uno sviluppo sostenibile: analisi di eccellenze italiane e strategia &#8220;Rifiuti Zero&#8221;\u201d discusso recentemente nell\u2019ambito del corso di studi Comunicazione d&#8217;impresa e politica delle risorse umane presso l\u2019Universit\u00e0 di Pisa.<\/p>\n<p>L\u2019indagine di Merciadri ha un obiettivo: dimostrare come, partendo dalle imprese e da nuove prospettive economiche, sia possibile invertire la rotta del rapporto negativo tra impresa e ambiente ripristinando un rapporto positivo con il secondo e, al tempo stesso, garantire il benessere delle generazioni future.<\/p>\n<p>L\u2019autore, inizia quindi con l\u2019esaminare i concetti fondamentali sui quali si basa l\u2019indagine: dalla sostenibilit\u00e0 alla <em>green<\/em> <em>economy<\/em> fino ad aspetti strettamente organizzativi come la strategia aziendale e la responsabilit\u00e0 sociale d\u2019impresa. Particolare attenzione viene quindi posta alla strategia nota come \u201cRifiuti Zero\u201d. La ricerca poi approfondisce da un lato le modalit\u00e0 organizzative delle imprese attive nella <em>green<\/em> <em>economy<\/em> e, dall\u2019altro, le relazioni che queste creano con i portatori di interessi e i clienti. E\u2019 in questo passaggio della ricerca che viene sottolineata \u201cl\u2019importanza della cultura organizzativa nel trasmettere i nuovi ideali <em>green<\/em> nei vari livelli gerarchici\u201d. L\u2019indagine si conclude con l\u2019approfondimento delle contraddizioni insite nel modello di sviluppo fondato sull\u2019idea di illimitatezza delle risorse e sull\u2019economia lineare. Per meglio caratterizzare i passaggi fondamentali della ricerca, Merciadri usa anche i casi di alcune imprese particolarmente impegnate nella sostenibilit\u00e0: Contarina Spa, Alia Servizi Ambientali Spa, ASCIT Spa, Sea Risorse Spa.<\/p>\n<p>Scrive l\u2019autore nelle conclusioni: \u201cIn tutte le aziende considerate ho trovato dei fattori di successo. Il primo da evidenziare \u00e8 rappresentato dalla comunicazione e dalla cultura organizzativa. (\u2026) Un altro aspetto di assoluto rilievo nel perseguire la sostenibilit\u00e0 \u00e8 dato dalla progettazione e realizzazione di impianti d\u2019avanguardia\u201d. Ci\u00f2 che pi\u00f9 conta, tuttavia, \u00e8 la dimostrazione della possibilit\u00e0 di effettuare un salto di livello della cultura d\u2019impresa verso una maggiore pervasivit\u00e0 dei principi dell\u2019economia circolare e della sostenibilit\u00e0 ambientale.<\/p><p><a href=\"https:\/\/wpsite-assets.fondazionepirelli.org\/wp-content\/uploads\/2021\/04\/12062522\/Tesi_Magistrale_Stefano_Merciadri.pdf\"><strong>Il ruolo delle imprese verso uno sviluppo sostenibile: analisi di eccellenze italiane e strategia &#8220;Rifiuti Zero&#8221;<\/strong><\/a><\/p>\n<p>Stefano Merciadri<\/p>\n<p>Tesi, Universit\u00e0 degli studi di Pisa, Comunicazione d&#8217;impresa e politica delle risorse umane, 2021<\/p>","protected":false},"excerpt":{"rendered":"<p>Una tesi discussa presso l\u2019Universit\u00e0 di Pisa ragiona e sull\u2019economia circolare e sulle sue concrete possibilit\u00e0 di realizzazione \u00a0 Responsabilit\u00e0 d\u2019impresa anche dal punto di vista ambientale. Questione spinosa e non completamente risolta. E che quindi va sempre affrontata con attenzione. E\u2019 questo che fa Stefano Merciadri con il suo lavoro di tesi \u201cIl ruolo [&hellip;]<\/p>\n","protected":false},"author":9,"featured_media":0,"comment_status":"open","ping_status":"open","sticky":false,"template":"","format":"standard","meta":{"footnotes":""},"categories":[54,52],"tags":[],"class_list":["post-83137","post","type-post","status-publish","format-standard","hentry","category-approfondimenti","category-cultura-dimpresa"],"acf":[],"yoast_head":"<!-- This site is optimized with the Yoast SEO plugin v25.0 - https:\/\/yoast.com\/wordpress\/plugins\/seo\/ -->\n<title>Cultura dell\u2019impresa sostenibile - Fondazione Pirelli<\/title>\n<meta name=\"robots\" content=\"index, follow, max-snippet:-1, max-image-preview:large, max-video-preview:-1\" \/>\n<link rel=\"canonical\" href=\"https:\/\/www.fondazionepirelli.org\/it\/cultura-dimpresa\/cultura-dellimpresa-sostenibile\/\" \/>\n<meta property=\"og:locale\" content=\"it_IT\" \/>\n<meta property=\"og:type\" content=\"article\" \/>\n<meta property=\"og:title\" content=\"Cultura dell\u2019impresa sostenibile - Fondazione Pirelli\" \/>\n<meta property=\"og:description\" content=\"Una tesi discussa presso l\u2019Universit\u00e0 di Pisa ragiona e sull\u2019economia circolare e sulle sue concrete possibilit\u00e0 di realizzazione \u00a0 Responsabilit\u00e0 d\u2019impresa anche dal punto di vista ambientale. Questione spinosa e non completamente risolta. E che quindi va sempre affrontata con attenzione. E\u2019 questo che fa Stefano Merciadri con il suo lavoro di tesi \u201cIl ruolo [&hellip;]\" \/>\n<meta property=\"og:url\" content=\"https:\/\/127.0.0.1\/it\/cultura-dimpresa\/cultura-dellimpresa-sostenibile\/\" \/>\n<meta property=\"og:site_name\" content=\"Fondazione Pirelli\" \/>\n<meta property=\"article:published_time\" content=\"2021-04-12T06:05:52+00:00\" \/>\n<meta name=\"author\" content=\"fondazionepirelli\" \/>\n<meta name=\"twitter:card\" content=\"summary_large_image\" \/>\n<meta name=\"twitter:label1\" content=\"Scritto da\" \/>\n\t<meta name=\"twitter:data1\" content=\"fondazionepirelli\" \/>\n\t<meta name=\"twitter:label2\" content=\"Tempo di lettura stimato\" \/>\n\t<meta name=\"twitter:data2\" content=\"2 minuti\" \/>\n<script type=\"application\/ld+json\" class=\"yoast-schema-graph\">{\"@context\":\"https:\/\/schema.org\",\"@graph\":[{\"@type\":\"WebPage\",\"@id\":\"https:\/\/127.0.0.1\/it\/cultura-dimpresa\/cultura-dellimpresa-sostenibile\/\",\"url\":\"https:\/\/127.0.0.1\/it\/cultura-dimpresa\/cultura-dellimpresa-sostenibile\/\",\"name\":\"Cultura dell\u2019impresa sostenibile - Fondazione Pirelli\",\"isPartOf\":{\"@id\":\"https:\/\/www.fondazionepirelli.org\/it\/#website\"},\"datePublished\":\"2021-04-12T06:05:52+00:00\",\"author\":{\"@id\":\"https:\/\/www.fondazionepirelli.org\/it\/#\/schema\/person\/c31fcf5937a0e6afa45497f3f8b6d7a0\"},\"breadcrumb\":{\"@id\":\"https:\/\/127.0.0.1\/it\/cultura-dimpresa\/cultura-dellimpresa-sostenibile\/#breadcrumb\"},\"inLanguage\":\"it-IT\",\"potentialAction\":[{\"@type\":\"ReadAction\",\"target\":[\"https:\/\/127.0.0.1\/it\/cultura-dimpresa\/cultura-dellimpresa-sostenibile\/\"]}]},{\"@type\":\"BreadcrumbList\",\"@id\":\"https:\/\/127.0.0.1\/it\/cultura-dimpresa\/cultura-dellimpresa-sostenibile\/#breadcrumb\",\"itemListElement\":[{\"@type\":\"ListItem\",\"position\":1,\"name\":\"Home\",\"item\":\"https:\/\/www.fondazionepirelli.org\/it\/\"},{\"@type\":\"ListItem\",\"position\":2,\"name\":\"Cultura dell\u2019impresa sostenibile\"}]},{\"@type\":\"WebSite\",\"@id\":\"https:\/\/www.fondazionepirelli.org\/it\/#website\",\"url\":\"https:\/\/www.fondazionepirelli.org\/it\/\",\"name\":\"Fondazione Pirelli\",\"description\":\"\",\"potentialAction\":[{\"@type\":\"SearchAction\",\"target\":{\"@type\":\"EntryPoint\",\"urlTemplate\":\"https:\/\/www.fondazionepirelli.org\/it\/?s={search_term_string}\"},\"query-input\":{\"@type\":\"PropertyValueSpecification\",\"valueRequired\":true,\"valueName\":\"search_term_string\"}}],\"inLanguage\":\"it-IT\"},{\"@type\":\"Person\",\"@id\":\"https:\/\/www.fondazionepirelli.org\/it\/#\/schema\/person\/c31fcf5937a0e6afa45497f3f8b6d7a0\",\"name\":\"fondazionepirelli\",\"image\":{\"@type\":\"ImageObject\",\"inLanguage\":\"it-IT\",\"@id\":\"https:\/\/www.fondazionepirelli.org\/it\/#\/schema\/person\/image\/\",\"url\":\"https:\/\/secure.gravatar.com\/avatar\/9cb486421ce1d6eddbf6c4fb66841b4325b786695f7aedf1dde2222428218696?s=96&d=mm&r=g\",\"contentUrl\":\"https:\/\/secure.gravatar.com\/avatar\/9cb486421ce1d6eddbf6c4fb66841b4325b786695f7aedf1dde2222428218696?s=96&d=mm&r=g\",\"caption\":\"fondazionepirelli\"},\"url\":\"https:\/\/www.fondazionepirelli.org\/it\/author\/fondazionepirelli\/\"}]}<\/script>\n<!-- \/ Yoast SEO plugin. -->","yoast_head_json":{"title":"Cultura dell\u2019impresa sostenibile - Fondazione Pirelli","robots":{"index":"index","follow":"follow","max-snippet":"max-snippet:-1","max-image-preview":"max-image-preview:large","max-video-preview":"max-video-preview:-1"},"canonical":"https:\/\/www.fondazionepirelli.org\/it\/cultura-dimpresa\/cultura-dellimpresa-sostenibile\/","og_locale":"it_IT","og_type":"article","og_title":"Cultura dell\u2019impresa sostenibile - Fondazione Pirelli","og_description":"Una tesi discussa presso l\u2019Universit\u00e0 di Pisa ragiona e sull\u2019economia circolare e sulle sue concrete possibilit\u00e0 di realizzazione \u00a0 Responsabilit\u00e0 d\u2019impresa anche dal punto di vista ambientale. Questione spinosa e non completamente risolta. E che quindi va sempre affrontata con attenzione. E\u2019 questo che fa Stefano Merciadri con il suo lavoro di tesi \u201cIl ruolo [&hellip;]","og_url":"https:\/\/127.0.0.1\/it\/cultura-dimpresa\/cultura-dellimpresa-sostenibile\/","og_site_name":"Fondazione Pirelli","article_published_time":"2021-04-12T06:05:52+00:00","author":"fondazionepirelli","twitter_card":"summary_large_image","twitter_misc":{"Scritto da":"fondazionepirelli","Tempo di lettura stimato":"2 minuti"},"schema":{"@context":"https:\/\/schema.org","@graph":[{"@type":"WebPage","@id":"https:\/\/127.0.0.1\/it\/cultura-dimpresa\/cultura-dellimpresa-sostenibile\/","url":"https:\/\/127.0.0.1\/it\/cultura-dimpresa\/cultura-dellimpresa-sostenibile\/","name":"Cultura dell\u2019impresa sostenibile - Fondazione Pirelli","isPartOf":{"@id":"https:\/\/www.fondazionepirelli.org\/it\/#website"},"datePublished":"2021-04-12T06:05:52+00:00","author":{"@id":"https:\/\/www.fondazionepirelli.org\/it\/#\/schema\/person\/c31fcf5937a0e6afa45497f3f8b6d7a0"},"breadcrumb":{"@id":"https:\/\/127.0.0.1\/it\/cultura-dimpresa\/cultura-dellimpresa-sostenibile\/#breadcrumb"},"inLanguage":"it-IT","potentialAction":[{"@type":"ReadAction","target":["https:\/\/127.0.0.1\/it\/cultura-dimpresa\/cultura-dellimpresa-sostenibile\/"]}]},{"@type":"BreadcrumbList","@id":"https:\/\/127.0.0.1\/it\/cultura-dimpresa\/cultura-dellimpresa-sostenibile\/#breadcrumb","itemListElement":[{"@type":"ListItem","position":1,"name":"Home","item":"https:\/\/www.fondazionepirelli.org\/it\/"},{"@type":"ListItem","position":2,"name":"Cultura dell\u2019impresa sostenibile"}]},{"@type":"WebSite","@id":"https:\/\/www.fondazionepirelli.org\/it\/#website","url":"https:\/\/www.fondazionepirelli.org\/it\/","name":"Fondazione Pirelli","description":"","potentialAction":[{"@type":"SearchAction","target":{"@type":"EntryPoint","urlTemplate":"https:\/\/www.fondazionepirelli.org\/it\/?s={search_term_string}"},"query-input":{"@type":"PropertyValueSpecification","valueRequired":true,"valueName":"search_term_string"}}],"inLanguage":"it-IT"},{"@type":"Person","@id":"https:\/\/www.fondazionepirelli.org\/it\/#\/schema\/person\/c31fcf5937a0e6afa45497f3f8b6d7a0","name":"fondazionepirelli","image":{"@type":"ImageObject","inLanguage":"it-IT","@id":"https:\/\/www.fondazionepirelli.org\/it\/#\/schema\/person\/image\/","url":"https:\/\/secure.gravatar.com\/avatar\/9cb486421ce1d6eddbf6c4fb66841b4325b786695f7aedf1dde2222428218696?s=96&d=mm&r=g","contentUrl":"https:\/\/secure.gravatar.com\/avatar\/9cb486421ce1d6eddbf6c4fb66841b4325b786695f7aedf1dde2222428218696?s=96&d=mm&r=g","caption":"fondazionepirelli"},"url":"https:\/\/www.fondazionepirelli.org\/it\/author\/fondazionepirelli\/"}]}},"_links":{"self":[{"href":"https:\/\/www.fondazionepirelli.org\/it\/wp-json\/wp\/v2\/posts\/83137\/"}],"collection":[{"href":"https:\/\/www.fondazionepirelli.org\/it\/wp-json\/wp\/v2\/posts\/"}],"about":[{"href":"https:\/\/www.fondazionepirelli.org\/it\/wp-json\/wp\/v2\/types\/post\/"}],"author":[{"embeddable":true,"href":"https:\/\/www.fondazionepirelli.org\/it\/wp-json\/wp\/v2\/users\/9\/"}],"replies":[{"embeddable":true,"href":"https:\/\/www.fondazionepirelli.org\/it\/wp-json\/wp\/v2\/comments\/?post=83137"}],"version-history":[{"count":3,"href":"https:\/\/www.fondazionepirelli.org\/it\/wp-json\/wp\/v2\/posts\/83137\/revisions\/"}],"predecessor-version":[{"id":83192,"href":"https:\/\/www.fondazionepirelli.org\/it\/wp-json\/wp\/v2\/posts\/83137\/revisions\/83192\/"}],"wp:attachment":[{"href":"https:\/\/www.fondazionepirelli.org\/it\/wp-json\/wp\/v2\/media\/?parent=83137"}],"wp:term":[{"taxonomy":"category","embeddable":true,"href":"https:\/\/www.fondazionepirelli.org\/it\/wp-json\/wp\/v2\/categories\/?post=83137"},{"taxonomy":"post_tag","embeddable":true,"href":"https:\/\/www.fondazionepirelli.org\/it\/wp-json\/wp\/v2\/tags\/?post=83137"}],"curies":[{"name":"wp","href":"https:\/\/api.w.org\/{rel}","templated":true}]}}