{"id":83323,"date":"2021-05-10T09:44:54","date_gmt":"2021-05-10T08:44:54","guid":{"rendered":"https:\/\/www.fondazionepirelli.org\/?p=83323"},"modified":"2021-05-10T10:15:22","modified_gmt":"2021-05-10T09:15:22","slug":"europa-in-cerca-duna-nuova-politica-comune-sui-diritti-sociali-riforme-per-lavoro-e-welfare","status":"publish","type":"post","link":"https:\/\/www.fondazionepirelli.org\/it\/cultura-dimpresa\/europa-in-cerca-duna-nuova-politica-comune-sui-diritti-sociali-riforme-per-lavoro-e-welfare\/","title":{"rendered":"Europa in cerca d\u2019una nuova politica comune sui diritti sociali: riforme per lavoro e welfare"},"content":{"rendered":"<p>La <strong>dialettica povera<\/strong> dei <em>social media<\/em> schiaccia la realt\u00e0 in due schematiche dimensioni: il pollice alzato dei <em>like <\/em>o il pollice verso il basso, come nei feroci giochi gladiatorii da Circo Massimo, la vita o la morte. Gli <em>haters <\/em>o i <em>followers<\/em>, senza margini di critica ragionata e consapevole. I <em>no vax <\/em>integralisti, ostili a scienza e competenza e gli adoratori plaudenti di qualunque cosa dica uno scienziato su <em>twitter <\/em>o in Tv, dimenticando che proprio la scienza \u00e8 ricerca, dubbio, esperimento, percorso per <em>trials and errors<\/em>, conquiste ogni volta da ridiscutere e superare. Apocalittici o integrati, come avrebbe detto Umberto Eco.<\/p>\n<p>La realt\u00e0 che ogni giorno ci tocca vivere, invece, \u00e8 sempre pi\u00f9 complessa, refrattaria alle retoriche della banale semplificazione. Ci impone di pensare e decidere non per le opposizioni nette dell\u2019<em>aut aut<\/em> ma secondo le composizioni dell\u2019<em>et et<\/em>: costruire sintesi originali che tengano insieme elementi, tensioni, interessi diversi.<\/p>\n<p>E\u2019 proprio ci\u00f2 che sta cercando di fare adesso l\u2019<strong>Europa<\/strong> mentre, sotto le spinte di pandemia e recessione che ne hanno evidenziato la <strong>fragilit\u00e0 dei modelli economici e sociali,<\/strong> ha cominciato a discutere al <strong>Social Summit di Oporto<\/strong> una nuova \u201cDichiarazione sui diritti sociali\u201d che adegui i sistemi di welfare e dunque la spesa pubblica dei paesi Ue alle modifiche del mondo del lavoro, alle esigenze della salute come bene comune di dimensioni globali, ai bisogni di istruzione e conoscenza non solo delle nuove generazioni, ma anche di quelle persone di mezza et\u00e0 che rischiano di essere travolte dal <em>digital divide<\/em> e dunque tagliate fuori sia dai processi di occupazione, sia dal godimento dei servizi pubblici e privati e, pi\u00f9 in generale, dall\u2019incrocio dei diritti e doveri della cittadinanza.<\/p>\n<p>Un\u2019Europa che <strong>componga diversit\u00e0<\/strong>, lungo un cammino comune. Non certo un\u2019Europa che allarghi discriminazioni e differenze, in un mondo in cui comunque crescono tensioni politiche ed economiche sui grandi temi: l\u2019ambiente, le diseguaglianze sociali, gli interessi legati alla crescita economica, il governo dell\u2019innovazione digitale, la sicurezza anche nella sofisticata dimensione della <em>cyber security<\/em>. Nell\u2019et\u00e0 delle incertezze in cui stiamo vivendo, proprio l\u2019Europa, ridisegnando ruoli e responsabilit\u00e0 di sviluppo al suo interno e verso l\u2019esterno, pu\u00f2 dare un contributo determinante agli equilibri di nuove civilt\u00e0.<\/p>\n<p>Sta qui, il senso del cammino intrapreso nei giorni scorsi a Oporto. Abbiamo di fronte tre grandi divari: generazionale, di genere, tra territori. Senza cercare di sanarli, con solido senso di responsabilit\u00e0 pragmatica dei buoni riformisti e con sguardo ambizioso verso il futuro, il \u201cmodello sociale europeo\u201d di cui siamo giustamente orgogliosi (economia di mercato e welfare, intraprendenza personale e intervento pubblico sui grandi temi, diritti individuali e spirito di comunit\u00e0, competitivit\u00e0 e solidariet\u00e0) rischia di non reggere di fronte alle sfide dei tempi nuovi.<\/p>\n<p>Ne sono ben consapevoli alcuni dei maggiori capi di Stato della Ue, da Sergio Mattarella al francese Macron e al tedesco Steinmeier che in una lettera inviata nei giorni scorsi \u201cai cittadini europei\u201d, hanno chiarito: \u201cAbbiamo bisogno di una Unione europea forte, ed efficace, che sia leader globale nella transizione verso uno sviluppo sostenibile, climaticamente neutrale e trainato dal digitale. Occorre un\u2019Unione nella quale ci possiamo tutti identificare, certi di avere fatto tutto il possibile a beneficio delle generazioni future\u201d.<\/p>\n<p>La lettera (nata da un\u2019iniziativa del presidente della Repubblica di Slovenia Borut Pahor e subito condivisa dal Quirinale) insiste su quanto siano importanti oggi i temi della salute, dell\u2019istruzione, dell\u2019ambiente, della \u201c<strong>reciproca solidariet\u00e0 e collaborazione<\/strong>\u201d. Ci si chiede \u201ccome possiamo assicurare collettivamente che i principi fondanti dell\u2019integrazione (libert\u00e0, uguaglianza, rispetto dei diritti umani, stato di diritto e libert\u00e0 di espressione, solidariet\u00e0, democrazia e lealt\u00e0 tra gli Stati membri) restino rilevanti per il futuro\u201d. E si risponde che \u201cnonostante l\u2019Unione europea a volte sembri non equipaggiata per fare fronte alle molte sfide emerse nell\u2019ultimo decennio \u2013 dalla crisi economica e finanziaria alle sfide nel perseguire un sistema migratorio europeo giusto ed equo, sino all\u2019attuale pandemia \u2013 siamo ben consapevoli che sarebbe molto pi\u00f9 difficile per ciascuno di noi se fossimo da soli\u201d.<\/p>\n<p>\u201cInsieme\u201d, dunque, \u00e8 la parola chiave per una Ue \u201c<strong>forte ed efficace<\/strong>\u201d.<\/p>\n<p>La traduzione in scelte politiche di queste indicazioni strategiche ha occupato l\u2019attenzione del vertice di Oporto. Con Mario Draghi impegnato a fare da riferimento per le spinte a una maggiore solidariet\u00e0 contro le resistenze di coloro (Olanda e paesi scandinavi in primo piano) restii a un impegno finanziario comune sui temi sociali. Le politiche nazionali, da sole, non bastano a disegnare un nuovo welfare, ha detto Draghi. E ha sostenuto il piano, definito dal commissario all\u2019Economia Paolo Gentiloni, per un uso pi\u00f9 estero del \u201cSure\u201d, il fondo europeo che finanzia la cassa integrazione e gli altri ammortizzatori sociali, da rafforzare nel tempo con bond Ue (offerti e garantiti da Bruxelles sui mercati mondiali) proprio per avere risorse utili a seguire le evoluzioni del mercato del lavoro in rapido e impetuoso cambiamento, investendo in sostegni temporanei e in formazione. La strada, per quanto impervia, \u00e8 aperta.<\/p>\n<p>Siamo di fronte a una grande partita politica, di democrazia e cambiamento, a una sfida di fiducia.<\/p>\n<p>Populismi di opposto colore e sovranismi di vario tipo (compresi quelli purtroppo interni al complesso mondo Ue) si sono rivelati totalmente incapaci di dare risposte efficaci ai bisogni di lavoro, sicurezza sociale, fiducia nel futuro, se si va al di l\u00e0 dalle parole d\u2019ordine della propaganda che, naturalmente, non \u201caboliscono la povert\u00e0\u201d n\u00e9 assicurano benefici duraturi secondo i proclami del \u201cprima gli americani\u201d, o gli inglesi, o gli italiani. Serve, invece, tornare alle passioni e alle scelte della buona politica, \u201ca una nuova stagione di impegno civile e di lotta politica\u201d, come suggerisce Antonio Scurati sul \u201cCorriere della Sera\u201d (9 maggio). Una politica di valori e interessi legittimi. Era buona politica il <em>whatever it takes<\/em> con cui Mario Draghi, presidente della Bce, ha salvato l\u2019euro. Buona politica il <em>Recovery Plan<\/em> della Ue guidata da Ursula von der Layen e il <em>green new deal<\/em> voluto anche da Angela Merkel. Adesso \u00e8 buona politica l\u2019attuazione della \u201cDichiarazione sui diritti sociali\u201d di Oporto. Sono tutte scelte che dobbiamo alle nuove generazioni, ai nostri figli e nipoti, con la memoria grata di avere ereditato, dai nostri padri, un\u2019Europa segnata dall\u2019ambizione della pace e dello sviluppo.<\/p>","protected":false},"excerpt":{"rendered":"<p>La dialettica povera dei social media schiaccia la realt\u00e0 in due schematiche dimensioni: il pollice alzato dei like o il pollice verso il basso, come nei feroci giochi gladiatorii da Circo Massimo, la vita o la morte. Gli haters o i followers, senza margini di critica ragionata e consapevole. I no vax integralisti, ostili a [&hellip;]<\/p>\n","protected":false},"author":9,"featured_media":83339,"comment_status":"open","ping_status":"open","sticky":false,"template":"","format":"standard","meta":{"footnotes":""},"categories":[53,52],"tags":[],"class_list":["post-83323","post","type-post","status-publish","format-standard","has-post-thumbnail","hentry","category-blog","category-cultura-dimpresa"],"acf":[],"yoast_head":"<!-- This site is optimized with the Yoast SEO plugin v25.0 - https:\/\/yoast.com\/wordpress\/plugins\/seo\/ -->\n<title>Europa in cerca d\u2019una nuova politica comune sui diritti sociali: riforme per lavoro e welfare - Fondazione Pirelli<\/title>\n<meta name=\"robots\" content=\"index, follow, max-snippet:-1, max-image-preview:large, max-video-preview:-1\" \/>\n<link rel=\"canonical\" href=\"https:\/\/www.fondazionepirelli.org\/it\/cultura-dimpresa\/europa-in-cerca-duna-nuova-politica-comune-sui-diritti-sociali-riforme-per-lavoro-e-welfare\/\" \/>\n<meta property=\"og:locale\" content=\"it_IT\" \/>\n<meta property=\"og:type\" content=\"article\" \/>\n<meta property=\"og:title\" content=\"Europa in cerca d\u2019una nuova politica comune sui diritti sociali: riforme per lavoro e welfare - Fondazione Pirelli\" \/>\n<meta property=\"og:description\" content=\"La dialettica povera dei social media schiaccia la realt\u00e0 in due schematiche dimensioni: il pollice alzato dei like o il pollice verso il basso, come nei feroci giochi gladiatorii da Circo Massimo, la vita o la morte. Gli haters o i followers, senza margini di critica ragionata e consapevole. I no vax integralisti, ostili a [&hellip;]\" \/>\n<meta property=\"og:url\" content=\"https:\/\/www.fondazionepirelli.org\/it\/cultura-dimpresa\/europa-in-cerca-duna-nuova-politica-comune-sui-diritti-sociali-riforme-per-lavoro-e-welfare\/\" \/>\n<meta property=\"og:site_name\" content=\"Fondazione Pirelli\" \/>\n<meta property=\"article:published_time\" content=\"2021-05-10T08:44:54+00:00\" \/>\n<meta property=\"article:modified_time\" content=\"2021-05-10T09:15:22+00:00\" \/>\n<meta property=\"og:image\" content=\"https:\/\/wpsite-assets.fondazionepirelli.org\/wp-content\/uploads\/2021\/05\/10094407\/GOLF_20210507214234503_7aea6ca506a76d6eb26d6063b48758b5-1152x768-e1620636273291.jpg\" \/>\n\t<meta property=\"og:image:width\" content=\"500\" \/>\n\t<meta property=\"og:image:height\" content=\"333\" \/>\n\t<meta property=\"og:image:type\" content=\"image\/jpeg\" \/>\n<meta name=\"author\" content=\"fondazionepirelli\" \/>\n<meta name=\"twitter:card\" content=\"summary_large_image\" \/>\n<meta name=\"twitter:label1\" content=\"Scritto da\" \/>\n\t<meta name=\"twitter:data1\" content=\"fondazionepirelli\" \/>\n\t<meta name=\"twitter:label2\" content=\"Tempo di lettura stimato\" \/>\n\t<meta name=\"twitter:data2\" content=\"5 minuti\" \/>\n<script type=\"application\/ld+json\" class=\"yoast-schema-graph\">{\"@context\":\"https:\/\/schema.org\",\"@graph\":[{\"@type\":\"WebPage\",\"@id\":\"https:\/\/www.fondazionepirelli.org\/it\/cultura-dimpresa\/europa-in-cerca-duna-nuova-politica-comune-sui-diritti-sociali-riforme-per-lavoro-e-welfare\/\",\"url\":\"https:\/\/www.fondazionepirelli.org\/it\/cultura-dimpresa\/europa-in-cerca-duna-nuova-politica-comune-sui-diritti-sociali-riforme-per-lavoro-e-welfare\/\",\"name\":\"Europa in cerca d\u2019una nuova politica comune sui diritti sociali: riforme per lavoro e welfare - Fondazione Pirelli\",\"isPartOf\":{\"@id\":\"https:\/\/www.fondazionepirelli.org\/it\/#website\"},\"primaryImageOfPage\":{\"@id\":\"https:\/\/www.fondazionepirelli.org\/it\/cultura-dimpresa\/europa-in-cerca-duna-nuova-politica-comune-sui-diritti-sociali-riforme-per-lavoro-e-welfare\/#primaryimage\"},\"image\":{\"@id\":\"https:\/\/www.fondazionepirelli.org\/it\/cultura-dimpresa\/europa-in-cerca-duna-nuova-politica-comune-sui-diritti-sociali-riforme-per-lavoro-e-welfare\/#primaryimage\"},\"thumbnailUrl\":\"https:\/\/wpsite-assets.fondazionepirelli.org\/wp-content\/uploads\/2021\/05\/10094407\/GOLF_20210507214234503_7aea6ca506a76d6eb26d6063b48758b5-1152x768-e1620636273291.jpg\",\"datePublished\":\"2021-05-10T08:44:54+00:00\",\"dateModified\":\"2021-05-10T09:15:22+00:00\",\"author\":{\"@id\":\"https:\/\/www.fondazionepirelli.org\/it\/#\/schema\/person\/c31fcf5937a0e6afa45497f3f8b6d7a0\"},\"breadcrumb\":{\"@id\":\"https:\/\/www.fondazionepirelli.org\/it\/cultura-dimpresa\/europa-in-cerca-duna-nuova-politica-comune-sui-diritti-sociali-riforme-per-lavoro-e-welfare\/#breadcrumb\"},\"inLanguage\":\"it-IT\",\"potentialAction\":[{\"@type\":\"ReadAction\",\"target\":[\"https:\/\/www.fondazionepirelli.org\/it\/cultura-dimpresa\/europa-in-cerca-duna-nuova-politica-comune-sui-diritti-sociali-riforme-per-lavoro-e-welfare\/\"]}]},{\"@type\":\"ImageObject\",\"inLanguage\":\"it-IT\",\"@id\":\"https:\/\/www.fondazionepirelli.org\/it\/cultura-dimpresa\/europa-in-cerca-duna-nuova-politica-comune-sui-diritti-sociali-riforme-per-lavoro-e-welfare\/#primaryimage\",\"url\":\"https:\/\/wpsite-assets.fondazionepirelli.org\/wp-content\/uploads\/2021\/05\/10094407\/GOLF_20210507214234503_7aea6ca506a76d6eb26d6063b48758b5-1152x768-e1620636273291.jpg\",\"contentUrl\":\"https:\/\/wpsite-assets.fondazionepirelli.org\/wp-content\/uploads\/2021\/05\/10094407\/GOLF_20210507214234503_7aea6ca506a76d6eb26d6063b48758b5-1152x768-e1620636273291.jpg\",\"width\":500,\"height\":333},{\"@type\":\"BreadcrumbList\",\"@id\":\"https:\/\/www.fondazionepirelli.org\/it\/cultura-dimpresa\/europa-in-cerca-duna-nuova-politica-comune-sui-diritti-sociali-riforme-per-lavoro-e-welfare\/#breadcrumb\",\"itemListElement\":[{\"@type\":\"ListItem\",\"position\":1,\"name\":\"Home\",\"item\":\"https:\/\/www.fondazionepirelli.org\/it\/\"},{\"@type\":\"ListItem\",\"position\":2,\"name\":\"Europa in cerca d\u2019una nuova politica comune sui diritti sociali: riforme per lavoro e welfare\"}]},{\"@type\":\"WebSite\",\"@id\":\"https:\/\/www.fondazionepirelli.org\/it\/#website\",\"url\":\"https:\/\/www.fondazionepirelli.org\/it\/\",\"name\":\"Fondazione Pirelli\",\"description\":\"\",\"potentialAction\":[{\"@type\":\"SearchAction\",\"target\":{\"@type\":\"EntryPoint\",\"urlTemplate\":\"https:\/\/www.fondazionepirelli.org\/it\/?s={search_term_string}\"},\"query-input\":{\"@type\":\"PropertyValueSpecification\",\"valueRequired\":true,\"valueName\":\"search_term_string\"}}],\"inLanguage\":\"it-IT\"},{\"@type\":\"Person\",\"@id\":\"https:\/\/www.fondazionepirelli.org\/it\/#\/schema\/person\/c31fcf5937a0e6afa45497f3f8b6d7a0\",\"name\":\"fondazionepirelli\",\"image\":{\"@type\":\"ImageObject\",\"inLanguage\":\"it-IT\",\"@id\":\"https:\/\/www.fondazionepirelli.org\/it\/#\/schema\/person\/image\/\",\"url\":\"https:\/\/secure.gravatar.com\/avatar\/9cb486421ce1d6eddbf6c4fb66841b4325b786695f7aedf1dde2222428218696?s=96&d=mm&r=g\",\"contentUrl\":\"https:\/\/secure.gravatar.com\/avatar\/9cb486421ce1d6eddbf6c4fb66841b4325b786695f7aedf1dde2222428218696?s=96&d=mm&r=g\",\"caption\":\"fondazionepirelli\"},\"url\":\"https:\/\/www.fondazionepirelli.org\/it\/author\/fondazionepirelli\/\"}]}<\/script>\n<!-- \/ Yoast SEO plugin. -->","yoast_head_json":{"title":"Europa in cerca d\u2019una nuova politica comune sui diritti sociali: riforme per lavoro e welfare - Fondazione Pirelli","robots":{"index":"index","follow":"follow","max-snippet":"max-snippet:-1","max-image-preview":"max-image-preview:large","max-video-preview":"max-video-preview:-1"},"canonical":"https:\/\/www.fondazionepirelli.org\/it\/cultura-dimpresa\/europa-in-cerca-duna-nuova-politica-comune-sui-diritti-sociali-riforme-per-lavoro-e-welfare\/","og_locale":"it_IT","og_type":"article","og_title":"Europa in cerca d\u2019una nuova politica comune sui diritti sociali: riforme per lavoro e welfare - Fondazione Pirelli","og_description":"La dialettica povera dei social media schiaccia la realt\u00e0 in due schematiche dimensioni: il pollice alzato dei like o il pollice verso il basso, come nei feroci giochi gladiatorii da Circo Massimo, la vita o la morte. Gli haters o i followers, senza margini di critica ragionata e consapevole. I no vax integralisti, ostili a [&hellip;]","og_url":"https:\/\/www.fondazionepirelli.org\/it\/cultura-dimpresa\/europa-in-cerca-duna-nuova-politica-comune-sui-diritti-sociali-riforme-per-lavoro-e-welfare\/","og_site_name":"Fondazione Pirelli","article_published_time":"2021-05-10T08:44:54+00:00","article_modified_time":"2021-05-10T09:15:22+00:00","og_image":[{"width":500,"height":333,"url":"https:\/\/wpsite-assets.fondazionepirelli.org\/wp-content\/uploads\/2021\/05\/10094407\/GOLF_20210507214234503_7aea6ca506a76d6eb26d6063b48758b5-1152x768-e1620636273291.jpg","type":"image\/jpeg"}],"author":"fondazionepirelli","twitter_card":"summary_large_image","twitter_misc":{"Scritto da":"fondazionepirelli","Tempo di lettura stimato":"5 minuti"},"schema":{"@context":"https:\/\/schema.org","@graph":[{"@type":"WebPage","@id":"https:\/\/www.fondazionepirelli.org\/it\/cultura-dimpresa\/europa-in-cerca-duna-nuova-politica-comune-sui-diritti-sociali-riforme-per-lavoro-e-welfare\/","url":"https:\/\/www.fondazionepirelli.org\/it\/cultura-dimpresa\/europa-in-cerca-duna-nuova-politica-comune-sui-diritti-sociali-riforme-per-lavoro-e-welfare\/","name":"Europa in cerca d\u2019una nuova politica comune sui diritti sociali: riforme per lavoro e welfare - Fondazione Pirelli","isPartOf":{"@id":"https:\/\/www.fondazionepirelli.org\/it\/#website"},"primaryImageOfPage":{"@id":"https:\/\/www.fondazionepirelli.org\/it\/cultura-dimpresa\/europa-in-cerca-duna-nuova-politica-comune-sui-diritti-sociali-riforme-per-lavoro-e-welfare\/#primaryimage"},"image":{"@id":"https:\/\/www.fondazionepirelli.org\/it\/cultura-dimpresa\/europa-in-cerca-duna-nuova-politica-comune-sui-diritti-sociali-riforme-per-lavoro-e-welfare\/#primaryimage"},"thumbnailUrl":"https:\/\/wpsite-assets.fondazionepirelli.org\/wp-content\/uploads\/2021\/05\/10094407\/GOLF_20210507214234503_7aea6ca506a76d6eb26d6063b48758b5-1152x768-e1620636273291.jpg","datePublished":"2021-05-10T08:44:54+00:00","dateModified":"2021-05-10T09:15:22+00:00","author":{"@id":"https:\/\/www.fondazionepirelli.org\/it\/#\/schema\/person\/c31fcf5937a0e6afa45497f3f8b6d7a0"},"breadcrumb":{"@id":"https:\/\/www.fondazionepirelli.org\/it\/cultura-dimpresa\/europa-in-cerca-duna-nuova-politica-comune-sui-diritti-sociali-riforme-per-lavoro-e-welfare\/#breadcrumb"},"inLanguage":"it-IT","potentialAction":[{"@type":"ReadAction","target":["https:\/\/www.fondazionepirelli.org\/it\/cultura-dimpresa\/europa-in-cerca-duna-nuova-politica-comune-sui-diritti-sociali-riforme-per-lavoro-e-welfare\/"]}]},{"@type":"ImageObject","inLanguage":"it-IT","@id":"https:\/\/www.fondazionepirelli.org\/it\/cultura-dimpresa\/europa-in-cerca-duna-nuova-politica-comune-sui-diritti-sociali-riforme-per-lavoro-e-welfare\/#primaryimage","url":"https:\/\/wpsite-assets.fondazionepirelli.org\/wp-content\/uploads\/2021\/05\/10094407\/GOLF_20210507214234503_7aea6ca506a76d6eb26d6063b48758b5-1152x768-e1620636273291.jpg","contentUrl":"https:\/\/wpsite-assets.fondazionepirelli.org\/wp-content\/uploads\/2021\/05\/10094407\/GOLF_20210507214234503_7aea6ca506a76d6eb26d6063b48758b5-1152x768-e1620636273291.jpg","width":500,"height":333},{"@type":"BreadcrumbList","@id":"https:\/\/www.fondazionepirelli.org\/it\/cultura-dimpresa\/europa-in-cerca-duna-nuova-politica-comune-sui-diritti-sociali-riforme-per-lavoro-e-welfare\/#breadcrumb","itemListElement":[{"@type":"ListItem","position":1,"name":"Home","item":"https:\/\/www.fondazionepirelli.org\/it\/"},{"@type":"ListItem","position":2,"name":"Europa in cerca d\u2019una nuova politica comune sui diritti sociali: riforme per lavoro e welfare"}]},{"@type":"WebSite","@id":"https:\/\/www.fondazionepirelli.org\/it\/#website","url":"https:\/\/www.fondazionepirelli.org\/it\/","name":"Fondazione Pirelli","description":"","potentialAction":[{"@type":"SearchAction","target":{"@type":"EntryPoint","urlTemplate":"https:\/\/www.fondazionepirelli.org\/it\/?s={search_term_string}"},"query-input":{"@type":"PropertyValueSpecification","valueRequired":true,"valueName":"search_term_string"}}],"inLanguage":"it-IT"},{"@type":"Person","@id":"https:\/\/www.fondazionepirelli.org\/it\/#\/schema\/person\/c31fcf5937a0e6afa45497f3f8b6d7a0","name":"fondazionepirelli","image":{"@type":"ImageObject","inLanguage":"it-IT","@id":"https:\/\/www.fondazionepirelli.org\/it\/#\/schema\/person\/image\/","url":"https:\/\/secure.gravatar.com\/avatar\/9cb486421ce1d6eddbf6c4fb66841b4325b786695f7aedf1dde2222428218696?s=96&d=mm&r=g","contentUrl":"https:\/\/secure.gravatar.com\/avatar\/9cb486421ce1d6eddbf6c4fb66841b4325b786695f7aedf1dde2222428218696?s=96&d=mm&r=g","caption":"fondazionepirelli"},"url":"https:\/\/www.fondazionepirelli.org\/it\/author\/fondazionepirelli\/"}]}},"_links":{"self":[{"href":"https:\/\/www.fondazionepirelli.org\/it\/wp-json\/wp\/v2\/posts\/83323\/"}],"collection":[{"href":"https:\/\/www.fondazionepirelli.org\/it\/wp-json\/wp\/v2\/posts\/"}],"about":[{"href":"https:\/\/www.fondazionepirelli.org\/it\/wp-json\/wp\/v2\/types\/post\/"}],"author":[{"embeddable":true,"href":"https:\/\/www.fondazionepirelli.org\/it\/wp-json\/wp\/v2\/users\/9\/"}],"replies":[{"embeddable":true,"href":"https:\/\/www.fondazionepirelli.org\/it\/wp-json\/wp\/v2\/comments\/?post=83323"}],"version-history":[{"count":3,"href":"https:\/\/www.fondazionepirelli.org\/it\/wp-json\/wp\/v2\/posts\/83323\/revisions\/"}],"predecessor-version":[{"id":83338,"href":"https:\/\/www.fondazionepirelli.org\/it\/wp-json\/wp\/v2\/posts\/83323\/revisions\/83338\/"}],"wp:featuredmedia":[{"embeddable":true,"href":"https:\/\/www.fondazionepirelli.org\/it\/wp-json\/wp\/v2\/media\/83339\/"}],"wp:attachment":[{"href":"https:\/\/www.fondazionepirelli.org\/it\/wp-json\/wp\/v2\/media\/?parent=83323"}],"wp:term":[{"taxonomy":"category","embeddable":true,"href":"https:\/\/www.fondazionepirelli.org\/it\/wp-json\/wp\/v2\/categories\/?post=83323"},{"taxonomy":"post_tag","embeddable":true,"href":"https:\/\/www.fondazionepirelli.org\/it\/wp-json\/wp\/v2\/tags\/?post=83323"}],"curies":[{"name":"wp","href":"https:\/\/api.w.org\/{rel}","templated":true}]}}