{"id":83540,"date":"2021-06-01T06:50:44","date_gmt":"2021-06-01T05:50:44","guid":{"rendered":"https:\/\/www.fondazionepirelli.org\/?p=83540"},"modified":"2021-06-01T08:48:40","modified_gmt":"2021-06-01T07:48:40","slug":"lindustria-italiana-se-rimessa-in-moto-tira-una-nuova-aria-di-fiducia-e-ripresa","status":"publish","type":"post","link":"https:\/\/www.fondazionepirelli.org\/it\/cultura-dimpresa\/lindustria-italiana-se-rimessa-in-moto-tira-una-nuova-aria-di-fiducia-e-ripresa\/","title":{"rendered":"L\u2019industria italiana s\u2019\u00e8 rimessa in moto, tira una nuova aria di fiducia e ripresa"},"content":{"rendered":"<p>L\u2019Italia s\u2019\u00e8 <strong>rimessa in moto<\/strong>, mentre i dati sulla pandemia da Covid19 continuano a documentare ricoveri e morti, comunque in costante diminuzione. La crisi sanitaria e sociale non \u00e8 affatto finita. Ma soffia un vento leggero che parla di minori rischi sanitari e di ripartenza economica. La campagna per vaccinare gli italiani va avanti bene, grazie all\u2019intelligente e competente coordinamento del generale Figliuolo. E l\u2019attenzione dell\u2019opinione pubblica si va spostando su due parole chiave: <strong>fiducia<\/strong> e <strong>ripresa<\/strong>.<\/p>\n<p>La fiducia, innanzitutto, componente essenziale per qualunque ipotesi di crescita degli investimenti e dei consumi. L\u2019Istat gioved\u00ec ha dichiarato che l\u2019indice di fiducia dei consumatori, a maggio, \u00e8 salito a quota 110,6, ai massimi dal gennaio 2020 (prima dell\u2019era Covid, cio\u00e8) mentre quello delle imprese, in crescita oramai per il sesto mese consecutivo, \u00e8 passato da 97,9 a 106,7 (bisogna tornare al 2017, per trovare un valore simile). \u201cLa pancia del paese regge il colpo\u201d, commenta Dario Di Vico sul \u201cCorriere della Sera\u201d (28 maggio), notando che \u201cla societ\u00e0 civile, dall\u2019istituzione-famiglia al terzo settore, passando per le fabbriche, ha tenuto e ha saputo metabolizzare una parte consistente del disagio causato dalla pandemia\u201d. La societ\u00e0, insomma, ha fatto da ammortizzatore della crisi, ha sofferto ma non si \u00e8 n\u00e9 piegata n\u00e9 spezzata, ha modificato con cautela e suoi comportamenti, ha usato i risparmi accumulati e adesso \u00e8 nella condizione psicologica positiva per <strong>ricominciare<\/strong>.<\/p>\n<p>Il buon lavoro che sta facendo il governo Draghi, tra i progetti del Pnrr (il Piano di ripresa e resilienza) e le <strong>riforme<\/strong> incardinate o quasi pronte a partire (semplificazioni, pubblica amministrazione, giustizia) \u00e8 carburante per la fiducia. Cos\u00ec come gioca positivamente anche il credito crescente di cui Draghi gode come leader di dimensione europea. L\u2019aumento del gradimento nei suoi confronti (66 punti, +8 da aprile a maggio), certificato dall\u2019ultimo sondaggio Ipsos (Nando Pagnoncelli sul \u201cCorriere della Sera\u201d, 29 maggio) ne \u00e8 chiara conferma.<\/p>\n<p>Queste considerazioni, naturalmente, non mettono in ombra la pesantezza della crisi sanitaria e sociale ancora attuale, n\u00e9 il dolore per i morti, n\u00e9 i gravi disagi personali, economici e sociali, n\u00e9 le preoccupazioni diffuse sul futuro. Ma non c\u2019\u00e8 alcuna \u201crivolta sociale\u201d all\u2019orizzonte, nonostante l\u2019attivismo dei tribuni populisti soprattutto sui social media. Semmai, \u00e8 sempre pi\u00f9 evidente l\u2019attitudine italiana alla \u201cresilienza\u201d (peccato che questa parola, troppo usata e abusata dalle retoriche politiche, si stia usurando).<\/p>\n<p>La seconda parola chiave \u00e8: ripresa. Anche da questo punto di vista, parlano dati e previsioni. Il governatore di <strong>Bankitalia<\/strong> Ignazio Visco nelle Considerazioni Finali ha precisato ieri che &#8220;l&#8217;attivit\u00e0 produttiva si sta rafforzando&#8221; e che nella media dell&#8217;anno l&#8217;espansione del PIL potrebbe <strong>superare il 4 per cento<\/strong>.\u00a0 Il Centro Studi Confindustria indica \u201cun sentiero stretto ma in risalita\u201d, con un ruolo forte di <strong>spinta da parte dell\u2019industria<\/strong>. Carlo Cottarelli, presidente dell\u2019Osservatorio sui conti pubblici, parlando domenica a \u201cMezz\u2019ora in pi\u00f9\u201d, prevede che \u201cil Pil possa andare anche al 5%\u201d, pi\u00f9 di quanto non dicano il Fondo Monetario Internazionale e il governo. E Renato Brunetta, ministro della Pubblica Amministrazione, sostiene che \u201cil rimbalzo, come tasso di crescita del Pil, sar\u00e0 pi\u00f9 vicino al 5% che al 4% previsto. E forse qualcosa pi\u00f9 del 5%\u201d. Insomma, \u201cho la sensazione che siamo alla vigilia di un nuovo boom economico\u201d. \u201cL\u2019estate della ripresa\u201d, titola ottimista \u201cla Repubblica\u201d (30 maggio).<\/p>\n<p>Buone notizie arrivano proprio dai territori che tradizionalmente fanno da locomotiva della ripresa. \u201cLa Lombardia si \u00e8 rialzata e le imprese assumeranno\u201d, annuncia Alessandro Spada, presidente di Assolombarda (\u201cIl Sole24Ore\u201d 28 maggio e \u201cla Repubblica\u201d, 29 maggio), parlando di un +8,7% della produzione manifatturiera, di dinamismo nelle aree di riferimento dell\u2019associazione (Milano, Monza e Brianza, Lodi e Pavia), di esportazioni in crescita grazie alla ripresa in Germania ma anche negli Usa e in Cina, di un momento brillante anche per i consumi sul mercato interno.<\/p>\n<p>Tutto a posto, dunque? Naturalmente no. Ci sono ancora aree economiche (i servizi, il turismo, il commercio) in difficolt\u00e0. <strong>Le<\/strong> <strong>carenze delle infrastrutture<\/strong> si fanno sentire (\u201cDue cantieri su tre sono fermi o lavorano a singhiozzo\u201d, denuncia l\u2019Oti Nord, l\u2019Osservatorio infrastrutturale che riguarda le Confindustrie di Torino, Genova, Milano, Nord Est ed Emilia, 2,2 milioni di imprese, il 56% del Pil e il 70,4% dell\u2019export nazionale). E si teme molto che il forte rincaro delle materie prima possa mettere in difficolt\u00e0 la produzione industriale.<\/p>\n<p>Il clima che si respira, tutto sommato, \u00e8 comunque positivo. E proprio a Milano, citt\u00e0 cardine di attrattivit\u00e0, al centro di flussi di persone e risorse tra l\u2019Europa e il Mediterraneo, nessuno dei grandi investimenti immobiliari internazionali decisi prima della pandemia \u00e8 stato disdetto n\u00e9 rinviato, il mercato immobiliare mostra valori e volumi in crescita, le universit\u00e0 continuano ad essere predilette da 200mila studenti (parecchi, dall\u2019estero) e ripartono le tradizionali attivit\u00e0 di successo (il Salone del Mobile \u00e8 l\u2019esempio pi\u00f9 evidente). \u201cMilano ha gli anticorpi per ripartire\u201d, conferma Spada. E, quanto alle tensioni sull\u2019occupazione e alla fine del blocco dei licenziamenti, aggiunge: \u201cNon ho alcuna indicazione dell\u2019annuncio di licenziamenti di massa o di crisi a raffica. Anzi, ci\u00f2 che accade \u00e8 che le aziende, la cui attivit\u00e0 \u00e8 in crescita, faticano a trovare i profili professionali pi\u00f9 adatti. Un problema peraltro non estemporaneo ma cronico in molti settori\u201d.<\/p>\n<p>Ci sono imprese che, sotto gli effetti di una crisi che ha accelerato le trasformazioni in atto, devono ristrutturarsi. E soprattutto nel mondo delle aziende piccole e medie si temono chiusure, ridimensionamenti, perdite di posti di lavoro.<\/p>\n<p>Ma il quadro dell\u2019occupazione va visto nel suo insieme, senza congelare la situazione attuale e rinviare la ristrutturazione, ma accelerando la riforma degli ammortizzatori sociali, dal sostegno a chi perde provvisoriamente il lavoro alla formazione per la riqualificazione professionale e alle politiche attive per il ricollocamento.<\/p>\n<p>\u201cL\u2019industria meccanica \u00e8 a caccia di competenze, la ripresa \u00e8 in atto\u201d, sostiene Federico Visentin, presidente designato di Federmeccanica, dichiarando che \u201cnon si trovano progettisti e programmatori di robot e altre figure dotate di esperienze e conoscenze tecniche, <em>green <\/em>e digitali\u201d. Aggiungono gli esperti di Orientagiovani di Confindustria: \u201cAll\u2019industria mancano 110mila profili professionali Stem (l\u2019acronimo di <em>science<\/em>, <em>technology<\/em>, <em>engineering <\/em>e <em>mathematics<\/em>)\u201d ma anche dotati di conoscenze umanistiche, per poter fare fronte ai bisogni dell\u2019impresa digitale e alle applicazioni dell\u2019Intelligenza Artificiale ai processi di produzione, distribuzione e consumo.<\/p>\n<p>Una situazione in movimento, insomma. Densa di segnali contrastanti. Ma oramai orientata verso l\u2019uscita dalla stagione peggiore della crisi e verso la <strong>ripartenza<\/strong>. Il <em>Recovery Plan <\/em>della Ue e il Piano italiano del governo Draghi, con investimenti pubblici e riforme, dar\u00e0 un impulso determinante.<\/p>\n","protected":false},"excerpt":{"rendered":"<p>L\u2019Italia s\u2019\u00e8 rimessa in moto, mentre i dati sulla pandemia da Covid19 continuano a documentare ricoveri e morti, comunque in costante diminuzione. La crisi sanitaria e sociale non \u00e8 affatto finita. Ma soffia un vento leggero che parla di minori rischi sanitari e di ripartenza economica. La campagna per vaccinare gli italiani va avanti bene, [&hellip;]<\/p>\n","protected":false},"author":9,"featured_media":83541,"comment_status":"open","ping_status":"open","sticky":false,"template":"","format":"standard","meta":{"footnotes":""},"categories":[53,52],"tags":[],"class_list":["post-83540","post","type-post","status-publish","format-standard","has-post-thumbnail","hentry","category-blog","category-cultura-dimpresa"],"acf":[],"yoast_head":"<!-- This site is optimized with the Yoast SEO plugin v25.0 - https:\/\/yoast.com\/wordpress\/plugins\/seo\/ -->\n<title>L\u2019industria italiana s\u2019\u00e8 rimessa in moto, tira una nuova aria di fiducia e ripresa - Fondazione Pirelli<\/title>\n<meta name=\"robots\" content=\"index, follow, max-snippet:-1, max-image-preview:large, max-video-preview:-1\" \/>\n<link rel=\"canonical\" href=\"https:\/\/www.fondazionepirelli.org\/it\/cultura-dimpresa\/lindustria-italiana-se-rimessa-in-moto-tira-una-nuova-aria-di-fiducia-e-ripresa\/\" \/>\n<meta property=\"og:locale\" content=\"it_IT\" \/>\n<meta property=\"og:type\" content=\"article\" \/>\n<meta property=\"og:title\" content=\"L\u2019industria italiana s\u2019\u00e8 rimessa in moto, tira una nuova aria di fiducia e ripresa - Fondazione Pirelli\" \/>\n<meta property=\"og:description\" content=\"L\u2019Italia s\u2019\u00e8 rimessa in moto, mentre i dati sulla pandemia da Covid19 continuano a documentare ricoveri e morti, comunque in costante diminuzione. La crisi sanitaria e sociale non \u00e8 affatto finita. Ma soffia un vento leggero che parla di minori rischi sanitari e di ripartenza economica. La campagna per vaccinare gli italiani va avanti bene, [&hellip;]\" \/>\n<meta property=\"og:url\" content=\"https:\/\/127.0.0.1\/it\/cultura-dimpresa\/lindustria-italiana-se-rimessa-in-moto-tira-una-nuova-aria-di-fiducia-e-ripresa\/\" \/>\n<meta property=\"og:site_name\" content=\"Fondazione Pirelli\" \/>\n<meta property=\"article:published_time\" content=\"2021-06-01T05:50:44+00:00\" \/>\n<meta property=\"article:modified_time\" content=\"2021-06-01T07:48:40+00:00\" \/>\n<meta property=\"og:image\" content=\"https:\/\/wpsite-assets.fondazionepirelli.org\/wp-content\/uploads\/2021\/05\/31105905\/Blog-5-e1622455164253.jpg\" \/>\n\t<meta property=\"og:image:width\" content=\"500\" \/>\n\t<meta property=\"og:image:height\" content=\"333\" \/>\n\t<meta property=\"og:image:type\" content=\"image\/jpeg\" \/>\n<meta name=\"author\" content=\"fondazionepirelli\" \/>\n<meta name=\"twitter:card\" content=\"summary_large_image\" \/>\n<meta name=\"twitter:label1\" content=\"Scritto da\" \/>\n\t<meta name=\"twitter:data1\" content=\"fondazionepirelli\" \/>\n\t<meta name=\"twitter:label2\" content=\"Tempo di lettura stimato\" \/>\n\t<meta name=\"twitter:data2\" content=\"5 minuti\" \/>\n<script type=\"application\/ld+json\" class=\"yoast-schema-graph\">{\"@context\":\"https:\/\/schema.org\",\"@graph\":[{\"@type\":\"WebPage\",\"@id\":\"https:\/\/127.0.0.1\/it\/cultura-dimpresa\/lindustria-italiana-se-rimessa-in-moto-tira-una-nuova-aria-di-fiducia-e-ripresa\/\",\"url\":\"https:\/\/127.0.0.1\/it\/cultura-dimpresa\/lindustria-italiana-se-rimessa-in-moto-tira-una-nuova-aria-di-fiducia-e-ripresa\/\",\"name\":\"L\u2019industria italiana s\u2019\u00e8 rimessa in moto, tira una nuova aria di fiducia e ripresa - Fondazione Pirelli\",\"isPartOf\":{\"@id\":\"https:\/\/www.fondazionepirelli.org\/it\/#website\"},\"primaryImageOfPage\":{\"@id\":\"https:\/\/127.0.0.1\/it\/cultura-dimpresa\/lindustria-italiana-se-rimessa-in-moto-tira-una-nuova-aria-di-fiducia-e-ripresa\/#primaryimage\"},\"image\":{\"@id\":\"https:\/\/127.0.0.1\/it\/cultura-dimpresa\/lindustria-italiana-se-rimessa-in-moto-tira-una-nuova-aria-di-fiducia-e-ripresa\/#primaryimage\"},\"thumbnailUrl\":\"https:\/\/wpsite-assets.fondazionepirelli.org\/wp-content\/uploads\/2021\/05\/31105905\/Blog-5-e1622455164253.jpg\",\"datePublished\":\"2021-06-01T05:50:44+00:00\",\"dateModified\":\"2021-06-01T07:48:40+00:00\",\"author\":{\"@id\":\"https:\/\/www.fondazionepirelli.org\/it\/#\/schema\/person\/c31fcf5937a0e6afa45497f3f8b6d7a0\"},\"breadcrumb\":{\"@id\":\"https:\/\/127.0.0.1\/it\/cultura-dimpresa\/lindustria-italiana-se-rimessa-in-moto-tira-una-nuova-aria-di-fiducia-e-ripresa\/#breadcrumb\"},\"inLanguage\":\"it-IT\",\"potentialAction\":[{\"@type\":\"ReadAction\",\"target\":[\"https:\/\/127.0.0.1\/it\/cultura-dimpresa\/lindustria-italiana-se-rimessa-in-moto-tira-una-nuova-aria-di-fiducia-e-ripresa\/\"]}]},{\"@type\":\"ImageObject\",\"inLanguage\":\"it-IT\",\"@id\":\"https:\/\/127.0.0.1\/it\/cultura-dimpresa\/lindustria-italiana-se-rimessa-in-moto-tira-una-nuova-aria-di-fiducia-e-ripresa\/#primaryimage\",\"url\":\"https:\/\/wpsite-assets.fondazionepirelli.org\/wp-content\/uploads\/2021\/05\/31105905\/Blog-5-e1622455164253.jpg\",\"contentUrl\":\"https:\/\/wpsite-assets.fondazionepirelli.org\/wp-content\/uploads\/2021\/05\/31105905\/Blog-5-e1622455164253.jpg\",\"width\":500,\"height\":333},{\"@type\":\"BreadcrumbList\",\"@id\":\"https:\/\/127.0.0.1\/it\/cultura-dimpresa\/lindustria-italiana-se-rimessa-in-moto-tira-una-nuova-aria-di-fiducia-e-ripresa\/#breadcrumb\",\"itemListElement\":[{\"@type\":\"ListItem\",\"position\":1,\"name\":\"Home\",\"item\":\"https:\/\/www.fondazionepirelli.org\/it\/\"},{\"@type\":\"ListItem\",\"position\":2,\"name\":\"L\u2019industria italiana s\u2019\u00e8 rimessa in moto, tira una nuova aria di fiducia e ripresa\"}]},{\"@type\":\"WebSite\",\"@id\":\"https:\/\/www.fondazionepirelli.org\/it\/#website\",\"url\":\"https:\/\/www.fondazionepirelli.org\/it\/\",\"name\":\"Fondazione Pirelli\",\"description\":\"\",\"potentialAction\":[{\"@type\":\"SearchAction\",\"target\":{\"@type\":\"EntryPoint\",\"urlTemplate\":\"https:\/\/www.fondazionepirelli.org\/it\/?s={search_term_string}\"},\"query-input\":{\"@type\":\"PropertyValueSpecification\",\"valueRequired\":true,\"valueName\":\"search_term_string\"}}],\"inLanguage\":\"it-IT\"},{\"@type\":\"Person\",\"@id\":\"https:\/\/www.fondazionepirelli.org\/it\/#\/schema\/person\/c31fcf5937a0e6afa45497f3f8b6d7a0\",\"name\":\"fondazionepirelli\",\"image\":{\"@type\":\"ImageObject\",\"inLanguage\":\"it-IT\",\"@id\":\"https:\/\/www.fondazionepirelli.org\/it\/#\/schema\/person\/image\/\",\"url\":\"https:\/\/secure.gravatar.com\/avatar\/9cb486421ce1d6eddbf6c4fb66841b4325b786695f7aedf1dde2222428218696?s=96&d=mm&r=g\",\"contentUrl\":\"https:\/\/secure.gravatar.com\/avatar\/9cb486421ce1d6eddbf6c4fb66841b4325b786695f7aedf1dde2222428218696?s=96&d=mm&r=g\",\"caption\":\"fondazionepirelli\"},\"url\":\"https:\/\/www.fondazionepirelli.org\/it\/author\/fondazionepirelli\/\"}]}<\/script>\n<!-- \/ Yoast SEO plugin. -->","yoast_head_json":{"title":"L\u2019industria italiana s\u2019\u00e8 rimessa in moto, tira una nuova aria di fiducia e ripresa - Fondazione Pirelli","robots":{"index":"index","follow":"follow","max-snippet":"max-snippet:-1","max-image-preview":"max-image-preview:large","max-video-preview":"max-video-preview:-1"},"canonical":"https:\/\/www.fondazionepirelli.org\/it\/cultura-dimpresa\/lindustria-italiana-se-rimessa-in-moto-tira-una-nuova-aria-di-fiducia-e-ripresa\/","og_locale":"it_IT","og_type":"article","og_title":"L\u2019industria italiana s\u2019\u00e8 rimessa in moto, tira una nuova aria di fiducia e ripresa - Fondazione Pirelli","og_description":"L\u2019Italia s\u2019\u00e8 rimessa in moto, mentre i dati sulla pandemia da Covid19 continuano a documentare ricoveri e morti, comunque in costante diminuzione. La crisi sanitaria e sociale non \u00e8 affatto finita. Ma soffia un vento leggero che parla di minori rischi sanitari e di ripartenza economica. La campagna per vaccinare gli italiani va avanti bene, [&hellip;]","og_url":"https:\/\/127.0.0.1\/it\/cultura-dimpresa\/lindustria-italiana-se-rimessa-in-moto-tira-una-nuova-aria-di-fiducia-e-ripresa\/","og_site_name":"Fondazione Pirelli","article_published_time":"2021-06-01T05:50:44+00:00","article_modified_time":"2021-06-01T07:48:40+00:00","og_image":[{"width":500,"height":333,"url":"https:\/\/wpsite-assets.fondazionepirelli.org\/wp-content\/uploads\/2021\/05\/31105905\/Blog-5-e1622455164253.jpg","type":"image\/jpeg"}],"author":"fondazionepirelli","twitter_card":"summary_large_image","twitter_misc":{"Scritto da":"fondazionepirelli","Tempo di lettura stimato":"5 minuti"},"schema":{"@context":"https:\/\/schema.org","@graph":[{"@type":"WebPage","@id":"https:\/\/127.0.0.1\/it\/cultura-dimpresa\/lindustria-italiana-se-rimessa-in-moto-tira-una-nuova-aria-di-fiducia-e-ripresa\/","url":"https:\/\/127.0.0.1\/it\/cultura-dimpresa\/lindustria-italiana-se-rimessa-in-moto-tira-una-nuova-aria-di-fiducia-e-ripresa\/","name":"L\u2019industria italiana s\u2019\u00e8 rimessa in moto, tira una nuova aria di fiducia e ripresa - Fondazione Pirelli","isPartOf":{"@id":"https:\/\/www.fondazionepirelli.org\/it\/#website"},"primaryImageOfPage":{"@id":"https:\/\/127.0.0.1\/it\/cultura-dimpresa\/lindustria-italiana-se-rimessa-in-moto-tira-una-nuova-aria-di-fiducia-e-ripresa\/#primaryimage"},"image":{"@id":"https:\/\/127.0.0.1\/it\/cultura-dimpresa\/lindustria-italiana-se-rimessa-in-moto-tira-una-nuova-aria-di-fiducia-e-ripresa\/#primaryimage"},"thumbnailUrl":"https:\/\/wpsite-assets.fondazionepirelli.org\/wp-content\/uploads\/2021\/05\/31105905\/Blog-5-e1622455164253.jpg","datePublished":"2021-06-01T05:50:44+00:00","dateModified":"2021-06-01T07:48:40+00:00","author":{"@id":"https:\/\/www.fondazionepirelli.org\/it\/#\/schema\/person\/c31fcf5937a0e6afa45497f3f8b6d7a0"},"breadcrumb":{"@id":"https:\/\/127.0.0.1\/it\/cultura-dimpresa\/lindustria-italiana-se-rimessa-in-moto-tira-una-nuova-aria-di-fiducia-e-ripresa\/#breadcrumb"},"inLanguage":"it-IT","potentialAction":[{"@type":"ReadAction","target":["https:\/\/127.0.0.1\/it\/cultura-dimpresa\/lindustria-italiana-se-rimessa-in-moto-tira-una-nuova-aria-di-fiducia-e-ripresa\/"]}]},{"@type":"ImageObject","inLanguage":"it-IT","@id":"https:\/\/127.0.0.1\/it\/cultura-dimpresa\/lindustria-italiana-se-rimessa-in-moto-tira-una-nuova-aria-di-fiducia-e-ripresa\/#primaryimage","url":"https:\/\/wpsite-assets.fondazionepirelli.org\/wp-content\/uploads\/2021\/05\/31105905\/Blog-5-e1622455164253.jpg","contentUrl":"https:\/\/wpsite-assets.fondazionepirelli.org\/wp-content\/uploads\/2021\/05\/31105905\/Blog-5-e1622455164253.jpg","width":500,"height":333},{"@type":"BreadcrumbList","@id":"https:\/\/127.0.0.1\/it\/cultura-dimpresa\/lindustria-italiana-se-rimessa-in-moto-tira-una-nuova-aria-di-fiducia-e-ripresa\/#breadcrumb","itemListElement":[{"@type":"ListItem","position":1,"name":"Home","item":"https:\/\/www.fondazionepirelli.org\/it\/"},{"@type":"ListItem","position":2,"name":"L\u2019industria italiana s\u2019\u00e8 rimessa in moto, tira una nuova aria di fiducia e ripresa"}]},{"@type":"WebSite","@id":"https:\/\/www.fondazionepirelli.org\/it\/#website","url":"https:\/\/www.fondazionepirelli.org\/it\/","name":"Fondazione Pirelli","description":"","potentialAction":[{"@type":"SearchAction","target":{"@type":"EntryPoint","urlTemplate":"https:\/\/www.fondazionepirelli.org\/it\/?s={search_term_string}"},"query-input":{"@type":"PropertyValueSpecification","valueRequired":true,"valueName":"search_term_string"}}],"inLanguage":"it-IT"},{"@type":"Person","@id":"https:\/\/www.fondazionepirelli.org\/it\/#\/schema\/person\/c31fcf5937a0e6afa45497f3f8b6d7a0","name":"fondazionepirelli","image":{"@type":"ImageObject","inLanguage":"it-IT","@id":"https:\/\/www.fondazionepirelli.org\/it\/#\/schema\/person\/image\/","url":"https:\/\/secure.gravatar.com\/avatar\/9cb486421ce1d6eddbf6c4fb66841b4325b786695f7aedf1dde2222428218696?s=96&d=mm&r=g","contentUrl":"https:\/\/secure.gravatar.com\/avatar\/9cb486421ce1d6eddbf6c4fb66841b4325b786695f7aedf1dde2222428218696?s=96&d=mm&r=g","caption":"fondazionepirelli"},"url":"https:\/\/www.fondazionepirelli.org\/it\/author\/fondazionepirelli\/"}]}},"_links":{"self":[{"href":"https:\/\/www.fondazionepirelli.org\/it\/wp-json\/wp\/v2\/posts\/83540\/"}],"collection":[{"href":"https:\/\/www.fondazionepirelli.org\/it\/wp-json\/wp\/v2\/posts\/"}],"about":[{"href":"https:\/\/www.fondazionepirelli.org\/it\/wp-json\/wp\/v2\/types\/post\/"}],"author":[{"embeddable":true,"href":"https:\/\/www.fondazionepirelli.org\/it\/wp-json\/wp\/v2\/users\/9\/"}],"replies":[{"embeddable":true,"href":"https:\/\/www.fondazionepirelli.org\/it\/wp-json\/wp\/v2\/comments\/?post=83540"}],"version-history":[{"count":4,"href":"https:\/\/www.fondazionepirelli.org\/it\/wp-json\/wp\/v2\/posts\/83540\/revisions\/"}],"predecessor-version":[{"id":83560,"href":"https:\/\/www.fondazionepirelli.org\/it\/wp-json\/wp\/v2\/posts\/83540\/revisions\/83560\/"}],"wp:featuredmedia":[{"embeddable":true,"href":"https:\/\/www.fondazionepirelli.org\/it\/wp-json\/wp\/v2\/media\/83541\/"}],"wp:attachment":[{"href":"https:\/\/www.fondazionepirelli.org\/it\/wp-json\/wp\/v2\/media\/?parent=83540"}],"wp:term":[{"taxonomy":"category","embeddable":true,"href":"https:\/\/www.fondazionepirelli.org\/it\/wp-json\/wp\/v2\/categories\/?post=83540"},{"taxonomy":"post_tag","embeddable":true,"href":"https:\/\/www.fondazionepirelli.org\/it\/wp-json\/wp\/v2\/tags\/?post=83540"}],"curies":[{"name":"wp","href":"https:\/\/api.w.org\/{rel}","templated":true}]}}