{"id":83545,"date":"2021-06-01T07:50:56","date_gmt":"2021-06-01T06:50:56","guid":{"rendered":"https:\/\/www.fondazionepirelli.org\/?p=83545"},"modified":"2021-06-01T15:24:34","modified_gmt":"2021-06-01T14:24:34","slug":"condottieri-delleccellenza","status":"publish","type":"post","link":"https:\/\/www.fondazionepirelli.org\/it\/cultura-dimpresa\/condottieri-delleccellenza\/","title":{"rendered":"Condottieri dell\u2019eccellenza"},"content":{"rendered":"<p><em>La giornalista Paola Pilati racconta alcune delle migliori imprese italiane attraverso le storia dei loro manager<\/em><\/p>\n<p><em>\u00a0<\/em><\/p>\n<p>Eccellenza d\u2019impresa italiana. Tema ormai d\u2019abitudine in molti ambienti (e con ragione). Eppure tema mai sufficientemente percorso ed esplorato. E del quale \u00e8 possibile sempre scoprire qualche anfratto ancora semisconosciuto. \u00c8\u00a0il caso di quelli che ormai per convenzione vengono definiti i <em>top manager <\/em>d\u2019impresa. Gli alti ufficiali, insomma. La schiera di donne e uomini che affiancano (in alcuni casi sostituiscono) l\u2019imprenditore. Gente varia, con storie diverse, con caratteristiche e connotati diversificati, ma tutti accomunati dalla preziosa capacit\u00e0 di prendere per mano un\u2019impresa, farla crescere, farle conquistare nuovi mondi e produrre ricchezza. \u00c8 attorno a queste figure che si snoda \u201cI generalissimi. Strategie e segreti dei top manager italiani\u201d, scritto da Paola Pilati (giornalista acuta ed esperta proprio di imprese e di managerialit\u00e0). Il libro fa parte di &#8220;Bellissima&#8221;, la collana che la Luiss University Press dedica alla cultura di impresa italiana e alle storie di successo che hanno reso il Made in Italy famoso nel mondo.<\/p>\n<p>Pilati parte da una constatazione: si pu\u00f2 raccontare il made in Italy attraverso i fatturati, le joint venture, la conquista di quote di mercato, ma anche attraverso il racconto di coloro che conducono le aziende nel realizzare i loro obiettivi, i <em>manager<\/em> che siedono al vertice: gli amministratori delegati.<\/p>\n<p>Da qui dieci racconti su altrettanti <em>manager <\/em>di alcune delle pi\u00f9 importanti realt\u00e0 industriali nazionali. Ne nasce cos\u00ec un libro che \u00e8 contemporaneamente storia di donne e uomini e storia d\u2019imprese. Oltre che dell\u2019attualit\u00e0 di entrambi. E nelle pagine leggibilissime di Pilati scorrono quindi i giganti della capitalizzazione in Borsa come Eni ed Enel , i campioni assoluti nel loro settore come Fincantieri e Snam, le storie di imprese familiari della farmaceutica Chiesi e della chimica Coim, ma anche la Brembo dei freni della Formula 1 e il gruppo Calzedonia, presenza virale nelle main street di mezzo mondo, fino ad aziende a guida femminile come Kiko e il suo fast make-up di successo e come i superyacht Bluegame della Sanlorenzo, tra i brand pi\u00f9 riconoscibili nel settore lusso. Tutte aziende (e che aziende) accomunate dalla presenza di donne e uomini che hanno la responsabilit\u00e0 non solo di guidarne le scelte strategiche che le proiettano nel futuro, ma anche di preservarne la storia, i valori fondanti, la ricchezza di esperienze e di sapere. Scrive l\u2019autrice sintetizzando tutto il contenuto della sua fatica letteraria: \u201cSono dieci casi diversi, ognuno esemplare del proprio settore, ma con un tratto comune: dimostrano che il capitalismo all\u2019italiana, per quanto mortificato rispetto al passato, \u00e8 perfettamente inserito nelle grandi catene del valore, intrepido sui mercati internazionali e guidato da manager aperti al nuovo \u201cumanesimo\u201d che percorre la societ\u00e0\u201d. Tutto da leggere il libro di Paola Pilati.<\/p><p><strong>I generalissimi. Strategie e segreti dei top manager italiani<\/strong><\/p>\n<p>Paola Pilati<\/p>\n<p>Luiss University Press, 2021<\/p>\n","protected":false},"excerpt":{"rendered":"<p>La giornalista Paola Pilati racconta alcune delle migliori imprese italiane attraverso le storia dei loro manager \u00a0 Eccellenza d\u2019impresa italiana. Tema ormai d\u2019abitudine in molti ambienti (e con ragione). Eppure tema mai sufficientemente percorso ed esplorato. E del quale \u00e8 possibile sempre scoprire qualche anfratto ancora semisconosciuto. \u00c8\u00a0il caso di quelli che ormai per convenzione [&hellip;]<\/p>\n","protected":false},"author":9,"featured_media":83546,"comment_status":"open","ping_status":"open","sticky":false,"template":"","format":"standard","meta":{"footnotes":""},"categories":[52,58],"tags":[],"class_list":["post-83545","post","type-post","status-publish","format-standard","has-post-thumbnail","hentry","category-cultura-dimpresa","category-recensioni-libri"],"acf":[],"yoast_head":"<!-- This site is optimized with the Yoast SEO plugin v25.0 - https:\/\/yoast.com\/wordpress\/plugins\/seo\/ -->\n<title>Condottieri dell\u2019eccellenza - Fondazione Pirelli<\/title>\n<meta name=\"robots\" content=\"index, follow, max-snippet:-1, max-image-preview:large, max-video-preview:-1\" \/>\n<link rel=\"canonical\" href=\"https:\/\/www.fondazionepirelli.org\/it\/cultura-dimpresa\/condottieri-delleccellenza\/\" \/>\n<meta property=\"og:locale\" content=\"it_IT\" \/>\n<meta property=\"og:type\" content=\"article\" \/>\n<meta property=\"og:title\" content=\"Condottieri dell\u2019eccellenza - Fondazione Pirelli\" \/>\n<meta property=\"og:description\" content=\"La giornalista Paola Pilati racconta alcune delle migliori imprese italiane attraverso le storia dei loro manager \u00a0 Eccellenza d\u2019impresa italiana. Tema ormai d\u2019abitudine in molti ambienti (e con ragione). Eppure tema mai sufficientemente percorso ed esplorato. E del quale \u00e8 possibile sempre scoprire qualche anfratto ancora semisconosciuto. \u00c8\u00a0il caso di quelli che ormai per convenzione [&hellip;]\" \/>\n<meta property=\"og:url\" content=\"https:\/\/www.fondazionepirelli.org\/it\/cultura-dimpresa\/condottieri-delleccellenza\/\" \/>\n<meta property=\"og:site_name\" content=\"Fondazione Pirelli\" \/>\n<meta property=\"article:published_time\" content=\"2021-06-01T06:50:56+00:00\" \/>\n<meta property=\"article:modified_time\" content=\"2021-06-01T14:24:34+00:00\" \/>\n<meta property=\"og:image\" content=\"https:\/\/wpsite-assets.fondazionepirelli.org\/wp-content\/uploads\/2021\/05\/31110240\/pilati_cop-768x1075-e1622455367931.jpg\" \/>\n\t<meta property=\"og:image:width\" content=\"500\" \/>\n\t<meta property=\"og:image:height\" content=\"700\" \/>\n\t<meta property=\"og:image:type\" content=\"image\/jpeg\" \/>\n<meta name=\"author\" content=\"fondazionepirelli\" \/>\n<meta name=\"twitter:card\" content=\"summary_large_image\" \/>\n<meta name=\"twitter:label1\" content=\"Scritto da\" \/>\n\t<meta name=\"twitter:data1\" content=\"fondazionepirelli\" \/>\n\t<meta name=\"twitter:label2\" content=\"Tempo di lettura stimato\" \/>\n\t<meta name=\"twitter:data2\" content=\"2 minuti\" \/>\n<script type=\"application\/ld+json\" class=\"yoast-schema-graph\">{\"@context\":\"https:\/\/schema.org\",\"@graph\":[{\"@type\":\"WebPage\",\"@id\":\"https:\/\/www.fondazionepirelli.org\/it\/cultura-dimpresa\/condottieri-delleccellenza\/\",\"url\":\"https:\/\/www.fondazionepirelli.org\/it\/cultura-dimpresa\/condottieri-delleccellenza\/\",\"name\":\"Condottieri dell\u2019eccellenza - Fondazione Pirelli\",\"isPartOf\":{\"@id\":\"https:\/\/www.fondazionepirelli.org\/it\/#website\"},\"primaryImageOfPage\":{\"@id\":\"https:\/\/www.fondazionepirelli.org\/it\/cultura-dimpresa\/condottieri-delleccellenza\/#primaryimage\"},\"image\":{\"@id\":\"https:\/\/www.fondazionepirelli.org\/it\/cultura-dimpresa\/condottieri-delleccellenza\/#primaryimage\"},\"thumbnailUrl\":\"https:\/\/wpsite-assets.fondazionepirelli.org\/wp-content\/uploads\/2021\/05\/31110240\/pilati_cop-768x1075-e1622455367931.jpg\",\"datePublished\":\"2021-06-01T06:50:56+00:00\",\"dateModified\":\"2021-06-01T14:24:34+00:00\",\"author\":{\"@id\":\"https:\/\/www.fondazionepirelli.org\/it\/#\/schema\/person\/c31fcf5937a0e6afa45497f3f8b6d7a0\"},\"breadcrumb\":{\"@id\":\"https:\/\/www.fondazionepirelli.org\/it\/cultura-dimpresa\/condottieri-delleccellenza\/#breadcrumb\"},\"inLanguage\":\"it-IT\",\"potentialAction\":[{\"@type\":\"ReadAction\",\"target\":[\"https:\/\/www.fondazionepirelli.org\/it\/cultura-dimpresa\/condottieri-delleccellenza\/\"]}]},{\"@type\":\"ImageObject\",\"inLanguage\":\"it-IT\",\"@id\":\"https:\/\/www.fondazionepirelli.org\/it\/cultura-dimpresa\/condottieri-delleccellenza\/#primaryimage\",\"url\":\"https:\/\/wpsite-assets.fondazionepirelli.org\/wp-content\/uploads\/2021\/05\/31110240\/pilati_cop-768x1075-e1622455367931.jpg\",\"contentUrl\":\"https:\/\/wpsite-assets.fondazionepirelli.org\/wp-content\/uploads\/2021\/05\/31110240\/pilati_cop-768x1075-e1622455367931.jpg\",\"width\":500,\"height\":700},{\"@type\":\"BreadcrumbList\",\"@id\":\"https:\/\/www.fondazionepirelli.org\/it\/cultura-dimpresa\/condottieri-delleccellenza\/#breadcrumb\",\"itemListElement\":[{\"@type\":\"ListItem\",\"position\":1,\"name\":\"Home\",\"item\":\"https:\/\/www.fondazionepirelli.org\/it\/\"},{\"@type\":\"ListItem\",\"position\":2,\"name\":\"Condottieri dell\u2019eccellenza\"}]},{\"@type\":\"WebSite\",\"@id\":\"https:\/\/www.fondazionepirelli.org\/it\/#website\",\"url\":\"https:\/\/www.fondazionepirelli.org\/it\/\",\"name\":\"Fondazione Pirelli\",\"description\":\"\",\"potentialAction\":[{\"@type\":\"SearchAction\",\"target\":{\"@type\":\"EntryPoint\",\"urlTemplate\":\"https:\/\/www.fondazionepirelli.org\/it\/?s={search_term_string}\"},\"query-input\":{\"@type\":\"PropertyValueSpecification\",\"valueRequired\":true,\"valueName\":\"search_term_string\"}}],\"inLanguage\":\"it-IT\"},{\"@type\":\"Person\",\"@id\":\"https:\/\/www.fondazionepirelli.org\/it\/#\/schema\/person\/c31fcf5937a0e6afa45497f3f8b6d7a0\",\"name\":\"fondazionepirelli\",\"image\":{\"@type\":\"ImageObject\",\"inLanguage\":\"it-IT\",\"@id\":\"https:\/\/www.fondazionepirelli.org\/it\/#\/schema\/person\/image\/\",\"url\":\"https:\/\/secure.gravatar.com\/avatar\/9cb486421ce1d6eddbf6c4fb66841b4325b786695f7aedf1dde2222428218696?s=96&d=mm&r=g\",\"contentUrl\":\"https:\/\/secure.gravatar.com\/avatar\/9cb486421ce1d6eddbf6c4fb66841b4325b786695f7aedf1dde2222428218696?s=96&d=mm&r=g\",\"caption\":\"fondazionepirelli\"},\"url\":\"https:\/\/www.fondazionepirelli.org\/it\/author\/fondazionepirelli\/\"}]}<\/script>\n<!-- \/ Yoast SEO plugin. -->","yoast_head_json":{"title":"Condottieri dell\u2019eccellenza - Fondazione Pirelli","robots":{"index":"index","follow":"follow","max-snippet":"max-snippet:-1","max-image-preview":"max-image-preview:large","max-video-preview":"max-video-preview:-1"},"canonical":"https:\/\/www.fondazionepirelli.org\/it\/cultura-dimpresa\/condottieri-delleccellenza\/","og_locale":"it_IT","og_type":"article","og_title":"Condottieri dell\u2019eccellenza - Fondazione Pirelli","og_description":"La giornalista Paola Pilati racconta alcune delle migliori imprese italiane attraverso le storia dei loro manager \u00a0 Eccellenza d\u2019impresa italiana. Tema ormai d\u2019abitudine in molti ambienti (e con ragione). Eppure tema mai sufficientemente percorso ed esplorato. E del quale \u00e8 possibile sempre scoprire qualche anfratto ancora semisconosciuto. \u00c8\u00a0il caso di quelli che ormai per convenzione [&hellip;]","og_url":"https:\/\/www.fondazionepirelli.org\/it\/cultura-dimpresa\/condottieri-delleccellenza\/","og_site_name":"Fondazione Pirelli","article_published_time":"2021-06-01T06:50:56+00:00","article_modified_time":"2021-06-01T14:24:34+00:00","og_image":[{"width":500,"height":700,"url":"https:\/\/wpsite-assets.fondazionepirelli.org\/wp-content\/uploads\/2021\/05\/31110240\/pilati_cop-768x1075-e1622455367931.jpg","type":"image\/jpeg"}],"author":"fondazionepirelli","twitter_card":"summary_large_image","twitter_misc":{"Scritto da":"fondazionepirelli","Tempo di lettura stimato":"2 minuti"},"schema":{"@context":"https:\/\/schema.org","@graph":[{"@type":"WebPage","@id":"https:\/\/www.fondazionepirelli.org\/it\/cultura-dimpresa\/condottieri-delleccellenza\/","url":"https:\/\/www.fondazionepirelli.org\/it\/cultura-dimpresa\/condottieri-delleccellenza\/","name":"Condottieri dell\u2019eccellenza - Fondazione Pirelli","isPartOf":{"@id":"https:\/\/www.fondazionepirelli.org\/it\/#website"},"primaryImageOfPage":{"@id":"https:\/\/www.fondazionepirelli.org\/it\/cultura-dimpresa\/condottieri-delleccellenza\/#primaryimage"},"image":{"@id":"https:\/\/www.fondazionepirelli.org\/it\/cultura-dimpresa\/condottieri-delleccellenza\/#primaryimage"},"thumbnailUrl":"https:\/\/wpsite-assets.fondazionepirelli.org\/wp-content\/uploads\/2021\/05\/31110240\/pilati_cop-768x1075-e1622455367931.jpg","datePublished":"2021-06-01T06:50:56+00:00","dateModified":"2021-06-01T14:24:34+00:00","author":{"@id":"https:\/\/www.fondazionepirelli.org\/it\/#\/schema\/person\/c31fcf5937a0e6afa45497f3f8b6d7a0"},"breadcrumb":{"@id":"https:\/\/www.fondazionepirelli.org\/it\/cultura-dimpresa\/condottieri-delleccellenza\/#breadcrumb"},"inLanguage":"it-IT","potentialAction":[{"@type":"ReadAction","target":["https:\/\/www.fondazionepirelli.org\/it\/cultura-dimpresa\/condottieri-delleccellenza\/"]}]},{"@type":"ImageObject","inLanguage":"it-IT","@id":"https:\/\/www.fondazionepirelli.org\/it\/cultura-dimpresa\/condottieri-delleccellenza\/#primaryimage","url":"https:\/\/wpsite-assets.fondazionepirelli.org\/wp-content\/uploads\/2021\/05\/31110240\/pilati_cop-768x1075-e1622455367931.jpg","contentUrl":"https:\/\/wpsite-assets.fondazionepirelli.org\/wp-content\/uploads\/2021\/05\/31110240\/pilati_cop-768x1075-e1622455367931.jpg","width":500,"height":700},{"@type":"BreadcrumbList","@id":"https:\/\/www.fondazionepirelli.org\/it\/cultura-dimpresa\/condottieri-delleccellenza\/#breadcrumb","itemListElement":[{"@type":"ListItem","position":1,"name":"Home","item":"https:\/\/www.fondazionepirelli.org\/it\/"},{"@type":"ListItem","position":2,"name":"Condottieri dell\u2019eccellenza"}]},{"@type":"WebSite","@id":"https:\/\/www.fondazionepirelli.org\/it\/#website","url":"https:\/\/www.fondazionepirelli.org\/it\/","name":"Fondazione Pirelli","description":"","potentialAction":[{"@type":"SearchAction","target":{"@type":"EntryPoint","urlTemplate":"https:\/\/www.fondazionepirelli.org\/it\/?s={search_term_string}"},"query-input":{"@type":"PropertyValueSpecification","valueRequired":true,"valueName":"search_term_string"}}],"inLanguage":"it-IT"},{"@type":"Person","@id":"https:\/\/www.fondazionepirelli.org\/it\/#\/schema\/person\/c31fcf5937a0e6afa45497f3f8b6d7a0","name":"fondazionepirelli","image":{"@type":"ImageObject","inLanguage":"it-IT","@id":"https:\/\/www.fondazionepirelli.org\/it\/#\/schema\/person\/image\/","url":"https:\/\/secure.gravatar.com\/avatar\/9cb486421ce1d6eddbf6c4fb66841b4325b786695f7aedf1dde2222428218696?s=96&d=mm&r=g","contentUrl":"https:\/\/secure.gravatar.com\/avatar\/9cb486421ce1d6eddbf6c4fb66841b4325b786695f7aedf1dde2222428218696?s=96&d=mm&r=g","caption":"fondazionepirelli"},"url":"https:\/\/www.fondazionepirelli.org\/it\/author\/fondazionepirelli\/"}]}},"_links":{"self":[{"href":"https:\/\/www.fondazionepirelli.org\/it\/wp-json\/wp\/v2\/posts\/83545\/"}],"collection":[{"href":"https:\/\/www.fondazionepirelli.org\/it\/wp-json\/wp\/v2\/posts\/"}],"about":[{"href":"https:\/\/www.fondazionepirelli.org\/it\/wp-json\/wp\/v2\/types\/post\/"}],"author":[{"embeddable":true,"href":"https:\/\/www.fondazionepirelli.org\/it\/wp-json\/wp\/v2\/users\/9\/"}],"replies":[{"embeddable":true,"href":"https:\/\/www.fondazionepirelli.org\/it\/wp-json\/wp\/v2\/comments\/?post=83545"}],"version-history":[{"count":7,"href":"https:\/\/www.fondazionepirelli.org\/it\/wp-json\/wp\/v2\/posts\/83545\/revisions\/"}],"predecessor-version":[{"id":83565,"href":"https:\/\/www.fondazionepirelli.org\/it\/wp-json\/wp\/v2\/posts\/83545\/revisions\/83565\/"}],"wp:featuredmedia":[{"embeddable":true,"href":"https:\/\/www.fondazionepirelli.org\/it\/wp-json\/wp\/v2\/media\/83546\/"}],"wp:attachment":[{"href":"https:\/\/www.fondazionepirelli.org\/it\/wp-json\/wp\/v2\/media\/?parent=83545"}],"wp:term":[{"taxonomy":"category","embeddable":true,"href":"https:\/\/www.fondazionepirelli.org\/it\/wp-json\/wp\/v2\/categories\/?post=83545"},{"taxonomy":"post_tag","embeddable":true,"href":"https:\/\/www.fondazionepirelli.org\/it\/wp-json\/wp\/v2\/tags\/?post=83545"}],"curies":[{"name":"wp","href":"https:\/\/api.w.org\/{rel}","templated":true}]}}