{"id":83623,"date":"2021-06-08T08:39:28","date_gmt":"2021-06-08T07:39:28","guid":{"rendered":"https:\/\/www.fondazionepirelli.org\/?p=83623"},"modified":"2021-06-08T08:39:28","modified_gmt":"2021-06-08T07:39:28","slug":"litalia-ritrova-fiducia-e-ripresa-ma-il-risparmio-ancora-non-alimenta-consumi-e-nuovi-investimenti","status":"publish","type":"post","link":"https:\/\/www.fondazionepirelli.org\/it\/cultura-dimpresa\/litalia-ritrova-fiducia-e-ripresa-ma-il-risparmio-ancora-non-alimenta-consumi-e-nuovi-investimenti\/","title":{"rendered":"L\u2019Italia ritrova fiducia e ripresa, ma il risparmio ancora non alimenta consumi e nuovi investimenti"},"content":{"rendered":"<p>\u201cLa storia siamo noi. Nessuno si senta escluso\u201d. La citazione di una delle canzoni pi\u00f9 poetiche e intense di Francesco De Gregori segna il discorso del presidente della Repubblica Sergio Mattarella per la ricorrenza del <strong>2 giugno<\/strong>, festa della Repubblica. Ed \u00e8 quanto mai utile per insistere sui valori dell\u2019impegno comune in tempi di crisi, sul senso di responsabilit\u00e0 necessario per costruire, come comunit\u00e0, un futuro migliore, pi\u00f9 equilibrato e sostenibile. L\u2019Italia, nonostante cadute, ombre ed errori, ha affrontato tutto sommato bene la pandemia. Adesso bisogna fare i conti con la <strong>ripresa<\/strong>. E Mattarella sottolinea la necessit\u00e0 della <strong>fiducia<\/strong>, valorizza le scelte positive gi\u00e0 fatte dagli italiani, dalle istituzioni, dalle imprese. \u201cIl Paese non \u00e8 fermo\u201d, dice. E ancora: \u201cL\u2019Italia, la nostra Patria, ha le carte in regola per farcela\u201d.<\/p>\n<p>Il riferimento storico \u00e8 a quel dopoguerra in cui, nonostante \u201cle macerie materiali e morali\u201d, si ricomincia a vivere e progettare futuro. Il 2 giugno di 75 anni fa, le votazioni per il referendum su monarca o repubblica e l\u2019elezione dell\u2019Assemblea Costituente. Vince la Repubblica, si archivia l\u2019infausta stagione d\u2019una monarchia gravemente compromessa con il fascismo, le leggi razziali e la guerra e si comincia a lavorare per una Costituzione pienamente democratica, densa di una impegnativa serie di indicazioni programmatiche sui diritti, i doveri, le responsabilit\u00e0. Si avvia la ricostruzione (\u201cPrima le fabbriche, poi le case\u201d, concordano il presidente di Confindustria Angelo Costa e il leader della Cgil Giuseppe Di Vittorio: il primato dell\u2019intraprendenza e del lavoro). E, pur tra pesanti conflitti politici e sociali (\u00e8 tempo di \u201cguerra fredda\u201d) si pongono le basi di quello che, negli anni Cinquanta e Sessanta, sar\u00e0 il boom economico, stimolato anche dalla nascita dell\u2019Europa come mercato comune e come comunit\u00e0 ricca di valori politici, che mantengono ancora adesso una solida attualit\u00e0.<\/p>\n<p>Oggi il quadro economico, sociale e soprattutto politico \u00e8 ben diverso dal dopoguerra. Ma l\u2019opportuno richiamo del presidente Mattarella a quel periodo serve a sottolineare come e quanto l\u2019Italia, in condizioni di emergenza, abbia sempre saputo dare il meglio di s\u00e9, di fronte a disastri naturali, terrorismo, violenza mafiosa, gravi recessioni.<\/p>\n<p>Fiducia, dunque. <strong>Migliora l\u2019indice di fiducia<\/strong> delle famiglie e quello delle imprese (ne abbiamo parlato nel blog della settimana scorsa). E la crescita economica, quest\u2019anno, sar\u00e0 del 4,7% e nel 2022 del 4,4%, secondo i calcoli dell\u2019Istat (\u201cIndustria e consumi, l\u2019Italia ritrova fiducia e la ripresa accelera\u201d, scrive \u201cla Repubblica\u201d, 5 giugno). E non mancano previsioni di un aumento del 5%, su cui il governo Draghi mostra un certo ottimismo. Le imprese industriali da tempo hanno ricominciato a produrre ed esportare (\u201cOrdini, export e fiducia. Dalla Lombardia la spinta per il Paese\u201d, titola \u201cIl Sole24Ore\u201d, 6 giugno). E per la prossima estate le imprese del commercio e del turismo leggono segnali che fanno ben sperare in un avvio di ripresa.<\/p>\n<p>Le ragioni della fiducia sono fondate. Guardando sia al quadro sanitario della risposta alla pandemia sia al quadro economico. La campagna di vaccinazione, dopo le incertezze iniziali, va avanti con determinazione, efficienza ed efficacia (utilissimo, il coordinamento del generale Figliuolo). Il governo mostra grande impegno nella definizione e nell\u2019approvazione del <strong>Pnrr<\/strong>, il Piano nazionale di ripresa secondo le indicazioni Ue, ritenendo che entro l\u2019estate arriver\u00e0 la prima rata dei 200 miliardi di finanziamenti e prestiti dell\u2019Italia. Le riforme in cantiere (giustizia, pubblica amministrazione, lavoro, scuola) trovano naturalmente contrasti e ostacoli, dati anche i diversi interessi e i conflitti identitari tra i partiti delle coalizione di governo (con vecchie tentazioni di assistenzialismo e spesa pubblica per cercare consenso). Ma si \u00e8 visto finora che il presidente del Consiglio Draghi riesce a trovare e imporre un punto positivo di mediazione.<\/p>\n<p>Rassicurante \u00e8 anche l\u2019autorevolezza italiana, in crescita proprio nelle sedi Ue, in un momento in cui l\u2019Europa sta ridiscutendo il proprio ruolo, le proprie regole, il senso della propria grande responsabilit\u00e0 sul palcoscenico mondiale (e Draghi si conferma punto di riferimento di primo piano).<\/p>\n<p>Restano comunque alcuni punti di incertezza, che dicono che il recupero di fiducia \u00e8 parziale e, per certi versi, timido. Un indice cui guardare con attenzione \u00e8 quello del <strong>risparmio<\/strong>. La propensione al risparmio delle famiglie, nel 2020, \u00e8 salito al 15,8%, quasi il doppio del 2019. E la tendenza \u00e8 andata avanti anche nei primi mesi del \u201821: soldi fermi sottratti a consumi e piccoli investimenti, per timore di incertezze nell\u2019immediato futuro, che riguardano lavoro, salute, avvenire dei figli (le nostre famiglie continuano a essere un gigantesco ammortizzatore sociale per le nuove generazioni).<\/p>\n<p>Anche parecchie imprese, quelle attive e in buona salute, hanno molta liquidit\u00e0 ferma in portafoglio, in attesa di avere chiaro il quadro delle scelte di governo sulla transizione digitale e su quella ecologica, prima di investire in sostenibilit\u00e0 ambientale e sociale e in innovazione (asset fondamentali di competitivit\u00e0).<\/p>\n<p>Il quadro potrebbe essere riassunto cos\u00ec: la ripresa \u00e8 avviata, ma non sta dispiegando tutta la sua forza e, nonostante la crescita del clima di fiducia, larga parte degli italiani vorrebbero avere le idee pi\u00f9 chiare, essere pi\u00f9 sicuri sul proprio futuro.<\/p>\n<p>Le parole di speranza e di fiducia che arrivano sia dal Quirinale che da Palazzo Chigi, da una finalmente autorevole e attiva presidenza del Consiglio, sono fondamentali. Tocca anche ai partiti fare la loro parte, nel rassicurare l\u2019opinione pubblica. Litigiosit\u00e0 interne sia al centro destra che al centro sinistra e tensioni interne alle singole forze politiche non sono purtroppo in sintonia con il grave momento che stiamo attraversando e con i bisogni di fondo della grande maggioranza degli italiani.<\/p>\n<p>S\u2019intravvede comunque un altro buon segnale all\u2019orizzonte. Il presidente del Consiglio Draghi ha fatto sapere, in pi\u00f9 di un\u2019occasione, di guardare all\u2019<strong>orizzonte del 2023<\/strong>, come termine del proprio mandato. E\u2019 una buona notizia, un\u2019indicazione rassicurante. C\u2019\u00e8 il tempo di incardinare bene le riforme in programma per modernizzare l\u2019Italia e per avviare la spesa dei fondi del Recovery Plan: investimenti per lo sviluppo e la qualit\u00e0 della vita e del palco, produttivit\u00e0 e competitivit\u00e0. La fiducia, nonostante tutto, si pu\u00f2 rafforzare.<\/p>","protected":false},"excerpt":{"rendered":"<p>\u201cLa storia siamo noi. Nessuno si senta escluso\u201d. La citazione di una delle canzoni pi\u00f9 poetiche e intense di Francesco De Gregori segna il discorso del presidente della Repubblica Sergio Mattarella per la ricorrenza del 2 giugno, festa della Repubblica. Ed \u00e8 quanto mai utile per insistere sui valori dell\u2019impegno comune in tempi di crisi, [&hellip;]<\/p>\n","protected":false},"author":9,"featured_media":83630,"comment_status":"open","ping_status":"open","sticky":false,"template":"","format":"standard","meta":{"footnotes":""},"categories":[53,52],"tags":[],"class_list":["post-83623","post","type-post","status-publish","format-standard","has-post-thumbnail","hentry","category-blog","category-cultura-dimpresa"],"acf":[],"yoast_head":"<!-- This site is optimized with the Yoast SEO plugin v25.0 - https:\/\/yoast.com\/wordpress\/plugins\/seo\/ -->\n<title>L\u2019Italia ritrova fiducia e ripresa, ma il risparmio ancora non alimenta consumi e nuovi investimenti - Fondazione Pirelli<\/title>\n<meta name=\"robots\" content=\"index, follow, max-snippet:-1, max-image-preview:large, max-video-preview:-1\" \/>\n<link rel=\"canonical\" href=\"https:\/\/www.fondazionepirelli.org\/it\/cultura-dimpresa\/litalia-ritrova-fiducia-e-ripresa-ma-il-risparmio-ancora-non-alimenta-consumi-e-nuovi-investimenti\/\" \/>\n<meta property=\"og:locale\" content=\"it_IT\" \/>\n<meta property=\"og:type\" content=\"article\" \/>\n<meta property=\"og:title\" content=\"L\u2019Italia ritrova fiducia e ripresa, ma il risparmio ancora non alimenta consumi e nuovi investimenti - Fondazione Pirelli\" \/>\n<meta property=\"og:description\" content=\"\u201cLa storia siamo noi. Nessuno si senta escluso\u201d. La citazione di una delle canzoni pi\u00f9 poetiche e intense di Francesco De Gregori segna il discorso del presidente della Repubblica Sergio Mattarella per la ricorrenza del 2 giugno, festa della Repubblica. Ed \u00e8 quanto mai utile per insistere sui valori dell\u2019impegno comune in tempi di crisi, [&hellip;]\" \/>\n<meta property=\"og:url\" content=\"https:\/\/www.fondazionepirelli.org\/it\/cultura-dimpresa\/litalia-ritrova-fiducia-e-ripresa-ma-il-risparmio-ancora-non-alimenta-consumi-e-nuovi-investimenti\/\" \/>\n<meta property=\"og:site_name\" content=\"Fondazione Pirelli\" \/>\n<meta property=\"article:published_time\" content=\"2021-06-08T07:39:28+00:00\" \/>\n<meta property=\"og:image\" content=\"https:\/\/wpsite-assets.fondazionepirelli.org\/wp-content\/uploads\/2021\/06\/08083919\/deduzione-ace-societa-di-capitali-2021-esercizio-2020.jpg\" \/>\n\t<meta property=\"og:image:width\" content=\"360\" \/>\n\t<meta property=\"og:image:height\" content=\"240\" \/>\n\t<meta property=\"og:image:type\" content=\"image\/jpeg\" \/>\n<meta name=\"author\" content=\"fondazionepirelli\" \/>\n<meta name=\"twitter:card\" content=\"summary_large_image\" \/>\n<meta name=\"twitter:label1\" content=\"Scritto da\" \/>\n\t<meta name=\"twitter:data1\" content=\"fondazionepirelli\" \/>\n\t<meta name=\"twitter:label2\" content=\"Tempo di lettura stimato\" \/>\n\t<meta name=\"twitter:data2\" content=\"5 minuti\" \/>\n<script type=\"application\/ld+json\" class=\"yoast-schema-graph\">{\"@context\":\"https:\/\/schema.org\",\"@graph\":[{\"@type\":\"WebPage\",\"@id\":\"https:\/\/www.fondazionepirelli.org\/it\/cultura-dimpresa\/litalia-ritrova-fiducia-e-ripresa-ma-il-risparmio-ancora-non-alimenta-consumi-e-nuovi-investimenti\/\",\"url\":\"https:\/\/www.fondazionepirelli.org\/it\/cultura-dimpresa\/litalia-ritrova-fiducia-e-ripresa-ma-il-risparmio-ancora-non-alimenta-consumi-e-nuovi-investimenti\/\",\"name\":\"L\u2019Italia ritrova fiducia e ripresa, ma il risparmio ancora non alimenta consumi e nuovi investimenti - Fondazione Pirelli\",\"isPartOf\":{\"@id\":\"https:\/\/www.fondazionepirelli.org\/it\/#website\"},\"primaryImageOfPage\":{\"@id\":\"https:\/\/www.fondazionepirelli.org\/it\/cultura-dimpresa\/litalia-ritrova-fiducia-e-ripresa-ma-il-risparmio-ancora-non-alimenta-consumi-e-nuovi-investimenti\/#primaryimage\"},\"image\":{\"@id\":\"https:\/\/www.fondazionepirelli.org\/it\/cultura-dimpresa\/litalia-ritrova-fiducia-e-ripresa-ma-il-risparmio-ancora-non-alimenta-consumi-e-nuovi-investimenti\/#primaryimage\"},\"thumbnailUrl\":\"https:\/\/wpsite-assets.fondazionepirelli.org\/wp-content\/uploads\/2021\/06\/08083919\/deduzione-ace-societa-di-capitali-2021-esercizio-2020.jpg\",\"datePublished\":\"2021-06-08T07:39:28+00:00\",\"author\":{\"@id\":\"https:\/\/www.fondazionepirelli.org\/it\/#\/schema\/person\/c31fcf5937a0e6afa45497f3f8b6d7a0\"},\"breadcrumb\":{\"@id\":\"https:\/\/www.fondazionepirelli.org\/it\/cultura-dimpresa\/litalia-ritrova-fiducia-e-ripresa-ma-il-risparmio-ancora-non-alimenta-consumi-e-nuovi-investimenti\/#breadcrumb\"},\"inLanguage\":\"it-IT\",\"potentialAction\":[{\"@type\":\"ReadAction\",\"target\":[\"https:\/\/www.fondazionepirelli.org\/it\/cultura-dimpresa\/litalia-ritrova-fiducia-e-ripresa-ma-il-risparmio-ancora-non-alimenta-consumi-e-nuovi-investimenti\/\"]}]},{\"@type\":\"ImageObject\",\"inLanguage\":\"it-IT\",\"@id\":\"https:\/\/www.fondazionepirelli.org\/it\/cultura-dimpresa\/litalia-ritrova-fiducia-e-ripresa-ma-il-risparmio-ancora-non-alimenta-consumi-e-nuovi-investimenti\/#primaryimage\",\"url\":\"https:\/\/wpsite-assets.fondazionepirelli.org\/wp-content\/uploads\/2021\/06\/08083919\/deduzione-ace-societa-di-capitali-2021-esercizio-2020.jpg\",\"contentUrl\":\"https:\/\/wpsite-assets.fondazionepirelli.org\/wp-content\/uploads\/2021\/06\/08083919\/deduzione-ace-societa-di-capitali-2021-esercizio-2020.jpg\",\"width\":360,\"height\":240},{\"@type\":\"BreadcrumbList\",\"@id\":\"https:\/\/www.fondazionepirelli.org\/it\/cultura-dimpresa\/litalia-ritrova-fiducia-e-ripresa-ma-il-risparmio-ancora-non-alimenta-consumi-e-nuovi-investimenti\/#breadcrumb\",\"itemListElement\":[{\"@type\":\"ListItem\",\"position\":1,\"name\":\"Home\",\"item\":\"https:\/\/www.fondazionepirelli.org\/it\/\"},{\"@type\":\"ListItem\",\"position\":2,\"name\":\"L\u2019Italia ritrova fiducia e ripresa, ma il risparmio ancora non alimenta consumi e nuovi investimenti\"}]},{\"@type\":\"WebSite\",\"@id\":\"https:\/\/www.fondazionepirelli.org\/it\/#website\",\"url\":\"https:\/\/www.fondazionepirelli.org\/it\/\",\"name\":\"Fondazione Pirelli\",\"description\":\"\",\"potentialAction\":[{\"@type\":\"SearchAction\",\"target\":{\"@type\":\"EntryPoint\",\"urlTemplate\":\"https:\/\/www.fondazionepirelli.org\/it\/?s={search_term_string}\"},\"query-input\":{\"@type\":\"PropertyValueSpecification\",\"valueRequired\":true,\"valueName\":\"search_term_string\"}}],\"inLanguage\":\"it-IT\"},{\"@type\":\"Person\",\"@id\":\"https:\/\/www.fondazionepirelli.org\/it\/#\/schema\/person\/c31fcf5937a0e6afa45497f3f8b6d7a0\",\"name\":\"fondazionepirelli\",\"image\":{\"@type\":\"ImageObject\",\"inLanguage\":\"it-IT\",\"@id\":\"https:\/\/www.fondazionepirelli.org\/it\/#\/schema\/person\/image\/\",\"url\":\"https:\/\/secure.gravatar.com\/avatar\/9cb486421ce1d6eddbf6c4fb66841b4325b786695f7aedf1dde2222428218696?s=96&d=mm&r=g\",\"contentUrl\":\"https:\/\/secure.gravatar.com\/avatar\/9cb486421ce1d6eddbf6c4fb66841b4325b786695f7aedf1dde2222428218696?s=96&d=mm&r=g\",\"caption\":\"fondazionepirelli\"},\"url\":\"https:\/\/www.fondazionepirelli.org\/it\/author\/fondazionepirelli\/\"}]}<\/script>\n<!-- \/ Yoast SEO plugin. -->","yoast_head_json":{"title":"L\u2019Italia ritrova fiducia e ripresa, ma il risparmio ancora non alimenta consumi e nuovi investimenti - Fondazione Pirelli","robots":{"index":"index","follow":"follow","max-snippet":"max-snippet:-1","max-image-preview":"max-image-preview:large","max-video-preview":"max-video-preview:-1"},"canonical":"https:\/\/www.fondazionepirelli.org\/it\/cultura-dimpresa\/litalia-ritrova-fiducia-e-ripresa-ma-il-risparmio-ancora-non-alimenta-consumi-e-nuovi-investimenti\/","og_locale":"it_IT","og_type":"article","og_title":"L\u2019Italia ritrova fiducia e ripresa, ma il risparmio ancora non alimenta consumi e nuovi investimenti - Fondazione Pirelli","og_description":"\u201cLa storia siamo noi. Nessuno si senta escluso\u201d. La citazione di una delle canzoni pi\u00f9 poetiche e intense di Francesco De Gregori segna il discorso del presidente della Repubblica Sergio Mattarella per la ricorrenza del 2 giugno, festa della Repubblica. Ed \u00e8 quanto mai utile per insistere sui valori dell\u2019impegno comune in tempi di crisi, [&hellip;]","og_url":"https:\/\/www.fondazionepirelli.org\/it\/cultura-dimpresa\/litalia-ritrova-fiducia-e-ripresa-ma-il-risparmio-ancora-non-alimenta-consumi-e-nuovi-investimenti\/","og_site_name":"Fondazione Pirelli","article_published_time":"2021-06-08T07:39:28+00:00","og_image":[{"width":360,"height":240,"url":"https:\/\/wpsite-assets.fondazionepirelli.org\/wp-content\/uploads\/2021\/06\/08083919\/deduzione-ace-societa-di-capitali-2021-esercizio-2020.jpg","type":"image\/jpeg"}],"author":"fondazionepirelli","twitter_card":"summary_large_image","twitter_misc":{"Scritto da":"fondazionepirelli","Tempo di lettura stimato":"5 minuti"},"schema":{"@context":"https:\/\/schema.org","@graph":[{"@type":"WebPage","@id":"https:\/\/www.fondazionepirelli.org\/it\/cultura-dimpresa\/litalia-ritrova-fiducia-e-ripresa-ma-il-risparmio-ancora-non-alimenta-consumi-e-nuovi-investimenti\/","url":"https:\/\/www.fondazionepirelli.org\/it\/cultura-dimpresa\/litalia-ritrova-fiducia-e-ripresa-ma-il-risparmio-ancora-non-alimenta-consumi-e-nuovi-investimenti\/","name":"L\u2019Italia ritrova fiducia e ripresa, ma il risparmio ancora non alimenta consumi e nuovi investimenti - Fondazione Pirelli","isPartOf":{"@id":"https:\/\/www.fondazionepirelli.org\/it\/#website"},"primaryImageOfPage":{"@id":"https:\/\/www.fondazionepirelli.org\/it\/cultura-dimpresa\/litalia-ritrova-fiducia-e-ripresa-ma-il-risparmio-ancora-non-alimenta-consumi-e-nuovi-investimenti\/#primaryimage"},"image":{"@id":"https:\/\/www.fondazionepirelli.org\/it\/cultura-dimpresa\/litalia-ritrova-fiducia-e-ripresa-ma-il-risparmio-ancora-non-alimenta-consumi-e-nuovi-investimenti\/#primaryimage"},"thumbnailUrl":"https:\/\/wpsite-assets.fondazionepirelli.org\/wp-content\/uploads\/2021\/06\/08083919\/deduzione-ace-societa-di-capitali-2021-esercizio-2020.jpg","datePublished":"2021-06-08T07:39:28+00:00","author":{"@id":"https:\/\/www.fondazionepirelli.org\/it\/#\/schema\/person\/c31fcf5937a0e6afa45497f3f8b6d7a0"},"breadcrumb":{"@id":"https:\/\/www.fondazionepirelli.org\/it\/cultura-dimpresa\/litalia-ritrova-fiducia-e-ripresa-ma-il-risparmio-ancora-non-alimenta-consumi-e-nuovi-investimenti\/#breadcrumb"},"inLanguage":"it-IT","potentialAction":[{"@type":"ReadAction","target":["https:\/\/www.fondazionepirelli.org\/it\/cultura-dimpresa\/litalia-ritrova-fiducia-e-ripresa-ma-il-risparmio-ancora-non-alimenta-consumi-e-nuovi-investimenti\/"]}]},{"@type":"ImageObject","inLanguage":"it-IT","@id":"https:\/\/www.fondazionepirelli.org\/it\/cultura-dimpresa\/litalia-ritrova-fiducia-e-ripresa-ma-il-risparmio-ancora-non-alimenta-consumi-e-nuovi-investimenti\/#primaryimage","url":"https:\/\/wpsite-assets.fondazionepirelli.org\/wp-content\/uploads\/2021\/06\/08083919\/deduzione-ace-societa-di-capitali-2021-esercizio-2020.jpg","contentUrl":"https:\/\/wpsite-assets.fondazionepirelli.org\/wp-content\/uploads\/2021\/06\/08083919\/deduzione-ace-societa-di-capitali-2021-esercizio-2020.jpg","width":360,"height":240},{"@type":"BreadcrumbList","@id":"https:\/\/www.fondazionepirelli.org\/it\/cultura-dimpresa\/litalia-ritrova-fiducia-e-ripresa-ma-il-risparmio-ancora-non-alimenta-consumi-e-nuovi-investimenti\/#breadcrumb","itemListElement":[{"@type":"ListItem","position":1,"name":"Home","item":"https:\/\/www.fondazionepirelli.org\/it\/"},{"@type":"ListItem","position":2,"name":"L\u2019Italia ritrova fiducia e ripresa, ma il risparmio ancora non alimenta consumi e nuovi investimenti"}]},{"@type":"WebSite","@id":"https:\/\/www.fondazionepirelli.org\/it\/#website","url":"https:\/\/www.fondazionepirelli.org\/it\/","name":"Fondazione Pirelli","description":"","potentialAction":[{"@type":"SearchAction","target":{"@type":"EntryPoint","urlTemplate":"https:\/\/www.fondazionepirelli.org\/it\/?s={search_term_string}"},"query-input":{"@type":"PropertyValueSpecification","valueRequired":true,"valueName":"search_term_string"}}],"inLanguage":"it-IT"},{"@type":"Person","@id":"https:\/\/www.fondazionepirelli.org\/it\/#\/schema\/person\/c31fcf5937a0e6afa45497f3f8b6d7a0","name":"fondazionepirelli","image":{"@type":"ImageObject","inLanguage":"it-IT","@id":"https:\/\/www.fondazionepirelli.org\/it\/#\/schema\/person\/image\/","url":"https:\/\/secure.gravatar.com\/avatar\/9cb486421ce1d6eddbf6c4fb66841b4325b786695f7aedf1dde2222428218696?s=96&d=mm&r=g","contentUrl":"https:\/\/secure.gravatar.com\/avatar\/9cb486421ce1d6eddbf6c4fb66841b4325b786695f7aedf1dde2222428218696?s=96&d=mm&r=g","caption":"fondazionepirelli"},"url":"https:\/\/www.fondazionepirelli.org\/it\/author\/fondazionepirelli\/"}]}},"_links":{"self":[{"href":"https:\/\/www.fondazionepirelli.org\/it\/wp-json\/wp\/v2\/posts\/83623\/"}],"collection":[{"href":"https:\/\/www.fondazionepirelli.org\/it\/wp-json\/wp\/v2\/posts\/"}],"about":[{"href":"https:\/\/www.fondazionepirelli.org\/it\/wp-json\/wp\/v2\/types\/post\/"}],"author":[{"embeddable":true,"href":"https:\/\/www.fondazionepirelli.org\/it\/wp-json\/wp\/v2\/users\/9\/"}],"replies":[{"embeddable":true,"href":"https:\/\/www.fondazionepirelli.org\/it\/wp-json\/wp\/v2\/comments\/?post=83623"}],"version-history":[{"count":2,"href":"https:\/\/www.fondazionepirelli.org\/it\/wp-json\/wp\/v2\/posts\/83623\/revisions\/"}],"predecessor-version":[{"id":83625,"href":"https:\/\/www.fondazionepirelli.org\/it\/wp-json\/wp\/v2\/posts\/83623\/revisions\/83625\/"}],"wp:featuredmedia":[{"embeddable":true,"href":"https:\/\/www.fondazionepirelli.org\/it\/wp-json\/wp\/v2\/media\/83630\/"}],"wp:attachment":[{"href":"https:\/\/www.fondazionepirelli.org\/it\/wp-json\/wp\/v2\/media\/?parent=83623"}],"wp:term":[{"taxonomy":"category","embeddable":true,"href":"https:\/\/www.fondazionepirelli.org\/it\/wp-json\/wp\/v2\/categories\/?post=83623"},{"taxonomy":"post_tag","embeddable":true,"href":"https:\/\/www.fondazionepirelli.org\/it\/wp-json\/wp\/v2\/tags\/?post=83623"}],"curies":[{"name":"wp","href":"https:\/\/api.w.org\/{rel}","templated":true}]}}