{"id":83729,"date":"2021-06-29T07:49:23","date_gmt":"2021-06-29T06:49:23","guid":{"rendered":"https:\/\/www.fondazionepirelli.org\/?p=83729"},"modified":"2021-07-16T08:40:52","modified_gmt":"2021-07-16T07:40:52","slug":"30-giugno-30-novembre-2021-aperta-la-mostra-storie-del-grattacielo","status":"publish","type":"post","link":"https:\/\/www.fondazionepirelli.org\/it\/iniziative\/30-giugno-30-novembre-2021-aperta-la-mostra-storie-del-grattacielo\/","title":{"rendered":"30 giugno \u2013 30 novembre 2021 <br> Aperta la mostra \u201cStorie del Grattacielo\u201d\u00a0"},"content":{"rendered":"<p><em>Un racconto di modernit\u00e0 e avanguardia nella \u201ccitt\u00e0 che sale\u201d al 26\u00b0 piano del Pirellone<\/em><\/p><p>Apre al pubblico a partire da mercoled\u00ec<strong> 30 giugno 2021<\/strong> la mostra \u201c<strong>Storie del Grattacielo. I 60 anni del Pirellone tra cultura industriale e attivit\u00e0 istituzionali di Regione Lombardia<\/strong>\u201d, curata dalla Fondazione Pirelli con l\u2019architetto <strong>Alessandro Colombo<\/strong>, e promossa da<strong> Regione Lombardia<\/strong>, <strong>Giunta e Consiglio<\/strong>, e dalla Fondazione Pirelli, anche grazie al contributo di<strong> Pirelli<\/strong> e <strong>FNM Group<\/strong>. Un percorso allestitivo che racconta l\u2019edificio, nato come Headquarter della Pirelli e poi diventato sede e simbolo di Regione Lombardia, attraverso videoinstallazioni con testimonianze esclusive, fotografie, illustrazioni, filmati di repertorio, in larga parte provenienti dall\u2019Archivio Storico Pirelli.<br \/>\nLa mostra, di cui sono gi\u00e0 disponibili il catalogo edito da<strong> Marsilio<\/strong> e il sito dedicato <strong><a href=\"http:\/\/www.60grattacielopirelli.org\">60grattacielopirelli.org<\/a><\/strong> , vuole essere una celebrazione della modernit\u00e0 della tecnologia e dell\u2019industria lombarde, dell\u2019istituzione della Regione, e dell\u2019avanguardia urbanistica della \u201ccitt\u00e0 che sale\u201d che trova espressione nel capoluogo lombardo.<\/p>\n<p>Il percorso espositivo si apre con un plastico dell\u2019edificio proveniente dai <strong>Gio Ponti Archives<\/strong> posizionato davanti a una grande parete che accoglie il pubblico allo sbarco dagli ascensori al piano \u201cdella memoria\u201d, il 26esimo, con la riproduzione di uno schizzo dello stesso Ponti che riassume la sua idea di Milano, della quale il Pirellone \u00e8 ancora landmark indiscusso. Un disegno realizzato durante un\u2019intervista a Ponti sull\u2019edificio di piazza Duca d\u2019Aosta, nella quale l\u2019architetto racconta con visione profetica la Milano del futuro: \u201cS<em>ogno una Milano fatta dai miei colleghi architetti. Certamente non voglio una Milano fatta con case basse e un grattacielo qui, uno l\u00e0, un altro l\u00e0 e un altro ancora l\u00e0. Sarebbe come una bocca con qualche dente lungo e gli altri corti. I grattacieli sono belli se si trovano uno di fianco all&#8217;altro, come delle isole. [&#8230;] Questo che dico non \u00e8 un sogno, dico ci\u00f2 che sar\u00e0 in futuro\u201d.<\/em><\/p>\n<p>Cinque \u201cmovimenti\u201d scandiscono il percorso espositivo: dalla costruzione dell\u2019edificio, elogio della forma \u201cfinita\u201d e del genio di Gio Ponti che ne progetta anche gli arredi per restituire ai lavoratori nuovi comfort per una migliore qualit\u00e0 lavorativa, a Milano, con la sua modernit\u00e0 e capacit\u00e0 di cambiare che diventa motore dello slancio economico negli anni del boom. E infine in tempi pi\u00f9 recenti con l\u2019edificio che diventa il simbolo dell\u2019istituzione lombarda. Videoinstallazioni, con la voce di coloro che hanno vissuto l\u2019edificio e che con esso hanno un legame profondo, e una linea del tempo con gli eventi pi\u00f9 significativi della grande storia nazionale e internazionale dal 1956 ai giorni nostri, accompagnano il visitatore in questo lungo viaggio.<\/p>\n<p>La mostra \u00e8 visitabile<strong> su prenotazione<\/strong> nei giorni di luned\u00ec e mercoled\u00ec dalle ore<strong> 9,30 alle ore 12,30<\/strong> e dalle ore<strong> 14,30 alle ore 16,30<\/strong> (ultimo ingresso 30 minuti prima della chiusura). La mostra rimarr\u00e0 chiusa dal 1 al 31 agosto 2021.<br \/>\nL\u2019accesso \u00e8 limitato a gruppi di massimo <strong>10 persone<\/strong> ed \u00e8 necessaria la compilazione dell\u2019autodichiarazione relativa alle norme sanitarie vigenti.<\/p>\n<p>Per prenotare \u00e8 possibile chiamare il numero di Regione Lombardia 02-67482777 oppure scrivere a urp@consiglio.regione.lombardia.it<\/p>\n<p><iframe loading=\"lazy\" title=\"Inaugurazione mostra &quot;Storie del Grattacielo&quot; - 29 giugno 2021\" src=\"https:\/\/player.vimeo.com\/video\/572625729?dnt=1&amp;app_id=122963\" width=\"640\" height=\"360\" frameborder=\"0\" allow=\"autoplay; fullscreen; picture-in-picture; clipboard-write; encrypted-media\"><\/iframe><\/p>\n","protected":false},"excerpt":{"rendered":"<p>Un racconto di modernit\u00e0 e avanguardia nella \u201ccitt\u00e0 che sale\u201d al 26\u00b0 piano del PirelloneApre al pubblico a partire da mercoled\u00ec 30 giugno 2021 la mostra \u201cStorie del Grattacielo. I 60 anni del Pirellone tra cultura industriale e attivit\u00e0 istituzionali di Regione Lombardia\u201d, curata dalla Fondazione Pirelli con l\u2019architetto Alessandro Colombo, e promossa da Regione [&hellip;]<\/p>\n","protected":false},"author":9,"featured_media":83819,"comment_status":"open","ping_status":"open","sticky":false,"template":"","format":"standard","meta":{"footnotes":""},"categories":[60,77],"tags":[],"class_list":["post-83729","post","type-post","status-publish","format-standard","has-post-thumbnail","hentry","category-iniziative","category-le-mostre"],"acf":[],"yoast_head":"<!-- This site is optimized with the Yoast SEO plugin v25.0 - https:\/\/yoast.com\/wordpress\/plugins\/seo\/ -->\n<title>30 giugno \u2013 30 novembre 2021  Aperta la mostra \u201cStorie del Grattacielo\u201d\u00a0 - Fondazione Pirelli<\/title>\n<meta name=\"robots\" content=\"index, follow, max-snippet:-1, max-image-preview:large, max-video-preview:-1\" \/>\n<link rel=\"canonical\" href=\"https:\/\/www.fondazionepirelli.org\/it\/iniziative\/30-giugno-30-novembre-2021-aperta-la-mostra-storie-del-grattacielo\/\" \/>\n<meta property=\"og:locale\" content=\"it_IT\" \/>\n<meta property=\"og:type\" content=\"article\" \/>\n<meta property=\"og:title\" content=\"30 giugno \u2013 30 novembre 2021  Aperta la mostra \u201cStorie del Grattacielo\u201d\u00a0 - Fondazione Pirelli\" \/>\n<meta property=\"og:description\" content=\"Un racconto di modernit\u00e0 e avanguardia nella \u201ccitt\u00e0 che sale\u201d al 26\u00b0 piano del PirelloneApre al pubblico a partire da mercoled\u00ec 30 giugno 2021 la mostra \u201cStorie del Grattacielo. I 60 anni del Pirellone tra cultura industriale e attivit\u00e0 istituzionali di Regione Lombardia\u201d, curata dalla Fondazione Pirelli con l\u2019architetto Alessandro Colombo, e promossa da Regione [&hellip;]\" \/>\n<meta property=\"og:url\" content=\"https:\/\/www.fondazionepirelli.org\/it\/iniziative\/30-giugno-30-novembre-2021-aperta-la-mostra-storie-del-grattacielo\/\" \/>\n<meta property=\"og:site_name\" content=\"Fondazione Pirelli\" \/>\n<meta property=\"article:published_time\" content=\"2021-06-29T06:49:23+00:00\" \/>\n<meta property=\"article:modified_time\" content=\"2021-07-16T07:40:52+00:00\" \/>\n<meta property=\"og:image\" content=\"https:\/\/wpsite-assets.fondazionepirelli.org\/wp-content\/uploads\/2021\/06\/29074642\/IPP4148-Edit.jpg\" \/>\n\t<meta property=\"og:image:width\" content=\"4928\" \/>\n\t<meta property=\"og:image:height\" content=\"3280\" \/>\n\t<meta property=\"og:image:type\" content=\"image\/jpeg\" \/>\n<meta name=\"author\" content=\"fondazionepirelli\" \/>\n<meta name=\"twitter:card\" content=\"summary_large_image\" \/>\n<meta name=\"twitter:label1\" content=\"Scritto da\" \/>\n\t<meta name=\"twitter:data1\" content=\"fondazionepirelli\" \/>\n\t<meta name=\"twitter:label2\" content=\"Tempo di lettura stimato\" \/>\n\t<meta name=\"twitter:data2\" content=\"3 minuti\" \/>\n<script type=\"application\/ld+json\" class=\"yoast-schema-graph\">{\"@context\":\"https:\/\/schema.org\",\"@graph\":[{\"@type\":\"WebPage\",\"@id\":\"https:\/\/www.fondazionepirelli.org\/it\/iniziative\/30-giugno-30-novembre-2021-aperta-la-mostra-storie-del-grattacielo\/\",\"url\":\"https:\/\/www.fondazionepirelli.org\/it\/iniziative\/30-giugno-30-novembre-2021-aperta-la-mostra-storie-del-grattacielo\/\",\"name\":\"30 giugno \u2013 30 novembre 2021 Aperta la mostra \u201cStorie del Grattacielo\u201d\u00a0 - Fondazione Pirelli\",\"isPartOf\":{\"@id\":\"https:\/\/www.fondazionepirelli.org\/it\/#website\"},\"primaryImageOfPage\":{\"@id\":\"https:\/\/www.fondazionepirelli.org\/it\/iniziative\/30-giugno-30-novembre-2021-aperta-la-mostra-storie-del-grattacielo\/#primaryimage\"},\"image\":{\"@id\":\"https:\/\/www.fondazionepirelli.org\/it\/iniziative\/30-giugno-30-novembre-2021-aperta-la-mostra-storie-del-grattacielo\/#primaryimage\"},\"thumbnailUrl\":\"https:\/\/wpsite-assets.fondazionepirelli.org\/wp-content\/uploads\/2021\/06\/29074642\/IPP4148-Edit.jpg\",\"datePublished\":\"2021-06-29T06:49:23+00:00\",\"dateModified\":\"2021-07-16T07:40:52+00:00\",\"author\":{\"@id\":\"https:\/\/www.fondazionepirelli.org\/it\/#\/schema\/person\/c31fcf5937a0e6afa45497f3f8b6d7a0\"},\"breadcrumb\":{\"@id\":\"https:\/\/www.fondazionepirelli.org\/it\/iniziative\/30-giugno-30-novembre-2021-aperta-la-mostra-storie-del-grattacielo\/#breadcrumb\"},\"inLanguage\":\"it-IT\",\"potentialAction\":[{\"@type\":\"ReadAction\",\"target\":[\"https:\/\/www.fondazionepirelli.org\/it\/iniziative\/30-giugno-30-novembre-2021-aperta-la-mostra-storie-del-grattacielo\/\"]}]},{\"@type\":\"ImageObject\",\"inLanguage\":\"it-IT\",\"@id\":\"https:\/\/www.fondazionepirelli.org\/it\/iniziative\/30-giugno-30-novembre-2021-aperta-la-mostra-storie-del-grattacielo\/#primaryimage\",\"url\":\"https:\/\/wpsite-assets.fondazionepirelli.org\/wp-content\/uploads\/2021\/06\/29074642\/IPP4148-Edit.jpg\",\"contentUrl\":\"https:\/\/wpsite-assets.fondazionepirelli.org\/wp-content\/uploads\/2021\/06\/29074642\/IPP4148-Edit.jpg\",\"width\":4928,\"height\":3280},{\"@type\":\"BreadcrumbList\",\"@id\":\"https:\/\/www.fondazionepirelli.org\/it\/iniziative\/30-giugno-30-novembre-2021-aperta-la-mostra-storie-del-grattacielo\/#breadcrumb\",\"itemListElement\":[{\"@type\":\"ListItem\",\"position\":1,\"name\":\"Home\",\"item\":\"https:\/\/www.fondazionepirelli.org\/it\/\"},{\"@type\":\"ListItem\",\"position\":2,\"name\":\"30 giugno \u2013 30 novembre 2021 Aperta la mostra \u201cStorie del Grattacielo\u201d\u00a0\"}]},{\"@type\":\"WebSite\",\"@id\":\"https:\/\/www.fondazionepirelli.org\/it\/#website\",\"url\":\"https:\/\/www.fondazionepirelli.org\/it\/\",\"name\":\"Fondazione Pirelli\",\"description\":\"\",\"potentialAction\":[{\"@type\":\"SearchAction\",\"target\":{\"@type\":\"EntryPoint\",\"urlTemplate\":\"https:\/\/www.fondazionepirelli.org\/it\/?s={search_term_string}\"},\"query-input\":{\"@type\":\"PropertyValueSpecification\",\"valueRequired\":true,\"valueName\":\"search_term_string\"}}],\"inLanguage\":\"it-IT\"},{\"@type\":\"Person\",\"@id\":\"https:\/\/www.fondazionepirelli.org\/it\/#\/schema\/person\/c31fcf5937a0e6afa45497f3f8b6d7a0\",\"name\":\"fondazionepirelli\",\"image\":{\"@type\":\"ImageObject\",\"inLanguage\":\"it-IT\",\"@id\":\"https:\/\/www.fondazionepirelli.org\/it\/#\/schema\/person\/image\/\",\"url\":\"https:\/\/secure.gravatar.com\/avatar\/9cb486421ce1d6eddbf6c4fb66841b4325b786695f7aedf1dde2222428218696?s=96&d=mm&r=g\",\"contentUrl\":\"https:\/\/secure.gravatar.com\/avatar\/9cb486421ce1d6eddbf6c4fb66841b4325b786695f7aedf1dde2222428218696?s=96&d=mm&r=g\",\"caption\":\"fondazionepirelli\"},\"url\":\"https:\/\/www.fondazionepirelli.org\/it\/author\/fondazionepirelli\/\"}]}<\/script>\n<!-- \/ Yoast SEO plugin. -->","yoast_head_json":{"title":"30 giugno \u2013 30 novembre 2021  Aperta la mostra \u201cStorie del Grattacielo\u201d\u00a0 - Fondazione Pirelli","robots":{"index":"index","follow":"follow","max-snippet":"max-snippet:-1","max-image-preview":"max-image-preview:large","max-video-preview":"max-video-preview:-1"},"canonical":"https:\/\/www.fondazionepirelli.org\/it\/iniziative\/30-giugno-30-novembre-2021-aperta-la-mostra-storie-del-grattacielo\/","og_locale":"it_IT","og_type":"article","og_title":"30 giugno \u2013 30 novembre 2021  Aperta la mostra \u201cStorie del Grattacielo\u201d\u00a0 - Fondazione Pirelli","og_description":"Un racconto di modernit\u00e0 e avanguardia nella \u201ccitt\u00e0 che sale\u201d al 26\u00b0 piano del PirelloneApre al pubblico a partire da mercoled\u00ec 30 giugno 2021 la mostra \u201cStorie del Grattacielo. I 60 anni del Pirellone tra cultura industriale e attivit\u00e0 istituzionali di Regione Lombardia\u201d, curata dalla Fondazione Pirelli con l\u2019architetto Alessandro Colombo, e promossa da Regione [&hellip;]","og_url":"https:\/\/www.fondazionepirelli.org\/it\/iniziative\/30-giugno-30-novembre-2021-aperta-la-mostra-storie-del-grattacielo\/","og_site_name":"Fondazione Pirelli","article_published_time":"2021-06-29T06:49:23+00:00","article_modified_time":"2021-07-16T07:40:52+00:00","og_image":[{"width":4928,"height":3280,"url":"https:\/\/wpsite-assets.fondazionepirelli.org\/wp-content\/uploads\/2021\/06\/29074642\/IPP4148-Edit.jpg","type":"image\/jpeg"}],"author":"fondazionepirelli","twitter_card":"summary_large_image","twitter_misc":{"Scritto da":"fondazionepirelli","Tempo di lettura stimato":"3 minuti"},"schema":{"@context":"https:\/\/schema.org","@graph":[{"@type":"WebPage","@id":"https:\/\/www.fondazionepirelli.org\/it\/iniziative\/30-giugno-30-novembre-2021-aperta-la-mostra-storie-del-grattacielo\/","url":"https:\/\/www.fondazionepirelli.org\/it\/iniziative\/30-giugno-30-novembre-2021-aperta-la-mostra-storie-del-grattacielo\/","name":"30 giugno \u2013 30 novembre 2021 Aperta la mostra \u201cStorie del Grattacielo\u201d\u00a0 - Fondazione Pirelli","isPartOf":{"@id":"https:\/\/www.fondazionepirelli.org\/it\/#website"},"primaryImageOfPage":{"@id":"https:\/\/www.fondazionepirelli.org\/it\/iniziative\/30-giugno-30-novembre-2021-aperta-la-mostra-storie-del-grattacielo\/#primaryimage"},"image":{"@id":"https:\/\/www.fondazionepirelli.org\/it\/iniziative\/30-giugno-30-novembre-2021-aperta-la-mostra-storie-del-grattacielo\/#primaryimage"},"thumbnailUrl":"https:\/\/wpsite-assets.fondazionepirelli.org\/wp-content\/uploads\/2021\/06\/29074642\/IPP4148-Edit.jpg","datePublished":"2021-06-29T06:49:23+00:00","dateModified":"2021-07-16T07:40:52+00:00","author":{"@id":"https:\/\/www.fondazionepirelli.org\/it\/#\/schema\/person\/c31fcf5937a0e6afa45497f3f8b6d7a0"},"breadcrumb":{"@id":"https:\/\/www.fondazionepirelli.org\/it\/iniziative\/30-giugno-30-novembre-2021-aperta-la-mostra-storie-del-grattacielo\/#breadcrumb"},"inLanguage":"it-IT","potentialAction":[{"@type":"ReadAction","target":["https:\/\/www.fondazionepirelli.org\/it\/iniziative\/30-giugno-30-novembre-2021-aperta-la-mostra-storie-del-grattacielo\/"]}]},{"@type":"ImageObject","inLanguage":"it-IT","@id":"https:\/\/www.fondazionepirelli.org\/it\/iniziative\/30-giugno-30-novembre-2021-aperta-la-mostra-storie-del-grattacielo\/#primaryimage","url":"https:\/\/wpsite-assets.fondazionepirelli.org\/wp-content\/uploads\/2021\/06\/29074642\/IPP4148-Edit.jpg","contentUrl":"https:\/\/wpsite-assets.fondazionepirelli.org\/wp-content\/uploads\/2021\/06\/29074642\/IPP4148-Edit.jpg","width":4928,"height":3280},{"@type":"BreadcrumbList","@id":"https:\/\/www.fondazionepirelli.org\/it\/iniziative\/30-giugno-30-novembre-2021-aperta-la-mostra-storie-del-grattacielo\/#breadcrumb","itemListElement":[{"@type":"ListItem","position":1,"name":"Home","item":"https:\/\/www.fondazionepirelli.org\/it\/"},{"@type":"ListItem","position":2,"name":"30 giugno \u2013 30 novembre 2021 Aperta la mostra \u201cStorie del Grattacielo\u201d\u00a0"}]},{"@type":"WebSite","@id":"https:\/\/www.fondazionepirelli.org\/it\/#website","url":"https:\/\/www.fondazionepirelli.org\/it\/","name":"Fondazione Pirelli","description":"","potentialAction":[{"@type":"SearchAction","target":{"@type":"EntryPoint","urlTemplate":"https:\/\/www.fondazionepirelli.org\/it\/?s={search_term_string}"},"query-input":{"@type":"PropertyValueSpecification","valueRequired":true,"valueName":"search_term_string"}}],"inLanguage":"it-IT"},{"@type":"Person","@id":"https:\/\/www.fondazionepirelli.org\/it\/#\/schema\/person\/c31fcf5937a0e6afa45497f3f8b6d7a0","name":"fondazionepirelli","image":{"@type":"ImageObject","inLanguage":"it-IT","@id":"https:\/\/www.fondazionepirelli.org\/it\/#\/schema\/person\/image\/","url":"https:\/\/secure.gravatar.com\/avatar\/9cb486421ce1d6eddbf6c4fb66841b4325b786695f7aedf1dde2222428218696?s=96&d=mm&r=g","contentUrl":"https:\/\/secure.gravatar.com\/avatar\/9cb486421ce1d6eddbf6c4fb66841b4325b786695f7aedf1dde2222428218696?s=96&d=mm&r=g","caption":"fondazionepirelli"},"url":"https:\/\/www.fondazionepirelli.org\/it\/author\/fondazionepirelli\/"}]}},"_links":{"self":[{"href":"https:\/\/www.fondazionepirelli.org\/it\/wp-json\/wp\/v2\/posts\/83729\/"}],"collection":[{"href":"https:\/\/www.fondazionepirelli.org\/it\/wp-json\/wp\/v2\/posts\/"}],"about":[{"href":"https:\/\/www.fondazionepirelli.org\/it\/wp-json\/wp\/v2\/types\/post\/"}],"author":[{"embeddable":true,"href":"https:\/\/www.fondazionepirelli.org\/it\/wp-json\/wp\/v2\/users\/9\/"}],"replies":[{"embeddable":true,"href":"https:\/\/www.fondazionepirelli.org\/it\/wp-json\/wp\/v2\/comments\/?post=83729"}],"version-history":[{"count":7,"href":"https:\/\/www.fondazionepirelli.org\/it\/wp-json\/wp\/v2\/posts\/83729\/revisions\/"}],"predecessor-version":[{"id":83998,"href":"https:\/\/www.fondazionepirelli.org\/it\/wp-json\/wp\/v2\/posts\/83729\/revisions\/83998\/"}],"wp:featuredmedia":[{"embeddable":true,"href":"https:\/\/www.fondazionepirelli.org\/it\/wp-json\/wp\/v2\/media\/83819\/"}],"wp:attachment":[{"href":"https:\/\/www.fondazionepirelli.org\/it\/wp-json\/wp\/v2\/media\/?parent=83729"}],"wp:term":[{"taxonomy":"category","embeddable":true,"href":"https:\/\/www.fondazionepirelli.org\/it\/wp-json\/wp\/v2\/categories\/?post=83729"},{"taxonomy":"post_tag","embeddable":true,"href":"https:\/\/www.fondazionepirelli.org\/it\/wp-json\/wp\/v2\/tags\/?post=83729"}],"curies":[{"name":"wp","href":"https:\/\/api.w.org\/{rel}","templated":true}]}}