{"id":83742,"date":"2021-06-22T13:06:05","date_gmt":"2021-06-22T12:06:05","guid":{"rendered":"https:\/\/www.fondazionepirelli.org\/?p=83742"},"modified":"2021-06-28T12:26:06","modified_gmt":"2021-06-28T11:26:06","slug":"covid-19-e-csr-cosa-e-accaduto","status":"publish","type":"post","link":"https:\/\/www.fondazionepirelli.org\/it\/cultura-dimpresa\/covid-19-e-csr-cosa-e-accaduto\/","title":{"rendered":"Covid-19 e CSR, cosa \u00e8 accaduto?"},"content":{"rendered":"<p><em>Una tesi discussa alla LUISS fornisce un primo quadro interpretativo<\/em><\/p><p>L\u2019impresa per sopravvivere, e crescere, deve adattarsi alle circostanze che cambiano. Vale per ogni sua componente. Vale, quindi, anche per la complessa attivit\u00e0 che ormai viene riassunta nella Corporate Social Responsability (CSR). Ragionare su come la CSR cambia sulla base del cambiamento esterno all\u2019azienda, \u00e8 un esercizio importante. Utile a farsi. Ed \u00e8 ci\u00f2 che ha provato Matteo Gioia con la sua tesi discussa nell\u2019ambito del Dipartimento di Impresa e Management, Cattedra Strategie di comunicazione e tecniche di pubblicit\u00e0, della LUISS.<\/p>\n<p>\u201cCome \u00e8 cambiata la Corporate Social Responsability dopo la pandemia\u201d, \u00e8 un\u2019indagine che ha l\u2019obiettivo di \u201cdimostrare come sia cambiata l\u2019importanza della CSR nel periodo Covid-19: in una situazione di crisi, caratterizzata dall&#8217;emergenza epidemiologica e dal periodo di lockdown che ha costretto tutto il paese ad una quarantena nel proprio domicilio, pu\u00f2 rivelarsi indispensabile per un&#8217;impresa ridefinire gli obiettivi e mettere in atto una strategia di Corporate Social Responsability adeguata\u201d. Da qui, Gioia prende le mosse per mettere a punto prima il concetto stesso di CSR e, poi, per indagare comportamenti, atteggiamenti, problemi della relazione tra lavoro \u201ca casa\u201d e CSR visto come due facce della stessa realt\u00e0. Gioia, quindi, approfondisce la possibilit\u00e0 che dopo Covid-19 cambi l\u2019approccio stesso alla CSR.<\/p>\n<p>Gioia conclude spiegando: \u201cI team che si occupano della Responsabilit\u00e0 Sociale D&#8217;impresa (CSR), come quelli di tutte le altre aree del business, hanno dovuto adottare un approccio pi\u00f9 flessibile per sostenere le comunit\u00e0. Sopravvivere alla crisi fornendo contributi tangibili per il bene comune \u00e8 diventato un obiettivo tanto importante quanto quello di limitare i danni economici e ripartire in ogni settore e livello aziendale. Le politiche CSR forti e coerenti sono diventate una pietra miliare dell\u2019identit\u00e0 di molti marchi, con i loro clienti che si identificano fortemente con le cause sostenute dalle aziende\u201d. Covid-19, in altri termini \u00e8 diventato veicolo di coesione non solo sociale ma anche tra imprese e societ\u00e0. \u201cLa nuova fase non sar\u00e0 un semplice ritorno al business pre-COVID, ma pi\u00f9 probabilmente aprir\u00e0 una nuova era definita da rapidi cambiamenti nelle norme culturali, nei valori della societ\u00e0 e nei comportamenti, come l\u2019accresciuta domanda di politiche aziendali pi\u00f9 responsabili e un rinnovato brand purpose\u201d.<\/p>\n<p>Il lavoro di Matteo Gioia ha il merito di sintetizzare un tema complesso e in mutamento. Prospettando anche qualcosa ancora tutto da scoprire e verificare.<\/p><p><a href=\"https:\/\/wpsite-assets.fondazionepirelli.org\/wp-content\/uploads\/2021\/06\/21084641\/222091_GIOIA_MATTEO.pdf\"><strong>Come \u00e8 cambiata la Corporate Social Responsability dopo la pandemia<\/strong><\/a><\/p>\n<p>Matteo Gioia, Tesi, LUISS, Dipartimento di Impresa e Management, Cattedra Strategie di comunicazione e tecniche di pubblicit\u00e0, 2021.<\/p>\n","protected":false},"excerpt":{"rendered":"<p>Una tesi discussa alla LUISS fornisce un primo quadro interpretativoL\u2019impresa per sopravvivere, e crescere, deve adattarsi alle circostanze che cambiano. Vale per ogni sua componente. Vale, quindi, anche per la complessa attivit\u00e0 che ormai viene riassunta nella Corporate Social Responsability (CSR). Ragionare su come la CSR cambia sulla base del cambiamento esterno all\u2019azienda, \u00e8 un [&hellip;]<\/p>\n","protected":false},"author":9,"featured_media":0,"comment_status":"open","ping_status":"open","sticky":false,"template":"","format":"standard","meta":{"footnotes":""},"categories":[54,52],"tags":[],"class_list":["post-83742","post","type-post","status-publish","format-standard","hentry","category-approfondimenti","category-cultura-dimpresa"],"acf":[],"yoast_head":"<!-- This site is optimized with the Yoast SEO plugin v25.0 - https:\/\/yoast.com\/wordpress\/plugins\/seo\/ -->\n<title>Covid-19 e CSR, cosa \u00e8 accaduto? - Fondazione Pirelli<\/title>\n<meta name=\"robots\" content=\"index, follow, max-snippet:-1, max-image-preview:large, max-video-preview:-1\" \/>\n<link rel=\"canonical\" href=\"https:\/\/www.fondazionepirelli.org\/it\/cultura-dimpresa\/covid-19-e-csr-cosa-e-accaduto\/\" \/>\n<meta property=\"og:locale\" content=\"it_IT\" \/>\n<meta property=\"og:type\" content=\"article\" \/>\n<meta property=\"og:title\" content=\"Covid-19 e CSR, cosa \u00e8 accaduto? - Fondazione Pirelli\" \/>\n<meta property=\"og:description\" content=\"Una tesi discussa alla LUISS fornisce un primo quadro interpretativoL\u2019impresa per sopravvivere, e crescere, deve adattarsi alle circostanze che cambiano. Vale per ogni sua componente. Vale, quindi, anche per la complessa attivit\u00e0 che ormai viene riassunta nella Corporate Social Responsability (CSR). Ragionare su come la CSR cambia sulla base del cambiamento esterno all\u2019azienda, \u00e8 un [&hellip;]\" \/>\n<meta property=\"og:url\" content=\"https:\/\/127.0.0.1\/it\/cultura-dimpresa\/covid-19-e-csr-cosa-e-accaduto\/\" \/>\n<meta property=\"og:site_name\" content=\"Fondazione Pirelli\" \/>\n<meta property=\"article:published_time\" content=\"2021-06-22T12:06:05+00:00\" \/>\n<meta property=\"article:modified_time\" content=\"2021-06-28T11:26:06+00:00\" \/>\n<meta name=\"author\" content=\"fondazionepirelli\" \/>\n<meta name=\"twitter:card\" content=\"summary_large_image\" \/>\n<meta name=\"twitter:label1\" content=\"Scritto da\" \/>\n\t<meta name=\"twitter:data1\" content=\"fondazionepirelli\" \/>\n\t<meta name=\"twitter:label2\" content=\"Tempo di lettura stimato\" \/>\n\t<meta name=\"twitter:data2\" content=\"2 minuti\" \/>\n<script type=\"application\/ld+json\" class=\"yoast-schema-graph\">{\"@context\":\"https:\/\/schema.org\",\"@graph\":[{\"@type\":\"WebPage\",\"@id\":\"https:\/\/127.0.0.1\/it\/cultura-dimpresa\/covid-19-e-csr-cosa-e-accaduto\/\",\"url\":\"https:\/\/127.0.0.1\/it\/cultura-dimpresa\/covid-19-e-csr-cosa-e-accaduto\/\",\"name\":\"Covid-19 e CSR, cosa \u00e8 accaduto? - Fondazione Pirelli\",\"isPartOf\":{\"@id\":\"https:\/\/www.fondazionepirelli.org\/it\/#website\"},\"datePublished\":\"2021-06-22T12:06:05+00:00\",\"dateModified\":\"2021-06-28T11:26:06+00:00\",\"author\":{\"@id\":\"https:\/\/www.fondazionepirelli.org\/it\/#\/schema\/person\/c31fcf5937a0e6afa45497f3f8b6d7a0\"},\"breadcrumb\":{\"@id\":\"https:\/\/127.0.0.1\/it\/cultura-dimpresa\/covid-19-e-csr-cosa-e-accaduto\/#breadcrumb\"},\"inLanguage\":\"it-IT\",\"potentialAction\":[{\"@type\":\"ReadAction\",\"target\":[\"https:\/\/127.0.0.1\/it\/cultura-dimpresa\/covid-19-e-csr-cosa-e-accaduto\/\"]}]},{\"@type\":\"BreadcrumbList\",\"@id\":\"https:\/\/127.0.0.1\/it\/cultura-dimpresa\/covid-19-e-csr-cosa-e-accaduto\/#breadcrumb\",\"itemListElement\":[{\"@type\":\"ListItem\",\"position\":1,\"name\":\"Home\",\"item\":\"https:\/\/www.fondazionepirelli.org\/it\/\"},{\"@type\":\"ListItem\",\"position\":2,\"name\":\"Covid-19 e CSR, cosa \u00e8 accaduto?\"}]},{\"@type\":\"WebSite\",\"@id\":\"https:\/\/www.fondazionepirelli.org\/it\/#website\",\"url\":\"https:\/\/www.fondazionepirelli.org\/it\/\",\"name\":\"Fondazione Pirelli\",\"description\":\"\",\"potentialAction\":[{\"@type\":\"SearchAction\",\"target\":{\"@type\":\"EntryPoint\",\"urlTemplate\":\"https:\/\/www.fondazionepirelli.org\/it\/?s={search_term_string}\"},\"query-input\":{\"@type\":\"PropertyValueSpecification\",\"valueRequired\":true,\"valueName\":\"search_term_string\"}}],\"inLanguage\":\"it-IT\"},{\"@type\":\"Person\",\"@id\":\"https:\/\/www.fondazionepirelli.org\/it\/#\/schema\/person\/c31fcf5937a0e6afa45497f3f8b6d7a0\",\"name\":\"fondazionepirelli\",\"image\":{\"@type\":\"ImageObject\",\"inLanguage\":\"it-IT\",\"@id\":\"https:\/\/www.fondazionepirelli.org\/it\/#\/schema\/person\/image\/\",\"url\":\"https:\/\/secure.gravatar.com\/avatar\/9cb486421ce1d6eddbf6c4fb66841b4325b786695f7aedf1dde2222428218696?s=96&d=mm&r=g\",\"contentUrl\":\"https:\/\/secure.gravatar.com\/avatar\/9cb486421ce1d6eddbf6c4fb66841b4325b786695f7aedf1dde2222428218696?s=96&d=mm&r=g\",\"caption\":\"fondazionepirelli\"},\"url\":\"https:\/\/www.fondazionepirelli.org\/it\/author\/fondazionepirelli\/\"}]}<\/script>\n<!-- \/ Yoast SEO plugin. -->","yoast_head_json":{"title":"Covid-19 e CSR, cosa \u00e8 accaduto? - Fondazione Pirelli","robots":{"index":"index","follow":"follow","max-snippet":"max-snippet:-1","max-image-preview":"max-image-preview:large","max-video-preview":"max-video-preview:-1"},"canonical":"https:\/\/www.fondazionepirelli.org\/it\/cultura-dimpresa\/covid-19-e-csr-cosa-e-accaduto\/","og_locale":"it_IT","og_type":"article","og_title":"Covid-19 e CSR, cosa \u00e8 accaduto? - Fondazione Pirelli","og_description":"Una tesi discussa alla LUISS fornisce un primo quadro interpretativoL\u2019impresa per sopravvivere, e crescere, deve adattarsi alle circostanze che cambiano. Vale per ogni sua componente. Vale, quindi, anche per la complessa attivit\u00e0 che ormai viene riassunta nella Corporate Social Responsability (CSR). Ragionare su come la CSR cambia sulla base del cambiamento esterno all\u2019azienda, \u00e8 un [&hellip;]","og_url":"https:\/\/127.0.0.1\/it\/cultura-dimpresa\/covid-19-e-csr-cosa-e-accaduto\/","og_site_name":"Fondazione Pirelli","article_published_time":"2021-06-22T12:06:05+00:00","article_modified_time":"2021-06-28T11:26:06+00:00","author":"fondazionepirelli","twitter_card":"summary_large_image","twitter_misc":{"Scritto da":"fondazionepirelli","Tempo di lettura stimato":"2 minuti"},"schema":{"@context":"https:\/\/schema.org","@graph":[{"@type":"WebPage","@id":"https:\/\/127.0.0.1\/it\/cultura-dimpresa\/covid-19-e-csr-cosa-e-accaduto\/","url":"https:\/\/127.0.0.1\/it\/cultura-dimpresa\/covid-19-e-csr-cosa-e-accaduto\/","name":"Covid-19 e CSR, cosa \u00e8 accaduto? - Fondazione Pirelli","isPartOf":{"@id":"https:\/\/www.fondazionepirelli.org\/it\/#website"},"datePublished":"2021-06-22T12:06:05+00:00","dateModified":"2021-06-28T11:26:06+00:00","author":{"@id":"https:\/\/www.fondazionepirelli.org\/it\/#\/schema\/person\/c31fcf5937a0e6afa45497f3f8b6d7a0"},"breadcrumb":{"@id":"https:\/\/127.0.0.1\/it\/cultura-dimpresa\/covid-19-e-csr-cosa-e-accaduto\/#breadcrumb"},"inLanguage":"it-IT","potentialAction":[{"@type":"ReadAction","target":["https:\/\/127.0.0.1\/it\/cultura-dimpresa\/covid-19-e-csr-cosa-e-accaduto\/"]}]},{"@type":"BreadcrumbList","@id":"https:\/\/127.0.0.1\/it\/cultura-dimpresa\/covid-19-e-csr-cosa-e-accaduto\/#breadcrumb","itemListElement":[{"@type":"ListItem","position":1,"name":"Home","item":"https:\/\/www.fondazionepirelli.org\/it\/"},{"@type":"ListItem","position":2,"name":"Covid-19 e CSR, cosa \u00e8 accaduto?"}]},{"@type":"WebSite","@id":"https:\/\/www.fondazionepirelli.org\/it\/#website","url":"https:\/\/www.fondazionepirelli.org\/it\/","name":"Fondazione Pirelli","description":"","potentialAction":[{"@type":"SearchAction","target":{"@type":"EntryPoint","urlTemplate":"https:\/\/www.fondazionepirelli.org\/it\/?s={search_term_string}"},"query-input":{"@type":"PropertyValueSpecification","valueRequired":true,"valueName":"search_term_string"}}],"inLanguage":"it-IT"},{"@type":"Person","@id":"https:\/\/www.fondazionepirelli.org\/it\/#\/schema\/person\/c31fcf5937a0e6afa45497f3f8b6d7a0","name":"fondazionepirelli","image":{"@type":"ImageObject","inLanguage":"it-IT","@id":"https:\/\/www.fondazionepirelli.org\/it\/#\/schema\/person\/image\/","url":"https:\/\/secure.gravatar.com\/avatar\/9cb486421ce1d6eddbf6c4fb66841b4325b786695f7aedf1dde2222428218696?s=96&d=mm&r=g","contentUrl":"https:\/\/secure.gravatar.com\/avatar\/9cb486421ce1d6eddbf6c4fb66841b4325b786695f7aedf1dde2222428218696?s=96&d=mm&r=g","caption":"fondazionepirelli"},"url":"https:\/\/www.fondazionepirelli.org\/it\/author\/fondazionepirelli\/"}]}},"_links":{"self":[{"href":"https:\/\/www.fondazionepirelli.org\/it\/wp-json\/wp\/v2\/posts\/83742\/"}],"collection":[{"href":"https:\/\/www.fondazionepirelli.org\/it\/wp-json\/wp\/v2\/posts\/"}],"about":[{"href":"https:\/\/www.fondazionepirelli.org\/it\/wp-json\/wp\/v2\/types\/post\/"}],"author":[{"embeddable":true,"href":"https:\/\/www.fondazionepirelli.org\/it\/wp-json\/wp\/v2\/users\/9\/"}],"replies":[{"embeddable":true,"href":"https:\/\/www.fondazionepirelli.org\/it\/wp-json\/wp\/v2\/comments\/?post=83742"}],"version-history":[{"count":1,"href":"https:\/\/www.fondazionepirelli.org\/it\/wp-json\/wp\/v2\/posts\/83742\/revisions\/"}],"predecessor-version":[{"id":83745,"href":"https:\/\/www.fondazionepirelli.org\/it\/wp-json\/wp\/v2\/posts\/83742\/revisions\/83745\/"}],"wp:attachment":[{"href":"https:\/\/www.fondazionepirelli.org\/it\/wp-json\/wp\/v2\/media\/?parent=83742"}],"wp:term":[{"taxonomy":"category","embeddable":true,"href":"https:\/\/www.fondazionepirelli.org\/it\/wp-json\/wp\/v2\/categories\/?post=83742"},{"taxonomy":"post_tag","embeddable":true,"href":"https:\/\/www.fondazionepirelli.org\/it\/wp-json\/wp\/v2\/tags\/?post=83742"}],"curies":[{"name":"wp","href":"https:\/\/api.w.org\/{rel}","templated":true}]}}