{"id":83794,"date":"2021-06-28T11:25:12","date_gmt":"2021-06-28T10:25:12","guid":{"rendered":"https:\/\/www.fondazionepirelli.org\/?p=83794"},"modified":"2021-06-28T11:25:12","modified_gmt":"2021-06-28T10:25:12","slug":"il-genius-loci-di-milano-tra-imprese-e-universita-e-il-buon-esempio-dei-60-anni-del-grattacielo-pirelli","status":"publish","type":"post","link":"https:\/\/www.fondazionepirelli.org\/it\/cultura-dimpresa\/il-genius-loci-di-milano-tra-imprese-e-universita-e-il-buon-esempio-dei-60-anni-del-grattacielo-pirelli\/","title":{"rendered":"Il genius loci di Milano tra imprese e universit\u00e0 e il buon esempio dei 60 anni del Grattacielo Pirelli"},"content":{"rendered":"<p>Il<em> genius loci<\/em> di <strong>Milano<\/strong> sta nel lavoro, nelle fabbriche, nei cantieri, nei luoghi della cultura, della scuola e dell\u2019universit\u00e0. Nella citt\u00e0 che studia, crea e intraprende. E nella \u201c<strong>citt\u00e0 che sale<\/strong>\u201d raffigurata, all\u2019inizio del Novecento frenetico e inquieto, da Umberto Boccioni. Un genius loci raccontato bene da una frase di<strong> Gio Ponti<\/strong>: \u201c<strong>L\u2019arte si innamora dell\u2019industria<\/strong>\u201d e dunque, anche seguendo questa strada, l\u2019industria \u00e8 un fatto culturale. Quella frase, esemplare ed essenziale, fa da titolo a un volume, pubblicato nel 2009 da Rizzoli (a cura di Ugo La Pietra) per ricordare, a trent\u2019anni dalla morte di uno dei pi\u00f9 grandi architetti del Novecento europeo, la <strong>relazione tra progetti e prodotti<\/strong>, idee e materiali, <strong>disegni e realt\u00e0 di vita e lavoro<\/strong>. E indica bene il percorso lungo cui Milano continua a crescere, tra storia e contemporaneit\u00e0.<\/p>\n<p>Un percorso che si pu\u00f2 guardare, oggi, da tre convergenti punti di vista, tutti connotati, in un modo o nell\u2019altro, dal segno di Gio Ponti. Il primo \u00e8 il <strong>Grattacielo Pirelli<\/strong>, da lui progettato insieme a <strong>Pier Luigi Nervi<\/strong>, di cui si apre proprio domani una mostra per ricordarne i sessant\u2019anni dall\u2019inaugurazione. Il secondo \u00e8 il nuovo campus del Politecnico di Milano, progettato da<strong> Renzo Piano<\/strong> e inaugurato il 22 giugno, in continuazione con la ristrutturazione di due storici edifici di Gio Ponti,<strong> la Nave e il Trifoglio<\/strong>. Il terzo \u00e8 l\u2019Assemblea annuale di Assolombarda, in programma il primo luglio, per raccontare \u201cla rigenerazione\u201d e cio\u00e8 la ripresa di economia e societ\u00e0, in una Milano paradigma italiano ed europeo, dopo il difficile e drammatico periodo della pandemia e della recessione. E\u2019 di Gio Ponti, il palazzo dell\u2019Assolombarda, in via Pantano, proprio di fronte a un altro dei simboli di Milano, la <strong>Torre Velasca<\/strong> di cui sta partendo un ambizioso progetto di ristrutturazione, riqualificazione e rilancio. E quell\u2019Assemblea \u00e8 in programma negli spazi ex industriali delle Acciaierie Falck a Sesto San Giovanni, adesso cuore di un ambizioso progetto architettonico e urbanistico, \u201cfirmato\u201d da Forster e Partners, con un investimento da 4 miliardi. Architettura e manifattura. Idee e progetti concreti. Economia e bellezza. Per dirla in sintesi, \u201cl\u2019arte che si innamora dell\u2019industria\u201d, appunto.<\/p>\n<p>Guardiamo un po\u2019 meglio. Partendo dal Grattacielo Pirelli. Inaugurato nell\u2019aprile del 1960 e subito definito cos\u00ec da <strong>Dino Buzzati<\/strong>, \u201cgrande firma\u201d del Corriere della Sera, nei suoi \u201c<a href=\"https:\/\/www.rivistapirelli.org\/it\/selezione_antologica\/piccole-storie-del-grattacielo\/\">Piccole storie del grattacielo<\/a>\u201d: \u201cIn Milano il grattacielo Pirelli, a parte la sua incontestabile bellezza, o forse proprio per questo, \u00e8 un grande personaggio\u201d.<br \/>\nLa mostra, curata dalla <strong>Fondazione Pirelli<\/strong> e dall\u2019architetto Alessandro Colombo, al 26\u00b0 piano del Pirellone, dagli anni Settanta sede della Regione Lombardia e adesso del suo Consiglio regionale, racconta storia e attualit\u00e0 per immagini, disegni tecnici e testimonianze. <strong>Piero Bassetti<\/strong>, primo presidente della Regione, ne parla cos\u00ec: \u201cIl Grattacielo Pirelli \u00e8 per Milano qualcosa di caro e di non contestabile, perch\u00e9 \u00e8 qualcosa che \u00e8 nato dal privato ed \u00e8 stato consensualmente immesso nello sviluppo democratico del Paese in un momento di trasformazione della societ\u00e0 e della organizzazione politica italiana\u201d. E<strong> Gianfelice Rocca<\/strong>, presindente dell\u2019Humanitas ed ex presidente dell\u2019Assolombarda, guarda all\u2019innovazione: \u201cMilano deve investire nei settori che si proiettano verso il futuro. Credo che una sfida per noi tutti sia fare in modo che a Milano, anche per la sua tradizione culturale, la rivoluzione digitale non ci trasformi tutti in virtuali, ma sia invece al servizio di un vero e proprio Umanesimo tecnologico. E cio\u00e8 usare al massimo questa rivoluzione nel portare servizi al cittadino, nel favorire contatti umani e comunicazione, nel rendere pi\u00f9 accessibili e diffusi anche musica, teatro e altre attivit\u00e0 culturali. Nel fare in modo che tutto questo avvenga in una forma che mantenga lo stesso spirito che aveva animato il Grattacielo Pirelli: avere la testa rivolta verso l\u2019alto, ma i piedi ben saldi nella societ\u00e0\u201d.<\/p>\n<p>La sintesi, tra memoria e futuro, sta nelle parole di <strong>Marco Tronchetti Provera<\/strong>, Ceo di Pirelli: \u201cIl Grattacielo, negli anni Sessanta, diventa rapidamente il simbolo del miracolo economico, in un&#8217;Italia che ha voglia di ripartire e libera energie straordinarie, tanto da diventare in pochi anni una delle grandi potenze mondiali industriali. Sono le energie del mondo delle imprese, insieme a quelle della politica e dei sindacati, in un grande progetto unitario di sviluppo, di migliore qualit\u00e0 della vita\u201d.<br \/>\nProprio il Grattacielo Pirelli ne \u00e8 significativa conferma: la volont\u00e0 di ripresa di una grande impresa fortemente radicata a Milano e, contemporaneamente, internazionale, capace di originali sintesi culturali e produttive, la creativit\u00e0 di architetti della importanza di Gio Ponti e di ingegneri con capacit\u00e0 riconosciute a livello mondiale come Pier Luigi Nervi, il dinamismo di una metropoli che sa e vuole guardare all\u2019Europa. Ecco, ancora oggi \u201c<strong>Il Grattacielo rimane un landmark per Milano e per l&#8217;Italia\u201d<\/strong>. Perch\u00e9, insiste Tronchetti, \u201cMilano metropoli, come le altre grandi citt\u00e0 del mondo, vive di cambiamento, attrazione e innovazione. Cresce nel cuore delle pi\u00f9 intense dinamiche della storia, anticipandone spesso il corso. Attira risorse economiche, culturali e sociali. Include persone in cerca di un migliore avvenire. E stimola creativit\u00e0 e intraprendenza, soffre le crisi e ogni volta recupera energie per uscirne, perch\u00e9 arrendersi non fa parte del suo Dna di comunit\u00e0 aperta. E\u2019, insomma, una metropoli in movimento\u201d.<\/p>\n<p>Anche il nuovo Campus del Politecnico, guidato da un Rettore lungimirante, <strong>Ferruccio Resta<\/strong>, ne \u00e8 conferma. \u201cUno spazio aperto alla luce\u201d, sostiene Renzo Piano, integrando didattica, laboratori di ricerca e aree verdi. Un \u201crammendo\u201d tra la storica sede fine Ottocento in piazza Leonardo da Vinci, gli edifici progettati da Ponti e una zona di Citt\u00e0 Studi diventata anonima e adesso risanata e rilanciata. Una vera e propria \u201c<strong>fabbrica delle idee<\/strong>\u201d. Un pezzo d\u2019un cambiamento che \u00e8 gi\u00e0 attualit\u00e0. Come nota il presidente della Repubblica Sergio Mattarella, nel discorso di inaugurazione: \u201cIl nuovo Campus del Politecnico sottolinea la proiezione verso il futuro in sintonia con il momento che il nostro Paese sta attraversando: non un ritorno alle condizioni precedenti alla pandemia, ma un nuovo inizio su condizioni diverse e nuove\u201d.<\/p>\n<p>I temi al centro dell\u2019Assemblea di Assolombarda, guidata da Alessandro Spada, si muovono lungo questo percorso di rinnovamento e rilancio, in significativa sintonia con il pensiero del Capo dello Stato.<br \/>\nNe \u00e8 buon esempio, con il progetto \u201c<strong>Milano Sesto<\/strong>\u201d (4 miliardi di investimenti internazionali) l\u2019area delle ex Acciaierie Falck, nel Nord industriale di Milano, servizi e residenze, imprese e spazi per l\u2019innovazione e per una \u201cCitt\u00e0 della Salute e della Ricerca\u201d. E in tutti i territori di Assolombarda (7mila imprese, tra Milano, Monza e Brianza, Lodi e Pavia), in un\u2019economia che vale il 13% del Pil italiano e altrettanto di tutto l\u2019export nazionale, \u00e8 gi\u00e0 in corso un progetto di ripartenza concentrato su innovazione e lavoro. E\u2019 la Grande Milano dall\u2019antica vocazione industriale che rinasce e riparte sulla base di modelli avanzati di inclusione sociale e sostenibilit\u00e0 ambientale, per diventare una nuova destinazione urbana dove vivere, lavorare, studiare e costruire il lavoro del territorio. Rigenerazione, appunto.<\/p>\n<p>Sono i valori della Ue con il Recovery Plan. E le indicazioni strategiche e operative del Pnrr (il Piano di ripresa e resilienza) messe a punto dal governo presieduto da Mario Draghi, che Assolombarda apprezza e sostiene. Sono i temi &#8211; innovazione, lavoro, competitivit\u00e0, solidariet\u00e0 &#8211; su cui si muove l\u2019esperienza degli imprenditori milanesi. Forti della loro \u201ccultura politecnica\u201d: scienza, tecnologia, ricerca, produzione di qualit\u00e0, senso della bellezza. Torniamo alla memoria di Gio Ponti, all\u2019arte che si innamora dell\u2019industria. Ricambiata.<\/p>\n","protected":false},"excerpt":{"rendered":"<p>Il genius loci di Milano sta nel lavoro, nelle fabbriche, nei cantieri, nei luoghi della cultura, della scuola e dell\u2019universit\u00e0. Nella citt\u00e0 che studia, crea e intraprende. E nella \u201ccitt\u00e0 che sale\u201d raffigurata, all\u2019inizio del Novecento frenetico e inquieto, da Umberto Boccioni. Un genius loci raccontato bene da una frase di Gio Ponti: \u201cL\u2019arte si [&hellip;]<\/p>\n","protected":false},"author":9,"featured_media":83806,"comment_status":"open","ping_status":"open","sticky":false,"template":"","format":"standard","meta":{"footnotes":""},"categories":[53,52],"tags":[],"class_list":["post-83794","post","type-post","status-publish","format-standard","has-post-thumbnail","hentry","category-blog","category-cultura-dimpresa"],"acf":[],"yoast_head":"<!-- This site is optimized with the Yoast SEO plugin v25.0 - https:\/\/yoast.com\/wordpress\/plugins\/seo\/ -->\n<title>Il genius loci di Milano tra imprese e universit\u00e0 e il buon esempio dei 60 anni del Grattacielo Pirelli - Fondazione Pirelli<\/title>\n<meta name=\"robots\" content=\"index, follow, max-snippet:-1, max-image-preview:large, max-video-preview:-1\" \/>\n<link rel=\"canonical\" href=\"https:\/\/www.fondazionepirelli.org\/it\/cultura-dimpresa\/il-genius-loci-di-milano-tra-imprese-e-universita-e-il-buon-esempio-dei-60-anni-del-grattacielo-pirelli\/\" \/>\n<meta property=\"og:locale\" content=\"it_IT\" \/>\n<meta property=\"og:type\" content=\"article\" \/>\n<meta property=\"og:title\" content=\"Il genius loci di Milano tra imprese e universit\u00e0 e il buon esempio dei 60 anni del Grattacielo Pirelli - Fondazione Pirelli\" \/>\n<meta property=\"og:description\" content=\"Il genius loci di Milano sta nel lavoro, nelle fabbriche, nei cantieri, nei luoghi della cultura, della scuola e dell\u2019universit\u00e0. Nella citt\u00e0 che studia, crea e intraprende. E nella \u201ccitt\u00e0 che sale\u201d raffigurata, all\u2019inizio del Novecento frenetico e inquieto, da Umberto Boccioni. Un genius loci raccontato bene da una frase di Gio Ponti: \u201cL\u2019arte si [&hellip;]\" \/>\n<meta property=\"og:url\" content=\"https:\/\/127.0.0.1\/it\/cultura-dimpresa\/il-genius-loci-di-milano-tra-imprese-e-universita-e-il-buon-esempio-dei-60-anni-del-grattacielo-pirelli\/\" \/>\n<meta property=\"og:site_name\" content=\"Fondazione Pirelli\" \/>\n<meta property=\"article:published_time\" content=\"2021-06-28T10:25:12+00:00\" \/>\n<meta property=\"og:image\" content=\"https:\/\/wpsite-assets.fondazionepirelli.org\/wp-content\/uploads\/2021\/06\/28112423\/Sala_Grattacielo_copertina-Edilizia-Moderna-e1624875888315.jpg\" \/>\n\t<meta property=\"og:image:width\" content=\"350\" \/>\n\t<meta property=\"og:image:height\" content=\"456\" \/>\n\t<meta property=\"og:image:type\" content=\"image\/jpeg\" \/>\n<meta name=\"author\" content=\"fondazionepirelli\" \/>\n<meta name=\"twitter:card\" content=\"summary_large_image\" \/>\n<meta name=\"twitter:label1\" content=\"Scritto da\" \/>\n\t<meta name=\"twitter:data1\" content=\"fondazionepirelli\" \/>\n\t<meta name=\"twitter:label2\" content=\"Tempo di lettura stimato\" \/>\n\t<meta name=\"twitter:data2\" content=\"6 minuti\" \/>\n<script type=\"application\/ld+json\" class=\"yoast-schema-graph\">{\"@context\":\"https:\/\/schema.org\",\"@graph\":[{\"@type\":\"WebPage\",\"@id\":\"https:\/\/127.0.0.1\/it\/cultura-dimpresa\/il-genius-loci-di-milano-tra-imprese-e-universita-e-il-buon-esempio-dei-60-anni-del-grattacielo-pirelli\/\",\"url\":\"https:\/\/127.0.0.1\/it\/cultura-dimpresa\/il-genius-loci-di-milano-tra-imprese-e-universita-e-il-buon-esempio-dei-60-anni-del-grattacielo-pirelli\/\",\"name\":\"Il genius loci di Milano tra imprese e universit\u00e0 e il buon esempio dei 60 anni del Grattacielo Pirelli - Fondazione Pirelli\",\"isPartOf\":{\"@id\":\"https:\/\/www.fondazionepirelli.org\/it\/#website\"},\"primaryImageOfPage\":{\"@id\":\"https:\/\/127.0.0.1\/it\/cultura-dimpresa\/il-genius-loci-di-milano-tra-imprese-e-universita-e-il-buon-esempio-dei-60-anni-del-grattacielo-pirelli\/#primaryimage\"},\"image\":{\"@id\":\"https:\/\/127.0.0.1\/it\/cultura-dimpresa\/il-genius-loci-di-milano-tra-imprese-e-universita-e-il-buon-esempio-dei-60-anni-del-grattacielo-pirelli\/#primaryimage\"},\"thumbnailUrl\":\"https:\/\/wpsite-assets.fondazionepirelli.org\/wp-content\/uploads\/2021\/06\/28112423\/Sala_Grattacielo_copertina-Edilizia-Moderna-e1624875888315.jpg\",\"datePublished\":\"2021-06-28T10:25:12+00:00\",\"author\":{\"@id\":\"https:\/\/www.fondazionepirelli.org\/it\/#\/schema\/person\/c31fcf5937a0e6afa45497f3f8b6d7a0\"},\"breadcrumb\":{\"@id\":\"https:\/\/127.0.0.1\/it\/cultura-dimpresa\/il-genius-loci-di-milano-tra-imprese-e-universita-e-il-buon-esempio-dei-60-anni-del-grattacielo-pirelli\/#breadcrumb\"},\"inLanguage\":\"it-IT\",\"potentialAction\":[{\"@type\":\"ReadAction\",\"target\":[\"https:\/\/127.0.0.1\/it\/cultura-dimpresa\/il-genius-loci-di-milano-tra-imprese-e-universita-e-il-buon-esempio-dei-60-anni-del-grattacielo-pirelli\/\"]}]},{\"@type\":\"ImageObject\",\"inLanguage\":\"it-IT\",\"@id\":\"https:\/\/127.0.0.1\/it\/cultura-dimpresa\/il-genius-loci-di-milano-tra-imprese-e-universita-e-il-buon-esempio-dei-60-anni-del-grattacielo-pirelli\/#primaryimage\",\"url\":\"https:\/\/wpsite-assets.fondazionepirelli.org\/wp-content\/uploads\/2021\/06\/28112423\/Sala_Grattacielo_copertina-Edilizia-Moderna-e1624875888315.jpg\",\"contentUrl\":\"https:\/\/wpsite-assets.fondazionepirelli.org\/wp-content\/uploads\/2021\/06\/28112423\/Sala_Grattacielo_copertina-Edilizia-Moderna-e1624875888315.jpg\",\"width\":350,\"height\":456},{\"@type\":\"BreadcrumbList\",\"@id\":\"https:\/\/127.0.0.1\/it\/cultura-dimpresa\/il-genius-loci-di-milano-tra-imprese-e-universita-e-il-buon-esempio-dei-60-anni-del-grattacielo-pirelli\/#breadcrumb\",\"itemListElement\":[{\"@type\":\"ListItem\",\"position\":1,\"name\":\"Home\",\"item\":\"https:\/\/www.fondazionepirelli.org\/it\/\"},{\"@type\":\"ListItem\",\"position\":2,\"name\":\"Il genius loci di Milano tra imprese e universit\u00e0 e il buon esempio dei 60 anni del Grattacielo Pirelli\"}]},{\"@type\":\"WebSite\",\"@id\":\"https:\/\/www.fondazionepirelli.org\/it\/#website\",\"url\":\"https:\/\/www.fondazionepirelli.org\/it\/\",\"name\":\"Fondazione Pirelli\",\"description\":\"\",\"potentialAction\":[{\"@type\":\"SearchAction\",\"target\":{\"@type\":\"EntryPoint\",\"urlTemplate\":\"https:\/\/www.fondazionepirelli.org\/it\/?s={search_term_string}\"},\"query-input\":{\"@type\":\"PropertyValueSpecification\",\"valueRequired\":true,\"valueName\":\"search_term_string\"}}],\"inLanguage\":\"it-IT\"},{\"@type\":\"Person\",\"@id\":\"https:\/\/www.fondazionepirelli.org\/it\/#\/schema\/person\/c31fcf5937a0e6afa45497f3f8b6d7a0\",\"name\":\"fondazionepirelli\",\"image\":{\"@type\":\"ImageObject\",\"inLanguage\":\"it-IT\",\"@id\":\"https:\/\/www.fondazionepirelli.org\/it\/#\/schema\/person\/image\/\",\"url\":\"https:\/\/secure.gravatar.com\/avatar\/9cb486421ce1d6eddbf6c4fb66841b4325b786695f7aedf1dde2222428218696?s=96&d=mm&r=g\",\"contentUrl\":\"https:\/\/secure.gravatar.com\/avatar\/9cb486421ce1d6eddbf6c4fb66841b4325b786695f7aedf1dde2222428218696?s=96&d=mm&r=g\",\"caption\":\"fondazionepirelli\"},\"url\":\"https:\/\/www.fondazionepirelli.org\/it\/author\/fondazionepirelli\/\"}]}<\/script>\n<!-- \/ Yoast SEO plugin. -->","yoast_head_json":{"title":"Il genius loci di Milano tra imprese e universit\u00e0 e il buon esempio dei 60 anni del Grattacielo Pirelli - Fondazione Pirelli","robots":{"index":"index","follow":"follow","max-snippet":"max-snippet:-1","max-image-preview":"max-image-preview:large","max-video-preview":"max-video-preview:-1"},"canonical":"https:\/\/www.fondazionepirelli.org\/it\/cultura-dimpresa\/il-genius-loci-di-milano-tra-imprese-e-universita-e-il-buon-esempio-dei-60-anni-del-grattacielo-pirelli\/","og_locale":"it_IT","og_type":"article","og_title":"Il genius loci di Milano tra imprese e universit\u00e0 e il buon esempio dei 60 anni del Grattacielo Pirelli - Fondazione Pirelli","og_description":"Il genius loci di Milano sta nel lavoro, nelle fabbriche, nei cantieri, nei luoghi della cultura, della scuola e dell\u2019universit\u00e0. Nella citt\u00e0 che studia, crea e intraprende. E nella \u201ccitt\u00e0 che sale\u201d raffigurata, all\u2019inizio del Novecento frenetico e inquieto, da Umberto Boccioni. Un genius loci raccontato bene da una frase di Gio Ponti: \u201cL\u2019arte si [&hellip;]","og_url":"https:\/\/127.0.0.1\/it\/cultura-dimpresa\/il-genius-loci-di-milano-tra-imprese-e-universita-e-il-buon-esempio-dei-60-anni-del-grattacielo-pirelli\/","og_site_name":"Fondazione Pirelli","article_published_time":"2021-06-28T10:25:12+00:00","og_image":[{"width":350,"height":456,"url":"https:\/\/wpsite-assets.fondazionepirelli.org\/wp-content\/uploads\/2021\/06\/28112423\/Sala_Grattacielo_copertina-Edilizia-Moderna-e1624875888315.jpg","type":"image\/jpeg"}],"author":"fondazionepirelli","twitter_card":"summary_large_image","twitter_misc":{"Scritto da":"fondazionepirelli","Tempo di lettura stimato":"6 minuti"},"schema":{"@context":"https:\/\/schema.org","@graph":[{"@type":"WebPage","@id":"https:\/\/127.0.0.1\/it\/cultura-dimpresa\/il-genius-loci-di-milano-tra-imprese-e-universita-e-il-buon-esempio-dei-60-anni-del-grattacielo-pirelli\/","url":"https:\/\/127.0.0.1\/it\/cultura-dimpresa\/il-genius-loci-di-milano-tra-imprese-e-universita-e-il-buon-esempio-dei-60-anni-del-grattacielo-pirelli\/","name":"Il genius loci di Milano tra imprese e universit\u00e0 e il buon esempio dei 60 anni del Grattacielo Pirelli - Fondazione Pirelli","isPartOf":{"@id":"https:\/\/www.fondazionepirelli.org\/it\/#website"},"primaryImageOfPage":{"@id":"https:\/\/127.0.0.1\/it\/cultura-dimpresa\/il-genius-loci-di-milano-tra-imprese-e-universita-e-il-buon-esempio-dei-60-anni-del-grattacielo-pirelli\/#primaryimage"},"image":{"@id":"https:\/\/127.0.0.1\/it\/cultura-dimpresa\/il-genius-loci-di-milano-tra-imprese-e-universita-e-il-buon-esempio-dei-60-anni-del-grattacielo-pirelli\/#primaryimage"},"thumbnailUrl":"https:\/\/wpsite-assets.fondazionepirelli.org\/wp-content\/uploads\/2021\/06\/28112423\/Sala_Grattacielo_copertina-Edilizia-Moderna-e1624875888315.jpg","datePublished":"2021-06-28T10:25:12+00:00","author":{"@id":"https:\/\/www.fondazionepirelli.org\/it\/#\/schema\/person\/c31fcf5937a0e6afa45497f3f8b6d7a0"},"breadcrumb":{"@id":"https:\/\/127.0.0.1\/it\/cultura-dimpresa\/il-genius-loci-di-milano-tra-imprese-e-universita-e-il-buon-esempio-dei-60-anni-del-grattacielo-pirelli\/#breadcrumb"},"inLanguage":"it-IT","potentialAction":[{"@type":"ReadAction","target":["https:\/\/127.0.0.1\/it\/cultura-dimpresa\/il-genius-loci-di-milano-tra-imprese-e-universita-e-il-buon-esempio-dei-60-anni-del-grattacielo-pirelli\/"]}]},{"@type":"ImageObject","inLanguage":"it-IT","@id":"https:\/\/127.0.0.1\/it\/cultura-dimpresa\/il-genius-loci-di-milano-tra-imprese-e-universita-e-il-buon-esempio-dei-60-anni-del-grattacielo-pirelli\/#primaryimage","url":"https:\/\/wpsite-assets.fondazionepirelli.org\/wp-content\/uploads\/2021\/06\/28112423\/Sala_Grattacielo_copertina-Edilizia-Moderna-e1624875888315.jpg","contentUrl":"https:\/\/wpsite-assets.fondazionepirelli.org\/wp-content\/uploads\/2021\/06\/28112423\/Sala_Grattacielo_copertina-Edilizia-Moderna-e1624875888315.jpg","width":350,"height":456},{"@type":"BreadcrumbList","@id":"https:\/\/127.0.0.1\/it\/cultura-dimpresa\/il-genius-loci-di-milano-tra-imprese-e-universita-e-il-buon-esempio-dei-60-anni-del-grattacielo-pirelli\/#breadcrumb","itemListElement":[{"@type":"ListItem","position":1,"name":"Home","item":"https:\/\/www.fondazionepirelli.org\/it\/"},{"@type":"ListItem","position":2,"name":"Il genius loci di Milano tra imprese e universit\u00e0 e il buon esempio dei 60 anni del Grattacielo Pirelli"}]},{"@type":"WebSite","@id":"https:\/\/www.fondazionepirelli.org\/it\/#website","url":"https:\/\/www.fondazionepirelli.org\/it\/","name":"Fondazione Pirelli","description":"","potentialAction":[{"@type":"SearchAction","target":{"@type":"EntryPoint","urlTemplate":"https:\/\/www.fondazionepirelli.org\/it\/?s={search_term_string}"},"query-input":{"@type":"PropertyValueSpecification","valueRequired":true,"valueName":"search_term_string"}}],"inLanguage":"it-IT"},{"@type":"Person","@id":"https:\/\/www.fondazionepirelli.org\/it\/#\/schema\/person\/c31fcf5937a0e6afa45497f3f8b6d7a0","name":"fondazionepirelli","image":{"@type":"ImageObject","inLanguage":"it-IT","@id":"https:\/\/www.fondazionepirelli.org\/it\/#\/schema\/person\/image\/","url":"https:\/\/secure.gravatar.com\/avatar\/9cb486421ce1d6eddbf6c4fb66841b4325b786695f7aedf1dde2222428218696?s=96&d=mm&r=g","contentUrl":"https:\/\/secure.gravatar.com\/avatar\/9cb486421ce1d6eddbf6c4fb66841b4325b786695f7aedf1dde2222428218696?s=96&d=mm&r=g","caption":"fondazionepirelli"},"url":"https:\/\/www.fondazionepirelli.org\/it\/author\/fondazionepirelli\/"}]}},"_links":{"self":[{"href":"https:\/\/www.fondazionepirelli.org\/it\/wp-json\/wp\/v2\/posts\/83794\/"}],"collection":[{"href":"https:\/\/www.fondazionepirelli.org\/it\/wp-json\/wp\/v2\/posts\/"}],"about":[{"href":"https:\/\/www.fondazionepirelli.org\/it\/wp-json\/wp\/v2\/types\/post\/"}],"author":[{"embeddable":true,"href":"https:\/\/www.fondazionepirelli.org\/it\/wp-json\/wp\/v2\/users\/9\/"}],"replies":[{"embeddable":true,"href":"https:\/\/www.fondazionepirelli.org\/it\/wp-json\/wp\/v2\/comments\/?post=83794"}],"version-history":[{"count":3,"href":"https:\/\/www.fondazionepirelli.org\/it\/wp-json\/wp\/v2\/posts\/83794\/revisions\/"}],"predecessor-version":[{"id":83805,"href":"https:\/\/www.fondazionepirelli.org\/it\/wp-json\/wp\/v2\/posts\/83794\/revisions\/83805\/"}],"wp:featuredmedia":[{"embeddable":true,"href":"https:\/\/www.fondazionepirelli.org\/it\/wp-json\/wp\/v2\/media\/83806\/"}],"wp:attachment":[{"href":"https:\/\/www.fondazionepirelli.org\/it\/wp-json\/wp\/v2\/media\/?parent=83794"}],"wp:term":[{"taxonomy":"category","embeddable":true,"href":"https:\/\/www.fondazionepirelli.org\/it\/wp-json\/wp\/v2\/categories\/?post=83794"},{"taxonomy":"post_tag","embeddable":true,"href":"https:\/\/www.fondazionepirelli.org\/it\/wp-json\/wp\/v2\/tags\/?post=83794"}],"curies":[{"name":"wp","href":"https:\/\/api.w.org\/{rel}","templated":true}]}}