{"id":84619,"date":"2021-08-31T16:34:12","date_gmt":"2021-08-31T15:34:12","guid":{"rendered":"https:\/\/www.fondazionepirelli.org\/?p=84619"},"modified":"2022-03-29T10:59:28","modified_gmt":"2022-03-29T09:59:28","slug":"cultura-dimpresa-per-progettare-il-futuro-pirelli-un-secolo-e-mezzo-di-storie-e-innovazioni","status":"publish","type":"post","link":"https:\/\/www.fondazionepirelli.org\/it\/education\/cultura-dimpresa-per-progettare-il-futuro-pirelli-un-secolo-e-mezzo-di-storie-e-innovazioni\/","title":{"rendered":"Cultura d\u2019impresa per progettare il futuro. Pirelli, un secolo e mezzo di storie e innovazioni"},"content":{"rendered":"<p>Da settembre al via le nuove attivit\u00e0 didattiche gratuite per le scuole.<\/p>\n<p><strong>Mobilit\u00e0 sostenibile, ricerca sulle materie prime rinnovabili, innovazione e sviluppo tecnologico, creativit\u00e0 e nuovi strumenti di comunicazione, le fabbriche del futuro<\/strong> saranno le principali tematiche al centro dei nuovi percorsi.<\/p>\n<p>Innovare \u00e8 sempre stato un tratto distintivo della Pirelli e con i percorsi digitali di Fondazione Pirelli Educational 2021\/2022 gli studenti \u00a0potranno scoprire le novit\u00e0 introdotte dall\u2019azienda in campo tecnologico e industriale, in quello architettonico e della comunicazione visiva e nell\u2019ambito della sostenibilt\u00e0 ambientale e sociale. I materiali dell\u2019Archivio Storico che testimoniano e raccontano queste storie di sviluppo e innovazione potranno costituire la fonte di riflessione e ispirazione per l\u2019ideazione di nuovi progetti.<\/p>\n<p>Attraverso la guida dello staff di Fondazione Pirelli gli studenti infatti potranno entrare virtualmente in archivio, imparando a fare ricerche approfondite e sviluppare contenuti che porteranno a elaborati diversi per ogni tipo di laboratorio.<\/p>\n<p>In particolare, i bambini delle <strong>scuole primarie <\/strong>potranno viaggiare tra diversi luoghi ed epoche per scoprire le grandi invenzioni che hanno cambiato la nostra vista quotidiana e conoscere lo sviluppo della prima fabbrica della gomma in Italia realizzando poi in classe una mostra. Oppure conoscere la citt\u00e0 di Milano attraverso i luoghi pi\u00f9 \u201cpirelliani\u201d da inserire nella loro personale mappa.<\/p>\n<p>Gli studenti delle <strong>scuole secondarie di I grado <\/strong>entreranno nel vivo della produzione di pneumatici per coglierne la complessit\u00e0, e scopriranno le gare pi\u00f9 avvincenti su mezzi gommati Pirelli. Potranno conoscere le trasformazioni urbanistiche di Milano nell\u2019arco del Novecento e ideare mappe interattive o realizzare una storia a fumetti per raccontare tutti i segreti della gomma.<\/p>\n<p>Infine, i ragazzi delle <strong>scuole secondarie di II grado <\/strong>saranno invitati a produrre podcast, ideare manifesti \u00a0lasciandosi ispirare dai grandi maestri della grafica come Bob Noorda, Lora Lamm e Bruno Munari oppure a sviluppare il progetto di un quartier generale aziendale \u00a0del futuro rispettando i criteri fondamentali di sostenibilit\u00e0, a partire dal confronto con i progetti di architetti come Gio Ponti, Vittorio Gregotti e Renzo Piano. Lo studio delle innovazioni tecnologiche introdotte da Pirelli nell\u2019arco di\u00a0 centocinquant\u2019anni \u00a0nella produzione di pneumatici sicuri e sostenibili permetter\u00e0 inoltre agli studenti di sviluppare un approccio creativo e al tempo stesso scientifico verso la realt\u00e0 che li circonda.<\/p>\n<p>La modalit\u00e0 online, consolidata durante l\u2019arco del passato anno scolastico, sar\u00e0 arricchita grazie a <strong>nuovi virtual tour, podcast, video e attivit\u00e0 creative<\/strong> che aiuteranno bambini e ragazzi ad approfondire i <strong>150 anni di cultura d\u2019impresa di Pirelli<\/strong> e costituiranno il punto di partenza per immaginare e progettare il nostro futuro. Sar\u00e0 possibile inoltre proseguire in autonomia lo studio degli argomenti trattati grazie ai contenuti forniti<em>.<\/em><\/p><p><strong>Luned\u00ec 20 settembre 2021 alle ore 17,30 <\/strong>si terr\u00e0 un webinar per conoscere i nuovi percorsi a disposizione delle classi di tutta Italia.<\/p><p>Il webinar \u00e8 aperto ai docenti e a tutte le persone interessate.<\/p>\n<p>Per partecipare scrivere a <a href=\"mailto:scuole@fondazionepirelli.org\">scuole@fondazionepirelli.org<\/a> indicando nome e cognome e, se insegnanti, principali materie d\u2019interesse e istituto scolastico. Riceverete in seguito un link per partecipare attraverso la piattaforma Microsoft Teams.<\/p>\n<p>Per rimanere sempre aggiornati sulle nostre attivit\u00e0 vi invitiamo a iscrivervi alla mailing list di Fondazione Pirelli dalla <a href=\"https:\/\/www.fondazionepirelli.org\/\">homepage<\/a> del sito.<\/p>\n","protected":false},"excerpt":{"rendered":"<p>Da settembre al via le nuove attivit\u00e0 didattiche gratuite per le scuole. Mobilit\u00e0 sostenibile, ricerca sulle materie prime rinnovabili, innovazione e sviluppo tecnologico, creativit\u00e0 e nuovi strumenti di comunicazione, le fabbriche del futuro saranno le principali tematiche al centro dei nuovi percorsi. Innovare \u00e8 sempre stato un tratto distintivo della Pirelli e con i percorsi [&hellip;]<\/p>\n","protected":false},"author":9,"featured_media":84621,"comment_status":"open","ping_status":"open","sticky":false,"template":"","format":"standard","meta":{"footnotes":""},"categories":[59,121],"tags":[],"class_list":["post-84619","post","type-post","status-publish","format-standard","has-post-thumbnail","hentry","category-education","category-per-gli-insegnanti"],"acf":[],"yoast_head":"<!-- This site is optimized with the Yoast SEO plugin v25.0 - https:\/\/yoast.com\/wordpress\/plugins\/seo\/ -->\n<title>Cultura d\u2019impresa per progettare il futuro. Pirelli, un secolo e mezzo di storie e innovazioni - Fondazione Pirelli<\/title>\n<meta name=\"robots\" content=\"index, follow, max-snippet:-1, max-image-preview:large, max-video-preview:-1\" \/>\n<link rel=\"canonical\" href=\"https:\/\/www.fondazionepirelli.org\/it\/education\/cultura-dimpresa-per-progettare-il-futuro-pirelli-un-secolo-e-mezzo-di-storie-e-innovazioni\/\" \/>\n<meta property=\"og:locale\" content=\"it_IT\" \/>\n<meta property=\"og:type\" content=\"article\" \/>\n<meta property=\"og:title\" content=\"Cultura d\u2019impresa per progettare il futuro. Pirelli, un secolo e mezzo di storie e innovazioni - Fondazione Pirelli\" \/>\n<meta property=\"og:description\" content=\"Da settembre al via le nuove attivit\u00e0 didattiche gratuite per le scuole. Mobilit\u00e0 sostenibile, ricerca sulle materie prime rinnovabili, innovazione e sviluppo tecnologico, creativit\u00e0 e nuovi strumenti di comunicazione, le fabbriche del futuro saranno le principali tematiche al centro dei nuovi percorsi. Innovare \u00e8 sempre stato un tratto distintivo della Pirelli e con i percorsi [&hellip;]\" \/>\n<meta property=\"og:url\" content=\"https:\/\/127.0.0.1\/it\/education\/cultura-dimpresa-per-progettare-il-futuro-pirelli-un-secolo-e-mezzo-di-storie-e-innovazioni\/\" \/>\n<meta property=\"og:site_name\" content=\"Fondazione Pirelli\" \/>\n<meta property=\"article:published_time\" content=\"2021-08-31T15:34:12+00:00\" \/>\n<meta property=\"article:modified_time\" content=\"2022-03-29T09:59:28+00:00\" \/>\n<meta property=\"og:image\" content=\"https:\/\/wpsite-assets.fondazionepirelli.org\/wp-content\/uploads\/2021\/08\/31152904\/STD-edu-21-22.jpg.jpg\" \/>\n\t<meta property=\"og:image:width\" content=\"1584\" \/>\n\t<meta property=\"og:image:height\" content=\"904\" \/>\n\t<meta property=\"og:image:type\" content=\"image\/jpeg\" \/>\n<meta name=\"author\" content=\"fondazionepirelli\" \/>\n<meta name=\"twitter:card\" content=\"summary_large_image\" \/>\n<meta name=\"twitter:label1\" content=\"Scritto da\" \/>\n\t<meta name=\"twitter:data1\" content=\"fondazionepirelli\" \/>\n\t<meta name=\"twitter:label2\" content=\"Tempo di lettura stimato\" \/>\n\t<meta name=\"twitter:data2\" content=\"3 minuti\" \/>\n<script type=\"application\/ld+json\" class=\"yoast-schema-graph\">{\"@context\":\"https:\/\/schema.org\",\"@graph\":[{\"@type\":\"WebPage\",\"@id\":\"https:\/\/127.0.0.1\/it\/education\/cultura-dimpresa-per-progettare-il-futuro-pirelli-un-secolo-e-mezzo-di-storie-e-innovazioni\/\",\"url\":\"https:\/\/127.0.0.1\/it\/education\/cultura-dimpresa-per-progettare-il-futuro-pirelli-un-secolo-e-mezzo-di-storie-e-innovazioni\/\",\"name\":\"Cultura d\u2019impresa per progettare il futuro. Pirelli, un secolo e mezzo di storie e innovazioni - Fondazione Pirelli\",\"isPartOf\":{\"@id\":\"https:\/\/www.fondazionepirelli.org\/it\/#website\"},\"primaryImageOfPage\":{\"@id\":\"https:\/\/127.0.0.1\/it\/education\/cultura-dimpresa-per-progettare-il-futuro-pirelli-un-secolo-e-mezzo-di-storie-e-innovazioni\/#primaryimage\"},\"image\":{\"@id\":\"https:\/\/127.0.0.1\/it\/education\/cultura-dimpresa-per-progettare-il-futuro-pirelli-un-secolo-e-mezzo-di-storie-e-innovazioni\/#primaryimage\"},\"thumbnailUrl\":\"https:\/\/wpsite-assets.fondazionepirelli.org\/wp-content\/uploads\/2021\/08\/31152904\/STD-edu-21-22.jpg.jpg\",\"datePublished\":\"2021-08-31T15:34:12+00:00\",\"dateModified\":\"2022-03-29T09:59:28+00:00\",\"author\":{\"@id\":\"https:\/\/www.fondazionepirelli.org\/it\/#\/schema\/person\/c31fcf5937a0e6afa45497f3f8b6d7a0\"},\"breadcrumb\":{\"@id\":\"https:\/\/127.0.0.1\/it\/education\/cultura-dimpresa-per-progettare-il-futuro-pirelli-un-secolo-e-mezzo-di-storie-e-innovazioni\/#breadcrumb\"},\"inLanguage\":\"it-IT\",\"potentialAction\":[{\"@type\":\"ReadAction\",\"target\":[\"https:\/\/127.0.0.1\/it\/education\/cultura-dimpresa-per-progettare-il-futuro-pirelli-un-secolo-e-mezzo-di-storie-e-innovazioni\/\"]}]},{\"@type\":\"ImageObject\",\"inLanguage\":\"it-IT\",\"@id\":\"https:\/\/127.0.0.1\/it\/education\/cultura-dimpresa-per-progettare-il-futuro-pirelli-un-secolo-e-mezzo-di-storie-e-innovazioni\/#primaryimage\",\"url\":\"https:\/\/wpsite-assets.fondazionepirelli.org\/wp-content\/uploads\/2021\/08\/31152904\/STD-edu-21-22.jpg.jpg\",\"contentUrl\":\"https:\/\/wpsite-assets.fondazionepirelli.org\/wp-content\/uploads\/2021\/08\/31152904\/STD-edu-21-22.jpg.jpg\",\"width\":1584,\"height\":904},{\"@type\":\"BreadcrumbList\",\"@id\":\"https:\/\/127.0.0.1\/it\/education\/cultura-dimpresa-per-progettare-il-futuro-pirelli-un-secolo-e-mezzo-di-storie-e-innovazioni\/#breadcrumb\",\"itemListElement\":[{\"@type\":\"ListItem\",\"position\":1,\"name\":\"Home\",\"item\":\"https:\/\/www.fondazionepirelli.org\/it\/\"},{\"@type\":\"ListItem\",\"position\":2,\"name\":\"Cultura d\u2019impresa per progettare il futuro. Pirelli, un secolo e mezzo di storie e innovazioni\"}]},{\"@type\":\"WebSite\",\"@id\":\"https:\/\/www.fondazionepirelli.org\/it\/#website\",\"url\":\"https:\/\/www.fondazionepirelli.org\/it\/\",\"name\":\"Fondazione Pirelli\",\"description\":\"\",\"potentialAction\":[{\"@type\":\"SearchAction\",\"target\":{\"@type\":\"EntryPoint\",\"urlTemplate\":\"https:\/\/www.fondazionepirelli.org\/it\/?s={search_term_string}\"},\"query-input\":{\"@type\":\"PropertyValueSpecification\",\"valueRequired\":true,\"valueName\":\"search_term_string\"}}],\"inLanguage\":\"it-IT\"},{\"@type\":\"Person\",\"@id\":\"https:\/\/www.fondazionepirelli.org\/it\/#\/schema\/person\/c31fcf5937a0e6afa45497f3f8b6d7a0\",\"name\":\"fondazionepirelli\",\"image\":{\"@type\":\"ImageObject\",\"inLanguage\":\"it-IT\",\"@id\":\"https:\/\/www.fondazionepirelli.org\/it\/#\/schema\/person\/image\/\",\"url\":\"https:\/\/secure.gravatar.com\/avatar\/9cb486421ce1d6eddbf6c4fb66841b4325b786695f7aedf1dde2222428218696?s=96&d=mm&r=g\",\"contentUrl\":\"https:\/\/secure.gravatar.com\/avatar\/9cb486421ce1d6eddbf6c4fb66841b4325b786695f7aedf1dde2222428218696?s=96&d=mm&r=g\",\"caption\":\"fondazionepirelli\"},\"url\":\"https:\/\/www.fondazionepirelli.org\/it\/author\/fondazionepirelli\/\"}]}<\/script>\n<!-- \/ Yoast SEO plugin. -->","yoast_head_json":{"title":"Cultura d\u2019impresa per progettare il futuro. Pirelli, un secolo e mezzo di storie e innovazioni - Fondazione Pirelli","robots":{"index":"index","follow":"follow","max-snippet":"max-snippet:-1","max-image-preview":"max-image-preview:large","max-video-preview":"max-video-preview:-1"},"canonical":"https:\/\/www.fondazionepirelli.org\/it\/education\/cultura-dimpresa-per-progettare-il-futuro-pirelli-un-secolo-e-mezzo-di-storie-e-innovazioni\/","og_locale":"it_IT","og_type":"article","og_title":"Cultura d\u2019impresa per progettare il futuro. Pirelli, un secolo e mezzo di storie e innovazioni - Fondazione Pirelli","og_description":"Da settembre al via le nuove attivit\u00e0 didattiche gratuite per le scuole. Mobilit\u00e0 sostenibile, ricerca sulle materie prime rinnovabili, innovazione e sviluppo tecnologico, creativit\u00e0 e nuovi strumenti di comunicazione, le fabbriche del futuro saranno le principali tematiche al centro dei nuovi percorsi. Innovare \u00e8 sempre stato un tratto distintivo della Pirelli e con i percorsi [&hellip;]","og_url":"https:\/\/127.0.0.1\/it\/education\/cultura-dimpresa-per-progettare-il-futuro-pirelli-un-secolo-e-mezzo-di-storie-e-innovazioni\/","og_site_name":"Fondazione Pirelli","article_published_time":"2021-08-31T15:34:12+00:00","article_modified_time":"2022-03-29T09:59:28+00:00","og_image":[{"width":1584,"height":904,"url":"https:\/\/wpsite-assets.fondazionepirelli.org\/wp-content\/uploads\/2021\/08\/31152904\/STD-edu-21-22.jpg.jpg","type":"image\/jpeg"}],"author":"fondazionepirelli","twitter_card":"summary_large_image","twitter_misc":{"Scritto da":"fondazionepirelli","Tempo di lettura stimato":"3 minuti"},"schema":{"@context":"https:\/\/schema.org","@graph":[{"@type":"WebPage","@id":"https:\/\/127.0.0.1\/it\/education\/cultura-dimpresa-per-progettare-il-futuro-pirelli-un-secolo-e-mezzo-di-storie-e-innovazioni\/","url":"https:\/\/127.0.0.1\/it\/education\/cultura-dimpresa-per-progettare-il-futuro-pirelli-un-secolo-e-mezzo-di-storie-e-innovazioni\/","name":"Cultura d\u2019impresa per progettare il futuro. Pirelli, un secolo e mezzo di storie e innovazioni - Fondazione Pirelli","isPartOf":{"@id":"https:\/\/www.fondazionepirelli.org\/it\/#website"},"primaryImageOfPage":{"@id":"https:\/\/127.0.0.1\/it\/education\/cultura-dimpresa-per-progettare-il-futuro-pirelli-un-secolo-e-mezzo-di-storie-e-innovazioni\/#primaryimage"},"image":{"@id":"https:\/\/127.0.0.1\/it\/education\/cultura-dimpresa-per-progettare-il-futuro-pirelli-un-secolo-e-mezzo-di-storie-e-innovazioni\/#primaryimage"},"thumbnailUrl":"https:\/\/wpsite-assets.fondazionepirelli.org\/wp-content\/uploads\/2021\/08\/31152904\/STD-edu-21-22.jpg.jpg","datePublished":"2021-08-31T15:34:12+00:00","dateModified":"2022-03-29T09:59:28+00:00","author":{"@id":"https:\/\/www.fondazionepirelli.org\/it\/#\/schema\/person\/c31fcf5937a0e6afa45497f3f8b6d7a0"},"breadcrumb":{"@id":"https:\/\/127.0.0.1\/it\/education\/cultura-dimpresa-per-progettare-il-futuro-pirelli-un-secolo-e-mezzo-di-storie-e-innovazioni\/#breadcrumb"},"inLanguage":"it-IT","potentialAction":[{"@type":"ReadAction","target":["https:\/\/127.0.0.1\/it\/education\/cultura-dimpresa-per-progettare-il-futuro-pirelli-un-secolo-e-mezzo-di-storie-e-innovazioni\/"]}]},{"@type":"ImageObject","inLanguage":"it-IT","@id":"https:\/\/127.0.0.1\/it\/education\/cultura-dimpresa-per-progettare-il-futuro-pirelli-un-secolo-e-mezzo-di-storie-e-innovazioni\/#primaryimage","url":"https:\/\/wpsite-assets.fondazionepirelli.org\/wp-content\/uploads\/2021\/08\/31152904\/STD-edu-21-22.jpg.jpg","contentUrl":"https:\/\/wpsite-assets.fondazionepirelli.org\/wp-content\/uploads\/2021\/08\/31152904\/STD-edu-21-22.jpg.jpg","width":1584,"height":904},{"@type":"BreadcrumbList","@id":"https:\/\/127.0.0.1\/it\/education\/cultura-dimpresa-per-progettare-il-futuro-pirelli-un-secolo-e-mezzo-di-storie-e-innovazioni\/#breadcrumb","itemListElement":[{"@type":"ListItem","position":1,"name":"Home","item":"https:\/\/www.fondazionepirelli.org\/it\/"},{"@type":"ListItem","position":2,"name":"Cultura d\u2019impresa per progettare il futuro. Pirelli, un secolo e mezzo di storie e innovazioni"}]},{"@type":"WebSite","@id":"https:\/\/www.fondazionepirelli.org\/it\/#website","url":"https:\/\/www.fondazionepirelli.org\/it\/","name":"Fondazione Pirelli","description":"","potentialAction":[{"@type":"SearchAction","target":{"@type":"EntryPoint","urlTemplate":"https:\/\/www.fondazionepirelli.org\/it\/?s={search_term_string}"},"query-input":{"@type":"PropertyValueSpecification","valueRequired":true,"valueName":"search_term_string"}}],"inLanguage":"it-IT"},{"@type":"Person","@id":"https:\/\/www.fondazionepirelli.org\/it\/#\/schema\/person\/c31fcf5937a0e6afa45497f3f8b6d7a0","name":"fondazionepirelli","image":{"@type":"ImageObject","inLanguage":"it-IT","@id":"https:\/\/www.fondazionepirelli.org\/it\/#\/schema\/person\/image\/","url":"https:\/\/secure.gravatar.com\/avatar\/9cb486421ce1d6eddbf6c4fb66841b4325b786695f7aedf1dde2222428218696?s=96&d=mm&r=g","contentUrl":"https:\/\/secure.gravatar.com\/avatar\/9cb486421ce1d6eddbf6c4fb66841b4325b786695f7aedf1dde2222428218696?s=96&d=mm&r=g","caption":"fondazionepirelli"},"url":"https:\/\/www.fondazionepirelli.org\/it\/author\/fondazionepirelli\/"}]}},"_links":{"self":[{"href":"https:\/\/www.fondazionepirelli.org\/it\/wp-json\/wp\/v2\/posts\/84619\/"}],"collection":[{"href":"https:\/\/www.fondazionepirelli.org\/it\/wp-json\/wp\/v2\/posts\/"}],"about":[{"href":"https:\/\/www.fondazionepirelli.org\/it\/wp-json\/wp\/v2\/types\/post\/"}],"author":[{"embeddable":true,"href":"https:\/\/www.fondazionepirelli.org\/it\/wp-json\/wp\/v2\/users\/9\/"}],"replies":[{"embeddable":true,"href":"https:\/\/www.fondazionepirelli.org\/it\/wp-json\/wp\/v2\/comments\/?post=84619"}],"version-history":[{"count":4,"href":"https:\/\/www.fondazionepirelli.org\/it\/wp-json\/wp\/v2\/posts\/84619\/revisions\/"}],"predecessor-version":[{"id":84651,"href":"https:\/\/www.fondazionepirelli.org\/it\/wp-json\/wp\/v2\/posts\/84619\/revisions\/84651\/"}],"wp:featuredmedia":[{"embeddable":true,"href":"https:\/\/www.fondazionepirelli.org\/it\/wp-json\/wp\/v2\/media\/84621\/"}],"wp:attachment":[{"href":"https:\/\/www.fondazionepirelli.org\/it\/wp-json\/wp\/v2\/media\/?parent=84619"}],"wp:term":[{"taxonomy":"category","embeddable":true,"href":"https:\/\/www.fondazionepirelli.org\/it\/wp-json\/wp\/v2\/categories\/?post=84619"},{"taxonomy":"post_tag","embeddable":true,"href":"https:\/\/www.fondazionepirelli.org\/it\/wp-json\/wp\/v2\/tags\/?post=84619"}],"curies":[{"name":"wp","href":"https:\/\/api.w.org\/{rel}","templated":true}]}}