{"id":84780,"date":"2021-09-09T16:50:05","date_gmt":"2021-09-09T15:50:05","guid":{"rendered":"https:\/\/www.fondazionepirelli.org\/?p=84780"},"modified":"2021-09-10T09:23:37","modified_gmt":"2021-09-10T08:23:37","slug":"il-cinturato-pirelli-dalla-pista-ai-media-una-campagna-pubblicitaria-del-1965-mette-in-campo-gli-assi-del-volante","status":"publish","type":"post","link":"https:\/\/www.fondazionepirelli.org\/it\/archivio-storico\/il-cinturato-pirelli-dalla-pista-ai-media-una-campagna-pubblicitaria-del-1965-mette-in-campo-gli-assi-del-volante\/","title":{"rendered":"Il \u00a0Cinturato Pirelli dalla pista ai media: una campagna pubblicitaria del 1965 mette in campo \u201cgli assi del volante\u201d"},"content":{"rendered":"<p><strong>Domenica 12 settembre<\/strong> i piloti e le scuderie di<strong> Formula 1<\/strong> si contenderanno il podio sul circuito di <strong>Monza.<\/strong> L\u2019Autodromo brianzolo \u00e8 da sempre teatro di grandi sfide e di grandi campioni del presente, come Fernando Alonso, Lewis Hamilton, Charles Leclerc o Max Verstappen, ma anche del passato, come gli indimenticabili Juan Manuel Fangio, Gigi Villoresi, Piero Taruffi. Sono solo alcuni degli \u201cassi del volante\u201d che hanno legato la storia di Pirelli a quella del Gran Premio d\u2019Italia, diventando i volti di un progetto promozionale senza precedenti.<\/p>\n<p>\u00c8 il<strong> 1965<\/strong>. Pirelli, a partire dai risultati di un\u2019analisi di mercato, progetta una nuova campagna pubblicitaria per intercettare e fidelizzare la massa di nuovi automobilisti, con auto immatricolate tra il 1962 e il 1963, che inevitabilmente avrebbero cambiato pneumatici proprio quell\u2019anno. Nasce una strategia di comunicazione destinata a imporre sul mercato italiano uno dei prodotti di punta dell\u2019azienda, gi\u00e0 saldamente affermato in tutto il mondo: il <a href=\"https:\/\/www.fondazionepirelli.org\/archivio-storico\/disegni-e-manifesti\/search\/result.html?query=1965&amp;jsonVal=%7B%22jsonVal%22%3A%7B%22startDate%22%3A%22%22%2C%22endDate%22%3A%22%22%2C%22fieldDate%22%3A%22dataNormal%22%2C%22_perPage%22%3A20%2C%22collanaName%22%3A%22%5C%22Stampati+pubblicitari%5C%22%22%7D%7D\"><strong>Cinturato Pirelli<\/strong><\/a>. Brevettato nel <strong>1951<\/strong>, sin da subito diventa sinonimo di sicurezza, durata, flessibilit\u00e0 e comfort. Da un meridiano all\u2019altro, il giudizio \u00e8 unanime: il Cinturato, in tutte le sue forme dallo standard, all\u2019estivo, all\u2019invernale, si presenta come il pneumatico di maggior prestigio sul mercato. Ognuno dei 19 Paesi che lo produce su brevetto Pirelli ne rimane affascinato per motivi differenti: in Spagna \u00e8 \u201cil pneumatico che la vostra vettura aspettava\u201d, in Brasile si apprezza l\u2019estetica del battistrada, in Svizzera la sicurezza, in Inghilterra \u2013 invece \u2013 il controllo su strada.<\/p>\n<p>Da gennaio a dicembre del 1965, l\u2019intera Penisola viene \u201ctempestata\u201d da una promozione fatta di grandi idee che si traducono in pubblicit\u00e0 su carta, cartellonistica, media televisivi e <a href=\"https:\/\/www.fondazionepirelli.org\/archivio-storico\/audiovisivi\/detail\/IT-PIRELLI-AV0001-000050\/pirelli-n-4.html?jsonVal=%7b%22jsonVal%22:%7b%22startDate%22:%22%22,%22endDate%22:%22%22,%22fieldDate%22:%22dataNormal%22,%22_perPage%22:20,%22collanaName%22:%22\\%22Pubblicit%C3%A0%20cinematografiche\\%22%22%7d%7d&amp;attachmentMisc=undefined\">cinematografici<\/a>. Pirelli mette in campo una campagna pubblicitaria, da oggi <a href=\"https:\/\/www.fondazionepirelli.org\/archivio-storico\/disegni-e-manifesti\/search\/result.html?c_controlaccess_controlaccess_name_role_altro_indice_string=%22Campagna+pubblicitaria+Cinturato+1965%2C+Tovaglia%22\">online<\/a> sul nostro sito, con testimonial d\u2019eccezione: Fangio, Maglioli, Villoresi, Bracco, Gonzales, Taruffi e Chiron. Il ritorno \u201cin borghese\u201d di piloti-simbolo di record e imprese adrenaliniche, apre a un\u2019avanguardistica pubblicit\u00e0 emozionale che sortisce effetti sulle vendite anche negli anni successivi.<\/p>\n<p><em>\u201cUn tempo correvo con il vostro Stelvio. Oggi sulla mia vettura ho il Cinturato. Extraordinario. \u00c8 un pneumatico veramente diverso dagli altri. Quello che pi\u00f9 sorprende, \u00e8 l\u2019assoluta precisione di guida\u201d<\/em>, esulta Manuel Fangio.<\/p>\n<p><em>\u201cRicama sulla strada\u201d,<\/em> strilla il poster di Gigi Villoresi.<\/p>\n<p><em>\u201cAhora, velocidad y seguridad\u201d,<\/em> esulta Jos\u00e9 Froilan Gonzales facendo l\u2019occhiolino.<\/p>\n<p><em>\u201cSensationnel\u201d,<\/em> garantisce Chiron che da anni lo testa nei Rally di Montecarlo.<\/p>\n<p><em>\u201cAncora pi\u00f9 sicuro<\/em>\u201d, suggerisce Giovanni Bracco.<\/p>\n<p>L\u2019utente finale \u00e8 intercettato in ogni momento della sua giornata: dalla mattina quando apre il giornale e prende i mezzi pubblici fino alla sera, quando accende la tv o si dedica qualche ora al cinema o a leggere una rivista di automobilismo. Per tutto l\u2019anno veri e propri \u201cmessaggi viaggianti\u201d passano sotto agli occhi degli italiani. Ovunque si parla di Cinturato. Ovunque i volti sorridenti dei campioni del volante raccontano la loro esperienza alla guida di una vettura equipaggiata Pirelli. Grazie alla competenza, a un <em>background<\/em> fatto di straordinarie vittorie e al ruolo chiave nella storia dell\u2019automobilismo, i piloti rappresentano la voce perfetta per raccontare la potenza, l\u2019innovazione e la sicurezza di un pneumatico che non ha cambiato solo la storia di Pirelli, ma la modalit\u00e0 stessa di concepire la guida.<\/p>\n","protected":false},"excerpt":{"rendered":"<p>Domenica 12 settembre i piloti e le scuderie di Formula 1 si contenderanno il podio sul circuito di Monza. L\u2019Autodromo brianzolo \u00e8 da sempre teatro di grandi sfide e di grandi campioni del presente, come Fernando Alonso, Lewis Hamilton, Charles Leclerc o Max Verstappen, ma anche del passato, come gli indimenticabili Juan Manuel Fangio, Gigi [&hellip;]<\/p>\n","protected":false},"author":9,"featured_media":84783,"comment_status":"open","ping_status":"open","sticky":false,"template":"","format":"standard","meta":{"footnotes":""},"categories":[126,60,62],"tags":[87],"class_list":["post-84780","post","type-post","status-publish","format-standard","has-post-thumbnail","hentry","category-archivio-storico","category-iniziative","category-storie-dal-mondo-pirelli","tag-corse"],"acf":[],"yoast_head":"<!-- This site is optimized with the Yoast SEO plugin v25.0 - https:\/\/yoast.com\/wordpress\/plugins\/seo\/ -->\n<title>Il \u00a0Cinturato Pirelli dalla pista ai media: una campagna pubblicitaria del 1965 mette in campo \u201cgli assi del volante\u201d - Fondazione Pirelli<\/title>\n<meta name=\"robots\" content=\"index, follow, max-snippet:-1, max-image-preview:large, max-video-preview:-1\" \/>\n<link rel=\"canonical\" href=\"https:\/\/www.fondazionepirelli.org\/it\/archivio-storico\/il-cinturato-pirelli-dalla-pista-ai-media-una-campagna-pubblicitaria-del-1965-mette-in-campo-gli-assi-del-volante\/\" \/>\n<meta property=\"og:locale\" content=\"it_IT\" \/>\n<meta property=\"og:type\" content=\"article\" \/>\n<meta property=\"og:title\" content=\"Il \u00a0Cinturato Pirelli dalla pista ai media: una campagna pubblicitaria del 1965 mette in campo \u201cgli assi del volante\u201d - Fondazione Pirelli\" \/>\n<meta property=\"og:description\" content=\"Domenica 12 settembre i piloti e le scuderie di Formula 1 si contenderanno il podio sul circuito di Monza. L\u2019Autodromo brianzolo \u00e8 da sempre teatro di grandi sfide e di grandi campioni del presente, come Fernando Alonso, Lewis Hamilton, Charles Leclerc o Max Verstappen, ma anche del passato, come gli indimenticabili Juan Manuel Fangio, Gigi [&hellip;]\" \/>\n<meta property=\"og:url\" content=\"https:\/\/www.fondazionepirelli.org\/it\/archivio-storico\/il-cinturato-pirelli-dalla-pista-ai-media-una-campagna-pubblicitaria-del-1965-mette-in-campo-gli-assi-del-volante\/\" \/>\n<meta property=\"og:site_name\" content=\"Fondazione Pirelli\" \/>\n<meta property=\"article:published_time\" content=\"2021-09-09T15:50:05+00:00\" \/>\n<meta property=\"article:modified_time\" content=\"2021-09-10T08:23:37+00:00\" \/>\n<meta property=\"og:image\" content=\"https:\/\/wpsite-assets.fondazionepirelli.org\/wp-content\/uploads\/2021\/09\/09163041\/1965_Tovaglia_Pino_locandina_mod_14-e1631202457357.jpg\" \/>\n\t<meta property=\"og:image:width\" content=\"319\" \/>\n\t<meta property=\"og:image:height\" content=\"800\" \/>\n\t<meta property=\"og:image:type\" content=\"image\/jpeg\" \/>\n<meta name=\"author\" content=\"fondazionepirelli\" \/>\n<meta name=\"twitter:card\" content=\"summary_large_image\" \/>\n<meta name=\"twitter:label1\" content=\"Scritto da\" \/>\n\t<meta name=\"twitter:data1\" content=\"fondazionepirelli\" \/>\n\t<meta name=\"twitter:label2\" content=\"Tempo di lettura stimato\" \/>\n\t<meta name=\"twitter:data2\" content=\"3 minuti\" \/>\n<script type=\"application\/ld+json\" class=\"yoast-schema-graph\">{\"@context\":\"https:\/\/schema.org\",\"@graph\":[{\"@type\":\"WebPage\",\"@id\":\"https:\/\/www.fondazionepirelli.org\/it\/archivio-storico\/il-cinturato-pirelli-dalla-pista-ai-media-una-campagna-pubblicitaria-del-1965-mette-in-campo-gli-assi-del-volante\/\",\"url\":\"https:\/\/www.fondazionepirelli.org\/it\/archivio-storico\/il-cinturato-pirelli-dalla-pista-ai-media-una-campagna-pubblicitaria-del-1965-mette-in-campo-gli-assi-del-volante\/\",\"name\":\"Il \u00a0Cinturato Pirelli dalla pista ai media: una campagna pubblicitaria del 1965 mette in campo \u201cgli assi del volante\u201d - Fondazione Pirelli\",\"isPartOf\":{\"@id\":\"https:\/\/www.fondazionepirelli.org\/it\/#website\"},\"primaryImageOfPage\":{\"@id\":\"https:\/\/www.fondazionepirelli.org\/it\/archivio-storico\/il-cinturato-pirelli-dalla-pista-ai-media-una-campagna-pubblicitaria-del-1965-mette-in-campo-gli-assi-del-volante\/#primaryimage\"},\"image\":{\"@id\":\"https:\/\/www.fondazionepirelli.org\/it\/archivio-storico\/il-cinturato-pirelli-dalla-pista-ai-media-una-campagna-pubblicitaria-del-1965-mette-in-campo-gli-assi-del-volante\/#primaryimage\"},\"thumbnailUrl\":\"https:\/\/wpsite-assets.fondazionepirelli.org\/wp-content\/uploads\/2021\/09\/09163041\/1965_Tovaglia_Pino_locandina_mod_14-e1631202457357.jpg\",\"datePublished\":\"2021-09-09T15:50:05+00:00\",\"dateModified\":\"2021-09-10T08:23:37+00:00\",\"author\":{\"@id\":\"https:\/\/www.fondazionepirelli.org\/it\/#\/schema\/person\/c31fcf5937a0e6afa45497f3f8b6d7a0\"},\"breadcrumb\":{\"@id\":\"https:\/\/www.fondazionepirelli.org\/it\/archivio-storico\/il-cinturato-pirelli-dalla-pista-ai-media-una-campagna-pubblicitaria-del-1965-mette-in-campo-gli-assi-del-volante\/#breadcrumb\"},\"inLanguage\":\"it-IT\",\"potentialAction\":[{\"@type\":\"ReadAction\",\"target\":[\"https:\/\/www.fondazionepirelli.org\/it\/archivio-storico\/il-cinturato-pirelli-dalla-pista-ai-media-una-campagna-pubblicitaria-del-1965-mette-in-campo-gli-assi-del-volante\/\"]}]},{\"@type\":\"ImageObject\",\"inLanguage\":\"it-IT\",\"@id\":\"https:\/\/www.fondazionepirelli.org\/it\/archivio-storico\/il-cinturato-pirelli-dalla-pista-ai-media-una-campagna-pubblicitaria-del-1965-mette-in-campo-gli-assi-del-volante\/#primaryimage\",\"url\":\"https:\/\/wpsite-assets.fondazionepirelli.org\/wp-content\/uploads\/2021\/09\/09163041\/1965_Tovaglia_Pino_locandina_mod_14-e1631202457357.jpg\",\"contentUrl\":\"https:\/\/wpsite-assets.fondazionepirelli.org\/wp-content\/uploads\/2021\/09\/09163041\/1965_Tovaglia_Pino_locandina_mod_14-e1631202457357.jpg\",\"width\":319,\"height\":800},{\"@type\":\"BreadcrumbList\",\"@id\":\"https:\/\/www.fondazionepirelli.org\/it\/archivio-storico\/il-cinturato-pirelli-dalla-pista-ai-media-una-campagna-pubblicitaria-del-1965-mette-in-campo-gli-assi-del-volante\/#breadcrumb\",\"itemListElement\":[{\"@type\":\"ListItem\",\"position\":1,\"name\":\"Home\",\"item\":\"https:\/\/www.fondazionepirelli.org\/it\/\"},{\"@type\":\"ListItem\",\"position\":2,\"name\":\"Il \u00a0Cinturato Pirelli dalla pista ai media: una campagna pubblicitaria del 1965 mette in campo \u201cgli assi del volante\u201d\"}]},{\"@type\":\"WebSite\",\"@id\":\"https:\/\/www.fondazionepirelli.org\/it\/#website\",\"url\":\"https:\/\/www.fondazionepirelli.org\/it\/\",\"name\":\"Fondazione Pirelli\",\"description\":\"\",\"potentialAction\":[{\"@type\":\"SearchAction\",\"target\":{\"@type\":\"EntryPoint\",\"urlTemplate\":\"https:\/\/www.fondazionepirelli.org\/it\/?s={search_term_string}\"},\"query-input\":{\"@type\":\"PropertyValueSpecification\",\"valueRequired\":true,\"valueName\":\"search_term_string\"}}],\"inLanguage\":\"it-IT\"},{\"@type\":\"Person\",\"@id\":\"https:\/\/www.fondazionepirelli.org\/it\/#\/schema\/person\/c31fcf5937a0e6afa45497f3f8b6d7a0\",\"name\":\"fondazionepirelli\",\"image\":{\"@type\":\"ImageObject\",\"inLanguage\":\"it-IT\",\"@id\":\"https:\/\/www.fondazionepirelli.org\/it\/#\/schema\/person\/image\/\",\"url\":\"https:\/\/secure.gravatar.com\/avatar\/9cb486421ce1d6eddbf6c4fb66841b4325b786695f7aedf1dde2222428218696?s=96&d=mm&r=g\",\"contentUrl\":\"https:\/\/secure.gravatar.com\/avatar\/9cb486421ce1d6eddbf6c4fb66841b4325b786695f7aedf1dde2222428218696?s=96&d=mm&r=g\",\"caption\":\"fondazionepirelli\"},\"url\":\"https:\/\/www.fondazionepirelli.org\/it\/author\/fondazionepirelli\/\"}]}<\/script>\n<!-- \/ Yoast SEO plugin. -->","yoast_head_json":{"title":"Il \u00a0Cinturato Pirelli dalla pista ai media: una campagna pubblicitaria del 1965 mette in campo \u201cgli assi del volante\u201d - Fondazione Pirelli","robots":{"index":"index","follow":"follow","max-snippet":"max-snippet:-1","max-image-preview":"max-image-preview:large","max-video-preview":"max-video-preview:-1"},"canonical":"https:\/\/www.fondazionepirelli.org\/it\/archivio-storico\/il-cinturato-pirelli-dalla-pista-ai-media-una-campagna-pubblicitaria-del-1965-mette-in-campo-gli-assi-del-volante\/","og_locale":"it_IT","og_type":"article","og_title":"Il \u00a0Cinturato Pirelli dalla pista ai media: una campagna pubblicitaria del 1965 mette in campo \u201cgli assi del volante\u201d - Fondazione Pirelli","og_description":"Domenica 12 settembre i piloti e le scuderie di Formula 1 si contenderanno il podio sul circuito di Monza. L\u2019Autodromo brianzolo \u00e8 da sempre teatro di grandi sfide e di grandi campioni del presente, come Fernando Alonso, Lewis Hamilton, Charles Leclerc o Max Verstappen, ma anche del passato, come gli indimenticabili Juan Manuel Fangio, Gigi [&hellip;]","og_url":"https:\/\/www.fondazionepirelli.org\/it\/archivio-storico\/il-cinturato-pirelli-dalla-pista-ai-media-una-campagna-pubblicitaria-del-1965-mette-in-campo-gli-assi-del-volante\/","og_site_name":"Fondazione Pirelli","article_published_time":"2021-09-09T15:50:05+00:00","article_modified_time":"2021-09-10T08:23:37+00:00","og_image":[{"width":319,"height":800,"url":"https:\/\/wpsite-assets.fondazionepirelli.org\/wp-content\/uploads\/2021\/09\/09163041\/1965_Tovaglia_Pino_locandina_mod_14-e1631202457357.jpg","type":"image\/jpeg"}],"author":"fondazionepirelli","twitter_card":"summary_large_image","twitter_misc":{"Scritto da":"fondazionepirelli","Tempo di lettura stimato":"3 minuti"},"schema":{"@context":"https:\/\/schema.org","@graph":[{"@type":"WebPage","@id":"https:\/\/www.fondazionepirelli.org\/it\/archivio-storico\/il-cinturato-pirelli-dalla-pista-ai-media-una-campagna-pubblicitaria-del-1965-mette-in-campo-gli-assi-del-volante\/","url":"https:\/\/www.fondazionepirelli.org\/it\/archivio-storico\/il-cinturato-pirelli-dalla-pista-ai-media-una-campagna-pubblicitaria-del-1965-mette-in-campo-gli-assi-del-volante\/","name":"Il \u00a0Cinturato Pirelli dalla pista ai media: una campagna pubblicitaria del 1965 mette in campo \u201cgli assi del volante\u201d - Fondazione Pirelli","isPartOf":{"@id":"https:\/\/www.fondazionepirelli.org\/it\/#website"},"primaryImageOfPage":{"@id":"https:\/\/www.fondazionepirelli.org\/it\/archivio-storico\/il-cinturato-pirelli-dalla-pista-ai-media-una-campagna-pubblicitaria-del-1965-mette-in-campo-gli-assi-del-volante\/#primaryimage"},"image":{"@id":"https:\/\/www.fondazionepirelli.org\/it\/archivio-storico\/il-cinturato-pirelli-dalla-pista-ai-media-una-campagna-pubblicitaria-del-1965-mette-in-campo-gli-assi-del-volante\/#primaryimage"},"thumbnailUrl":"https:\/\/wpsite-assets.fondazionepirelli.org\/wp-content\/uploads\/2021\/09\/09163041\/1965_Tovaglia_Pino_locandina_mod_14-e1631202457357.jpg","datePublished":"2021-09-09T15:50:05+00:00","dateModified":"2021-09-10T08:23:37+00:00","author":{"@id":"https:\/\/www.fondazionepirelli.org\/it\/#\/schema\/person\/c31fcf5937a0e6afa45497f3f8b6d7a0"},"breadcrumb":{"@id":"https:\/\/www.fondazionepirelli.org\/it\/archivio-storico\/il-cinturato-pirelli-dalla-pista-ai-media-una-campagna-pubblicitaria-del-1965-mette-in-campo-gli-assi-del-volante\/#breadcrumb"},"inLanguage":"it-IT","potentialAction":[{"@type":"ReadAction","target":["https:\/\/www.fondazionepirelli.org\/it\/archivio-storico\/il-cinturato-pirelli-dalla-pista-ai-media-una-campagna-pubblicitaria-del-1965-mette-in-campo-gli-assi-del-volante\/"]}]},{"@type":"ImageObject","inLanguage":"it-IT","@id":"https:\/\/www.fondazionepirelli.org\/it\/archivio-storico\/il-cinturato-pirelli-dalla-pista-ai-media-una-campagna-pubblicitaria-del-1965-mette-in-campo-gli-assi-del-volante\/#primaryimage","url":"https:\/\/wpsite-assets.fondazionepirelli.org\/wp-content\/uploads\/2021\/09\/09163041\/1965_Tovaglia_Pino_locandina_mod_14-e1631202457357.jpg","contentUrl":"https:\/\/wpsite-assets.fondazionepirelli.org\/wp-content\/uploads\/2021\/09\/09163041\/1965_Tovaglia_Pino_locandina_mod_14-e1631202457357.jpg","width":319,"height":800},{"@type":"BreadcrumbList","@id":"https:\/\/www.fondazionepirelli.org\/it\/archivio-storico\/il-cinturato-pirelli-dalla-pista-ai-media-una-campagna-pubblicitaria-del-1965-mette-in-campo-gli-assi-del-volante\/#breadcrumb","itemListElement":[{"@type":"ListItem","position":1,"name":"Home","item":"https:\/\/www.fondazionepirelli.org\/it\/"},{"@type":"ListItem","position":2,"name":"Il \u00a0Cinturato Pirelli dalla pista ai media: una campagna pubblicitaria del 1965 mette in campo \u201cgli assi del volante\u201d"}]},{"@type":"WebSite","@id":"https:\/\/www.fondazionepirelli.org\/it\/#website","url":"https:\/\/www.fondazionepirelli.org\/it\/","name":"Fondazione Pirelli","description":"","potentialAction":[{"@type":"SearchAction","target":{"@type":"EntryPoint","urlTemplate":"https:\/\/www.fondazionepirelli.org\/it\/?s={search_term_string}"},"query-input":{"@type":"PropertyValueSpecification","valueRequired":true,"valueName":"search_term_string"}}],"inLanguage":"it-IT"},{"@type":"Person","@id":"https:\/\/www.fondazionepirelli.org\/it\/#\/schema\/person\/c31fcf5937a0e6afa45497f3f8b6d7a0","name":"fondazionepirelli","image":{"@type":"ImageObject","inLanguage":"it-IT","@id":"https:\/\/www.fondazionepirelli.org\/it\/#\/schema\/person\/image\/","url":"https:\/\/secure.gravatar.com\/avatar\/9cb486421ce1d6eddbf6c4fb66841b4325b786695f7aedf1dde2222428218696?s=96&d=mm&r=g","contentUrl":"https:\/\/secure.gravatar.com\/avatar\/9cb486421ce1d6eddbf6c4fb66841b4325b786695f7aedf1dde2222428218696?s=96&d=mm&r=g","caption":"fondazionepirelli"},"url":"https:\/\/www.fondazionepirelli.org\/it\/author\/fondazionepirelli\/"}]}},"_links":{"self":[{"href":"https:\/\/www.fondazionepirelli.org\/it\/wp-json\/wp\/v2\/posts\/84780\/"}],"collection":[{"href":"https:\/\/www.fondazionepirelli.org\/it\/wp-json\/wp\/v2\/posts\/"}],"about":[{"href":"https:\/\/www.fondazionepirelli.org\/it\/wp-json\/wp\/v2\/types\/post\/"}],"author":[{"embeddable":true,"href":"https:\/\/www.fondazionepirelli.org\/it\/wp-json\/wp\/v2\/users\/9\/"}],"replies":[{"embeddable":true,"href":"https:\/\/www.fondazionepirelli.org\/it\/wp-json\/wp\/v2\/comments\/?post=84780"}],"version-history":[{"count":9,"href":"https:\/\/www.fondazionepirelli.org\/it\/wp-json\/wp\/v2\/posts\/84780\/revisions\/"}],"predecessor-version":[{"id":84815,"href":"https:\/\/www.fondazionepirelli.org\/it\/wp-json\/wp\/v2\/posts\/84780\/revisions\/84815\/"}],"wp:featuredmedia":[{"embeddable":true,"href":"https:\/\/www.fondazionepirelli.org\/it\/wp-json\/wp\/v2\/media\/84783\/"}],"wp:attachment":[{"href":"https:\/\/www.fondazionepirelli.org\/it\/wp-json\/wp\/v2\/media\/?parent=84780"}],"wp:term":[{"taxonomy":"category","embeddable":true,"href":"https:\/\/www.fondazionepirelli.org\/it\/wp-json\/wp\/v2\/categories\/?post=84780"},{"taxonomy":"post_tag","embeddable":true,"href":"https:\/\/www.fondazionepirelli.org\/it\/wp-json\/wp\/v2\/tags\/?post=84780"}],"curies":[{"name":"wp","href":"https:\/\/api.w.org\/{rel}","templated":true}]}}