{"id":84847,"date":"2021-09-14T11:26:09","date_gmt":"2021-09-14T10:26:09","guid":{"rendered":"https:\/\/www.fondazionepirelli.org\/?p=84847"},"modified":"2021-09-24T09:04:32","modified_gmt":"2021-09-24T08:04:32","slug":"ecco-i-numeri-per-parlare-di-lavoro-e-assistenza-riformando-quota-100-e-reddito-di-cittadinanza","status":"publish","type":"post","link":"https:\/\/www.fondazionepirelli.org\/it\/cultura-dimpresa\/ecco-i-numeri-per-parlare-di-lavoro-e-assistenza-riformando-quota-100-e-reddito-di-cittadinanza\/","title":{"rendered":"Ecco i numeri per parlare di lavoro e assistenza, riformando \u201cquota 100\u201d e reddito di cittadinanza"},"content":{"rendered":"<p>Ragionare con i<strong> numeri<\/strong>, per discutere di riforme serie e di futuro socialmente sostenibile. Un primo numero \u00e8<strong> 400mila<\/strong> e cio\u00e8 i posti di lavoro che le imprese temono di non potere coprire, in questa fine di anno di impetuosa ripresa (un Pil che crescer\u00e0 del 6% circa) per assenza di mano d\u2019opera specializzata, soprattutto nei settori ad alta tecnologia, trainanti per lo sviluppo (i dati sono illustrati da una inchiesta di \u201cAffari&amp;Finanza\u201d de \u201cla Repubblica\u201d, 13 settembre).<br \/>\nUn secondo numero \u00e8 una serie: <strong>3,5 milioni<\/strong> di persone coinvolte come beneficiari del reddito di cittadinanza, 1,3 milioni dei quali \u201coccupabili\u201d, ma solo 152mila con un posto di lavoro trovato (non si sa per\u00f2 quanti quelli individuati grazie ai servizi offerti dai centri di lavoro) e appena 400 gli assunti da imprenditori che hanno deciso di godere degli incentivi di legge (troppi vincoli, troppe burocrazie). Nella forbice quanto mai ampia fra 1,3 milioni e 400 c\u2019\u00e8 tutto il clamoroso fallimento di una scelta che pretendeva di \u201cabolire la povert\u00e0\u201d trovando lavoro.<br \/>\nAncora un numero, di grande importanza: quello del tasso di sostituzione di \u201cquota 100\u201d, il provvedimento sulle pensioni (per andarci con 62 anni d\u2019et\u00e0 e 38 di contributi): lo 0,4 per ognuno dei tre anni di applicazione del provvedimento. In media, cio\u00e8, per 100 lavoratori andati in pensione ne sono stati assunti di nuovi solo 40. Anche in questo caso, un fallimento, rispetto al progetto di sostituire un pensionato anziano con un giovane.<\/p>\n<p>Alto, comunque, il costo per le casse pubbliche: <strong>30 miliardi<\/strong> in tre anni per entrambi i provvedimenti, 11,6 per \u201cquota 100\u201d e quasi 20 per il reddito di cittadinanza.<br \/>\nI due provvedimenti erano le bandiere propagandistiche sventolate il primo dalla Lega guidata da Matteo Salvini e il secondo dal Movimento 5 Stelle, ai tempi del governo giallo-verde di Giuseppe Conte. Due scelte populiste, buone per attrarre consensi elettorali ma di scarsa efficacia e altissimo costo. Adesso, due scelte da abolire o, quanto meno, da riformare radicalmente, dati alla mano.<br \/>\nLe intenzioni del governo guidato da Mario Draghi vanno giustamente in direzione della riforma (come sollecitano anche recenti analisi ben documentate dell\u2019Ocse). I 5Stelle difendono la loro scelta. A nome della Lega Salvini minaccia di \u201cfare le barricate\u201d per difendere e rinnovare per un altro biennio \u201cquota 100\u201d, in scadenza a fine anno, trovando una certa sponda nella Cgil di Maurizio Landini. Ma entrambe le formazioni politiche, proprio alla vigilia del voto amministrativo dei primi di ottobre, stanno facendo tattica di propaganda. E di fronte alle chiacchiere delle politiche identitarie, il governo ancora una volta mostra una chiara volont\u00e0 riformatrice e andr\u00e0 avanti.<\/p>\n<p>Nessuno, naturalmente, ha dubbi sul fatto che servano provvedimenti per andare incontro alle reali condizioni di povert\u00e0 di alcuni milioni di italiani (cosa che il reddito di cittadinanza fa poco, male, in modo distorto e con possibilit\u00e0 troppo ampie per tanti \u201cfurbi\u201d di sfuggire alle prescrizioni di legge per l\u2019assegnazione). E dunque saranno messe a punto misure assistenziali adeguate.<br \/>\nAltra cosa, invece, \u00e8 affrontare i temi dell\u2019avvio verso il lavoro, di chi l\u2019ha perso e va aiutato a ricollocarsi, dei giovani e delle donne che non lo trovano per carenze di qualificazione, delle persone di mezza et\u00e0 tagliate fuori dal mercato per ristrutturazioni levate alla diffusione delle nuove tecnologie digitali.<\/p>\n<p>Le strade da scegliere riguardano innanzitutto la <strong>formazione<\/strong>, qualificata e di lungo periodo. Una profonda trasformazione delle politiche e del funzionamento dei centri per l\u2019impiego. Una maggiore e migliore funzionalit\u00e0 degli ammortizzatori sociali, su cui tocca al governo mettere bene a punto strategie e scelte concrete in stretto raccordo con le rappresentanze delle forze sociali.<br \/>\nLa sfida sta proprio qui: legare formazione e lavoro per fare fronte alle profonde trasformazioni dell\u2019economia, ridurre il cuneo fiscale per migliorare il reddito dei lavoratori e alleggerire il costo per le imprese, stimolare investimenti per creare nuova occupazione qualificata. Le indicazioni del Pnrr, con i fondi che vengono dalla Ue, vanno proprio in questa direzione. E, in prospettiva, nell\u2019era dell\u2019economia della conoscenza, vale la pena ricordare che \u201cogni euro investito nella scuola \u00e8 investito anche nel resto del Paese\u201d, come ama ribadire Francesco Profumo, ex rettore del Politecnico di Torino ed ex ministro dell\u2019Istruzione, adesso presidente della Compagnia di San Paolo.<\/p>\n<p>Quanto alle pensioni, bisogna prendere responsabilmente atto degli effetti disastrosi di \u201cquota 100\u201d: ha ridotto profondamente il numero dei lavoratori attivi, privando le imprese e la pubblica amministrazione di competenze di qualit\u00e0, senza stimolare adeguatamente nuova occupazione e ha costretto, per esempio, il governatore del Veneto Zaia a richiamare in servizio, per fronteggiare la pandemia da Covid19, un gran numero di medici appena andati in pensione.<br \/>\nAddio \u201cquota 100\u201d, dunque. Il governo sta studiando \u201csoluzioni equilibrate\u201d per evitare di passare dalla situazione attuale all\u2019innalzamento drastico a 67 anni come et\u00e0 per il pensionamento. La discussione \u00e8 aperta. Da portare avanti con competenza e senso di responsabilit\u00e0. Sapendo bene che l\u2019Italia, adesso, ha bisogno di sviluppo, lavoro, sostegni sociali ma non di vecchio assistenzialismo improduttivo. E che la spesa pubblica va destinata agli investimenti per la crescita di qualit\u00e0 e sostenibile, non alle manovre per acchiappare voti.<\/p>\n","protected":false},"excerpt":{"rendered":"<p>Ragionare con i numeri, per discutere di riforme serie e di futuro socialmente sostenibile. Un primo numero \u00e8 400mila e cio\u00e8 i posti di lavoro che le imprese temono di non potere coprire, in questa fine di anno di impetuosa ripresa (un Pil che crescer\u00e0 del 6% circa) per assenza di mano d\u2019opera specializzata, soprattutto [&hellip;]<\/p>\n","protected":false},"author":9,"featured_media":84864,"comment_status":"open","ping_status":"open","sticky":false,"template":"","format":"standard","meta":{"footnotes":""},"categories":[53,52],"tags":[],"class_list":["post-84847","post","type-post","status-publish","format-standard","has-post-thumbnail","hentry","category-blog","category-cultura-dimpresa"],"acf":[],"yoast_head":"<!-- This site is optimized with the Yoast SEO plugin v25.0 - https:\/\/yoast.com\/wordpress\/plugins\/seo\/ -->\n<title>Ecco i numeri per parlare di lavoro e assistenza, riformando \u201cquota 100\u201d e reddito di cittadinanza - Fondazione Pirelli<\/title>\n<meta name=\"robots\" content=\"index, follow, max-snippet:-1, max-image-preview:large, max-video-preview:-1\" \/>\n<link rel=\"canonical\" href=\"https:\/\/www.fondazionepirelli.org\/it\/cultura-dimpresa\/ecco-i-numeri-per-parlare-di-lavoro-e-assistenza-riformando-quota-100-e-reddito-di-cittadinanza\/\" \/>\n<meta property=\"og:locale\" content=\"it_IT\" \/>\n<meta property=\"og:type\" content=\"article\" \/>\n<meta property=\"og:title\" content=\"Ecco i numeri per parlare di lavoro e assistenza, riformando \u201cquota 100\u201d e reddito di cittadinanza - Fondazione Pirelli\" \/>\n<meta property=\"og:description\" content=\"Ragionare con i numeri, per discutere di riforme serie e di futuro socialmente sostenibile. Un primo numero \u00e8 400mila e cio\u00e8 i posti di lavoro che le imprese temono di non potere coprire, in questa fine di anno di impetuosa ripresa (un Pil che crescer\u00e0 del 6% circa) per assenza di mano d\u2019opera specializzata, soprattutto [&hellip;]\" \/>\n<meta property=\"og:url\" content=\"https:\/\/127.0.0.1\/it\/cultura-dimpresa\/ecco-i-numeri-per-parlare-di-lavoro-e-assistenza-riformando-quota-100-e-reddito-di-cittadinanza\/\" \/>\n<meta property=\"og:site_name\" content=\"Fondazione Pirelli\" \/>\n<meta property=\"article:published_time\" content=\"2021-09-14T10:26:09+00:00\" \/>\n<meta property=\"article:modified_time\" content=\"2021-09-24T08:04:32+00:00\" \/>\n<meta property=\"og:image\" content=\"https:\/\/wpsite-assets.fondazionepirelli.org\/wp-content\/uploads\/2021\/09\/14112603\/numeri-in-inglese.jpg\" \/>\n\t<meta property=\"og:image:width\" content=\"800\" \/>\n\t<meta property=\"og:image:height\" content=\"428\" \/>\n\t<meta property=\"og:image:type\" content=\"image\/jpeg\" \/>\n<meta name=\"author\" content=\"fondazionepirelli\" \/>\n<meta name=\"twitter:card\" content=\"summary_large_image\" \/>\n<meta name=\"twitter:label1\" content=\"Scritto da\" \/>\n\t<meta name=\"twitter:data1\" content=\"fondazionepirelli\" \/>\n\t<meta name=\"twitter:label2\" content=\"Tempo di lettura stimato\" \/>\n\t<meta name=\"twitter:data2\" content=\"4 minuti\" \/>\n<script type=\"application\/ld+json\" class=\"yoast-schema-graph\">{\"@context\":\"https:\/\/schema.org\",\"@graph\":[{\"@type\":\"WebPage\",\"@id\":\"https:\/\/127.0.0.1\/it\/cultura-dimpresa\/ecco-i-numeri-per-parlare-di-lavoro-e-assistenza-riformando-quota-100-e-reddito-di-cittadinanza\/\",\"url\":\"https:\/\/127.0.0.1\/it\/cultura-dimpresa\/ecco-i-numeri-per-parlare-di-lavoro-e-assistenza-riformando-quota-100-e-reddito-di-cittadinanza\/\",\"name\":\"Ecco i numeri per parlare di lavoro e assistenza, riformando \u201cquota 100\u201d e reddito di cittadinanza - Fondazione Pirelli\",\"isPartOf\":{\"@id\":\"https:\/\/www.fondazionepirelli.org\/it\/#website\"},\"primaryImageOfPage\":{\"@id\":\"https:\/\/127.0.0.1\/it\/cultura-dimpresa\/ecco-i-numeri-per-parlare-di-lavoro-e-assistenza-riformando-quota-100-e-reddito-di-cittadinanza\/#primaryimage\"},\"image\":{\"@id\":\"https:\/\/127.0.0.1\/it\/cultura-dimpresa\/ecco-i-numeri-per-parlare-di-lavoro-e-assistenza-riformando-quota-100-e-reddito-di-cittadinanza\/#primaryimage\"},\"thumbnailUrl\":\"https:\/\/wpsite-assets.fondazionepirelli.org\/wp-content\/uploads\/2021\/09\/14112603\/numeri-in-inglese.jpg\",\"datePublished\":\"2021-09-14T10:26:09+00:00\",\"dateModified\":\"2021-09-24T08:04:32+00:00\",\"author\":{\"@id\":\"https:\/\/www.fondazionepirelli.org\/it\/#\/schema\/person\/c31fcf5937a0e6afa45497f3f8b6d7a0\"},\"breadcrumb\":{\"@id\":\"https:\/\/127.0.0.1\/it\/cultura-dimpresa\/ecco-i-numeri-per-parlare-di-lavoro-e-assistenza-riformando-quota-100-e-reddito-di-cittadinanza\/#breadcrumb\"},\"inLanguage\":\"it-IT\",\"potentialAction\":[{\"@type\":\"ReadAction\",\"target\":[\"https:\/\/127.0.0.1\/it\/cultura-dimpresa\/ecco-i-numeri-per-parlare-di-lavoro-e-assistenza-riformando-quota-100-e-reddito-di-cittadinanza\/\"]}]},{\"@type\":\"ImageObject\",\"inLanguage\":\"it-IT\",\"@id\":\"https:\/\/127.0.0.1\/it\/cultura-dimpresa\/ecco-i-numeri-per-parlare-di-lavoro-e-assistenza-riformando-quota-100-e-reddito-di-cittadinanza\/#primaryimage\",\"url\":\"https:\/\/wpsite-assets.fondazionepirelli.org\/wp-content\/uploads\/2021\/09\/14112603\/numeri-in-inglese.jpg\",\"contentUrl\":\"https:\/\/wpsite-assets.fondazionepirelli.org\/wp-content\/uploads\/2021\/09\/14112603\/numeri-in-inglese.jpg\",\"width\":800,\"height\":428},{\"@type\":\"BreadcrumbList\",\"@id\":\"https:\/\/127.0.0.1\/it\/cultura-dimpresa\/ecco-i-numeri-per-parlare-di-lavoro-e-assistenza-riformando-quota-100-e-reddito-di-cittadinanza\/#breadcrumb\",\"itemListElement\":[{\"@type\":\"ListItem\",\"position\":1,\"name\":\"Home\",\"item\":\"https:\/\/www.fondazionepirelli.org\/it\/\"},{\"@type\":\"ListItem\",\"position\":2,\"name\":\"Ecco i numeri per parlare di lavoro e assistenza, riformando \u201cquota 100\u201d e reddito di cittadinanza\"}]},{\"@type\":\"WebSite\",\"@id\":\"https:\/\/www.fondazionepirelli.org\/it\/#website\",\"url\":\"https:\/\/www.fondazionepirelli.org\/it\/\",\"name\":\"Fondazione Pirelli\",\"description\":\"\",\"potentialAction\":[{\"@type\":\"SearchAction\",\"target\":{\"@type\":\"EntryPoint\",\"urlTemplate\":\"https:\/\/www.fondazionepirelli.org\/it\/?s={search_term_string}\"},\"query-input\":{\"@type\":\"PropertyValueSpecification\",\"valueRequired\":true,\"valueName\":\"search_term_string\"}}],\"inLanguage\":\"it-IT\"},{\"@type\":\"Person\",\"@id\":\"https:\/\/www.fondazionepirelli.org\/it\/#\/schema\/person\/c31fcf5937a0e6afa45497f3f8b6d7a0\",\"name\":\"fondazionepirelli\",\"image\":{\"@type\":\"ImageObject\",\"inLanguage\":\"it-IT\",\"@id\":\"https:\/\/www.fondazionepirelli.org\/it\/#\/schema\/person\/image\/\",\"url\":\"https:\/\/secure.gravatar.com\/avatar\/9cb486421ce1d6eddbf6c4fb66841b4325b786695f7aedf1dde2222428218696?s=96&d=mm&r=g\",\"contentUrl\":\"https:\/\/secure.gravatar.com\/avatar\/9cb486421ce1d6eddbf6c4fb66841b4325b786695f7aedf1dde2222428218696?s=96&d=mm&r=g\",\"caption\":\"fondazionepirelli\"},\"url\":\"https:\/\/www.fondazionepirelli.org\/it\/author\/fondazionepirelli\/\"}]}<\/script>\n<!-- \/ Yoast SEO plugin. -->","yoast_head_json":{"title":"Ecco i numeri per parlare di lavoro e assistenza, riformando \u201cquota 100\u201d e reddito di cittadinanza - Fondazione Pirelli","robots":{"index":"index","follow":"follow","max-snippet":"max-snippet:-1","max-image-preview":"max-image-preview:large","max-video-preview":"max-video-preview:-1"},"canonical":"https:\/\/www.fondazionepirelli.org\/it\/cultura-dimpresa\/ecco-i-numeri-per-parlare-di-lavoro-e-assistenza-riformando-quota-100-e-reddito-di-cittadinanza\/","og_locale":"it_IT","og_type":"article","og_title":"Ecco i numeri per parlare di lavoro e assistenza, riformando \u201cquota 100\u201d e reddito di cittadinanza - Fondazione Pirelli","og_description":"Ragionare con i numeri, per discutere di riforme serie e di futuro socialmente sostenibile. Un primo numero \u00e8 400mila e cio\u00e8 i posti di lavoro che le imprese temono di non potere coprire, in questa fine di anno di impetuosa ripresa (un Pil che crescer\u00e0 del 6% circa) per assenza di mano d\u2019opera specializzata, soprattutto [&hellip;]","og_url":"https:\/\/127.0.0.1\/it\/cultura-dimpresa\/ecco-i-numeri-per-parlare-di-lavoro-e-assistenza-riformando-quota-100-e-reddito-di-cittadinanza\/","og_site_name":"Fondazione Pirelli","article_published_time":"2021-09-14T10:26:09+00:00","article_modified_time":"2021-09-24T08:04:32+00:00","og_image":[{"width":800,"height":428,"url":"https:\/\/wpsite-assets.fondazionepirelli.org\/wp-content\/uploads\/2021\/09\/14112603\/numeri-in-inglese.jpg","type":"image\/jpeg"}],"author":"fondazionepirelli","twitter_card":"summary_large_image","twitter_misc":{"Scritto da":"fondazionepirelli","Tempo di lettura stimato":"4 minuti"},"schema":{"@context":"https:\/\/schema.org","@graph":[{"@type":"WebPage","@id":"https:\/\/127.0.0.1\/it\/cultura-dimpresa\/ecco-i-numeri-per-parlare-di-lavoro-e-assistenza-riformando-quota-100-e-reddito-di-cittadinanza\/","url":"https:\/\/127.0.0.1\/it\/cultura-dimpresa\/ecco-i-numeri-per-parlare-di-lavoro-e-assistenza-riformando-quota-100-e-reddito-di-cittadinanza\/","name":"Ecco i numeri per parlare di lavoro e assistenza, riformando \u201cquota 100\u201d e reddito di cittadinanza - Fondazione Pirelli","isPartOf":{"@id":"https:\/\/www.fondazionepirelli.org\/it\/#website"},"primaryImageOfPage":{"@id":"https:\/\/127.0.0.1\/it\/cultura-dimpresa\/ecco-i-numeri-per-parlare-di-lavoro-e-assistenza-riformando-quota-100-e-reddito-di-cittadinanza\/#primaryimage"},"image":{"@id":"https:\/\/127.0.0.1\/it\/cultura-dimpresa\/ecco-i-numeri-per-parlare-di-lavoro-e-assistenza-riformando-quota-100-e-reddito-di-cittadinanza\/#primaryimage"},"thumbnailUrl":"https:\/\/wpsite-assets.fondazionepirelli.org\/wp-content\/uploads\/2021\/09\/14112603\/numeri-in-inglese.jpg","datePublished":"2021-09-14T10:26:09+00:00","dateModified":"2021-09-24T08:04:32+00:00","author":{"@id":"https:\/\/www.fondazionepirelli.org\/it\/#\/schema\/person\/c31fcf5937a0e6afa45497f3f8b6d7a0"},"breadcrumb":{"@id":"https:\/\/127.0.0.1\/it\/cultura-dimpresa\/ecco-i-numeri-per-parlare-di-lavoro-e-assistenza-riformando-quota-100-e-reddito-di-cittadinanza\/#breadcrumb"},"inLanguage":"it-IT","potentialAction":[{"@type":"ReadAction","target":["https:\/\/127.0.0.1\/it\/cultura-dimpresa\/ecco-i-numeri-per-parlare-di-lavoro-e-assistenza-riformando-quota-100-e-reddito-di-cittadinanza\/"]}]},{"@type":"ImageObject","inLanguage":"it-IT","@id":"https:\/\/127.0.0.1\/it\/cultura-dimpresa\/ecco-i-numeri-per-parlare-di-lavoro-e-assistenza-riformando-quota-100-e-reddito-di-cittadinanza\/#primaryimage","url":"https:\/\/wpsite-assets.fondazionepirelli.org\/wp-content\/uploads\/2021\/09\/14112603\/numeri-in-inglese.jpg","contentUrl":"https:\/\/wpsite-assets.fondazionepirelli.org\/wp-content\/uploads\/2021\/09\/14112603\/numeri-in-inglese.jpg","width":800,"height":428},{"@type":"BreadcrumbList","@id":"https:\/\/127.0.0.1\/it\/cultura-dimpresa\/ecco-i-numeri-per-parlare-di-lavoro-e-assistenza-riformando-quota-100-e-reddito-di-cittadinanza\/#breadcrumb","itemListElement":[{"@type":"ListItem","position":1,"name":"Home","item":"https:\/\/www.fondazionepirelli.org\/it\/"},{"@type":"ListItem","position":2,"name":"Ecco i numeri per parlare di lavoro e assistenza, riformando \u201cquota 100\u201d e reddito di cittadinanza"}]},{"@type":"WebSite","@id":"https:\/\/www.fondazionepirelli.org\/it\/#website","url":"https:\/\/www.fondazionepirelli.org\/it\/","name":"Fondazione Pirelli","description":"","potentialAction":[{"@type":"SearchAction","target":{"@type":"EntryPoint","urlTemplate":"https:\/\/www.fondazionepirelli.org\/it\/?s={search_term_string}"},"query-input":{"@type":"PropertyValueSpecification","valueRequired":true,"valueName":"search_term_string"}}],"inLanguage":"it-IT"},{"@type":"Person","@id":"https:\/\/www.fondazionepirelli.org\/it\/#\/schema\/person\/c31fcf5937a0e6afa45497f3f8b6d7a0","name":"fondazionepirelli","image":{"@type":"ImageObject","inLanguage":"it-IT","@id":"https:\/\/www.fondazionepirelli.org\/it\/#\/schema\/person\/image\/","url":"https:\/\/secure.gravatar.com\/avatar\/9cb486421ce1d6eddbf6c4fb66841b4325b786695f7aedf1dde2222428218696?s=96&d=mm&r=g","contentUrl":"https:\/\/secure.gravatar.com\/avatar\/9cb486421ce1d6eddbf6c4fb66841b4325b786695f7aedf1dde2222428218696?s=96&d=mm&r=g","caption":"fondazionepirelli"},"url":"https:\/\/www.fondazionepirelli.org\/it\/author\/fondazionepirelli\/"}]}},"_links":{"self":[{"href":"https:\/\/www.fondazionepirelli.org\/it\/wp-json\/wp\/v2\/posts\/84847\/"}],"collection":[{"href":"https:\/\/www.fondazionepirelli.org\/it\/wp-json\/wp\/v2\/posts\/"}],"about":[{"href":"https:\/\/www.fondazionepirelli.org\/it\/wp-json\/wp\/v2\/types\/post\/"}],"author":[{"embeddable":true,"href":"https:\/\/www.fondazionepirelli.org\/it\/wp-json\/wp\/v2\/users\/9\/"}],"replies":[{"embeddable":true,"href":"https:\/\/www.fondazionepirelli.org\/it\/wp-json\/wp\/v2\/comments\/?post=84847"}],"version-history":[{"count":4,"href":"https:\/\/www.fondazionepirelli.org\/it\/wp-json\/wp\/v2\/posts\/84847\/revisions\/"}],"predecessor-version":[{"id":84969,"href":"https:\/\/www.fondazionepirelli.org\/it\/wp-json\/wp\/v2\/posts\/84847\/revisions\/84969\/"}],"wp:featuredmedia":[{"embeddable":true,"href":"https:\/\/www.fondazionepirelli.org\/it\/wp-json\/wp\/v2\/media\/84864\/"}],"wp:attachment":[{"href":"https:\/\/www.fondazionepirelli.org\/it\/wp-json\/wp\/v2\/media\/?parent=84847"}],"wp:term":[{"taxonomy":"category","embeddable":true,"href":"https:\/\/www.fondazionepirelli.org\/it\/wp-json\/wp\/v2\/categories\/?post=84847"},{"taxonomy":"post_tag","embeddable":true,"href":"https:\/\/www.fondazionepirelli.org\/it\/wp-json\/wp\/v2\/tags\/?post=84847"}],"curies":[{"name":"wp","href":"https:\/\/api.w.org\/{rel}","templated":true}]}}