{"id":84854,"date":"2021-09-14T11:27:24","date_gmt":"2021-09-14T10:27:24","guid":{"rendered":"https:\/\/www.fondazionepirelli.org\/?p=84854"},"modified":"2021-09-14T11:27:24","modified_gmt":"2021-09-14T10:27:24","slug":"economia-dantesca","status":"publish","type":"post","link":"https:\/\/www.fondazionepirelli.org\/it\/cultura-dimpresa\/economia-dantesca\/","title":{"rendered":"Economia Dantesca"},"content":{"rendered":"<p><em>La lettura di Dante Alighieri condotta da Ignazio Visco, arricchisce la cultura d\u2019impresa di tutti<\/em><\/p><p>I classici e l\u2019economia. Anzi di pi\u00f9: le imprese e i classici. Non due mondi separati e reciprocamente avulsi, ma, invece, due aspetti del vivere sociale strettamente correlati. A dimostrazione di quanto sia labile ogni confine posto a dividere in compartimenti rigidi l\u2019attivit\u00e0 dell\u2019uomo. Condizione, questa, che spesso sfugge alle letture pi\u00f9 rapide e artificiali. E che invece \u00e8 stata colta pienamente dal Governatore della Banca d\u2019Italia, Ignazio Visco, in \u201cNote sull\u2019economia di Dante e su vicende dei nostri tempi\u201d, intervento tenuto in occasione del \u201cFestival Dante2021\u201d di Ravenna.<\/p>\n<p>Dante, quindi, e l\u2019economia, la produzione, lo scambio, la finanza, lo sfruttamento, il fare impresa. Una lettura inconsueta del genio dantesco, quella fatta da Visco, che parte dalla constatazione di quanto l\u2019Alighieri abbia vissuto immerso nel suo tempo. Un modo di leggere i classici, quello adottato dal Governatore, che non eccede i limiti della cautela (mai leggere la storia solo con gli occhiali dell\u2019oggi), ma che prende le mosse proprio dalla vita di Dante e dal suo impegno civile.<\/p>\n<p>Visco sulla base della Commedia e del Convivio (ma anche di altri testi), percorre alcuni dei grandi temi dell\u2019economia (di ieri e oggi), come la finanza, il profitto, la produzione, lo sfruttamento, lo squilibrio, l\u2019economia e l\u2019etica. Dante, quindi, come\u00a0 anticipatore di molti temi che ancora oggi occupano l\u2019economia e la politica. \u201cLa forza innovativa dell\u2019analisi di Dante \u2013 scrive per esempio Visco -,\u00a0 (\u2026) sta nel rilevare la natura globale dell\u2019instabilit\u00e0, da lui direttamente osservata e magistralmente descritta nei versi della Commedia, e la necessit\u00e0 quindi di un mutamento istituzionale adatto a farvi fronte. Ai giorni nostri la crisi finanziaria del primo decennio di questo secolo, quella dei debiti sovrani nell\u2019area dell\u2019euro del secondo decennio, quella che deriva dalla pandemia di Covid-19 che stiamo ancora affrontando hanno una caratteristica comune: la necessit\u00e0 di una risposta sovranazionale\u201d.<\/p>\n<p>Dante \u2013 aggiunge poi Visco -, \u201cci ricorda che \u00abla necessit\u00e0 de l\u2019umana civilitade \u2026 a uno fine \u00e8 ordinata, cio\u00e8 a vita felice; a la quale nullo per s\u00e9 \u00e8 sufficiente a venire senza l\u2019aiutorio d\u2019alcuni, con ci\u00f2 sia cosa che l\u2019uomo abbisogna di molte cose, a le quali uno solo satisfare non pu\u00f2. E per\u00f2 dice lo filosofo che l\u2019uomo \u00e8 compagnevole animale\u00bb (Convivio, IV, 1). Come raggiungere la felicit\u00e0 non \u00e8 ovvio, ma le imperfezioni e i limiti che derivano dalla cupidigia rischiano di compromettere, diremmo oggi, l\u2019efficiente allocazione delle risorse e la stabilit\u00e0 dell\u2019equilibrio monetario, con effetti ingiusti anche sul piano dell\u2019equit\u00e0 distributiva. Vi \u00e8 quindi necessit\u00e0 di un intervento esterno, riequilibratore e stabilizzatore, con uno sguardo esteso oltre i confini nazionali\u201d.<\/p>\n<p>Attenzione all\u2019efficienza, verrebbe da dire oggi, ma anche all\u2019uomo nella sua interezza, cos\u00ec come all\u2019ambiente.<\/p>\n<p>La lettura che Ignazio Visco fa di Dante Alighieri \u00e8 certamente diversa da tutte le altre. Ed \u00e8 una buona lettura anche per chi voglia accrescere quella attenta cultura d\u2019impresa che si nutre di calcolo e logica, ma anche di conoscenza raffinata dalla storia e dell\u2019agire umani che vanno ben al di l\u00e0 dei bilanci e della digitalizzazione dell\u2019oggi.<\/p><p><a href=\"https:\/\/wpsite-assets.fondazionepirelli.org\/wp-content\/uploads\/2021\/09\/14073735\/Visco-2021.09.11-dante.pdf\"><strong>Note sull\u2019economia di Dante e su vicende dei nostri tempi<\/strong><\/a><\/p>\n<p>Intervento di Ignazio Visco Governatore della Banca d\u2019Italia<\/p>\n<p>Festival Dante2021, Ravenna, 11 settembre 2021<\/p>\n","protected":false},"excerpt":{"rendered":"<p>La lettura di Dante Alighieri condotta da Ignazio Visco, arricchisce la cultura d\u2019impresa di tuttiI classici e l\u2019economia. Anzi di pi\u00f9: le imprese e i classici. Non due mondi separati e reciprocamente avulsi, ma, invece, due aspetti del vivere sociale strettamente correlati. A dimostrazione di quanto sia labile ogni confine posto a dividere in compartimenti [&hellip;]<\/p>\n","protected":false},"author":9,"featured_media":0,"comment_status":"open","ping_status":"open","sticky":false,"template":"","format":"standard","meta":{"footnotes":""},"categories":[54,52],"tags":[],"class_list":["post-84854","post","type-post","status-publish","format-standard","hentry","category-approfondimenti","category-cultura-dimpresa"],"acf":[],"yoast_head":"<!-- This site is optimized with the Yoast SEO plugin v25.0 - https:\/\/yoast.com\/wordpress\/plugins\/seo\/ -->\n<title>Economia Dantesca - Fondazione Pirelli<\/title>\n<meta name=\"robots\" content=\"index, follow, max-snippet:-1, max-image-preview:large, max-video-preview:-1\" \/>\n<link rel=\"canonical\" href=\"https:\/\/www.fondazionepirelli.org\/it\/cultura-dimpresa\/economia-dantesca\/\" \/>\n<meta property=\"og:locale\" content=\"it_IT\" \/>\n<meta property=\"og:type\" content=\"article\" \/>\n<meta property=\"og:title\" content=\"Economia Dantesca - Fondazione Pirelli\" \/>\n<meta property=\"og:description\" content=\"La lettura di Dante Alighieri condotta da Ignazio Visco, arricchisce la cultura d\u2019impresa di tuttiI classici e l\u2019economia. Anzi di pi\u00f9: le imprese e i classici. Non due mondi separati e reciprocamente avulsi, ma, invece, due aspetti del vivere sociale strettamente correlati. A dimostrazione di quanto sia labile ogni confine posto a dividere in compartimenti [&hellip;]\" \/>\n<meta property=\"og:url\" content=\"https:\/\/www.fondazionepirelli.org\/it\/cultura-dimpresa\/economia-dantesca\/\" \/>\n<meta property=\"og:site_name\" content=\"Fondazione Pirelli\" \/>\n<meta property=\"article:published_time\" content=\"2021-09-14T10:27:24+00:00\" \/>\n<meta name=\"author\" content=\"fondazionepirelli\" \/>\n<meta name=\"twitter:card\" content=\"summary_large_image\" \/>\n<meta name=\"twitter:label1\" content=\"Scritto da\" \/>\n\t<meta name=\"twitter:data1\" content=\"fondazionepirelli\" \/>\n\t<meta name=\"twitter:label2\" content=\"Tempo di lettura stimato\" \/>\n\t<meta name=\"twitter:data2\" content=\"3 minuti\" \/>\n<script type=\"application\/ld+json\" class=\"yoast-schema-graph\">{\"@context\":\"https:\/\/schema.org\",\"@graph\":[{\"@type\":\"WebPage\",\"@id\":\"https:\/\/www.fondazionepirelli.org\/it\/cultura-dimpresa\/economia-dantesca\/\",\"url\":\"https:\/\/www.fondazionepirelli.org\/it\/cultura-dimpresa\/economia-dantesca\/\",\"name\":\"Economia Dantesca - Fondazione Pirelli\",\"isPartOf\":{\"@id\":\"https:\/\/www.fondazionepirelli.org\/it\/#website\"},\"datePublished\":\"2021-09-14T10:27:24+00:00\",\"author\":{\"@id\":\"https:\/\/www.fondazionepirelli.org\/it\/#\/schema\/person\/c31fcf5937a0e6afa45497f3f8b6d7a0\"},\"breadcrumb\":{\"@id\":\"https:\/\/www.fondazionepirelli.org\/it\/cultura-dimpresa\/economia-dantesca\/#breadcrumb\"},\"inLanguage\":\"it-IT\",\"potentialAction\":[{\"@type\":\"ReadAction\",\"target\":[\"https:\/\/www.fondazionepirelli.org\/it\/cultura-dimpresa\/economia-dantesca\/\"]}]},{\"@type\":\"BreadcrumbList\",\"@id\":\"https:\/\/www.fondazionepirelli.org\/it\/cultura-dimpresa\/economia-dantesca\/#breadcrumb\",\"itemListElement\":[{\"@type\":\"ListItem\",\"position\":1,\"name\":\"Home\",\"item\":\"https:\/\/www.fondazionepirelli.org\/it\/\"},{\"@type\":\"ListItem\",\"position\":2,\"name\":\"Economia Dantesca\"}]},{\"@type\":\"WebSite\",\"@id\":\"https:\/\/www.fondazionepirelli.org\/it\/#website\",\"url\":\"https:\/\/www.fondazionepirelli.org\/it\/\",\"name\":\"Fondazione Pirelli\",\"description\":\"\",\"potentialAction\":[{\"@type\":\"SearchAction\",\"target\":{\"@type\":\"EntryPoint\",\"urlTemplate\":\"https:\/\/www.fondazionepirelli.org\/it\/?s={search_term_string}\"},\"query-input\":{\"@type\":\"PropertyValueSpecification\",\"valueRequired\":true,\"valueName\":\"search_term_string\"}}],\"inLanguage\":\"it-IT\"},{\"@type\":\"Person\",\"@id\":\"https:\/\/www.fondazionepirelli.org\/it\/#\/schema\/person\/c31fcf5937a0e6afa45497f3f8b6d7a0\",\"name\":\"fondazionepirelli\",\"image\":{\"@type\":\"ImageObject\",\"inLanguage\":\"it-IT\",\"@id\":\"https:\/\/www.fondazionepirelli.org\/it\/#\/schema\/person\/image\/\",\"url\":\"https:\/\/secure.gravatar.com\/avatar\/9cb486421ce1d6eddbf6c4fb66841b4325b786695f7aedf1dde2222428218696?s=96&d=mm&r=g\",\"contentUrl\":\"https:\/\/secure.gravatar.com\/avatar\/9cb486421ce1d6eddbf6c4fb66841b4325b786695f7aedf1dde2222428218696?s=96&d=mm&r=g\",\"caption\":\"fondazionepirelli\"},\"url\":\"https:\/\/www.fondazionepirelli.org\/it\/author\/fondazionepirelli\/\"}]}<\/script>\n<!-- \/ Yoast SEO plugin. -->","yoast_head_json":{"title":"Economia Dantesca - Fondazione Pirelli","robots":{"index":"index","follow":"follow","max-snippet":"max-snippet:-1","max-image-preview":"max-image-preview:large","max-video-preview":"max-video-preview:-1"},"canonical":"https:\/\/www.fondazionepirelli.org\/it\/cultura-dimpresa\/economia-dantesca\/","og_locale":"it_IT","og_type":"article","og_title":"Economia Dantesca - Fondazione Pirelli","og_description":"La lettura di Dante Alighieri condotta da Ignazio Visco, arricchisce la cultura d\u2019impresa di tuttiI classici e l\u2019economia. Anzi di pi\u00f9: le imprese e i classici. Non due mondi separati e reciprocamente avulsi, ma, invece, due aspetti del vivere sociale strettamente correlati. A dimostrazione di quanto sia labile ogni confine posto a dividere in compartimenti [&hellip;]","og_url":"https:\/\/www.fondazionepirelli.org\/it\/cultura-dimpresa\/economia-dantesca\/","og_site_name":"Fondazione Pirelli","article_published_time":"2021-09-14T10:27:24+00:00","author":"fondazionepirelli","twitter_card":"summary_large_image","twitter_misc":{"Scritto da":"fondazionepirelli","Tempo di lettura stimato":"3 minuti"},"schema":{"@context":"https:\/\/schema.org","@graph":[{"@type":"WebPage","@id":"https:\/\/www.fondazionepirelli.org\/it\/cultura-dimpresa\/economia-dantesca\/","url":"https:\/\/www.fondazionepirelli.org\/it\/cultura-dimpresa\/economia-dantesca\/","name":"Economia Dantesca - Fondazione Pirelli","isPartOf":{"@id":"https:\/\/www.fondazionepirelli.org\/it\/#website"},"datePublished":"2021-09-14T10:27:24+00:00","author":{"@id":"https:\/\/www.fondazionepirelli.org\/it\/#\/schema\/person\/c31fcf5937a0e6afa45497f3f8b6d7a0"},"breadcrumb":{"@id":"https:\/\/www.fondazionepirelli.org\/it\/cultura-dimpresa\/economia-dantesca\/#breadcrumb"},"inLanguage":"it-IT","potentialAction":[{"@type":"ReadAction","target":["https:\/\/www.fondazionepirelli.org\/it\/cultura-dimpresa\/economia-dantesca\/"]}]},{"@type":"BreadcrumbList","@id":"https:\/\/www.fondazionepirelli.org\/it\/cultura-dimpresa\/economia-dantesca\/#breadcrumb","itemListElement":[{"@type":"ListItem","position":1,"name":"Home","item":"https:\/\/www.fondazionepirelli.org\/it\/"},{"@type":"ListItem","position":2,"name":"Economia Dantesca"}]},{"@type":"WebSite","@id":"https:\/\/www.fondazionepirelli.org\/it\/#website","url":"https:\/\/www.fondazionepirelli.org\/it\/","name":"Fondazione Pirelli","description":"","potentialAction":[{"@type":"SearchAction","target":{"@type":"EntryPoint","urlTemplate":"https:\/\/www.fondazionepirelli.org\/it\/?s={search_term_string}"},"query-input":{"@type":"PropertyValueSpecification","valueRequired":true,"valueName":"search_term_string"}}],"inLanguage":"it-IT"},{"@type":"Person","@id":"https:\/\/www.fondazionepirelli.org\/it\/#\/schema\/person\/c31fcf5937a0e6afa45497f3f8b6d7a0","name":"fondazionepirelli","image":{"@type":"ImageObject","inLanguage":"it-IT","@id":"https:\/\/www.fondazionepirelli.org\/it\/#\/schema\/person\/image\/","url":"https:\/\/secure.gravatar.com\/avatar\/9cb486421ce1d6eddbf6c4fb66841b4325b786695f7aedf1dde2222428218696?s=96&d=mm&r=g","contentUrl":"https:\/\/secure.gravatar.com\/avatar\/9cb486421ce1d6eddbf6c4fb66841b4325b786695f7aedf1dde2222428218696?s=96&d=mm&r=g","caption":"fondazionepirelli"},"url":"https:\/\/www.fondazionepirelli.org\/it\/author\/fondazionepirelli\/"}]}},"_links":{"self":[{"href":"https:\/\/www.fondazionepirelli.org\/it\/wp-json\/wp\/v2\/posts\/84854\/"}],"collection":[{"href":"https:\/\/www.fondazionepirelli.org\/it\/wp-json\/wp\/v2\/posts\/"}],"about":[{"href":"https:\/\/www.fondazionepirelli.org\/it\/wp-json\/wp\/v2\/types\/post\/"}],"author":[{"embeddable":true,"href":"https:\/\/www.fondazionepirelli.org\/it\/wp-json\/wp\/v2\/users\/9\/"}],"replies":[{"embeddable":true,"href":"https:\/\/www.fondazionepirelli.org\/it\/wp-json\/wp\/v2\/comments\/?post=84854"}],"version-history":[{"count":1,"href":"https:\/\/www.fondazionepirelli.org\/it\/wp-json\/wp\/v2\/posts\/84854\/revisions\/"}],"predecessor-version":[{"id":84857,"href":"https:\/\/www.fondazionepirelli.org\/it\/wp-json\/wp\/v2\/posts\/84854\/revisions\/84857\/"}],"wp:attachment":[{"href":"https:\/\/www.fondazionepirelli.org\/it\/wp-json\/wp\/v2\/media\/?parent=84854"}],"wp:term":[{"taxonomy":"category","embeddable":true,"href":"https:\/\/www.fondazionepirelli.org\/it\/wp-json\/wp\/v2\/categories\/?post=84854"},{"taxonomy":"post_tag","embeddable":true,"href":"https:\/\/www.fondazionepirelli.org\/it\/wp-json\/wp\/v2\/tags\/?post=84854"}],"curies":[{"name":"wp","href":"https:\/\/api.w.org\/{rel}","templated":true}]}}