{"id":84921,"date":"2021-09-21T09:13:54","date_gmt":"2021-09-21T08:13:54","guid":{"rendered":"https:\/\/www.fondazionepirelli.org\/?p=84921"},"modified":"2021-09-21T09:13:54","modified_gmt":"2021-09-21T08:13:54","slug":"la-velocita-di-milano-e-riflessiva-la-metropoli-green-e-blue-al-centro-delle-nuove-relazioni-per-lo-sviluppo","status":"publish","type":"post","link":"https:\/\/www.fondazionepirelli.org\/it\/cultura-dimpresa\/la-velocita-di-milano-e-riflessiva-la-metropoli-green-e-blue-al-centro-delle-nuove-relazioni-per-lo-sviluppo\/","title":{"rendered":"La velocit\u00e0 di Milano \u00e8 riflessiva: la metropoli \u201cgreen\u201d e \u201cblue\u201d al centro delle nuove relazioni per lo sviluppo"},"content":{"rendered":"<p><strong>Milano veloce<\/strong>, Milano frenetica, Milano corre troppo, Milano non si ferma. Sono stereotipi, luoghi comuni. Contengono, \u00e8 vero, una parte di verit\u00e0. Ma hanno il limite di ridurre una realt\u00e0 complessa a uno schema banale. E cos\u00ec, tra le caratteristiche della citt\u00e0, bisogna insistere sull\u2019abitudine a studiare, riflettere, cercare di capire bene il senso delle cose da fare. E, poi, naturalmente, a farle. Con determinazione.<strong> Efficienza<\/strong>. Una certa efficacia. Ecco, adesso s\u00ec, con velocit\u00e0. Naturalmente sempre memori della lezione di Alessandro Manzoni, don Lisander: \u201cAdelante, Pedro, con juicio\u201d, come suggeriva al cocchiere il Gran Cancelliere Antonio Ferrer, in una pagina ben nota de \u201cI promessi sposi\u201d. E probabilmente non \u00e8 un caso che lo slogan pubblicitario di maggior successo della milanesissima Pirelli sia \u201cla potenza \u00e8 nulla senza controllo\u201d. Un altro modo per dire \u201cjuicio\u201d.<br \/>\nLa pandemia da Covid19 ha rimescolato tendenze e abitudini. Ha radicalmente cambiato strategie economiche e sociali, evidenziato fragilit\u00e0, imposto nuovi parametri nelle relazioni tra lavoro, salute, convivenza civile. Servono dunque nuove mappe, del pensiero, della civilt\u00e0 dei consumi e dell\u2019impegno produttivo. Per creare lavoro. E favorire, cos\u00ec, una crescita migliore.<br \/>\nLa velocit\u00e0 nella sfida tecnologica al tempo e allo spazio, il \u201cpresentismo\u201d del \u201ctutto e subito\u201d non possono alimentare l\u2019ossessione digitale dell\u2019essere sempre \u201cin tempo reale\u201d: un\u2019ossessione che, per essere sinceri, caratterizza comunque una parte dei milanesi. Occorre per\u00f2 sapere anche fermarsi, pensare, cercare di capire. E costruire cos\u00ec, responsabilmente, la ripartenza. O, per usare una parola cara alle pi\u00f9 recenti elaborazioni di Assolombarda, \u201cla rigenerazione\u201d.<br \/>\nLa cultura del fare, che connota profondamente Milano, non prescinde mai dalle conoscenze diffuse, dalla solidit\u00e0 delle relazioni tra imprese, universit\u00e0 (in crescita per qualit\u00e0 e autorevolezza, sulla platea internazionale) e mondi culturali (le case editrici, i teatri, i luoghi delle arti).<br \/>\nIn poche parole: la velocit\u00e0 di Milano \u00e8 riflessiva.<\/p>\n<p>Su cosa va riflettendo, velocemente, Milano? Se ne \u00e8 discusso durante un lungo pomeriggio di discussioni su \u201c<strong>Amare Milano<\/strong>\u201d, organizzato a met\u00e0 settembre all\u2019ombra della magnolia nel cortile del Palazzo delle Stelline dal Centro Studi Grande Milano presieduto da Daniela Mainini e dedicato alla memoria di <strong>Carlo Tognoli<\/strong>, che della citt\u00e0 \u00e8 stato sindaco tra i migliori e pi\u00f9 amati. E si \u00e8 colta in pieno una delle caratteristiche di fondo della metropoli: avere una visione e tradurla in concreto, pensare largo e mettere i piedi per terra. L\u2019ambizione del progetto e il pragmatismo riformista delle realizzazioni. Riformista la politica e l\u2019amministrazione. E riformista l\u2019impresa. Con la buona abitudine, radicata nel tempo, di costruire una robusta rete di relazioni tra pubblico e privato.<br \/>\nMilano, oggi, \u00e8 dunque un intreccio di anime, tensioni, visioni diverse. Spesso contrastanti. Da ricondurre in un disegno di crescita che deve sapere come le diversit\u00e0 siano ricchezza ma anche quanto le eccessive disparit\u00e0 di reddito, relazioni e possibilit\u00e0 possano essere un handicap pesantissimo per lo sviluppo che si vuole, generalmente, sostenibile dal punto di vista sia ambientale che sociale. D\u2019altronde, \u00e8 questa la vocazione di fondo di Milano: essere contemporaneamente competitiva e inclusiva, profittevole e solidale.<\/p>\n<p>La campagna elettorale per eleggere il sindaco e il consiglio comunale \u00e8 oramai alle ultime battute (Beppe Sala, primo cittadino uscente, \u00e8 indicato da tutti i sondaggi come favorito per la rielezione). Ma chi conosce Milano sa che negli anni Palazzo Marino, sede del Comune, ha sviluppato comunque una solida cultura della continuit\u00e0, anche nell\u2019alternarsi di sindaci di orientamento politico diverso. E vale dunque la pena indicare, tra le altre, una tendenza di fondo su cui la metropoli, comunque, si muove.<\/p>\n<p>La tendenza riguarda il <strong>ruolo di Milano<\/strong> come snodo di un sistema di relazioni economiche che coinvolge tutta la piattaforma produttiva che va dal Nord Ovest di Torino e Genova al Nord Est della medie imprese internazionalizzate e dei distretti in accelerazione produttiva, con un ampliamento verso la dinamica Emilia e Romagna dell\u2019industria hi tech e delle conoscenze correlate alle macchine utensili, alla robotica, all\u2019automotive della Motor Valley. Un\u2019economia diffusa lungo gli assi autostradali A1-A4 e profondamente integrata con l\u2019Europa. Forte di manifatture, finanza, servizi, universit\u00e0, cultura, nel reticolo di metropoli, citt\u00e0 medie e territori socialmente dinamici. Un <strong>unicum in Europa<\/strong>, molto glocal, sintesi intelligente di globale e locale. Una dimensione di geo-economia in cui i flussi (di idee, persone, progetti, lavori, merci, scambi) sono fortemente connotanti dell\u2019identit\u00e0 dei luoghi. Milano, per cultura e indole, opportunit\u00e0 e progettualit\u00e0, \u00e8 centrale. Una \u201cterra di mezzo\u201d, come testimonia il suo stesso nome.<br \/>\nUna struttura come \u201cMilano &amp; Partners\u201d, forte della collaborazione tra strutture pubbliche (il Comune, innanzitutto), attori sociali e imprese private, per attrarre risorse finanziarie e intellettuali, pu\u00f2 avere un grande ruolo da svolgere: aperto, dialogante, progettuale, innovativo.<br \/>\nTorniamo cos\u00ec alla sintesi necessaria tra riflessione e velocit\u00e0, progetto ed esecuzione. Con la riscoperta di un motto latino per la citt\u00e0 produttiva: \u201cFest\u00ecna lente\u201d, affrettati lentamente, muoviti con sveltezza ma anche con prudenza.<\/p>\n<p>La frase \u00e8 attribuita dallo storico Svetonio all\u2019imperatore Augusto ed \u00e8 stata il motto di Aldo Manuzio, tipografo ed editore, nella Venezia rinascimentale al massimo del suo splendore mercantile. Piace molto al sindaco Beppe Sala e all\u2019arcivescovo Mario Delpini, critico con la frenesia dell\u2019arricchimento rapace che amplia gli squilibri sociali (\u201caumentano le disuguaglianze, c\u2019\u00e8 una parte di Milano che corre troppo e fa fin troppi profitti\u201d). Ma anche alle imprese, quelle industriali soprattutto e quelle dei servizi legati all\u2019economia reale, che hanno chiaro il bisogno di una nuova stagione di sostenibilit\u00e0 ambientale e sociale, fondata sugli investimenti (in gran parte internazionale), lavoro, qualit\u00e0 della vita.<br \/>\nL\u2019orizzonte, cos\u00ec, \u00e8 abbastanza chiaro: quello dell\u2019economia circolare e civile ovvero della <strong>sostenibilit\u00e0<\/strong> come cardine della competitivit\u00e0.<br \/>\nNella metropoli riflessiva e veloce, ricca di intraprendenza e cultura politecnica, riformista e attenta allo sviluppo ben radicato nella responsabilit\u00e0 sociale, si intravvedono due colori di fondo: il green e il blue. Simbolo, il primo, dell\u2019ambiente e dei suoi valori ecologici e sociali e il secondo dell\u2019innovazione, con le tecnologie digitali ben gestite, a \u201cmisura della persona umana\u201d. Due colori intrecciati. Milano, con le radici nella consapevolezza storica e lo sguardo verso il futuro, pu\u00f2 esserne buona interprete. \u201cFest\u00ecna lente\u201d, appunto.<\/p>\n","protected":false},"excerpt":{"rendered":"<p>Milano veloce, Milano frenetica, Milano corre troppo, Milano non si ferma. Sono stereotipi, luoghi comuni. Contengono, \u00e8 vero, una parte di verit\u00e0. Ma hanno il limite di ridurre una realt\u00e0 complessa a uno schema banale. E cos\u00ec, tra le caratteristiche della citt\u00e0, bisogna insistere sull\u2019abitudine a studiare, riflettere, cercare di capire bene il senso delle [&hellip;]<\/p>\n","protected":false},"author":9,"featured_media":84933,"comment_status":"open","ping_status":"open","sticky":false,"template":"","format":"standard","meta":{"footnotes":""},"categories":[53,52],"tags":[],"class_list":["post-84921","post","type-post","status-publish","format-standard","has-post-thumbnail","hentry","category-blog","category-cultura-dimpresa"],"acf":[],"yoast_head":"<!-- This site is optimized with the Yoast SEO plugin v25.0 - https:\/\/yoast.com\/wordpress\/plugins\/seo\/ -->\n<title>La velocit\u00e0 di Milano \u00e8 riflessiva: la metropoli \u201cgreen\u201d e \u201cblue\u201d al centro delle nuove relazioni per lo sviluppo - Fondazione Pirelli<\/title>\n<meta name=\"robots\" content=\"index, follow, max-snippet:-1, max-image-preview:large, max-video-preview:-1\" \/>\n<link rel=\"canonical\" href=\"https:\/\/www.fondazionepirelli.org\/it\/cultura-dimpresa\/la-velocita-di-milano-e-riflessiva-la-metropoli-green-e-blue-al-centro-delle-nuove-relazioni-per-lo-sviluppo\/\" \/>\n<meta property=\"og:locale\" content=\"it_IT\" \/>\n<meta property=\"og:type\" content=\"article\" \/>\n<meta property=\"og:title\" content=\"La velocit\u00e0 di Milano \u00e8 riflessiva: la metropoli \u201cgreen\u201d e \u201cblue\u201d al centro delle nuove relazioni per lo sviluppo - Fondazione Pirelli\" \/>\n<meta property=\"og:description\" content=\"Milano veloce, Milano frenetica, Milano corre troppo, Milano non si ferma. Sono stereotipi, luoghi comuni. Contengono, \u00e8 vero, una parte di verit\u00e0. Ma hanno il limite di ridurre una realt\u00e0 complessa a uno schema banale. E cos\u00ec, tra le caratteristiche della citt\u00e0, bisogna insistere sull\u2019abitudine a studiare, riflettere, cercare di capire bene il senso delle [&hellip;]\" \/>\n<meta property=\"og:url\" content=\"https:\/\/www.fondazionepirelli.org\/it\/cultura-dimpresa\/la-velocita-di-milano-e-riflessiva-la-metropoli-green-e-blue-al-centro-delle-nuove-relazioni-per-lo-sviluppo\/\" \/>\n<meta property=\"og:site_name\" content=\"Fondazione Pirelli\" \/>\n<meta property=\"article:published_time\" content=\"2021-09-21T08:13:54+00:00\" \/>\n<meta property=\"og:image\" content=\"https:\/\/wpsite-assets.fondazionepirelli.org\/wp-content\/uploads\/2021\/09\/21091100\/milano-2.jpg\" \/>\n\t<meta property=\"og:image:width\" content=\"1000\" \/>\n\t<meta property=\"og:image:height\" content=\"638\" \/>\n\t<meta property=\"og:image:type\" content=\"image\/jpeg\" \/>\n<meta name=\"author\" content=\"fondazionepirelli\" \/>\n<meta name=\"twitter:card\" content=\"summary_large_image\" \/>\n<meta name=\"twitter:label1\" content=\"Scritto da\" \/>\n\t<meta name=\"twitter:data1\" content=\"fondazionepirelli\" \/>\n\t<meta name=\"twitter:label2\" content=\"Tempo di lettura stimato\" \/>\n\t<meta name=\"twitter:data2\" content=\"5 minuti\" \/>\n<script type=\"application\/ld+json\" class=\"yoast-schema-graph\">{\"@context\":\"https:\/\/schema.org\",\"@graph\":[{\"@type\":\"WebPage\",\"@id\":\"https:\/\/www.fondazionepirelli.org\/it\/cultura-dimpresa\/la-velocita-di-milano-e-riflessiva-la-metropoli-green-e-blue-al-centro-delle-nuove-relazioni-per-lo-sviluppo\/\",\"url\":\"https:\/\/www.fondazionepirelli.org\/it\/cultura-dimpresa\/la-velocita-di-milano-e-riflessiva-la-metropoli-green-e-blue-al-centro-delle-nuove-relazioni-per-lo-sviluppo\/\",\"name\":\"La velocit\u00e0 di Milano \u00e8 riflessiva: la metropoli \u201cgreen\u201d e \u201cblue\u201d al centro delle nuove relazioni per lo sviluppo - Fondazione Pirelli\",\"isPartOf\":{\"@id\":\"https:\/\/www.fondazionepirelli.org\/it\/#website\"},\"primaryImageOfPage\":{\"@id\":\"https:\/\/www.fondazionepirelli.org\/it\/cultura-dimpresa\/la-velocita-di-milano-e-riflessiva-la-metropoli-green-e-blue-al-centro-delle-nuove-relazioni-per-lo-sviluppo\/#primaryimage\"},\"image\":{\"@id\":\"https:\/\/www.fondazionepirelli.org\/it\/cultura-dimpresa\/la-velocita-di-milano-e-riflessiva-la-metropoli-green-e-blue-al-centro-delle-nuove-relazioni-per-lo-sviluppo\/#primaryimage\"},\"thumbnailUrl\":\"https:\/\/wpsite-assets.fondazionepirelli.org\/wp-content\/uploads\/2021\/09\/21091100\/milano-2.jpg\",\"datePublished\":\"2021-09-21T08:13:54+00:00\",\"author\":{\"@id\":\"https:\/\/www.fondazionepirelli.org\/it\/#\/schema\/person\/c31fcf5937a0e6afa45497f3f8b6d7a0\"},\"breadcrumb\":{\"@id\":\"https:\/\/www.fondazionepirelli.org\/it\/cultura-dimpresa\/la-velocita-di-milano-e-riflessiva-la-metropoli-green-e-blue-al-centro-delle-nuove-relazioni-per-lo-sviluppo\/#breadcrumb\"},\"inLanguage\":\"it-IT\",\"potentialAction\":[{\"@type\":\"ReadAction\",\"target\":[\"https:\/\/www.fondazionepirelli.org\/it\/cultura-dimpresa\/la-velocita-di-milano-e-riflessiva-la-metropoli-green-e-blue-al-centro-delle-nuove-relazioni-per-lo-sviluppo\/\"]}]},{\"@type\":\"ImageObject\",\"inLanguage\":\"it-IT\",\"@id\":\"https:\/\/www.fondazionepirelli.org\/it\/cultura-dimpresa\/la-velocita-di-milano-e-riflessiva-la-metropoli-green-e-blue-al-centro-delle-nuove-relazioni-per-lo-sviluppo\/#primaryimage\",\"url\":\"https:\/\/wpsite-assets.fondazionepirelli.org\/wp-content\/uploads\/2021\/09\/21091100\/milano-2.jpg\",\"contentUrl\":\"https:\/\/wpsite-assets.fondazionepirelli.org\/wp-content\/uploads\/2021\/09\/21091100\/milano-2.jpg\",\"width\":1000,\"height\":638},{\"@type\":\"BreadcrumbList\",\"@id\":\"https:\/\/www.fondazionepirelli.org\/it\/cultura-dimpresa\/la-velocita-di-milano-e-riflessiva-la-metropoli-green-e-blue-al-centro-delle-nuove-relazioni-per-lo-sviluppo\/#breadcrumb\",\"itemListElement\":[{\"@type\":\"ListItem\",\"position\":1,\"name\":\"Home\",\"item\":\"https:\/\/www.fondazionepirelli.org\/it\/\"},{\"@type\":\"ListItem\",\"position\":2,\"name\":\"La velocit\u00e0 di Milano \u00e8 riflessiva: la metropoli \u201cgreen\u201d e \u201cblue\u201d al centro delle nuove relazioni per lo sviluppo\"}]},{\"@type\":\"WebSite\",\"@id\":\"https:\/\/www.fondazionepirelli.org\/it\/#website\",\"url\":\"https:\/\/www.fondazionepirelli.org\/it\/\",\"name\":\"Fondazione Pirelli\",\"description\":\"\",\"potentialAction\":[{\"@type\":\"SearchAction\",\"target\":{\"@type\":\"EntryPoint\",\"urlTemplate\":\"https:\/\/www.fondazionepirelli.org\/it\/?s={search_term_string}\"},\"query-input\":{\"@type\":\"PropertyValueSpecification\",\"valueRequired\":true,\"valueName\":\"search_term_string\"}}],\"inLanguage\":\"it-IT\"},{\"@type\":\"Person\",\"@id\":\"https:\/\/www.fondazionepirelli.org\/it\/#\/schema\/person\/c31fcf5937a0e6afa45497f3f8b6d7a0\",\"name\":\"fondazionepirelli\",\"image\":{\"@type\":\"ImageObject\",\"inLanguage\":\"it-IT\",\"@id\":\"https:\/\/www.fondazionepirelli.org\/it\/#\/schema\/person\/image\/\",\"url\":\"https:\/\/secure.gravatar.com\/avatar\/9cb486421ce1d6eddbf6c4fb66841b4325b786695f7aedf1dde2222428218696?s=96&d=mm&r=g\",\"contentUrl\":\"https:\/\/secure.gravatar.com\/avatar\/9cb486421ce1d6eddbf6c4fb66841b4325b786695f7aedf1dde2222428218696?s=96&d=mm&r=g\",\"caption\":\"fondazionepirelli\"},\"url\":\"https:\/\/www.fondazionepirelli.org\/it\/author\/fondazionepirelli\/\"}]}<\/script>\n<!-- \/ Yoast SEO plugin. -->","yoast_head_json":{"title":"La velocit\u00e0 di Milano \u00e8 riflessiva: la metropoli \u201cgreen\u201d e \u201cblue\u201d al centro delle nuove relazioni per lo sviluppo - Fondazione Pirelli","robots":{"index":"index","follow":"follow","max-snippet":"max-snippet:-1","max-image-preview":"max-image-preview:large","max-video-preview":"max-video-preview:-1"},"canonical":"https:\/\/www.fondazionepirelli.org\/it\/cultura-dimpresa\/la-velocita-di-milano-e-riflessiva-la-metropoli-green-e-blue-al-centro-delle-nuove-relazioni-per-lo-sviluppo\/","og_locale":"it_IT","og_type":"article","og_title":"La velocit\u00e0 di Milano \u00e8 riflessiva: la metropoli \u201cgreen\u201d e \u201cblue\u201d al centro delle nuove relazioni per lo sviluppo - Fondazione Pirelli","og_description":"Milano veloce, Milano frenetica, Milano corre troppo, Milano non si ferma. Sono stereotipi, luoghi comuni. Contengono, \u00e8 vero, una parte di verit\u00e0. Ma hanno il limite di ridurre una realt\u00e0 complessa a uno schema banale. E cos\u00ec, tra le caratteristiche della citt\u00e0, bisogna insistere sull\u2019abitudine a studiare, riflettere, cercare di capire bene il senso delle [&hellip;]","og_url":"https:\/\/www.fondazionepirelli.org\/it\/cultura-dimpresa\/la-velocita-di-milano-e-riflessiva-la-metropoli-green-e-blue-al-centro-delle-nuove-relazioni-per-lo-sviluppo\/","og_site_name":"Fondazione Pirelli","article_published_time":"2021-09-21T08:13:54+00:00","og_image":[{"width":1000,"height":638,"url":"https:\/\/wpsite-assets.fondazionepirelli.org\/wp-content\/uploads\/2021\/09\/21091100\/milano-2.jpg","type":"image\/jpeg"}],"author":"fondazionepirelli","twitter_card":"summary_large_image","twitter_misc":{"Scritto da":"fondazionepirelli","Tempo di lettura stimato":"5 minuti"},"schema":{"@context":"https:\/\/schema.org","@graph":[{"@type":"WebPage","@id":"https:\/\/www.fondazionepirelli.org\/it\/cultura-dimpresa\/la-velocita-di-milano-e-riflessiva-la-metropoli-green-e-blue-al-centro-delle-nuove-relazioni-per-lo-sviluppo\/","url":"https:\/\/www.fondazionepirelli.org\/it\/cultura-dimpresa\/la-velocita-di-milano-e-riflessiva-la-metropoli-green-e-blue-al-centro-delle-nuove-relazioni-per-lo-sviluppo\/","name":"La velocit\u00e0 di Milano \u00e8 riflessiva: la metropoli \u201cgreen\u201d e \u201cblue\u201d al centro delle nuove relazioni per lo sviluppo - Fondazione Pirelli","isPartOf":{"@id":"https:\/\/www.fondazionepirelli.org\/it\/#website"},"primaryImageOfPage":{"@id":"https:\/\/www.fondazionepirelli.org\/it\/cultura-dimpresa\/la-velocita-di-milano-e-riflessiva-la-metropoli-green-e-blue-al-centro-delle-nuove-relazioni-per-lo-sviluppo\/#primaryimage"},"image":{"@id":"https:\/\/www.fondazionepirelli.org\/it\/cultura-dimpresa\/la-velocita-di-milano-e-riflessiva-la-metropoli-green-e-blue-al-centro-delle-nuove-relazioni-per-lo-sviluppo\/#primaryimage"},"thumbnailUrl":"https:\/\/wpsite-assets.fondazionepirelli.org\/wp-content\/uploads\/2021\/09\/21091100\/milano-2.jpg","datePublished":"2021-09-21T08:13:54+00:00","author":{"@id":"https:\/\/www.fondazionepirelli.org\/it\/#\/schema\/person\/c31fcf5937a0e6afa45497f3f8b6d7a0"},"breadcrumb":{"@id":"https:\/\/www.fondazionepirelli.org\/it\/cultura-dimpresa\/la-velocita-di-milano-e-riflessiva-la-metropoli-green-e-blue-al-centro-delle-nuove-relazioni-per-lo-sviluppo\/#breadcrumb"},"inLanguage":"it-IT","potentialAction":[{"@type":"ReadAction","target":["https:\/\/www.fondazionepirelli.org\/it\/cultura-dimpresa\/la-velocita-di-milano-e-riflessiva-la-metropoli-green-e-blue-al-centro-delle-nuove-relazioni-per-lo-sviluppo\/"]}]},{"@type":"ImageObject","inLanguage":"it-IT","@id":"https:\/\/www.fondazionepirelli.org\/it\/cultura-dimpresa\/la-velocita-di-milano-e-riflessiva-la-metropoli-green-e-blue-al-centro-delle-nuove-relazioni-per-lo-sviluppo\/#primaryimage","url":"https:\/\/wpsite-assets.fondazionepirelli.org\/wp-content\/uploads\/2021\/09\/21091100\/milano-2.jpg","contentUrl":"https:\/\/wpsite-assets.fondazionepirelli.org\/wp-content\/uploads\/2021\/09\/21091100\/milano-2.jpg","width":1000,"height":638},{"@type":"BreadcrumbList","@id":"https:\/\/www.fondazionepirelli.org\/it\/cultura-dimpresa\/la-velocita-di-milano-e-riflessiva-la-metropoli-green-e-blue-al-centro-delle-nuove-relazioni-per-lo-sviluppo\/#breadcrumb","itemListElement":[{"@type":"ListItem","position":1,"name":"Home","item":"https:\/\/www.fondazionepirelli.org\/it\/"},{"@type":"ListItem","position":2,"name":"La velocit\u00e0 di Milano \u00e8 riflessiva: la metropoli \u201cgreen\u201d e \u201cblue\u201d al centro delle nuove relazioni per lo sviluppo"}]},{"@type":"WebSite","@id":"https:\/\/www.fondazionepirelli.org\/it\/#website","url":"https:\/\/www.fondazionepirelli.org\/it\/","name":"Fondazione Pirelli","description":"","potentialAction":[{"@type":"SearchAction","target":{"@type":"EntryPoint","urlTemplate":"https:\/\/www.fondazionepirelli.org\/it\/?s={search_term_string}"},"query-input":{"@type":"PropertyValueSpecification","valueRequired":true,"valueName":"search_term_string"}}],"inLanguage":"it-IT"},{"@type":"Person","@id":"https:\/\/www.fondazionepirelli.org\/it\/#\/schema\/person\/c31fcf5937a0e6afa45497f3f8b6d7a0","name":"fondazionepirelli","image":{"@type":"ImageObject","inLanguage":"it-IT","@id":"https:\/\/www.fondazionepirelli.org\/it\/#\/schema\/person\/image\/","url":"https:\/\/secure.gravatar.com\/avatar\/9cb486421ce1d6eddbf6c4fb66841b4325b786695f7aedf1dde2222428218696?s=96&d=mm&r=g","contentUrl":"https:\/\/secure.gravatar.com\/avatar\/9cb486421ce1d6eddbf6c4fb66841b4325b786695f7aedf1dde2222428218696?s=96&d=mm&r=g","caption":"fondazionepirelli"},"url":"https:\/\/www.fondazionepirelli.org\/it\/author\/fondazionepirelli\/"}]}},"_links":{"self":[{"href":"https:\/\/www.fondazionepirelli.org\/it\/wp-json\/wp\/v2\/posts\/84921\/"}],"collection":[{"href":"https:\/\/www.fondazionepirelli.org\/it\/wp-json\/wp\/v2\/posts\/"}],"about":[{"href":"https:\/\/www.fondazionepirelli.org\/it\/wp-json\/wp\/v2\/types\/post\/"}],"author":[{"embeddable":true,"href":"https:\/\/www.fondazionepirelli.org\/it\/wp-json\/wp\/v2\/users\/9\/"}],"replies":[{"embeddable":true,"href":"https:\/\/www.fondazionepirelli.org\/it\/wp-json\/wp\/v2\/comments\/?post=84921"}],"version-history":[{"count":2,"href":"https:\/\/www.fondazionepirelli.org\/it\/wp-json\/wp\/v2\/posts\/84921\/revisions\/"}],"predecessor-version":[{"id":84935,"href":"https:\/\/www.fondazionepirelli.org\/it\/wp-json\/wp\/v2\/posts\/84921\/revisions\/84935\/"}],"wp:featuredmedia":[{"embeddable":true,"href":"https:\/\/www.fondazionepirelli.org\/it\/wp-json\/wp\/v2\/media\/84933\/"}],"wp:attachment":[{"href":"https:\/\/www.fondazionepirelli.org\/it\/wp-json\/wp\/v2\/media\/?parent=84921"}],"wp:term":[{"taxonomy":"category","embeddable":true,"href":"https:\/\/www.fondazionepirelli.org\/it\/wp-json\/wp\/v2\/categories\/?post=84921"},{"taxonomy":"post_tag","embeddable":true,"href":"https:\/\/www.fondazionepirelli.org\/it\/wp-json\/wp\/v2\/tags\/?post=84921"}],"curies":[{"name":"wp","href":"https:\/\/api.w.org\/{rel}","templated":true}]}}