{"id":84924,"date":"2021-09-21T09:17:56","date_gmt":"2021-09-21T08:17:56","guid":{"rendered":"https:\/\/www.fondazionepirelli.org\/?p=84924"},"modified":"2021-09-21T09:17:56","modified_gmt":"2021-09-21T08:17:56","slug":"cultura-della-materia","status":"publish","type":"post","link":"https:\/\/www.fondazionepirelli.org\/it\/cultura-dimpresa\/cultura-della-materia\/","title":{"rendered":"Cultura della materia"},"content":{"rendered":"<p><em>Attraverso la storia dei materiali si dipana anche la storia dell\u2019uomo e del suo fare impresa<\/em><\/p><p>Fare. Progettare. Inventare. Costruire. Progredire. Lo sviluppo delle societ\u00e0 umane \u00e8 passato anche da queste fasi. E continua a farlo. Pensiero, dunque, ma anche capacit\u00e0 di dare forma e materialit\u00e0 agli oggetti che servono, agli strumenti per vivere, per muoversi, per comunicare. Fabbriche e manifatture. Materiali, quindi, come elementi fondamentali dello sviluppo. Ieri come oggi. Elementi fondanti anche di una cultura d\u2019impresa che nel tempo si \u00e8 formata ed evoluta. Con la stessa evoluzione dei materiali. E\u2019 quanto si apprende leggendo \u201cIl segreto delle cose. Storie di uomini e materiali\u201d di Silvano Fuso, libro appena pubblicato che racconta attraverso le storie di alcuni dei pi\u00f9 importanti materiali che hanno attraversato la storia.<\/p>\n<p>Il libro prende le mosse da una constatazione: la disponibilit\u00e0 di nuovi materiali ha da sempre influito sullo sviluppo delle societ\u00e0 umane. Non a caso le et\u00e0 preistoriche sono identificate con il nome dei materiali che via via venivano utilizzati: pietra, rame, bronzo e ferro. Anche oggi i materiali accompagnano il progresso sociale ed economico: nuove leghe metalliche, materie plastiche, semiconduttori, nuovi materiali ceramici, magnetici, elettrici, ottici, fino ai cosiddetti\u00a0<em>smart materials<\/em>\u00a0e ai nanomateriali. Non esiste ambito di attivit\u00e0 che non dipenda da essi: edilizia, tecnologia, logistica, medicina, comunicazioni, ma anche arte, architettura, design.<\/p>\n<p>Sulla base di queste considerazioni, Fuso ha scritto 14 capitoli\u00a0 dedicati ad altrettanti materiali ed ai loro usi &#8211; dai pi\u00f9 poveri e semplici ai pi\u00f9 complessi -, sintetizzando in modo intelligente quella che adesso va sotto il nome di \u201cscienza dei materiali\u201d ma che altro non \u00e8 che un viaggio nella storia della manifattura. Che \u00e8 anche storia dell\u2019uomo.<\/p><p><strong>Il segreto delle cose. Storie di uomini e materiali<\/strong><\/p>\n<p>Silvano Fuso<\/p>\n<p>Carocci editore, 2021<\/p>","protected":false},"excerpt":{"rendered":"<p>Attraverso la storia dei materiali si dipana anche la storia dell\u2019uomo e del suo fare impresaFare. Progettare. Inventare. Costruire. Progredire. Lo sviluppo delle societ\u00e0 umane \u00e8 passato anche da queste fasi. E continua a farlo. Pensiero, dunque, ma anche capacit\u00e0 di dare forma e materialit\u00e0 agli oggetti che servono, agli strumenti per vivere, per muoversi, [&hellip;]<\/p>\n","protected":false},"author":9,"featured_media":84925,"comment_status":"open","ping_status":"open","sticky":false,"template":"","format":"standard","meta":{"footnotes":""},"categories":[52,58],"tags":[],"class_list":["post-84924","post","type-post","status-publish","format-standard","has-post-thumbnail","hentry","category-cultura-dimpresa","category-recensioni-libri"],"acf":[],"yoast_head":"<!-- This site is optimized with the Yoast SEO plugin v25.0 - https:\/\/yoast.com\/wordpress\/plugins\/seo\/ -->\n<title>Cultura della materia - Fondazione Pirelli<\/title>\n<meta name=\"robots\" content=\"index, follow, max-snippet:-1, max-image-preview:large, max-video-preview:-1\" \/>\n<link rel=\"canonical\" href=\"https:\/\/www.fondazionepirelli.org\/it\/cultura-dimpresa\/cultura-della-materia\/\" \/>\n<meta property=\"og:locale\" content=\"it_IT\" \/>\n<meta property=\"og:type\" content=\"article\" \/>\n<meta property=\"og:title\" content=\"Cultura della materia - Fondazione Pirelli\" \/>\n<meta property=\"og:description\" content=\"Attraverso la storia dei materiali si dipana anche la storia dell\u2019uomo e del suo fare impresaFare. Progettare. Inventare. Costruire. Progredire. Lo sviluppo delle societ\u00e0 umane \u00e8 passato anche da queste fasi. E continua a farlo. Pensiero, dunque, ma anche capacit\u00e0 di dare forma e materialit\u00e0 agli oggetti che servono, agli strumenti per vivere, per muoversi, [&hellip;]\" \/>\n<meta property=\"og:url\" content=\"https:\/\/www.fondazionepirelli.org\/it\/cultura-dimpresa\/cultura-della-materia\/\" \/>\n<meta property=\"og:site_name\" content=\"Fondazione Pirelli\" \/>\n<meta property=\"article:published_time\" content=\"2021-09-21T08:17:56+00:00\" \/>\n<meta property=\"og:image\" content=\"https:\/\/wpsite-assets.fondazionepirelli.org\/wp-content\/uploads\/2021\/09\/21062938\/61401fvL48L-e1632202187329.jpg\" \/>\n\t<meta property=\"og:image:width\" content=\"500\" \/>\n\t<meta property=\"og:image:height\" content=\"734\" \/>\n\t<meta property=\"og:image:type\" content=\"image\/jpeg\" \/>\n<meta name=\"author\" content=\"fondazionepirelli\" \/>\n<meta name=\"twitter:card\" content=\"summary_large_image\" \/>\n<meta name=\"twitter:label1\" content=\"Scritto da\" \/>\n\t<meta name=\"twitter:data1\" content=\"fondazionepirelli\" \/>\n\t<meta name=\"twitter:label2\" content=\"Tempo di lettura stimato\" \/>\n\t<meta name=\"twitter:data2\" content=\"1 minuto\" \/>\n<script type=\"application\/ld+json\" class=\"yoast-schema-graph\">{\"@context\":\"https:\/\/schema.org\",\"@graph\":[{\"@type\":\"WebPage\",\"@id\":\"https:\/\/www.fondazionepirelli.org\/it\/cultura-dimpresa\/cultura-della-materia\/\",\"url\":\"https:\/\/www.fondazionepirelli.org\/it\/cultura-dimpresa\/cultura-della-materia\/\",\"name\":\"Cultura della materia - Fondazione Pirelli\",\"isPartOf\":{\"@id\":\"https:\/\/www.fondazionepirelli.org\/it\/#website\"},\"primaryImageOfPage\":{\"@id\":\"https:\/\/www.fondazionepirelli.org\/it\/cultura-dimpresa\/cultura-della-materia\/#primaryimage\"},\"image\":{\"@id\":\"https:\/\/www.fondazionepirelli.org\/it\/cultura-dimpresa\/cultura-della-materia\/#primaryimage\"},\"thumbnailUrl\":\"https:\/\/wpsite-assets.fondazionepirelli.org\/wp-content\/uploads\/2021\/09\/21062938\/61401fvL48L-e1632202187329.jpg\",\"datePublished\":\"2021-09-21T08:17:56+00:00\",\"author\":{\"@id\":\"https:\/\/www.fondazionepirelli.org\/it\/#\/schema\/person\/c31fcf5937a0e6afa45497f3f8b6d7a0\"},\"breadcrumb\":{\"@id\":\"https:\/\/www.fondazionepirelli.org\/it\/cultura-dimpresa\/cultura-della-materia\/#breadcrumb\"},\"inLanguage\":\"it-IT\",\"potentialAction\":[{\"@type\":\"ReadAction\",\"target\":[\"https:\/\/www.fondazionepirelli.org\/it\/cultura-dimpresa\/cultura-della-materia\/\"]}]},{\"@type\":\"ImageObject\",\"inLanguage\":\"it-IT\",\"@id\":\"https:\/\/www.fondazionepirelli.org\/it\/cultura-dimpresa\/cultura-della-materia\/#primaryimage\",\"url\":\"https:\/\/wpsite-assets.fondazionepirelli.org\/wp-content\/uploads\/2021\/09\/21062938\/61401fvL48L-e1632202187329.jpg\",\"contentUrl\":\"https:\/\/wpsite-assets.fondazionepirelli.org\/wp-content\/uploads\/2021\/09\/21062938\/61401fvL48L-e1632202187329.jpg\",\"width\":500,\"height\":734},{\"@type\":\"BreadcrumbList\",\"@id\":\"https:\/\/www.fondazionepirelli.org\/it\/cultura-dimpresa\/cultura-della-materia\/#breadcrumb\",\"itemListElement\":[{\"@type\":\"ListItem\",\"position\":1,\"name\":\"Home\",\"item\":\"https:\/\/www.fondazionepirelli.org\/it\/\"},{\"@type\":\"ListItem\",\"position\":2,\"name\":\"Cultura della materia\"}]},{\"@type\":\"WebSite\",\"@id\":\"https:\/\/www.fondazionepirelli.org\/it\/#website\",\"url\":\"https:\/\/www.fondazionepirelli.org\/it\/\",\"name\":\"Fondazione Pirelli\",\"description\":\"\",\"potentialAction\":[{\"@type\":\"SearchAction\",\"target\":{\"@type\":\"EntryPoint\",\"urlTemplate\":\"https:\/\/www.fondazionepirelli.org\/it\/?s={search_term_string}\"},\"query-input\":{\"@type\":\"PropertyValueSpecification\",\"valueRequired\":true,\"valueName\":\"search_term_string\"}}],\"inLanguage\":\"it-IT\"},{\"@type\":\"Person\",\"@id\":\"https:\/\/www.fondazionepirelli.org\/it\/#\/schema\/person\/c31fcf5937a0e6afa45497f3f8b6d7a0\",\"name\":\"fondazionepirelli\",\"image\":{\"@type\":\"ImageObject\",\"inLanguage\":\"it-IT\",\"@id\":\"https:\/\/www.fondazionepirelli.org\/it\/#\/schema\/person\/image\/\",\"url\":\"https:\/\/secure.gravatar.com\/avatar\/9cb486421ce1d6eddbf6c4fb66841b4325b786695f7aedf1dde2222428218696?s=96&d=mm&r=g\",\"contentUrl\":\"https:\/\/secure.gravatar.com\/avatar\/9cb486421ce1d6eddbf6c4fb66841b4325b786695f7aedf1dde2222428218696?s=96&d=mm&r=g\",\"caption\":\"fondazionepirelli\"},\"url\":\"https:\/\/www.fondazionepirelli.org\/it\/author\/fondazionepirelli\/\"}]}<\/script>\n<!-- \/ Yoast SEO plugin. -->","yoast_head_json":{"title":"Cultura della materia - Fondazione Pirelli","robots":{"index":"index","follow":"follow","max-snippet":"max-snippet:-1","max-image-preview":"max-image-preview:large","max-video-preview":"max-video-preview:-1"},"canonical":"https:\/\/www.fondazionepirelli.org\/it\/cultura-dimpresa\/cultura-della-materia\/","og_locale":"it_IT","og_type":"article","og_title":"Cultura della materia - Fondazione Pirelli","og_description":"Attraverso la storia dei materiali si dipana anche la storia dell\u2019uomo e del suo fare impresaFare. Progettare. Inventare. Costruire. Progredire. Lo sviluppo delle societ\u00e0 umane \u00e8 passato anche da queste fasi. E continua a farlo. Pensiero, dunque, ma anche capacit\u00e0 di dare forma e materialit\u00e0 agli oggetti che servono, agli strumenti per vivere, per muoversi, [&hellip;]","og_url":"https:\/\/www.fondazionepirelli.org\/it\/cultura-dimpresa\/cultura-della-materia\/","og_site_name":"Fondazione Pirelli","article_published_time":"2021-09-21T08:17:56+00:00","og_image":[{"width":500,"height":734,"url":"https:\/\/wpsite-assets.fondazionepirelli.org\/wp-content\/uploads\/2021\/09\/21062938\/61401fvL48L-e1632202187329.jpg","type":"image\/jpeg"}],"author":"fondazionepirelli","twitter_card":"summary_large_image","twitter_misc":{"Scritto da":"fondazionepirelli","Tempo di lettura stimato":"1 minuto"},"schema":{"@context":"https:\/\/schema.org","@graph":[{"@type":"WebPage","@id":"https:\/\/www.fondazionepirelli.org\/it\/cultura-dimpresa\/cultura-della-materia\/","url":"https:\/\/www.fondazionepirelli.org\/it\/cultura-dimpresa\/cultura-della-materia\/","name":"Cultura della materia - Fondazione Pirelli","isPartOf":{"@id":"https:\/\/www.fondazionepirelli.org\/it\/#website"},"primaryImageOfPage":{"@id":"https:\/\/www.fondazionepirelli.org\/it\/cultura-dimpresa\/cultura-della-materia\/#primaryimage"},"image":{"@id":"https:\/\/www.fondazionepirelli.org\/it\/cultura-dimpresa\/cultura-della-materia\/#primaryimage"},"thumbnailUrl":"https:\/\/wpsite-assets.fondazionepirelli.org\/wp-content\/uploads\/2021\/09\/21062938\/61401fvL48L-e1632202187329.jpg","datePublished":"2021-09-21T08:17:56+00:00","author":{"@id":"https:\/\/www.fondazionepirelli.org\/it\/#\/schema\/person\/c31fcf5937a0e6afa45497f3f8b6d7a0"},"breadcrumb":{"@id":"https:\/\/www.fondazionepirelli.org\/it\/cultura-dimpresa\/cultura-della-materia\/#breadcrumb"},"inLanguage":"it-IT","potentialAction":[{"@type":"ReadAction","target":["https:\/\/www.fondazionepirelli.org\/it\/cultura-dimpresa\/cultura-della-materia\/"]}]},{"@type":"ImageObject","inLanguage":"it-IT","@id":"https:\/\/www.fondazionepirelli.org\/it\/cultura-dimpresa\/cultura-della-materia\/#primaryimage","url":"https:\/\/wpsite-assets.fondazionepirelli.org\/wp-content\/uploads\/2021\/09\/21062938\/61401fvL48L-e1632202187329.jpg","contentUrl":"https:\/\/wpsite-assets.fondazionepirelli.org\/wp-content\/uploads\/2021\/09\/21062938\/61401fvL48L-e1632202187329.jpg","width":500,"height":734},{"@type":"BreadcrumbList","@id":"https:\/\/www.fondazionepirelli.org\/it\/cultura-dimpresa\/cultura-della-materia\/#breadcrumb","itemListElement":[{"@type":"ListItem","position":1,"name":"Home","item":"https:\/\/www.fondazionepirelli.org\/it\/"},{"@type":"ListItem","position":2,"name":"Cultura della materia"}]},{"@type":"WebSite","@id":"https:\/\/www.fondazionepirelli.org\/it\/#website","url":"https:\/\/www.fondazionepirelli.org\/it\/","name":"Fondazione Pirelli","description":"","potentialAction":[{"@type":"SearchAction","target":{"@type":"EntryPoint","urlTemplate":"https:\/\/www.fondazionepirelli.org\/it\/?s={search_term_string}"},"query-input":{"@type":"PropertyValueSpecification","valueRequired":true,"valueName":"search_term_string"}}],"inLanguage":"it-IT"},{"@type":"Person","@id":"https:\/\/www.fondazionepirelli.org\/it\/#\/schema\/person\/c31fcf5937a0e6afa45497f3f8b6d7a0","name":"fondazionepirelli","image":{"@type":"ImageObject","inLanguage":"it-IT","@id":"https:\/\/www.fondazionepirelli.org\/it\/#\/schema\/person\/image\/","url":"https:\/\/secure.gravatar.com\/avatar\/9cb486421ce1d6eddbf6c4fb66841b4325b786695f7aedf1dde2222428218696?s=96&d=mm&r=g","contentUrl":"https:\/\/secure.gravatar.com\/avatar\/9cb486421ce1d6eddbf6c4fb66841b4325b786695f7aedf1dde2222428218696?s=96&d=mm&r=g","caption":"fondazionepirelli"},"url":"https:\/\/www.fondazionepirelli.org\/it\/author\/fondazionepirelli\/"}]}},"_links":{"self":[{"href":"https:\/\/www.fondazionepirelli.org\/it\/wp-json\/wp\/v2\/posts\/84924\/"}],"collection":[{"href":"https:\/\/www.fondazionepirelli.org\/it\/wp-json\/wp\/v2\/posts\/"}],"about":[{"href":"https:\/\/www.fondazionepirelli.org\/it\/wp-json\/wp\/v2\/types\/post\/"}],"author":[{"embeddable":true,"href":"https:\/\/www.fondazionepirelli.org\/it\/wp-json\/wp\/v2\/users\/9\/"}],"replies":[{"embeddable":true,"href":"https:\/\/www.fondazionepirelli.org\/it\/wp-json\/wp\/v2\/comments\/?post=84924"}],"version-history":[{"count":1,"href":"https:\/\/www.fondazionepirelli.org\/it\/wp-json\/wp\/v2\/posts\/84924\/revisions\/"}],"predecessor-version":[{"id":84927,"href":"https:\/\/www.fondazionepirelli.org\/it\/wp-json\/wp\/v2\/posts\/84924\/revisions\/84927\/"}],"wp:featuredmedia":[{"embeddable":true,"href":"https:\/\/www.fondazionepirelli.org\/it\/wp-json\/wp\/v2\/media\/84925\/"}],"wp:attachment":[{"href":"https:\/\/www.fondazionepirelli.org\/it\/wp-json\/wp\/v2\/media\/?parent=84924"}],"wp:term":[{"taxonomy":"category","embeddable":true,"href":"https:\/\/www.fondazionepirelli.org\/it\/wp-json\/wp\/v2\/categories\/?post=84924"},{"taxonomy":"post_tag","embeddable":true,"href":"https:\/\/www.fondazionepirelli.org\/it\/wp-json\/wp\/v2\/tags\/?post=84924"}],"curies":[{"name":"wp","href":"https:\/\/api.w.org\/{rel}","templated":true}]}}