{"id":84995,"date":"2021-09-28T12:33:06","date_gmt":"2021-09-28T11:33:06","guid":{"rendered":"https:\/\/www.fondazionepirelli.org\/?p=84995"},"modified":"2021-09-28T12:33:06","modified_gmt":"2021-09-28T11:33:06","slug":"il-patto-per-la-ripresa-fondato-sul-lavoro-e-le-responsabilita-di-imprese-e-sindacati","status":"publish","type":"post","link":"https:\/\/www.fondazionepirelli.org\/it\/cultura-dimpresa\/il-patto-per-la-ripresa-fondato-sul-lavoro-e-le-responsabilita-di-imprese-e-sindacati\/","title":{"rendered":"Il patto per la ripresa fondato sul lavoro e le responsabilit\u00e0 di imprese e sindacati\u00a0"},"content":{"rendered":"<p style=\"margin: 0cm; margin-bottom: .0001pt; font-stretch: normal; min-height: 20.7px;\"><span style=\"font-size: 13.5pt;\">La strada per uno <strong>sviluppo equilibrato e sostenibil<\/strong>e, nelle condizioni e nel tempo, passa da originali sintesi tra costruzione di ricchezza e coesione sociale, tra produttivit\u00e0 e solidariet\u00e0. Sta qui il valore politico e programmatico di quel \u201c<strong>patto per la ripresa<\/strong>\u201d annunciato dal premier <strong>Mario Draghi<\/strong> all\u2019<strong>Assemblea di Confindustria<\/strong>, prendendo spunto dal discorso pronunciato dal presidente dell\u2019associazione degli imprenditori Carlo Bonomi. Servono relazioni industriali positive, costruite sul dialogo e non sulle contrapposizioni ideologiche e pregiudiziali. Intese sui temi del lavoro e dei redditi. Accordi che favoriscano gli investimenti, l\u2019innovazione, la competitivit\u00e0, l\u2019inclusione di giovani e donne nei processi produttivi ma anche la valorizzazione di conoscenze e competenze dei lavoratori pi\u00f9 anziani, che non sono certo da \u201crottamare\u201d.<\/span><\/p><p style=\"margin: 0cm; margin-bottom: .0001pt; font-stretch: normal;\"><span style=\"font-size: 13.5pt;\">L\u2019invito di Draghi, rivolto non solo a industriali e sindacati ma anche ai responsabili dei partiti, \u00e8 molto chiaro: la ripresa economica in corso, pur se impetuosa (il 6% di crescita del Pil quest\u2019anno, il 4% nel 2022), \u00e8 molto fragile. In gran parte\u00a0 \u00e8 un \u201crimbalzo\u201d, un recupero delle perdite drammatiche nella lunga stagione del contagio da Covid19. E dunque va consolidata, con investimenti, innovazioni, creazione di lavoro stabile.<\/span><\/p>\n<p style=\"margin: 0cm; margin-bottom: .0001pt; font-stretch: normal;\"><span style=\"font-size: 13.5pt;\">Le imprese italiane pi\u00f9 dinamiche, le manifatture presenti sui mercati internazionali, allenate nella gara competitiva, gi\u00e0 da tempo investono, puntano sulla qualit\u00e0, crescono. Ma deve crescere tutto il Paese, dai servizi alla pubblica amministrazione, recuperando produttivit\u00e0, altrimenti, dopo il \u201crimbalzo\u201d, torneremmo alla palude dell\u2019economia stagnante. E non potremmo ripagare il grande debito pubblico accumulato anche per fare fronte all\u2019emergenza sanitaria ed economica.<\/span><\/p>\n<p style=\"margin: 0cm; margin-bottom: .0001pt; font-stretch: normal;\"><span style=\"font-size: 13.5pt;\">I fondi del Pnrr (in gran parte prestiti, da restituire) sono una straordinaria dotazione, a disposizione per modernizzare e sviluppare finalmente il Paese, permettere gli investimenti su ambiente e trasformazione digitale, creare lavoro di qualit\u00e0. Ma vanno spesi presto e bene, accompagnati da riforme essenziali (la pubblica amministrazione, la giustizia, il mercato del lavoro, la formazione, etc.).<\/span><\/p>\n<p style=\"margin: 0cm; margin-bottom: .0001pt; font-stretch: normal;\"><span style=\"font-size: 13.5pt;\">Ecco perch\u00e9 servono<strong> relazioni industriali positive<\/strong>, con la partecipazione responsabile degli attori sociali, le associazione delle imprese e i sindacati: per un confronto, aperto e dialettico, che abbia ben chiaro il valore dello sviluppo e non si estenui in contrapposizioni di parte. Troppo importante la sfida dello sviluppo sostenibile, troppo delicata la sorte dei nostri figli e nipoti, in termini di sicurezza ambientale e di opportunit\u00e0 di vita migliore, per sprecare questa occasione.<\/span><\/p>\n<p style=\"margin: 0cm; margin-bottom: .0001pt; font-stretch: normal;\"><span style=\"font-size: 13.5pt;\">Il pensiero va ai momenti cruciali della nostra storia repubblicana, quando le forze sociali, appunto, ben stimolate dalle istituzioni e della politica, hanno saputo individuare e seguire l\u2019orizzonte del bene comune.\u00a0 \u00a0 \u00a0<\/span><\/p><p style=\"margin: 0cm; margin-bottom: .0001pt; font-stretch: normal;\"><span style=\"font-size: 13.5pt;\">In tempi incerti, infatti, vale la pena tornare ai valori fondamentali della politica e dell\u2019economia. E rileggere innanzitutto l\u2019articolo 1 della nostra <strong>Costituzione<\/strong>, \u201cL\u2019Italia \u00e8 una repubblica democratica fondata sul lavoro\u201d, con quel \u201clavoro\u201d individuato non tanto come merce da scambiare con salario ma come valore di fondo, di identit\u00e0 personale, di cittadinanza, di libert\u00e0 e realizzazione personale e sociale. Il lavoro in un contesto di diritti e doveri, per fare da leva di sviluppo.<\/span><\/p>\n<p style=\"margin: 0cm; margin-bottom: .0001pt; font-stretch: normal;\"><span style=\"font-size: 13.5pt;\">Nel difficile dopoguerra, con l\u2019Italia distrutta, il<strong> patto<\/strong> tra la Confindustria di Angelo Costa e la Cgil di Giuseppe Di Vittorio, per ricostruire \u201cprima le fabbriche, poi le case\u201d, aveva individuato, con tempestivit\u00e0 e chiarezza, le priorit\u00e0 dell\u2019impegno comune. E nel corso del tempo, di fronte a momenti cruciali di crisi, le forze sociali hanno sempre saputo trovare un\u2019intesa generosa e responsabile, facendosi carico dell\u2019interesse generale. La battaglia contro il terrorismo e la risposta alla crisi economica degli anni Settanta, con l\u2019accordo tra la Confindustria guidata da Gianni Agnelli e i sindacati legati dalla leadership di Luciano Lama, segretario della Cgil. E la \u201cconcertazione\u201d impostata da Carlo Azeglio Ciampi, ministro dell\u2019Economia e poi presidente del Consiglio, per uscire dalla drammatica crisi economica, politica e istituzionale dei primi anni Novanta e incamminarsi sulla strada dell\u2019euro e dell\u2019integrazione europea.\u00a0<\/span><\/p>\n<p style=\"margin: 0cm; margin-bottom: .0001pt; font-stretch: normal;\"><span style=\"font-size: 13.5pt;\">Sono stati passaggi fondamentali della nostra storia. In cui l\u2019Italia ha saputo \u201cfare bene l\u2019Italia\u201d, rivelandosi nazione lungimirante e generosa, intraprendente e inclusiva, capace di definire e perseguire un buon destino comune.<\/span><\/p>\n<p style=\"margin: 0cm; margin-bottom: .0001pt; font-stretch: normal;\"><span style=\"font-size: 13.5pt;\">Oggi siamo di fronte a un nuovo capitolo da scrivere, per superare la lunga stagione della stagnazione, andare oltre la crisi pandemica, vivere da protagonisti l\u2019epoca dell\u2019economia della conoscenza e della sostenibilit\u00e0.<\/span><\/p><p style=\"margin: 0cm; margin-bottom: .0001pt; font-stretch: normal;\"><span style=\"font-size: 13.5pt;\">Il lavoro torna ad avere centralit\u00e0. Non i lavoretti precari, n\u00e9 i sussidi infiniti. Ma una prospettiva di qualit\u00e0, che faccia i conti con le evoluzioni dell<strong>e tecnologie digitali<\/strong> e dei mercati globali. E dunque un incrocio tra formazione, qualificazione, innovazione produttiva, flessibilit\u00e0, creativit\u00e0 (\u201cquota 100\u201d per le pensioni o il fallimentare reddito di cittadinanza non fanno parte di questo orizzonte). E, naturalmente, sicurezza sul posto di lavoro, un punto fondamentale, proprio mentre aumentano gli incidenti e le morti sul lavoro, inaccettabili.<\/span><\/p>\n<p style=\"margin: 0cm; margin-bottom: .0001pt; font-stretch: normal;\"><span style=\"font-size: 13.5pt;\">La sfida riguarda imprese e scuola, mercato per lavoro (per superare il paradosso per cui abbiamo milioni di disoccupati e sotto-occupati, ma le imprese lamentano a ragione di non trovare persone da assumere). E ammortizzatori sociali, per accompagnare il passaggio da un lavoro all\u2019altro.<\/span><\/p>\n<p style=\"margin: 0cm; margin-bottom: .0001pt; font-stretch: normal;\"><span style=\"font-size: 13.5pt;\">Il governo Draghi, nell\u2019indicare il \u201cpatto per la ripresa\u201d, ha ben chiaro questo orizzonte, prepara gli strumenti per affrontarlo. Le imprese (l\u2019assemblea di Confindustria ne \u00e8 conferma) sono pronte a fare la loro parte. I sindacati mostrano una responsabile inclinazione a discutere. La crescita pu\u00f2 fare un passo avanti. \u00a0<\/span><\/p>\n","protected":false},"excerpt":{"rendered":"<p>La strada per uno sviluppo equilibrato e sostenibile, nelle condizioni e nel tempo, passa da originali sintesi tra costruzione di ricchezza e coesione sociale, tra produttivit\u00e0 e solidariet\u00e0. Sta qui il valore politico e programmatico di quel \u201cpatto per la ripresa\u201d annunciato dal premier Mario Draghi all\u2019Assemblea di Confindustria, prendendo spunto dal discorso pronunciato dal [&hellip;]<\/p>\n","protected":false},"author":9,"featured_media":85000,"comment_status":"open","ping_status":"open","sticky":false,"template":"","format":"standard","meta":{"footnotes":""},"categories":[53,52],"tags":[],"class_list":["post-84995","post","type-post","status-publish","format-standard","has-post-thumbnail","hentry","category-blog","category-cultura-dimpresa"],"acf":[],"yoast_head":"<!-- This site is optimized with the Yoast SEO plugin v25.0 - https:\/\/yoast.com\/wordpress\/plugins\/seo\/ -->\n<title>Il patto per la ripresa fondato sul lavoro e le responsabilit\u00e0 di imprese e sindacati\u00a0 - Fondazione Pirelli<\/title>\n<meta name=\"robots\" content=\"index, follow, max-snippet:-1, max-image-preview:large, max-video-preview:-1\" \/>\n<link rel=\"canonical\" href=\"https:\/\/www.fondazionepirelli.org\/it\/cultura-dimpresa\/il-patto-per-la-ripresa-fondato-sul-lavoro-e-le-responsabilita-di-imprese-e-sindacati\/\" \/>\n<meta property=\"og:locale\" content=\"it_IT\" \/>\n<meta property=\"og:type\" content=\"article\" \/>\n<meta property=\"og:title\" content=\"Il patto per la ripresa fondato sul lavoro e le responsabilit\u00e0 di imprese e sindacati\u00a0 - Fondazione Pirelli\" \/>\n<meta property=\"og:description\" content=\"La strada per uno sviluppo equilibrato e sostenibile, nelle condizioni e nel tempo, passa da originali sintesi tra costruzione di ricchezza e coesione sociale, tra produttivit\u00e0 e solidariet\u00e0. Sta qui il valore politico e programmatico di quel \u201cpatto per la ripresa\u201d annunciato dal premier Mario Draghi all\u2019Assemblea di Confindustria, prendendo spunto dal discorso pronunciato dal [&hellip;]\" \/>\n<meta property=\"og:url\" content=\"https:\/\/www.fondazionepirelli.org\/it\/cultura-dimpresa\/il-patto-per-la-ripresa-fondato-sul-lavoro-e-le-responsabilita-di-imprese-e-sindacati\/\" \/>\n<meta property=\"og:site_name\" content=\"Fondazione Pirelli\" \/>\n<meta property=\"article:published_time\" content=\"2021-09-28T11:33:06+00:00\" \/>\n<meta property=\"og:image\" content=\"https:\/\/wpsite-assets.fondazionepirelli.org\/wp-content\/uploads\/2021\/09\/28102953\/industria-4-0-e1632821422175.jpg\" \/>\n\t<meta property=\"og:image:width\" content=\"500\" \/>\n\t<meta property=\"og:image:height\" content=\"333\" \/>\n\t<meta property=\"og:image:type\" content=\"image\/jpeg\" \/>\n<meta name=\"author\" content=\"fondazionepirelli\" \/>\n<meta name=\"twitter:card\" content=\"summary_large_image\" \/>\n<meta name=\"twitter:label1\" content=\"Scritto da\" \/>\n\t<meta name=\"twitter:data1\" content=\"fondazionepirelli\" \/>\n\t<meta name=\"twitter:label2\" content=\"Tempo di lettura stimato\" \/>\n\t<meta name=\"twitter:data2\" content=\"4 minuti\" \/>\n<script type=\"application\/ld+json\" class=\"yoast-schema-graph\">{\"@context\":\"https:\/\/schema.org\",\"@graph\":[{\"@type\":\"WebPage\",\"@id\":\"https:\/\/www.fondazionepirelli.org\/it\/cultura-dimpresa\/il-patto-per-la-ripresa-fondato-sul-lavoro-e-le-responsabilita-di-imprese-e-sindacati\/\",\"url\":\"https:\/\/www.fondazionepirelli.org\/it\/cultura-dimpresa\/il-patto-per-la-ripresa-fondato-sul-lavoro-e-le-responsabilita-di-imprese-e-sindacati\/\",\"name\":\"Il patto per la ripresa fondato sul lavoro e le responsabilit\u00e0 di imprese e sindacati\u00a0 - Fondazione Pirelli\",\"isPartOf\":{\"@id\":\"https:\/\/www.fondazionepirelli.org\/it\/#website\"},\"primaryImageOfPage\":{\"@id\":\"https:\/\/www.fondazionepirelli.org\/it\/cultura-dimpresa\/il-patto-per-la-ripresa-fondato-sul-lavoro-e-le-responsabilita-di-imprese-e-sindacati\/#primaryimage\"},\"image\":{\"@id\":\"https:\/\/www.fondazionepirelli.org\/it\/cultura-dimpresa\/il-patto-per-la-ripresa-fondato-sul-lavoro-e-le-responsabilita-di-imprese-e-sindacati\/#primaryimage\"},\"thumbnailUrl\":\"https:\/\/wpsite-assets.fondazionepirelli.org\/wp-content\/uploads\/2021\/09\/28102953\/industria-4-0-e1632821422175.jpg\",\"datePublished\":\"2021-09-28T11:33:06+00:00\",\"author\":{\"@id\":\"https:\/\/www.fondazionepirelli.org\/it\/#\/schema\/person\/c31fcf5937a0e6afa45497f3f8b6d7a0\"},\"breadcrumb\":{\"@id\":\"https:\/\/www.fondazionepirelli.org\/it\/cultura-dimpresa\/il-patto-per-la-ripresa-fondato-sul-lavoro-e-le-responsabilita-di-imprese-e-sindacati\/#breadcrumb\"},\"inLanguage\":\"it-IT\",\"potentialAction\":[{\"@type\":\"ReadAction\",\"target\":[\"https:\/\/www.fondazionepirelli.org\/it\/cultura-dimpresa\/il-patto-per-la-ripresa-fondato-sul-lavoro-e-le-responsabilita-di-imprese-e-sindacati\/\"]}]},{\"@type\":\"ImageObject\",\"inLanguage\":\"it-IT\",\"@id\":\"https:\/\/www.fondazionepirelli.org\/it\/cultura-dimpresa\/il-patto-per-la-ripresa-fondato-sul-lavoro-e-le-responsabilita-di-imprese-e-sindacati\/#primaryimage\",\"url\":\"https:\/\/wpsite-assets.fondazionepirelli.org\/wp-content\/uploads\/2021\/09\/28102953\/industria-4-0-e1632821422175.jpg\",\"contentUrl\":\"https:\/\/wpsite-assets.fondazionepirelli.org\/wp-content\/uploads\/2021\/09\/28102953\/industria-4-0-e1632821422175.jpg\",\"width\":500,\"height\":333},{\"@type\":\"BreadcrumbList\",\"@id\":\"https:\/\/www.fondazionepirelli.org\/it\/cultura-dimpresa\/il-patto-per-la-ripresa-fondato-sul-lavoro-e-le-responsabilita-di-imprese-e-sindacati\/#breadcrumb\",\"itemListElement\":[{\"@type\":\"ListItem\",\"position\":1,\"name\":\"Home\",\"item\":\"https:\/\/www.fondazionepirelli.org\/it\/\"},{\"@type\":\"ListItem\",\"position\":2,\"name\":\"Il patto per la ripresa fondato sul lavoro e le responsabilit\u00e0 di imprese e sindacati\u00a0\"}]},{\"@type\":\"WebSite\",\"@id\":\"https:\/\/www.fondazionepirelli.org\/it\/#website\",\"url\":\"https:\/\/www.fondazionepirelli.org\/it\/\",\"name\":\"Fondazione Pirelli\",\"description\":\"\",\"potentialAction\":[{\"@type\":\"SearchAction\",\"target\":{\"@type\":\"EntryPoint\",\"urlTemplate\":\"https:\/\/www.fondazionepirelli.org\/it\/?s={search_term_string}\"},\"query-input\":{\"@type\":\"PropertyValueSpecification\",\"valueRequired\":true,\"valueName\":\"search_term_string\"}}],\"inLanguage\":\"it-IT\"},{\"@type\":\"Person\",\"@id\":\"https:\/\/www.fondazionepirelli.org\/it\/#\/schema\/person\/c31fcf5937a0e6afa45497f3f8b6d7a0\",\"name\":\"fondazionepirelli\",\"image\":{\"@type\":\"ImageObject\",\"inLanguage\":\"it-IT\",\"@id\":\"https:\/\/www.fondazionepirelli.org\/it\/#\/schema\/person\/image\/\",\"url\":\"https:\/\/secure.gravatar.com\/avatar\/9cb486421ce1d6eddbf6c4fb66841b4325b786695f7aedf1dde2222428218696?s=96&d=mm&r=g\",\"contentUrl\":\"https:\/\/secure.gravatar.com\/avatar\/9cb486421ce1d6eddbf6c4fb66841b4325b786695f7aedf1dde2222428218696?s=96&d=mm&r=g\",\"caption\":\"fondazionepirelli\"},\"url\":\"https:\/\/www.fondazionepirelli.org\/it\/author\/fondazionepirelli\/\"}]}<\/script>\n<!-- \/ Yoast SEO plugin. -->","yoast_head_json":{"title":"Il patto per la ripresa fondato sul lavoro e le responsabilit\u00e0 di imprese e sindacati\u00a0 - Fondazione Pirelli","robots":{"index":"index","follow":"follow","max-snippet":"max-snippet:-1","max-image-preview":"max-image-preview:large","max-video-preview":"max-video-preview:-1"},"canonical":"https:\/\/www.fondazionepirelli.org\/it\/cultura-dimpresa\/il-patto-per-la-ripresa-fondato-sul-lavoro-e-le-responsabilita-di-imprese-e-sindacati\/","og_locale":"it_IT","og_type":"article","og_title":"Il patto per la ripresa fondato sul lavoro e le responsabilit\u00e0 di imprese e sindacati\u00a0 - Fondazione Pirelli","og_description":"La strada per uno sviluppo equilibrato e sostenibile, nelle condizioni e nel tempo, passa da originali sintesi tra costruzione di ricchezza e coesione sociale, tra produttivit\u00e0 e solidariet\u00e0. Sta qui il valore politico e programmatico di quel \u201cpatto per la ripresa\u201d annunciato dal premier Mario Draghi all\u2019Assemblea di Confindustria, prendendo spunto dal discorso pronunciato dal [&hellip;]","og_url":"https:\/\/www.fondazionepirelli.org\/it\/cultura-dimpresa\/il-patto-per-la-ripresa-fondato-sul-lavoro-e-le-responsabilita-di-imprese-e-sindacati\/","og_site_name":"Fondazione Pirelli","article_published_time":"2021-09-28T11:33:06+00:00","og_image":[{"width":500,"height":333,"url":"https:\/\/wpsite-assets.fondazionepirelli.org\/wp-content\/uploads\/2021\/09\/28102953\/industria-4-0-e1632821422175.jpg","type":"image\/jpeg"}],"author":"fondazionepirelli","twitter_card":"summary_large_image","twitter_misc":{"Scritto da":"fondazionepirelli","Tempo di lettura stimato":"4 minuti"},"schema":{"@context":"https:\/\/schema.org","@graph":[{"@type":"WebPage","@id":"https:\/\/www.fondazionepirelli.org\/it\/cultura-dimpresa\/il-patto-per-la-ripresa-fondato-sul-lavoro-e-le-responsabilita-di-imprese-e-sindacati\/","url":"https:\/\/www.fondazionepirelli.org\/it\/cultura-dimpresa\/il-patto-per-la-ripresa-fondato-sul-lavoro-e-le-responsabilita-di-imprese-e-sindacati\/","name":"Il patto per la ripresa fondato sul lavoro e le responsabilit\u00e0 di imprese e sindacati\u00a0 - Fondazione Pirelli","isPartOf":{"@id":"https:\/\/www.fondazionepirelli.org\/it\/#website"},"primaryImageOfPage":{"@id":"https:\/\/www.fondazionepirelli.org\/it\/cultura-dimpresa\/il-patto-per-la-ripresa-fondato-sul-lavoro-e-le-responsabilita-di-imprese-e-sindacati\/#primaryimage"},"image":{"@id":"https:\/\/www.fondazionepirelli.org\/it\/cultura-dimpresa\/il-patto-per-la-ripresa-fondato-sul-lavoro-e-le-responsabilita-di-imprese-e-sindacati\/#primaryimage"},"thumbnailUrl":"https:\/\/wpsite-assets.fondazionepirelli.org\/wp-content\/uploads\/2021\/09\/28102953\/industria-4-0-e1632821422175.jpg","datePublished":"2021-09-28T11:33:06+00:00","author":{"@id":"https:\/\/www.fondazionepirelli.org\/it\/#\/schema\/person\/c31fcf5937a0e6afa45497f3f8b6d7a0"},"breadcrumb":{"@id":"https:\/\/www.fondazionepirelli.org\/it\/cultura-dimpresa\/il-patto-per-la-ripresa-fondato-sul-lavoro-e-le-responsabilita-di-imprese-e-sindacati\/#breadcrumb"},"inLanguage":"it-IT","potentialAction":[{"@type":"ReadAction","target":["https:\/\/www.fondazionepirelli.org\/it\/cultura-dimpresa\/il-patto-per-la-ripresa-fondato-sul-lavoro-e-le-responsabilita-di-imprese-e-sindacati\/"]}]},{"@type":"ImageObject","inLanguage":"it-IT","@id":"https:\/\/www.fondazionepirelli.org\/it\/cultura-dimpresa\/il-patto-per-la-ripresa-fondato-sul-lavoro-e-le-responsabilita-di-imprese-e-sindacati\/#primaryimage","url":"https:\/\/wpsite-assets.fondazionepirelli.org\/wp-content\/uploads\/2021\/09\/28102953\/industria-4-0-e1632821422175.jpg","contentUrl":"https:\/\/wpsite-assets.fondazionepirelli.org\/wp-content\/uploads\/2021\/09\/28102953\/industria-4-0-e1632821422175.jpg","width":500,"height":333},{"@type":"BreadcrumbList","@id":"https:\/\/www.fondazionepirelli.org\/it\/cultura-dimpresa\/il-patto-per-la-ripresa-fondato-sul-lavoro-e-le-responsabilita-di-imprese-e-sindacati\/#breadcrumb","itemListElement":[{"@type":"ListItem","position":1,"name":"Home","item":"https:\/\/www.fondazionepirelli.org\/it\/"},{"@type":"ListItem","position":2,"name":"Il patto per la ripresa fondato sul lavoro e le responsabilit\u00e0 di imprese e sindacati\u00a0"}]},{"@type":"WebSite","@id":"https:\/\/www.fondazionepirelli.org\/it\/#website","url":"https:\/\/www.fondazionepirelli.org\/it\/","name":"Fondazione Pirelli","description":"","potentialAction":[{"@type":"SearchAction","target":{"@type":"EntryPoint","urlTemplate":"https:\/\/www.fondazionepirelli.org\/it\/?s={search_term_string}"},"query-input":{"@type":"PropertyValueSpecification","valueRequired":true,"valueName":"search_term_string"}}],"inLanguage":"it-IT"},{"@type":"Person","@id":"https:\/\/www.fondazionepirelli.org\/it\/#\/schema\/person\/c31fcf5937a0e6afa45497f3f8b6d7a0","name":"fondazionepirelli","image":{"@type":"ImageObject","inLanguage":"it-IT","@id":"https:\/\/www.fondazionepirelli.org\/it\/#\/schema\/person\/image\/","url":"https:\/\/secure.gravatar.com\/avatar\/9cb486421ce1d6eddbf6c4fb66841b4325b786695f7aedf1dde2222428218696?s=96&d=mm&r=g","contentUrl":"https:\/\/secure.gravatar.com\/avatar\/9cb486421ce1d6eddbf6c4fb66841b4325b786695f7aedf1dde2222428218696?s=96&d=mm&r=g","caption":"fondazionepirelli"},"url":"https:\/\/www.fondazionepirelli.org\/it\/author\/fondazionepirelli\/"}]}},"_links":{"self":[{"href":"https:\/\/www.fondazionepirelli.org\/it\/wp-json\/wp\/v2\/posts\/84995\/"}],"collection":[{"href":"https:\/\/www.fondazionepirelli.org\/it\/wp-json\/wp\/v2\/posts\/"}],"about":[{"href":"https:\/\/www.fondazionepirelli.org\/it\/wp-json\/wp\/v2\/types\/post\/"}],"author":[{"embeddable":true,"href":"https:\/\/www.fondazionepirelli.org\/it\/wp-json\/wp\/v2\/users\/9\/"}],"replies":[{"embeddable":true,"href":"https:\/\/www.fondazionepirelli.org\/it\/wp-json\/wp\/v2\/comments\/?post=84995"}],"version-history":[{"count":2,"href":"https:\/\/www.fondazionepirelli.org\/it\/wp-json\/wp\/v2\/posts\/84995\/revisions\/"}],"predecessor-version":[{"id":84997,"href":"https:\/\/www.fondazionepirelli.org\/it\/wp-json\/wp\/v2\/posts\/84995\/revisions\/84997\/"}],"wp:featuredmedia":[{"embeddable":true,"href":"https:\/\/www.fondazionepirelli.org\/it\/wp-json\/wp\/v2\/media\/85000\/"}],"wp:attachment":[{"href":"https:\/\/www.fondazionepirelli.org\/it\/wp-json\/wp\/v2\/media\/?parent=84995"}],"wp:term":[{"taxonomy":"category","embeddable":true,"href":"https:\/\/www.fondazionepirelli.org\/it\/wp-json\/wp\/v2\/categories\/?post=84995"},{"taxonomy":"post_tag","embeddable":true,"href":"https:\/\/www.fondazionepirelli.org\/it\/wp-json\/wp\/v2\/tags\/?post=84995"}],"curies":[{"name":"wp","href":"https:\/\/api.w.org\/{rel}","templated":true}]}}