{"id":85013,"date":"2021-10-04T17:02:55","date_gmt":"2021-10-04T16:02:55","guid":{"rendered":"https:\/\/www.fondazionepirelli.org\/?p=85013"},"modified":"2021-10-27T11:28:29","modified_gmt":"2021-10-27T10:28:29","slug":"fondazione-pirelli-e-le-storie-del-grattacielo-ad-archivi-aperti-2021","status":"publish","type":"post","link":"https:\/\/www.fondazionepirelli.org\/it\/iniziative\/fondazione-pirelli-e-le-storie-del-grattacielo-ad-archivi-aperti-2021\/","title":{"rendered":"Fondazione Pirelli e le \u201cStorie del Grattacielo\u201d ad Archivi Aperti 2021"},"content":{"rendered":"<p>Dal 15 al 24 ottobre 2021 \u00e8 in programma la nuova edizione di <strong>Archivi Aperti<\/strong>, manifestazione promossa da <a href=\"http:\/\/www.retefotografia.it\/\"><strong>Rete Fotografia<\/strong><\/a>, quest&#8217;anno sul tema del territorio e del paesaggio, e del rapporto con il sociale nella fotografia. Una discussione a pi\u00f9 voci per un confronto corale sul ruolo della fotografia nel nuovo modello di sviluppo sostenibile. Parteciperemo anche quest\u2019anno, proponendo esclusive visite guidate al percorso espositivo \u201c<strong>Storie del Grattacielo. I 60 anni del Pirellone tra cultura industriale e attivit\u00e0 istituzionali di Regione Lombardia&#8221;<\/strong>, curata dalla nostra Fondazione con l\u2019architetto\u00a0Alessandro Colombo. La mostra, promossa dalla Fondazione Pirelli e dalla Regione Lombardia,\u00a0Giunta e Consiglio, \u00e8 un racconto dell\u2019edificio, nato come Headquarters della <strong>Pirelli<\/strong> e poi diventato sede e simbolo dell\u2019istituzione regionale, attraverso fotografie, illustrazioni, filmati di repertorio, in larga parte provenienti dall\u2019Archivio Storico Pirelli.<\/p>\n<p>Il percorso espositivo al <strong>26esimo del Pirellone<\/strong> (di cui sono gi\u00e0 disponibili il catalogo edito da\u00a0<strong>Marsilio\u00a0<\/strong>e il sito dedicato\u00a0<a href=\"http:\/\/www.60grattacielopirelli.org\/\">60grattacielopirelli.org<\/a>), si apre con un plastico dell\u2019edificio proveniente dai\u00a0<strong>Gio Ponti Archives<\/strong> ed \u00e8 scandito da cinque \u201cmovimenti\u201d, dalla costruzione del Grattacielo a oggi. Una linea del tempo ripercorre gli eventi pi\u00f9 significativi della grande Storia nazionale e internazionale dal 1956 ai giorni nostri. Scatti e reportage d\u2019autore, tra cui le fotografie di <strong>Paolo Monti<\/strong> e la celebre serie dell\u2019olandese\u00a0<strong>Arno Hammacher<\/strong> del 1959, che documentano l\u2019evoluzione del progetto architettonico, affidato agli studi Ponti-Fornaroli-Rosselli e Valtolina-Dell\u2019Orto e agli ingegneri Pier Luigi Nervi e Arturo Danusso. La narrazione della vita nell\u2019edificio, gli spazi interni, il design, il lavoro, \u00e8 affidata allo sguardo di grandi fotografi come <strong>De Paoli, Aldo Ballo, Calcagni, Dino Sala<\/strong> e storiche agenzie come Publifoto. Negli anni del boom il Grattacielo \u00e8 protagonista di reportage fotografici e servizi di moda di maestri come Ugo Mulas, ed \u00e8 palcoscenico del nuovo cinema italiano di autori come Luchino Visconti, Michelangelo Antonioni, Carlo Lizzani. Nel <strong>1968 Uliano Lucas<\/strong> immortala un immigrato davanti al Grattacielo: uno scatto potente e iconico raccontato dallo stesso autore in una delle videoinstallazioni in mostra che, attraverso la voce di coloro che hanno vissuto l\u2019edificio e che con esso hanno un legame profondo, accompagnano il visitatore in questo lungo viaggio. Un\u2019occasione per approfondire la storia architettonica della capoluogo lombardo e ammirare la citt\u00e0 dall\u2019alto.<\/p>\n<p>Le visite guidate sono programmate nelle giornate di <strong>mercoled\u00ec 20 ottobre e gioved\u00ec 21 ottobre 2021<\/strong>, su tre turni (14.30, 16 e 17.30), con una speciale proposta dedicata alle famiglie con bambini dai 6 ai 10 anni nei turni delle 17.30. L\u2019ingresso \u00e8 gratuito e su prenotazione, scrivendo a <a href=\"mailto:visite@fondazionepirelli.org\">visite@fondazionepirelli.org<\/a>.<\/p>\n<p>Comunichiamo che i posti disponibili per le visite di &#8220;Archivi Aperti&#8221; sono esauriti. La mostra \u00e8 comunque visitabile su prenotazione nei giorni di luned\u00ec e mercoled\u00ec dalle ore 9,30 alle ore 12,30 e dalle ore 14,30 alle ore 16,30. Per prenotare \u00e8 possibile chiamare il numero di Regione Lombardia 02-67482777 oppure scrivere a urp@consiglio.regione.lombardia.it<\/p>","protected":false},"excerpt":{"rendered":"<p>Dal 15 al 24 ottobre 2021 \u00e8 in programma la nuova edizione di Archivi Aperti, manifestazione promossa da Rete Fotografia, quest&#8217;anno sul tema del territorio e del paesaggio, e del rapporto con il sociale nella fotografia. Una discussione a pi\u00f9 voci per un confronto corale sul ruolo della fotografia nel nuovo modello di sviluppo sostenibile. [&hellip;]<\/p>\n","protected":false},"author":9,"featured_media":85015,"comment_status":"open","ping_status":"open","sticky":false,"template":"","format":"standard","meta":{"footnotes":""},"categories":[78,60,79],"tags":[],"class_list":["post-85013","post","type-post","status-publish","format-standard","has-post-thumbnail","hentry","category-gli-eventi-e-i-percorsi-guidati","category-iniziative","category-le-collaborazioni"],"acf":[],"yoast_head":"<!-- This site is optimized with the Yoast SEO plugin v25.0 - https:\/\/yoast.com\/wordpress\/plugins\/seo\/ -->\n<title>Fondazione Pirelli e le \u201cStorie del Grattacielo\u201d ad Archivi Aperti 2021 - Fondazione Pirelli<\/title>\n<meta name=\"robots\" content=\"index, follow, max-snippet:-1, max-image-preview:large, max-video-preview:-1\" \/>\n<link rel=\"canonical\" href=\"https:\/\/www.fondazionepirelli.org\/it\/iniziative\/fondazione-pirelli-e-le-storie-del-grattacielo-ad-archivi-aperti-2021\/\" \/>\n<meta property=\"og:locale\" content=\"it_IT\" \/>\n<meta property=\"og:type\" content=\"article\" \/>\n<meta property=\"og:title\" content=\"Fondazione Pirelli e le \u201cStorie del Grattacielo\u201d ad Archivi Aperti 2021 - Fondazione Pirelli\" \/>\n<meta property=\"og:description\" content=\"Dal 15 al 24 ottobre 2021 \u00e8 in programma la nuova edizione di Archivi Aperti, manifestazione promossa da Rete Fotografia, quest&#8217;anno sul tema del territorio e del paesaggio, e del rapporto con il sociale nella fotografia. Una discussione a pi\u00f9 voci per un confronto corale sul ruolo della fotografia nel nuovo modello di sviluppo sostenibile. [&hellip;]\" \/>\n<meta property=\"og:url\" content=\"https:\/\/www.fondazionepirelli.org\/it\/iniziative\/fondazione-pirelli-e-le-storie-del-grattacielo-ad-archivi-aperti-2021\/\" \/>\n<meta property=\"og:site_name\" content=\"Fondazione Pirelli\" \/>\n<meta property=\"article:published_time\" content=\"2021-10-04T16:02:55+00:00\" \/>\n<meta property=\"article:modified_time\" content=\"2021-10-27T10:28:29+00:00\" \/>\n<meta property=\"og:image\" content=\"https:\/\/wpsite-assets.fondazionepirelli.org\/wp-content\/uploads\/2021\/09\/30133137\/foto-M-Carrieri-P-Carrieri_Pagina_08-e1633005130929.jpg\" \/>\n\t<meta property=\"og:image:width\" content=\"499\" \/>\n\t<meta property=\"og:image:height\" content=\"332\" \/>\n\t<meta property=\"og:image:type\" content=\"image\/jpeg\" \/>\n<meta name=\"author\" content=\"fondazionepirelli\" \/>\n<meta name=\"twitter:card\" content=\"summary_large_image\" \/>\n<meta name=\"twitter:label1\" content=\"Scritto da\" \/>\n\t<meta name=\"twitter:data1\" content=\"fondazionepirelli\" \/>\n\t<meta name=\"twitter:label2\" content=\"Tempo di lettura stimato\" \/>\n\t<meta name=\"twitter:data2\" content=\"2 minuti\" \/>\n<script type=\"application\/ld+json\" class=\"yoast-schema-graph\">{\"@context\":\"https:\/\/schema.org\",\"@graph\":[{\"@type\":\"WebPage\",\"@id\":\"https:\/\/www.fondazionepirelli.org\/it\/iniziative\/fondazione-pirelli-e-le-storie-del-grattacielo-ad-archivi-aperti-2021\/\",\"url\":\"https:\/\/www.fondazionepirelli.org\/it\/iniziative\/fondazione-pirelli-e-le-storie-del-grattacielo-ad-archivi-aperti-2021\/\",\"name\":\"Fondazione Pirelli e le \u201cStorie del Grattacielo\u201d ad Archivi Aperti 2021 - Fondazione Pirelli\",\"isPartOf\":{\"@id\":\"https:\/\/www.fondazionepirelli.org\/it\/#website\"},\"primaryImageOfPage\":{\"@id\":\"https:\/\/www.fondazionepirelli.org\/it\/iniziative\/fondazione-pirelli-e-le-storie-del-grattacielo-ad-archivi-aperti-2021\/#primaryimage\"},\"image\":{\"@id\":\"https:\/\/www.fondazionepirelli.org\/it\/iniziative\/fondazione-pirelli-e-le-storie-del-grattacielo-ad-archivi-aperti-2021\/#primaryimage\"},\"thumbnailUrl\":\"https:\/\/wpsite-assets.fondazionepirelli.org\/wp-content\/uploads\/2021\/09\/30133137\/foto-M-Carrieri-P-Carrieri_Pagina_08-e1633005130929.jpg\",\"datePublished\":\"2021-10-04T16:02:55+00:00\",\"dateModified\":\"2021-10-27T10:28:29+00:00\",\"author\":{\"@id\":\"https:\/\/www.fondazionepirelli.org\/it\/#\/schema\/person\/c31fcf5937a0e6afa45497f3f8b6d7a0\"},\"breadcrumb\":{\"@id\":\"https:\/\/www.fondazionepirelli.org\/it\/iniziative\/fondazione-pirelli-e-le-storie-del-grattacielo-ad-archivi-aperti-2021\/#breadcrumb\"},\"inLanguage\":\"it-IT\",\"potentialAction\":[{\"@type\":\"ReadAction\",\"target\":[\"https:\/\/www.fondazionepirelli.org\/it\/iniziative\/fondazione-pirelli-e-le-storie-del-grattacielo-ad-archivi-aperti-2021\/\"]}]},{\"@type\":\"ImageObject\",\"inLanguage\":\"it-IT\",\"@id\":\"https:\/\/www.fondazionepirelli.org\/it\/iniziative\/fondazione-pirelli-e-le-storie-del-grattacielo-ad-archivi-aperti-2021\/#primaryimage\",\"url\":\"https:\/\/wpsite-assets.fondazionepirelli.org\/wp-content\/uploads\/2021\/09\/30133137\/foto-M-Carrieri-P-Carrieri_Pagina_08-e1633005130929.jpg\",\"contentUrl\":\"https:\/\/wpsite-assets.fondazionepirelli.org\/wp-content\/uploads\/2021\/09\/30133137\/foto-M-Carrieri-P-Carrieri_Pagina_08-e1633005130929.jpg\",\"width\":499,\"height\":332},{\"@type\":\"BreadcrumbList\",\"@id\":\"https:\/\/www.fondazionepirelli.org\/it\/iniziative\/fondazione-pirelli-e-le-storie-del-grattacielo-ad-archivi-aperti-2021\/#breadcrumb\",\"itemListElement\":[{\"@type\":\"ListItem\",\"position\":1,\"name\":\"Home\",\"item\":\"https:\/\/www.fondazionepirelli.org\/it\/\"},{\"@type\":\"ListItem\",\"position\":2,\"name\":\"Fondazione Pirelli e le \u201cStorie del Grattacielo\u201d ad Archivi Aperti 2021\"}]},{\"@type\":\"WebSite\",\"@id\":\"https:\/\/www.fondazionepirelli.org\/it\/#website\",\"url\":\"https:\/\/www.fondazionepirelli.org\/it\/\",\"name\":\"Fondazione Pirelli\",\"description\":\"\",\"potentialAction\":[{\"@type\":\"SearchAction\",\"target\":{\"@type\":\"EntryPoint\",\"urlTemplate\":\"https:\/\/www.fondazionepirelli.org\/it\/?s={search_term_string}\"},\"query-input\":{\"@type\":\"PropertyValueSpecification\",\"valueRequired\":true,\"valueName\":\"search_term_string\"}}],\"inLanguage\":\"it-IT\"},{\"@type\":\"Person\",\"@id\":\"https:\/\/www.fondazionepirelli.org\/it\/#\/schema\/person\/c31fcf5937a0e6afa45497f3f8b6d7a0\",\"name\":\"fondazionepirelli\",\"image\":{\"@type\":\"ImageObject\",\"inLanguage\":\"it-IT\",\"@id\":\"https:\/\/www.fondazionepirelli.org\/it\/#\/schema\/person\/image\/\",\"url\":\"https:\/\/secure.gravatar.com\/avatar\/9cb486421ce1d6eddbf6c4fb66841b4325b786695f7aedf1dde2222428218696?s=96&d=mm&r=g\",\"contentUrl\":\"https:\/\/secure.gravatar.com\/avatar\/9cb486421ce1d6eddbf6c4fb66841b4325b786695f7aedf1dde2222428218696?s=96&d=mm&r=g\",\"caption\":\"fondazionepirelli\"},\"url\":\"https:\/\/www.fondazionepirelli.org\/it\/author\/fondazionepirelli\/\"}]}<\/script>\n<!-- \/ Yoast SEO plugin. -->","yoast_head_json":{"title":"Fondazione Pirelli e le \u201cStorie del Grattacielo\u201d ad Archivi Aperti 2021 - Fondazione Pirelli","robots":{"index":"index","follow":"follow","max-snippet":"max-snippet:-1","max-image-preview":"max-image-preview:large","max-video-preview":"max-video-preview:-1"},"canonical":"https:\/\/www.fondazionepirelli.org\/it\/iniziative\/fondazione-pirelli-e-le-storie-del-grattacielo-ad-archivi-aperti-2021\/","og_locale":"it_IT","og_type":"article","og_title":"Fondazione Pirelli e le \u201cStorie del Grattacielo\u201d ad Archivi Aperti 2021 - Fondazione Pirelli","og_description":"Dal 15 al 24 ottobre 2021 \u00e8 in programma la nuova edizione di Archivi Aperti, manifestazione promossa da Rete Fotografia, quest&#8217;anno sul tema del territorio e del paesaggio, e del rapporto con il sociale nella fotografia. Una discussione a pi\u00f9 voci per un confronto corale sul ruolo della fotografia nel nuovo modello di sviluppo sostenibile. [&hellip;]","og_url":"https:\/\/www.fondazionepirelli.org\/it\/iniziative\/fondazione-pirelli-e-le-storie-del-grattacielo-ad-archivi-aperti-2021\/","og_site_name":"Fondazione Pirelli","article_published_time":"2021-10-04T16:02:55+00:00","article_modified_time":"2021-10-27T10:28:29+00:00","og_image":[{"width":499,"height":332,"url":"https:\/\/wpsite-assets.fondazionepirelli.org\/wp-content\/uploads\/2021\/09\/30133137\/foto-M-Carrieri-P-Carrieri_Pagina_08-e1633005130929.jpg","type":"image\/jpeg"}],"author":"fondazionepirelli","twitter_card":"summary_large_image","twitter_misc":{"Scritto da":"fondazionepirelli","Tempo di lettura stimato":"2 minuti"},"schema":{"@context":"https:\/\/schema.org","@graph":[{"@type":"WebPage","@id":"https:\/\/www.fondazionepirelli.org\/it\/iniziative\/fondazione-pirelli-e-le-storie-del-grattacielo-ad-archivi-aperti-2021\/","url":"https:\/\/www.fondazionepirelli.org\/it\/iniziative\/fondazione-pirelli-e-le-storie-del-grattacielo-ad-archivi-aperti-2021\/","name":"Fondazione Pirelli e le \u201cStorie del Grattacielo\u201d ad Archivi Aperti 2021 - Fondazione Pirelli","isPartOf":{"@id":"https:\/\/www.fondazionepirelli.org\/it\/#website"},"primaryImageOfPage":{"@id":"https:\/\/www.fondazionepirelli.org\/it\/iniziative\/fondazione-pirelli-e-le-storie-del-grattacielo-ad-archivi-aperti-2021\/#primaryimage"},"image":{"@id":"https:\/\/www.fondazionepirelli.org\/it\/iniziative\/fondazione-pirelli-e-le-storie-del-grattacielo-ad-archivi-aperti-2021\/#primaryimage"},"thumbnailUrl":"https:\/\/wpsite-assets.fondazionepirelli.org\/wp-content\/uploads\/2021\/09\/30133137\/foto-M-Carrieri-P-Carrieri_Pagina_08-e1633005130929.jpg","datePublished":"2021-10-04T16:02:55+00:00","dateModified":"2021-10-27T10:28:29+00:00","author":{"@id":"https:\/\/www.fondazionepirelli.org\/it\/#\/schema\/person\/c31fcf5937a0e6afa45497f3f8b6d7a0"},"breadcrumb":{"@id":"https:\/\/www.fondazionepirelli.org\/it\/iniziative\/fondazione-pirelli-e-le-storie-del-grattacielo-ad-archivi-aperti-2021\/#breadcrumb"},"inLanguage":"it-IT","potentialAction":[{"@type":"ReadAction","target":["https:\/\/www.fondazionepirelli.org\/it\/iniziative\/fondazione-pirelli-e-le-storie-del-grattacielo-ad-archivi-aperti-2021\/"]}]},{"@type":"ImageObject","inLanguage":"it-IT","@id":"https:\/\/www.fondazionepirelli.org\/it\/iniziative\/fondazione-pirelli-e-le-storie-del-grattacielo-ad-archivi-aperti-2021\/#primaryimage","url":"https:\/\/wpsite-assets.fondazionepirelli.org\/wp-content\/uploads\/2021\/09\/30133137\/foto-M-Carrieri-P-Carrieri_Pagina_08-e1633005130929.jpg","contentUrl":"https:\/\/wpsite-assets.fondazionepirelli.org\/wp-content\/uploads\/2021\/09\/30133137\/foto-M-Carrieri-P-Carrieri_Pagina_08-e1633005130929.jpg","width":499,"height":332},{"@type":"BreadcrumbList","@id":"https:\/\/www.fondazionepirelli.org\/it\/iniziative\/fondazione-pirelli-e-le-storie-del-grattacielo-ad-archivi-aperti-2021\/#breadcrumb","itemListElement":[{"@type":"ListItem","position":1,"name":"Home","item":"https:\/\/www.fondazionepirelli.org\/it\/"},{"@type":"ListItem","position":2,"name":"Fondazione Pirelli e le \u201cStorie del Grattacielo\u201d ad Archivi Aperti 2021"}]},{"@type":"WebSite","@id":"https:\/\/www.fondazionepirelli.org\/it\/#website","url":"https:\/\/www.fondazionepirelli.org\/it\/","name":"Fondazione Pirelli","description":"","potentialAction":[{"@type":"SearchAction","target":{"@type":"EntryPoint","urlTemplate":"https:\/\/www.fondazionepirelli.org\/it\/?s={search_term_string}"},"query-input":{"@type":"PropertyValueSpecification","valueRequired":true,"valueName":"search_term_string"}}],"inLanguage":"it-IT"},{"@type":"Person","@id":"https:\/\/www.fondazionepirelli.org\/it\/#\/schema\/person\/c31fcf5937a0e6afa45497f3f8b6d7a0","name":"fondazionepirelli","image":{"@type":"ImageObject","inLanguage":"it-IT","@id":"https:\/\/www.fondazionepirelli.org\/it\/#\/schema\/person\/image\/","url":"https:\/\/secure.gravatar.com\/avatar\/9cb486421ce1d6eddbf6c4fb66841b4325b786695f7aedf1dde2222428218696?s=96&d=mm&r=g","contentUrl":"https:\/\/secure.gravatar.com\/avatar\/9cb486421ce1d6eddbf6c4fb66841b4325b786695f7aedf1dde2222428218696?s=96&d=mm&r=g","caption":"fondazionepirelli"},"url":"https:\/\/www.fondazionepirelli.org\/it\/author\/fondazionepirelli\/"}]}},"_links":{"self":[{"href":"https:\/\/www.fondazionepirelli.org\/it\/wp-json\/wp\/v2\/posts\/85013\/"}],"collection":[{"href":"https:\/\/www.fondazionepirelli.org\/it\/wp-json\/wp\/v2\/posts\/"}],"about":[{"href":"https:\/\/www.fondazionepirelli.org\/it\/wp-json\/wp\/v2\/types\/post\/"}],"author":[{"embeddable":true,"href":"https:\/\/www.fondazionepirelli.org\/it\/wp-json\/wp\/v2\/users\/9\/"}],"replies":[{"embeddable":true,"href":"https:\/\/www.fondazionepirelli.org\/it\/wp-json\/wp\/v2\/comments\/?post=85013"}],"version-history":[{"count":6,"href":"https:\/\/www.fondazionepirelli.org\/it\/wp-json\/wp\/v2\/posts\/85013\/revisions\/"}],"predecessor-version":[{"id":85295,"href":"https:\/\/www.fondazionepirelli.org\/it\/wp-json\/wp\/v2\/posts\/85013\/revisions\/85295\/"}],"wp:featuredmedia":[{"embeddable":true,"href":"https:\/\/www.fondazionepirelli.org\/it\/wp-json\/wp\/v2\/media\/85015\/"}],"wp:attachment":[{"href":"https:\/\/www.fondazionepirelli.org\/it\/wp-json\/wp\/v2\/media\/?parent=85013"}],"wp:term":[{"taxonomy":"category","embeddable":true,"href":"https:\/\/www.fondazionepirelli.org\/it\/wp-json\/wp\/v2\/categories\/?post=85013"},{"taxonomy":"post_tag","embeddable":true,"href":"https:\/\/www.fondazionepirelli.org\/it\/wp-json\/wp\/v2\/tags\/?post=85013"}],"curies":[{"name":"wp","href":"https:\/\/api.w.org\/{rel}","templated":true}]}}