{"id":85083,"date":"2021-10-12T08:08:51","date_gmt":"2021-10-12T07:08:51","guid":{"rendered":"https:\/\/www.fondazionepirelli.org\/?p=85083"},"modified":"2021-10-12T08:08:51","modified_gmt":"2021-10-12T07:08:51","slug":"innovazione-resilienza-e-dimensione-dimpresa","status":"publish","type":"post","link":"https:\/\/www.fondazionepirelli.org\/it\/cultura-dimpresa\/innovazione-resilienza-e-dimensione-dimpresa\/","title":{"rendered":"Innovazione, resilienza e dimensione d\u2019impresa"},"content":{"rendered":"<p><em>Una ricerca della Sapienza, mette in luce i legami forti tra Pmi e capacit\u00e0 di rinnovare metodi e strategie di produzione<\/em><\/p><p>Spesso fare innovazione nell\u2019impresa equivale, in quanto a dimensione aziendale, a pensare ad una piccola o media organizzazione della produzione. Parrebbe quasi che l\u2019ambiente giusto per la creativit\u00e0, la ricerca e l\u2019innovazione sia quello costituito da una Pmi. Immagine da prendersi con grande cautela, naturalmente, ma che ha pi\u00f9 di un fondamento nella realt\u00e0. Renato Fontana, Ernesto Dario Cal\u00f2 e Milena Cassella (dell\u2019Universit\u00e0 Sapienza Roma), con il loro contributo appena pubblicato sulla \u201cRivista Trimestrale di Scienza dell\u2019amministrazione. Studi di teorie e ricerca sociale\u201d hanno cercato di capire meglio il tema guardando con attenzione alle PMI neo-costituite, le start-up.<\/p>\n<p>\u201cRipartire dall\u2019innovazione: PMI e start-up in Italia Quali sono, quanto contano, come cambiano\u201d \u00e8 un contributo di ricerca che ha l&#8217;obiettivo di ragionare sulla portata e il significato delle piccole e medie imprese in Italia, soprattutto nella pi\u00f9 recente forma di start-up innovative, con particolare attenzione alla loro distribuzione regionale.<\/p>\n<p>L\u2019indagine inizia con una buona sintesi della storia delle PMI italiane per passare poi ad approfondire l\u2019argomento delle relazioni tra queste imprese e le start-up innovative nel tessuto imprenditoriale italiano e quindi delineandone le caratteristiche con particolare attenzione ai loro legami con il territorio, con la \u201cqualit\u00e0\u201d del capitale umano e con il livello di conoscenza presente. Tutto, poi, viene collegato alla nuova situazione che si \u00e8 generata a seguito di Covid-19. Per la ripresa di un ipotetico scenario post-pandemico \u2013 viene spiegato dagli autori -, \u00a0alcuni tra i possibili rimedi passano dalla lunga e importante storia delle PMI, che pi\u00f9 di altre interseca la necessit\u00e0 di innovazione organizzativa e sistemica dettata dalla trasformazione digitale e dalla crescente esigenza di resilienza e flessibilit\u00e0. In altri termini, al di l\u00e0 della disponibilit\u00e0 di capitali, la forza delle PMI nei confronti dell\u2019innovazione viene individuata nelle loro capacit\u00e0 di mettere insieme l\u2019organizzazione con la resilienza, la capacit\u00e0 di strutturarsi con la flessibilit\u00e0. Le PMI, in altri termini, costituiscono la forma concreta di quella cultura d\u2019impresa che pu\u00f2 costituire una delle risorse pi\u00f9 importanti del sistema industriale italiano.<\/p>\n<p><strong>\u00a0<\/strong><\/p>\n<p><strong>\u00a0<\/strong><\/p>\n<p><a href=\"https:\/\/wpsite-assets.fondazionepirelli.org\/wp-content\/uploads\/2021\/10\/12075351\/RTSA_3_2021_Fontana.pdf\"><strong>Ripartire dall\u2019innovazione: PMI e start-up in Italia Quali sono, quanto contano, come cambiano<\/strong><\/a><\/p>\n<p>Renato Fontana, Ernesto Dario Cal\u00f2, Milena Cassella (Universit\u00e0 Sapienza Roma)<\/p>\n<p>Rivista Trimestrale di Scienza dell\u2019amministrazione. Studi di teorie e ricerca sociale, 3\/2021<\/p>","protected":false},"excerpt":{"rendered":"<p>Una ricerca della Sapienza, mette in luce i legami forti tra Pmi e capacit\u00e0 di rinnovare metodi e strategie di produzioneSpesso fare innovazione nell\u2019impresa equivale, in quanto a dimensione aziendale, a pensare ad una piccola o media organizzazione della produzione. Parrebbe quasi che l\u2019ambiente giusto per la creativit\u00e0, la ricerca e l\u2019innovazione sia quello costituito [&hellip;]<\/p>\n","protected":false},"author":9,"featured_media":0,"comment_status":"open","ping_status":"open","sticky":false,"template":"","format":"standard","meta":{"footnotes":""},"categories":[54,52],"tags":[],"class_list":["post-85083","post","type-post","status-publish","format-standard","hentry","category-approfondimenti","category-cultura-dimpresa"],"acf":[],"yoast_head":"<!-- This site is optimized with the Yoast SEO plugin v25.0 - https:\/\/yoast.com\/wordpress\/plugins\/seo\/ -->\n<title>Innovazione, resilienza e dimensione d\u2019impresa - Fondazione Pirelli<\/title>\n<meta name=\"robots\" content=\"index, follow, max-snippet:-1, max-image-preview:large, max-video-preview:-1\" \/>\n<link rel=\"canonical\" href=\"https:\/\/www.fondazionepirelli.org\/it\/cultura-dimpresa\/innovazione-resilienza-e-dimensione-dimpresa\/\" \/>\n<meta property=\"og:locale\" content=\"it_IT\" \/>\n<meta property=\"og:type\" content=\"article\" \/>\n<meta property=\"og:title\" content=\"Innovazione, resilienza e dimensione d\u2019impresa - Fondazione Pirelli\" \/>\n<meta property=\"og:description\" content=\"Una ricerca della Sapienza, mette in luce i legami forti tra Pmi e capacit\u00e0 di rinnovare metodi e strategie di produzioneSpesso fare innovazione nell\u2019impresa equivale, in quanto a dimensione aziendale, a pensare ad una piccola o media organizzazione della produzione. Parrebbe quasi che l\u2019ambiente giusto per la creativit\u00e0, la ricerca e l\u2019innovazione sia quello costituito [&hellip;]\" \/>\n<meta property=\"og:url\" content=\"https:\/\/127.0.0.1\/it\/cultura-dimpresa\/innovazione-resilienza-e-dimensione-dimpresa\/\" \/>\n<meta property=\"og:site_name\" content=\"Fondazione Pirelli\" \/>\n<meta property=\"article:published_time\" content=\"2021-10-12T07:08:51+00:00\" \/>\n<meta name=\"author\" content=\"fondazionepirelli\" \/>\n<meta name=\"twitter:card\" content=\"summary_large_image\" \/>\n<meta name=\"twitter:label1\" content=\"Scritto da\" \/>\n\t<meta name=\"twitter:data1\" content=\"fondazionepirelli\" \/>\n\t<meta name=\"twitter:label2\" content=\"Tempo di lettura stimato\" \/>\n\t<meta name=\"twitter:data2\" content=\"2 minuti\" \/>\n<script type=\"application\/ld+json\" class=\"yoast-schema-graph\">{\"@context\":\"https:\/\/schema.org\",\"@graph\":[{\"@type\":\"WebPage\",\"@id\":\"https:\/\/127.0.0.1\/it\/cultura-dimpresa\/innovazione-resilienza-e-dimensione-dimpresa\/\",\"url\":\"https:\/\/127.0.0.1\/it\/cultura-dimpresa\/innovazione-resilienza-e-dimensione-dimpresa\/\",\"name\":\"Innovazione, resilienza e dimensione d\u2019impresa - Fondazione Pirelli\",\"isPartOf\":{\"@id\":\"https:\/\/www.fondazionepirelli.org\/it\/#website\"},\"datePublished\":\"2021-10-12T07:08:51+00:00\",\"author\":{\"@id\":\"https:\/\/www.fondazionepirelli.org\/it\/#\/schema\/person\/c31fcf5937a0e6afa45497f3f8b6d7a0\"},\"breadcrumb\":{\"@id\":\"https:\/\/127.0.0.1\/it\/cultura-dimpresa\/innovazione-resilienza-e-dimensione-dimpresa\/#breadcrumb\"},\"inLanguage\":\"it-IT\",\"potentialAction\":[{\"@type\":\"ReadAction\",\"target\":[\"https:\/\/127.0.0.1\/it\/cultura-dimpresa\/innovazione-resilienza-e-dimensione-dimpresa\/\"]}]},{\"@type\":\"BreadcrumbList\",\"@id\":\"https:\/\/127.0.0.1\/it\/cultura-dimpresa\/innovazione-resilienza-e-dimensione-dimpresa\/#breadcrumb\",\"itemListElement\":[{\"@type\":\"ListItem\",\"position\":1,\"name\":\"Home\",\"item\":\"https:\/\/www.fondazionepirelli.org\/it\/\"},{\"@type\":\"ListItem\",\"position\":2,\"name\":\"Innovazione, resilienza e dimensione d\u2019impresa\"}]},{\"@type\":\"WebSite\",\"@id\":\"https:\/\/www.fondazionepirelli.org\/it\/#website\",\"url\":\"https:\/\/www.fondazionepirelli.org\/it\/\",\"name\":\"Fondazione Pirelli\",\"description\":\"\",\"potentialAction\":[{\"@type\":\"SearchAction\",\"target\":{\"@type\":\"EntryPoint\",\"urlTemplate\":\"https:\/\/www.fondazionepirelli.org\/it\/?s={search_term_string}\"},\"query-input\":{\"@type\":\"PropertyValueSpecification\",\"valueRequired\":true,\"valueName\":\"search_term_string\"}}],\"inLanguage\":\"it-IT\"},{\"@type\":\"Person\",\"@id\":\"https:\/\/www.fondazionepirelli.org\/it\/#\/schema\/person\/c31fcf5937a0e6afa45497f3f8b6d7a0\",\"name\":\"fondazionepirelli\",\"image\":{\"@type\":\"ImageObject\",\"inLanguage\":\"it-IT\",\"@id\":\"https:\/\/www.fondazionepirelli.org\/it\/#\/schema\/person\/image\/\",\"url\":\"https:\/\/secure.gravatar.com\/avatar\/9cb486421ce1d6eddbf6c4fb66841b4325b786695f7aedf1dde2222428218696?s=96&d=mm&r=g\",\"contentUrl\":\"https:\/\/secure.gravatar.com\/avatar\/9cb486421ce1d6eddbf6c4fb66841b4325b786695f7aedf1dde2222428218696?s=96&d=mm&r=g\",\"caption\":\"fondazionepirelli\"},\"url\":\"https:\/\/www.fondazionepirelli.org\/it\/author\/fondazionepirelli\/\"}]}<\/script>\n<!-- \/ Yoast SEO plugin. -->","yoast_head_json":{"title":"Innovazione, resilienza e dimensione d\u2019impresa - Fondazione Pirelli","robots":{"index":"index","follow":"follow","max-snippet":"max-snippet:-1","max-image-preview":"max-image-preview:large","max-video-preview":"max-video-preview:-1"},"canonical":"https:\/\/www.fondazionepirelli.org\/it\/cultura-dimpresa\/innovazione-resilienza-e-dimensione-dimpresa\/","og_locale":"it_IT","og_type":"article","og_title":"Innovazione, resilienza e dimensione d\u2019impresa - Fondazione Pirelli","og_description":"Una ricerca della Sapienza, mette in luce i legami forti tra Pmi e capacit\u00e0 di rinnovare metodi e strategie di produzioneSpesso fare innovazione nell\u2019impresa equivale, in quanto a dimensione aziendale, a pensare ad una piccola o media organizzazione della produzione. Parrebbe quasi che l\u2019ambiente giusto per la creativit\u00e0, la ricerca e l\u2019innovazione sia quello costituito [&hellip;]","og_url":"https:\/\/127.0.0.1\/it\/cultura-dimpresa\/innovazione-resilienza-e-dimensione-dimpresa\/","og_site_name":"Fondazione Pirelli","article_published_time":"2021-10-12T07:08:51+00:00","author":"fondazionepirelli","twitter_card":"summary_large_image","twitter_misc":{"Scritto da":"fondazionepirelli","Tempo di lettura stimato":"2 minuti"},"schema":{"@context":"https:\/\/schema.org","@graph":[{"@type":"WebPage","@id":"https:\/\/127.0.0.1\/it\/cultura-dimpresa\/innovazione-resilienza-e-dimensione-dimpresa\/","url":"https:\/\/127.0.0.1\/it\/cultura-dimpresa\/innovazione-resilienza-e-dimensione-dimpresa\/","name":"Innovazione, resilienza e dimensione d\u2019impresa - Fondazione Pirelli","isPartOf":{"@id":"https:\/\/www.fondazionepirelli.org\/it\/#website"},"datePublished":"2021-10-12T07:08:51+00:00","author":{"@id":"https:\/\/www.fondazionepirelli.org\/it\/#\/schema\/person\/c31fcf5937a0e6afa45497f3f8b6d7a0"},"breadcrumb":{"@id":"https:\/\/127.0.0.1\/it\/cultura-dimpresa\/innovazione-resilienza-e-dimensione-dimpresa\/#breadcrumb"},"inLanguage":"it-IT","potentialAction":[{"@type":"ReadAction","target":["https:\/\/127.0.0.1\/it\/cultura-dimpresa\/innovazione-resilienza-e-dimensione-dimpresa\/"]}]},{"@type":"BreadcrumbList","@id":"https:\/\/127.0.0.1\/it\/cultura-dimpresa\/innovazione-resilienza-e-dimensione-dimpresa\/#breadcrumb","itemListElement":[{"@type":"ListItem","position":1,"name":"Home","item":"https:\/\/www.fondazionepirelli.org\/it\/"},{"@type":"ListItem","position":2,"name":"Innovazione, resilienza e dimensione d\u2019impresa"}]},{"@type":"WebSite","@id":"https:\/\/www.fondazionepirelli.org\/it\/#website","url":"https:\/\/www.fondazionepirelli.org\/it\/","name":"Fondazione Pirelli","description":"","potentialAction":[{"@type":"SearchAction","target":{"@type":"EntryPoint","urlTemplate":"https:\/\/www.fondazionepirelli.org\/it\/?s={search_term_string}"},"query-input":{"@type":"PropertyValueSpecification","valueRequired":true,"valueName":"search_term_string"}}],"inLanguage":"it-IT"},{"@type":"Person","@id":"https:\/\/www.fondazionepirelli.org\/it\/#\/schema\/person\/c31fcf5937a0e6afa45497f3f8b6d7a0","name":"fondazionepirelli","image":{"@type":"ImageObject","inLanguage":"it-IT","@id":"https:\/\/www.fondazionepirelli.org\/it\/#\/schema\/person\/image\/","url":"https:\/\/secure.gravatar.com\/avatar\/9cb486421ce1d6eddbf6c4fb66841b4325b786695f7aedf1dde2222428218696?s=96&d=mm&r=g","contentUrl":"https:\/\/secure.gravatar.com\/avatar\/9cb486421ce1d6eddbf6c4fb66841b4325b786695f7aedf1dde2222428218696?s=96&d=mm&r=g","caption":"fondazionepirelli"},"url":"https:\/\/www.fondazionepirelli.org\/it\/author\/fondazionepirelli\/"}]}},"_links":{"self":[{"href":"https:\/\/www.fondazionepirelli.org\/it\/wp-json\/wp\/v2\/posts\/85083\/"}],"collection":[{"href":"https:\/\/www.fondazionepirelli.org\/it\/wp-json\/wp\/v2\/posts\/"}],"about":[{"href":"https:\/\/www.fondazionepirelli.org\/it\/wp-json\/wp\/v2\/types\/post\/"}],"author":[{"embeddable":true,"href":"https:\/\/www.fondazionepirelli.org\/it\/wp-json\/wp\/v2\/users\/9\/"}],"replies":[{"embeddable":true,"href":"https:\/\/www.fondazionepirelli.org\/it\/wp-json\/wp\/v2\/comments\/?post=85083"}],"version-history":[{"count":1,"href":"https:\/\/www.fondazionepirelli.org\/it\/wp-json\/wp\/v2\/posts\/85083\/revisions\/"}],"predecessor-version":[{"id":85086,"href":"https:\/\/www.fondazionepirelli.org\/it\/wp-json\/wp\/v2\/posts\/85083\/revisions\/85086\/"}],"wp:attachment":[{"href":"https:\/\/www.fondazionepirelli.org\/it\/wp-json\/wp\/v2\/media\/?parent=85083"}],"wp:term":[{"taxonomy":"category","embeddable":true,"href":"https:\/\/www.fondazionepirelli.org\/it\/wp-json\/wp\/v2\/categories\/?post=85083"},{"taxonomy":"post_tag","embeddable":true,"href":"https:\/\/www.fondazionepirelli.org\/it\/wp-json\/wp\/v2\/tags\/?post=85083"}],"curies":[{"name":"wp","href":"https:\/\/api.w.org\/{rel}","templated":true}]}}