{"id":85179,"date":"2021-10-19T12:27:58","date_gmt":"2021-10-19T11:27:58","guid":{"rendered":"https:\/\/www.fondazionepirelli.org\/?p=85179"},"modified":"2021-10-19T12:27:58","modified_gmt":"2021-10-19T11:27:58","slug":"il-successo-del-salone-del-libro-e-il-nuovo-ruolo-di-librerie-e-biblioteche","status":"publish","type":"post","link":"https:\/\/www.fondazionepirelli.org\/it\/cultura-dimpresa\/il-successo-del-salone-del-libro-e-il-nuovo-ruolo-di-librerie-e-biblioteche\/","title":{"rendered":"Il successo del Salone del Libro e il nuovo ruolo di librerie e biblioteche"},"content":{"rendered":"<p>\u201cLeggere produce indipendenza\u201d, c\u2019\u00e8 scritto sulla trave di uno dei padiglioni del <strong>Salone del Libro di Torino<\/strong>, affollato quasi come nei tempi migliori da una moltitudine allegra di lettori, ragazze e ragazzi soprattutto, in fila paziente davanti alle sale colorate degli incontri con autrici e autori o intenti a sfogliare un volume dopo l\u2019altro negli stand dei 715 espositori, tutti contenti di quel pubblico curioso, allegro, ricco di voglia di sapere e di vivere.<\/p>\n<p>In tempi cos\u00ec difficili e controversi, densi di fake news e manipolazioni dell\u2019informazione con finalit\u00e0 tutt\u2019altro che culturali e democratiche e di nuove sfide poste da un fastidioso rumore di fondo di notizie gridate e \u201cbruciate\u201d dal sovraffollamento, la<strong> responsabilit\u00e0 dell\u2019intelligenza<\/strong> \u00e8 impegnarsi a cercare di capire, ascoltare meglio, distinguere, scegliere con acutezza critica. Leggere, dunque. Per il \u201cpiacere del testo\u201d. Per avere un ruolo consapevole nella stagione della cosiddetta \u201ceconomia della conoscenza\u201d e della straordinaria diffusione della cultura digitale e dell\u2019Intelligenza Artificiale (per scrivere e applicare algoritmi serve conoscenza profonda del loro senso e delle loro conseguenze, oltre che competenza tecnica: un lavoro da ingegneri-filosofi, con sensibilit\u00e0 morale). <strong>Leggere,<\/strong> per costruirsi un\u2019opinione superando il fossato di una bestemmia, un urlo d\u2019odio, un insulto frutto di razzismo e pregiudizio.<\/p>\n<p>Eccolo, dunque, il ruolo dei libri. Quelli che sfidano il tempo, le mode passeggere, le polemiche miserelle sui social media e nei vocianti programmi Tv.<\/p>\n<p>\u201cNon tutti i nostri libri periranno\u201d, si augura l\u2019imperatore Adriano nelle \u201cMemorie\u201d ricostruite e raccontate da Marguerite Yourcenar. Proprio quell\u2019Adriano che ragionava cos\u00ec: \u201cFondare biblioteche \u00e8 un po\u2019 come costruire ancora granai pubblici: ammassare riserve contro l&#8217;inverno dello spirito che da molti indizi, mio malgrado, vedo venire\u201d.<\/p>\n<p>La nostra \u00e8 una stagione carica di complessit\u00e0, in cui un inquietante \u201cinverno dello spirito\u201d si manifesta in molti modi, inquinando con violenze, sovranismi e razzismi le conquiste di democrazia, libert\u00e0 critica e responsabile e benessere condiviso. Ma in cui, contemporaneamente, emergono con nettezza segnali forti di un\u2019opinione publica che, soprattutto nelle nuove generazioni, parla di qualit\u00e0 della vita, sostenibilit\u00e0 ambientale e sociale, economia circolare, solidariet\u00e0 e inclusione. Il cardine della svolta sta anche in un<strong> buon libro<\/strong>. In una crescente abitudine a leggere e dunque a pensare. Tornano in mente le parole di Umberto Eco, sul libro oggetto indispensabile e perfetto, come un cucchiaio o una bicicletta, di cui non potremo mai pi\u00f9 fare a meno.<\/p>\n<p>Gli italiani lo stanno capendo davvero? Ne stanno finalmente imparando il valore? Proprio al Salone del Libro sono stati messi in evidenza alcuni dati interessanti. Le vendite di libri (di \u201cvaria\u201d e cio\u00e8 di letteratura e saggistica) nei primi nove mesi del \u201821 sono aumentate, per fatturato, del 29% rispetto allo stesso periodo dell\u2019anno precedente e del 16% rispetto al 2019 (secondo una ricerca dell\u2019Associazione Italiana Editori, in collaborazione con Nielsen). In aumento anche il numero di copie vendute, del 31% sul \u201820 e del 18% sul \u201819. La pandemia da Covid19, da questo punto di vista, ha avuto un effetto positivo: chiusi in casa o comunque con forti limitazioni nell\u2019uso del tempo libero (niente teatri, concerti, cinema, sport), ci siamo affidati ai libri. E anche la scelta di tenere aperte le librerie, come negozi di consumi essenziali, ha avuto un impatto benefico sul pubblico.<\/p>\n<p>Diminuiscono, per\u00f2, gli italiani che leggono, oggi al 56% rispetto al 65% del \u201819 e al 59% del \u201820. Il che vuol dire che aumenta il numero dei \u201c<strong>lettori forti<\/strong>\u201d (quello che leggono almeno dieci libri all\u2019anno) e di chi, comunque, un libro l\u2019ha gi\u00e0 preso in mano, apprezzandone il valore.<\/p>\n<p>C\u2019\u00e8 dunque un contrasto: gli italiani <strong>comprano pi\u00f9 libri<\/strong>, ma poco meno di uno su due \u00e8 completamente estraneo al mondo della lettura (erano uno su tre, prima della pandemia). Al Sud e tra le giovani generazioni (nella fascia d\u2019et\u00e0 tra i 15 e i 17 anni) va anche peggio, con un peso negativo crescente tra chi ha un basso titolo di studio.<\/p>\n<p>\u201cSiamo di fronte a un\u2019emergenza nazionale, anche se il mondo del libro \u00e8 in buona salute\u201d, sintetizza Ricardo Franco Levi, presidente dell\u2019Associazione Editori.<\/p>\n<p>Bisogna dunque insistere sulle politiche per la lettura, sostenere le librerie (soprattutto quelle indipendenti, attivissime durante il lock down e indispensabili per orientare il lettore, con consigli nella scelta di cosa leggere) e lavorare molto anche per il potenziamento delle biblioteche, pubbliche e private.<\/p>\n<p>Il ministro dell\u2019Istruzione Patrizio Bianchi, proprio al Salone del Libro, ha annunciato l\u2019impegno di ricostruire e rafforzare la rete delle biblioteche scolastiche. E cresce, nel mondo delle imprese, l\u2019interesse per la diffusione delle biblioteche aziendali, finora limitate a pochi casi (hanno successo, come sanno i lettori di questo i blog, le biblioteche Pirelli, sia nell\u2019Head Quarter di Milano Bicocca sia nelle fabbriche di Settimo Torinese e Bollate, inaugurate giusto a met\u00e0 ottobre di cinque anni fa).<\/p>\n<p>E\u2019 con i giovani, soprattutto, che bisogna parlare, per<strong> fare crescere il pubblico<\/strong> anche nel futuro. Ha gi\u00e0 funzionato, per esempio, l\u2019App 18, che eroga 500 euro per i consumi culturali dei diciottenni e che molti hanno usato per comprare libri, con occhio attento pure per i fumetti. E hanno peso le iniziative sulla lettura dei professori pi\u00f9 sensibili, gi\u00e0 fin dalle prime classi delle scuole elementari. La forte affluenza di studenti al Salone ne \u00e8 conferma.<\/p>\n<p>Stimoli arrivano anche dal mondo dei premi letterari. L\u2019iniziativa del \u201c<strong>Campiello Junio<\/strong>r\u201d appena lanciata dal Premio Campiello e dalla Fondazione Pirelli per scrittori di libri di letteratura e poesia per la generazione dai 10 ai 14 anni, va in questa direzione: diffondere \u201cil piacere della lettura\u201d oltre che la consapevolezza del ruolo formativo dei buoni libri per la propria crescita personale e, poi, professionale.<\/p>\n<p>\u201cAvere, da adolescenti, uno scaffale domestico ben fornito di libri d\u00e0 una marcia in pi\u00f9 nella vita: i ragazzi che hanno avuto almeno 80 libri in casa oggi hanno competenze linguistiche, matematiche e tecnologiche superiori alla media\u201d. Lo suggeriva, gi\u00e0 tre anni fa, uno studio, pubblicato su Social Science Research, che riguardava 160 mila adulti da 31 nazioni, con dati raccolti dal Programme for the International Assessment of Adult Competencies dell\u2019Ocse\u201d. Una prospettiva che proprio adesso \u00e8 sempre pi\u00f9 di attualit\u00e0.<\/p>","protected":false},"excerpt":{"rendered":"<p>\u201cLeggere produce indipendenza\u201d, c\u2019\u00e8 scritto sulla trave di uno dei padiglioni del Salone del Libro di Torino, affollato quasi come nei tempi migliori da una moltitudine allegra di lettori, ragazze e ragazzi soprattutto, in fila paziente davanti alle sale colorate degli incontri con autrici e autori o intenti a sfogliare un volume dopo l\u2019altro negli [&hellip;]<\/p>\n","protected":false},"author":9,"featured_media":85186,"comment_status":"open","ping_status":"open","sticky":false,"template":"","format":"standard","meta":{"footnotes":""},"categories":[53,52],"tags":[],"class_list":["post-85179","post","type-post","status-publish","format-standard","has-post-thumbnail","hentry","category-blog","category-cultura-dimpresa"],"acf":[],"yoast_head":"<!-- This site is optimized with the Yoast SEO plugin v25.0 - https:\/\/yoast.com\/wordpress\/plugins\/seo\/ -->\n<title>Il successo del Salone del Libro e il nuovo ruolo di librerie e biblioteche - Fondazione Pirelli<\/title>\n<meta name=\"robots\" content=\"index, follow, max-snippet:-1, max-image-preview:large, max-video-preview:-1\" \/>\n<link rel=\"canonical\" href=\"https:\/\/www.fondazionepirelli.org\/it\/cultura-dimpresa\/il-successo-del-salone-del-libro-e-il-nuovo-ruolo-di-librerie-e-biblioteche\/\" \/>\n<meta property=\"og:locale\" content=\"it_IT\" \/>\n<meta property=\"og:type\" content=\"article\" \/>\n<meta property=\"og:title\" content=\"Il successo del Salone del Libro e il nuovo ruolo di librerie e biblioteche - Fondazione Pirelli\" \/>\n<meta property=\"og:description\" content=\"\u201cLeggere produce indipendenza\u201d, c\u2019\u00e8 scritto sulla trave di uno dei padiglioni del Salone del Libro di Torino, affollato quasi come nei tempi migliori da una moltitudine allegra di lettori, ragazze e ragazzi soprattutto, in fila paziente davanti alle sale colorate degli incontri con autrici e autori o intenti a sfogliare un volume dopo l\u2019altro negli [&hellip;]\" \/>\n<meta property=\"og:url\" content=\"https:\/\/www.fondazionepirelli.org\/it\/cultura-dimpresa\/il-successo-del-salone-del-libro-e-il-nuovo-ruolo-di-librerie-e-biblioteche\/\" \/>\n<meta property=\"og:site_name\" content=\"Fondazione Pirelli\" \/>\n<meta property=\"article:published_time\" content=\"2021-10-19T11:27:58+00:00\" \/>\n<meta property=\"og:image\" content=\"https:\/\/wpsite-assets.fondazionepirelli.org\/wp-content\/uploads\/2021\/10\/19080603\/MG_1291-e1634627179537.jpg\" \/>\n\t<meta property=\"og:image:width\" content=\"500\" \/>\n\t<meta property=\"og:image:height\" content=\"333\" \/>\n\t<meta property=\"og:image:type\" content=\"image\/jpeg\" \/>\n<meta name=\"author\" content=\"fondazionepirelli\" \/>\n<meta name=\"twitter:card\" content=\"summary_large_image\" \/>\n<meta name=\"twitter:label1\" content=\"Scritto da\" \/>\n\t<meta name=\"twitter:data1\" content=\"fondazionepirelli\" \/>\n\t<meta name=\"twitter:label2\" content=\"Tempo di lettura stimato\" \/>\n\t<meta name=\"twitter:data2\" content=\"5 minuti\" \/>\n<script type=\"application\/ld+json\" class=\"yoast-schema-graph\">{\"@context\":\"https:\/\/schema.org\",\"@graph\":[{\"@type\":\"WebPage\",\"@id\":\"https:\/\/www.fondazionepirelli.org\/it\/cultura-dimpresa\/il-successo-del-salone-del-libro-e-il-nuovo-ruolo-di-librerie-e-biblioteche\/\",\"url\":\"https:\/\/www.fondazionepirelli.org\/it\/cultura-dimpresa\/il-successo-del-salone-del-libro-e-il-nuovo-ruolo-di-librerie-e-biblioteche\/\",\"name\":\"Il successo del Salone del Libro e il nuovo ruolo di librerie e biblioteche - Fondazione Pirelli\",\"isPartOf\":{\"@id\":\"https:\/\/www.fondazionepirelli.org\/it\/#website\"},\"primaryImageOfPage\":{\"@id\":\"https:\/\/www.fondazionepirelli.org\/it\/cultura-dimpresa\/il-successo-del-salone-del-libro-e-il-nuovo-ruolo-di-librerie-e-biblioteche\/#primaryimage\"},\"image\":{\"@id\":\"https:\/\/www.fondazionepirelli.org\/it\/cultura-dimpresa\/il-successo-del-salone-del-libro-e-il-nuovo-ruolo-di-librerie-e-biblioteche\/#primaryimage\"},\"thumbnailUrl\":\"https:\/\/wpsite-assets.fondazionepirelli.org\/wp-content\/uploads\/2021\/10\/19080603\/MG_1291-e1634627179537.jpg\",\"datePublished\":\"2021-10-19T11:27:58+00:00\",\"author\":{\"@id\":\"https:\/\/www.fondazionepirelli.org\/it\/#\/schema\/person\/c31fcf5937a0e6afa45497f3f8b6d7a0\"},\"breadcrumb\":{\"@id\":\"https:\/\/www.fondazionepirelli.org\/it\/cultura-dimpresa\/il-successo-del-salone-del-libro-e-il-nuovo-ruolo-di-librerie-e-biblioteche\/#breadcrumb\"},\"inLanguage\":\"it-IT\",\"potentialAction\":[{\"@type\":\"ReadAction\",\"target\":[\"https:\/\/www.fondazionepirelli.org\/it\/cultura-dimpresa\/il-successo-del-salone-del-libro-e-il-nuovo-ruolo-di-librerie-e-biblioteche\/\"]}]},{\"@type\":\"ImageObject\",\"inLanguage\":\"it-IT\",\"@id\":\"https:\/\/www.fondazionepirelli.org\/it\/cultura-dimpresa\/il-successo-del-salone-del-libro-e-il-nuovo-ruolo-di-librerie-e-biblioteche\/#primaryimage\",\"url\":\"https:\/\/wpsite-assets.fondazionepirelli.org\/wp-content\/uploads\/2021\/10\/19080603\/MG_1291-e1634627179537.jpg\",\"contentUrl\":\"https:\/\/wpsite-assets.fondazionepirelli.org\/wp-content\/uploads\/2021\/10\/19080603\/MG_1291-e1634627179537.jpg\",\"width\":500,\"height\":333},{\"@type\":\"BreadcrumbList\",\"@id\":\"https:\/\/www.fondazionepirelli.org\/it\/cultura-dimpresa\/il-successo-del-salone-del-libro-e-il-nuovo-ruolo-di-librerie-e-biblioteche\/#breadcrumb\",\"itemListElement\":[{\"@type\":\"ListItem\",\"position\":1,\"name\":\"Home\",\"item\":\"https:\/\/www.fondazionepirelli.org\/it\/\"},{\"@type\":\"ListItem\",\"position\":2,\"name\":\"Il successo del Salone del Libro e il nuovo ruolo di librerie e biblioteche\"}]},{\"@type\":\"WebSite\",\"@id\":\"https:\/\/www.fondazionepirelli.org\/it\/#website\",\"url\":\"https:\/\/www.fondazionepirelli.org\/it\/\",\"name\":\"Fondazione Pirelli\",\"description\":\"\",\"potentialAction\":[{\"@type\":\"SearchAction\",\"target\":{\"@type\":\"EntryPoint\",\"urlTemplate\":\"https:\/\/www.fondazionepirelli.org\/it\/?s={search_term_string}\"},\"query-input\":{\"@type\":\"PropertyValueSpecification\",\"valueRequired\":true,\"valueName\":\"search_term_string\"}}],\"inLanguage\":\"it-IT\"},{\"@type\":\"Person\",\"@id\":\"https:\/\/www.fondazionepirelli.org\/it\/#\/schema\/person\/c31fcf5937a0e6afa45497f3f8b6d7a0\",\"name\":\"fondazionepirelli\",\"image\":{\"@type\":\"ImageObject\",\"inLanguage\":\"it-IT\",\"@id\":\"https:\/\/www.fondazionepirelli.org\/it\/#\/schema\/person\/image\/\",\"url\":\"https:\/\/secure.gravatar.com\/avatar\/9cb486421ce1d6eddbf6c4fb66841b4325b786695f7aedf1dde2222428218696?s=96&d=mm&r=g\",\"contentUrl\":\"https:\/\/secure.gravatar.com\/avatar\/9cb486421ce1d6eddbf6c4fb66841b4325b786695f7aedf1dde2222428218696?s=96&d=mm&r=g\",\"caption\":\"fondazionepirelli\"},\"url\":\"https:\/\/www.fondazionepirelli.org\/it\/author\/fondazionepirelli\/\"}]}<\/script>\n<!-- \/ Yoast SEO plugin. -->","yoast_head_json":{"title":"Il successo del Salone del Libro e il nuovo ruolo di librerie e biblioteche - Fondazione Pirelli","robots":{"index":"index","follow":"follow","max-snippet":"max-snippet:-1","max-image-preview":"max-image-preview:large","max-video-preview":"max-video-preview:-1"},"canonical":"https:\/\/www.fondazionepirelli.org\/it\/cultura-dimpresa\/il-successo-del-salone-del-libro-e-il-nuovo-ruolo-di-librerie-e-biblioteche\/","og_locale":"it_IT","og_type":"article","og_title":"Il successo del Salone del Libro e il nuovo ruolo di librerie e biblioteche - Fondazione Pirelli","og_description":"\u201cLeggere produce indipendenza\u201d, c\u2019\u00e8 scritto sulla trave di uno dei padiglioni del Salone del Libro di Torino, affollato quasi come nei tempi migliori da una moltitudine allegra di lettori, ragazze e ragazzi soprattutto, in fila paziente davanti alle sale colorate degli incontri con autrici e autori o intenti a sfogliare un volume dopo l\u2019altro negli [&hellip;]","og_url":"https:\/\/www.fondazionepirelli.org\/it\/cultura-dimpresa\/il-successo-del-salone-del-libro-e-il-nuovo-ruolo-di-librerie-e-biblioteche\/","og_site_name":"Fondazione Pirelli","article_published_time":"2021-10-19T11:27:58+00:00","og_image":[{"width":500,"height":333,"url":"https:\/\/wpsite-assets.fondazionepirelli.org\/wp-content\/uploads\/2021\/10\/19080603\/MG_1291-e1634627179537.jpg","type":"image\/jpeg"}],"author":"fondazionepirelli","twitter_card":"summary_large_image","twitter_misc":{"Scritto da":"fondazionepirelli","Tempo di lettura stimato":"5 minuti"},"schema":{"@context":"https:\/\/schema.org","@graph":[{"@type":"WebPage","@id":"https:\/\/www.fondazionepirelli.org\/it\/cultura-dimpresa\/il-successo-del-salone-del-libro-e-il-nuovo-ruolo-di-librerie-e-biblioteche\/","url":"https:\/\/www.fondazionepirelli.org\/it\/cultura-dimpresa\/il-successo-del-salone-del-libro-e-il-nuovo-ruolo-di-librerie-e-biblioteche\/","name":"Il successo del Salone del Libro e il nuovo ruolo di librerie e biblioteche - Fondazione Pirelli","isPartOf":{"@id":"https:\/\/www.fondazionepirelli.org\/it\/#website"},"primaryImageOfPage":{"@id":"https:\/\/www.fondazionepirelli.org\/it\/cultura-dimpresa\/il-successo-del-salone-del-libro-e-il-nuovo-ruolo-di-librerie-e-biblioteche\/#primaryimage"},"image":{"@id":"https:\/\/www.fondazionepirelli.org\/it\/cultura-dimpresa\/il-successo-del-salone-del-libro-e-il-nuovo-ruolo-di-librerie-e-biblioteche\/#primaryimage"},"thumbnailUrl":"https:\/\/wpsite-assets.fondazionepirelli.org\/wp-content\/uploads\/2021\/10\/19080603\/MG_1291-e1634627179537.jpg","datePublished":"2021-10-19T11:27:58+00:00","author":{"@id":"https:\/\/www.fondazionepirelli.org\/it\/#\/schema\/person\/c31fcf5937a0e6afa45497f3f8b6d7a0"},"breadcrumb":{"@id":"https:\/\/www.fondazionepirelli.org\/it\/cultura-dimpresa\/il-successo-del-salone-del-libro-e-il-nuovo-ruolo-di-librerie-e-biblioteche\/#breadcrumb"},"inLanguage":"it-IT","potentialAction":[{"@type":"ReadAction","target":["https:\/\/www.fondazionepirelli.org\/it\/cultura-dimpresa\/il-successo-del-salone-del-libro-e-il-nuovo-ruolo-di-librerie-e-biblioteche\/"]}]},{"@type":"ImageObject","inLanguage":"it-IT","@id":"https:\/\/www.fondazionepirelli.org\/it\/cultura-dimpresa\/il-successo-del-salone-del-libro-e-il-nuovo-ruolo-di-librerie-e-biblioteche\/#primaryimage","url":"https:\/\/wpsite-assets.fondazionepirelli.org\/wp-content\/uploads\/2021\/10\/19080603\/MG_1291-e1634627179537.jpg","contentUrl":"https:\/\/wpsite-assets.fondazionepirelli.org\/wp-content\/uploads\/2021\/10\/19080603\/MG_1291-e1634627179537.jpg","width":500,"height":333},{"@type":"BreadcrumbList","@id":"https:\/\/www.fondazionepirelli.org\/it\/cultura-dimpresa\/il-successo-del-salone-del-libro-e-il-nuovo-ruolo-di-librerie-e-biblioteche\/#breadcrumb","itemListElement":[{"@type":"ListItem","position":1,"name":"Home","item":"https:\/\/www.fondazionepirelli.org\/it\/"},{"@type":"ListItem","position":2,"name":"Il successo del Salone del Libro e il nuovo ruolo di librerie e biblioteche"}]},{"@type":"WebSite","@id":"https:\/\/www.fondazionepirelli.org\/it\/#website","url":"https:\/\/www.fondazionepirelli.org\/it\/","name":"Fondazione Pirelli","description":"","potentialAction":[{"@type":"SearchAction","target":{"@type":"EntryPoint","urlTemplate":"https:\/\/www.fondazionepirelli.org\/it\/?s={search_term_string}"},"query-input":{"@type":"PropertyValueSpecification","valueRequired":true,"valueName":"search_term_string"}}],"inLanguage":"it-IT"},{"@type":"Person","@id":"https:\/\/www.fondazionepirelli.org\/it\/#\/schema\/person\/c31fcf5937a0e6afa45497f3f8b6d7a0","name":"fondazionepirelli","image":{"@type":"ImageObject","inLanguage":"it-IT","@id":"https:\/\/www.fondazionepirelli.org\/it\/#\/schema\/person\/image\/","url":"https:\/\/secure.gravatar.com\/avatar\/9cb486421ce1d6eddbf6c4fb66841b4325b786695f7aedf1dde2222428218696?s=96&d=mm&r=g","contentUrl":"https:\/\/secure.gravatar.com\/avatar\/9cb486421ce1d6eddbf6c4fb66841b4325b786695f7aedf1dde2222428218696?s=96&d=mm&r=g","caption":"fondazionepirelli"},"url":"https:\/\/www.fondazionepirelli.org\/it\/author\/fondazionepirelli\/"}]}},"_links":{"self":[{"href":"https:\/\/www.fondazionepirelli.org\/it\/wp-json\/wp\/v2\/posts\/85179\/"}],"collection":[{"href":"https:\/\/www.fondazionepirelli.org\/it\/wp-json\/wp\/v2\/posts\/"}],"about":[{"href":"https:\/\/www.fondazionepirelli.org\/it\/wp-json\/wp\/v2\/types\/post\/"}],"author":[{"embeddable":true,"href":"https:\/\/www.fondazionepirelli.org\/it\/wp-json\/wp\/v2\/users\/9\/"}],"replies":[{"embeddable":true,"href":"https:\/\/www.fondazionepirelli.org\/it\/wp-json\/wp\/v2\/comments\/?post=85179"}],"version-history":[{"count":3,"href":"https:\/\/www.fondazionepirelli.org\/it\/wp-json\/wp\/v2\/posts\/85179\/revisions\/"}],"predecessor-version":[{"id":85188,"href":"https:\/\/www.fondazionepirelli.org\/it\/wp-json\/wp\/v2\/posts\/85179\/revisions\/85188\/"}],"wp:featuredmedia":[{"embeddable":true,"href":"https:\/\/www.fondazionepirelli.org\/it\/wp-json\/wp\/v2\/media\/85186\/"}],"wp:attachment":[{"href":"https:\/\/www.fondazionepirelli.org\/it\/wp-json\/wp\/v2\/media\/?parent=85179"}],"wp:term":[{"taxonomy":"category","embeddable":true,"href":"https:\/\/www.fondazionepirelli.org\/it\/wp-json\/wp\/v2\/categories\/?post=85179"},{"taxonomy":"post_tag","embeddable":true,"href":"https:\/\/www.fondazionepirelli.org\/it\/wp-json\/wp\/v2\/tags\/?post=85179"}],"curies":[{"name":"wp","href":"https:\/\/api.w.org\/{rel}","templated":true}]}}