{"id":85189,"date":"2021-10-19T12:25:34","date_gmt":"2021-10-19T11:25:34","guid":{"rendered":"https:\/\/www.fondazionepirelli.org\/?p=85189"},"modified":"2021-10-19T12:26:03","modified_gmt":"2021-10-19T11:26:03","slug":"cosa-resta-oggi-di-torino-un-reportage-in-15-dialoghi-sul-futuro","status":"publish","type":"post","link":"https:\/\/www.fondazionepirelli.org\/it\/cultura-dimpresa\/cosa-resta-oggi-di-torino-un-reportage-in-15-dialoghi-sul-futuro\/","title":{"rendered":"Cosa resta oggi di Torino. Un reportage in 15 dialoghi sul futuro."},"content":{"rendered":"<p>Da \u201ccitt\u00e0 imperiale\u201d a \u201ccitt\u00e0 operaia\u201d fino all\u2019odierna \u201ccitt\u00e0 laboratorio\u201d. Torino, pi\u00f9 di altre realt\u00e0 italiane, ha attraversato momenti storici e mutazioni socioeconomiche che ne hanno fatto un osservatorio molto interessante di dinamiche politiche, produttive, culturali e sociali della contemporaneit\u00e0. Capitale del Regno d&#8217;Italia, centro del boom economico e dell\u2019immigrazione dal Mezzogiorno; testimone dei quartieri operai, della grande industria; palcoscenico di contestazioni; promotrice della rigenerazione post-industriale.<\/p>\n<p>Ma oggi? Qual \u00e8 il futuro che si prepara all\u2019ombra della Mole? Le sperimentazioni sociali, le start-up, l\u2019automotive e l\u2019aerospazio?<\/p>\n<p>Andrea Zaghi raccoglie e mette in dialogo quindici testimonianze di chi lavora nelle imprese e di chi ha a che fare con la cultura, la solidariet\u00e0, i contesti giovanili, l\u2019istruzione e la formazione, la ricerca, l\u2019ambiente, le infrastrutture, e molto altro ancora.<\/p>\n<p><em>Torino, citt\u00e0 futura<\/em> (edito da Il Mulino con il sostegno della Fondazione Compagnia di San Paolo e della Fondazione per la Scuola della Compagnia di San Paolo) tratteggia da un lato una Torino che non c\u2019\u00e8 pi\u00f9 e, dall\u2019altro, una Torino che non c\u2019\u00e8 ancora. Ci\u00f2 che sta nel mezzo \u00e8 la citt\u00e0 d\u2019oggi: non pi\u00f9 industriale, non pi\u00f9 imperiale, non pi\u00f9 esuberante n\u00e9 \u201cin movimento\u201d.<\/p>\n<p>C\u2019\u00e8 chi ricorda con nostalgia il passato fervore culturale, artistico e manifatturiero e, al contempo, chi evidenzia come le Olimpiadi del 2006 abbiano segnato uno spartiacque decisivo dopo il quale la citt\u00e0 manca di direzioni chiare. E cos\u00ec, le dicotomie hanno trovato terreno fertile per inasprirsi: centro e periferia, ricchezza e povert\u00e0, emarginazione ed <em>\u00e9lite<\/em>, fabbrica e <em>intellighenzia<\/em>, la volont\u00e0 di recuperare centralit\u00e0 nel Paese in contrasto con i mancati investimenti sui giovani talenti. Da simili polarizzazioni prendono le mosse il diffuso senso di disillusione che emerge nelle dichiarazioni degli intervistati.<\/p>\n<p>Eppure, quella che il testo di Zaghi rimanda \u00e8 anche l\u2019immagine di una realt\u00e0 vivace e resiliente, composta da tante storie, volti e persone. Sono i giovani, le periferie, le associazioni laiche e religiose che dal basso fanno sistema per scuotere e risvegliare il territorio a partire dalla green economy, dalla cultura, dalla digitalizzazione, dalla riurbanizzazione e dalle infrastrutture. L\u2019unica vera ricchezza da tesaurizzare \u00e8 il capitale umano riscattato dalle periferie, dagli emarginati, dalla formazione, dal fare rete, dall\u2019\u00abavere delle antenne pensanti sparse per le sue vie\u00bb per ascoltare e per riscoprire l\u2019immaginazione, il coraggio di rompere gli schemi, l\u2019apertura verso gli altri. Come sottolinea Francesco Profumo nella prefazione, il testo di Zaghi \u00abcontiene una serie di suggestioni e indicazioni che possono fare in modo, se ascoltate e sviluppate, di dare davvero a questa citt\u00e0 un futuro diverso dall\u2019oggi, un futuro migliore di oggi\u00bb.<\/p><p><strong><em>Torino, citt\u00e0 futura<\/em><\/strong><\/p>\n<p>Andrea Zaghi<\/p>\n<p>Edizioni Il Mulino, 2021<\/p>","protected":false},"excerpt":{"rendered":"<p>Da \u201ccitt\u00e0 imperiale\u201d a \u201ccitt\u00e0 operaia\u201d fino all\u2019odierna \u201ccitt\u00e0 laboratorio\u201d. Torino, pi\u00f9 di altre realt\u00e0 italiane, ha attraversato momenti storici e mutazioni socioeconomiche che ne hanno fatto un osservatorio molto interessante di dinamiche politiche, produttive, culturali e sociali della contemporaneit\u00e0. Capitale del Regno d&#8217;Italia, centro del boom economico e dell\u2019immigrazione dal Mezzogiorno; testimone dei quartieri [&hellip;]<\/p>\n","protected":false},"author":9,"featured_media":85192,"comment_status":"open","ping_status":"open","sticky":false,"template":"","format":"standard","meta":{"footnotes":""},"categories":[52,58],"tags":[],"class_list":["post-85189","post","type-post","status-publish","format-standard","has-post-thumbnail","hentry","category-cultura-dimpresa","category-recensioni-libri"],"acf":[],"yoast_head":"<!-- This site is optimized with the Yoast SEO plugin v25.0 - https:\/\/yoast.com\/wordpress\/plugins\/seo\/ -->\n<title>Cosa resta oggi di Torino. Un reportage in 15 dialoghi sul futuro. - Fondazione Pirelli<\/title>\n<meta name=\"robots\" content=\"index, follow, max-snippet:-1, max-image-preview:large, max-video-preview:-1\" \/>\n<link rel=\"canonical\" href=\"https:\/\/www.fondazionepirelli.org\/it\/cultura-dimpresa\/cosa-resta-oggi-di-torino-un-reportage-in-15-dialoghi-sul-futuro\/\" \/>\n<meta property=\"og:locale\" content=\"it_IT\" \/>\n<meta property=\"og:type\" content=\"article\" \/>\n<meta property=\"og:title\" content=\"Cosa resta oggi di Torino. Un reportage in 15 dialoghi sul futuro. - Fondazione Pirelli\" \/>\n<meta property=\"og:description\" content=\"Da \u201ccitt\u00e0 imperiale\u201d a \u201ccitt\u00e0 operaia\u201d fino all\u2019odierna \u201ccitt\u00e0 laboratorio\u201d. Torino, pi\u00f9 di altre realt\u00e0 italiane, ha attraversato momenti storici e mutazioni socioeconomiche che ne hanno fatto un osservatorio molto interessante di dinamiche politiche, produttive, culturali e sociali della contemporaneit\u00e0. Capitale del Regno d&#8217;Italia, centro del boom economico e dell\u2019immigrazione dal Mezzogiorno; testimone dei quartieri [&hellip;]\" \/>\n<meta property=\"og:url\" content=\"https:\/\/127.0.0.1\/it\/cultura-dimpresa\/cosa-resta-oggi-di-torino-un-reportage-in-15-dialoghi-sul-futuro\/\" \/>\n<meta property=\"og:site_name\" content=\"Fondazione Pirelli\" \/>\n<meta property=\"article:published_time\" content=\"2021-10-19T11:25:34+00:00\" \/>\n<meta property=\"article:modified_time\" content=\"2021-10-19T11:26:03+00:00\" \/>\n<meta property=\"og:image\" content=\"https:\/\/wpsite-assets.fondazionepirelli.org\/wp-content\/uploads\/2021\/10\/19122528\/9788815294593_0_536_0_75-1-e1634642751641.jpg\" \/>\n\t<meta property=\"og:image:width\" content=\"499\" \/>\n\t<meta property=\"og:image:height\" content=\"785\" \/>\n\t<meta property=\"og:image:type\" content=\"image\/jpeg\" \/>\n<meta name=\"author\" content=\"fondazionepirelli\" \/>\n<meta name=\"twitter:card\" content=\"summary_large_image\" \/>\n<meta name=\"twitter:label1\" content=\"Scritto da\" \/>\n\t<meta name=\"twitter:data1\" content=\"fondazionepirelli\" \/>\n\t<meta name=\"twitter:label2\" content=\"Tempo di lettura stimato\" \/>\n\t<meta name=\"twitter:data2\" content=\"2 minuti\" \/>\n<script type=\"application\/ld+json\" class=\"yoast-schema-graph\">{\"@context\":\"https:\/\/schema.org\",\"@graph\":[{\"@type\":\"WebPage\",\"@id\":\"https:\/\/127.0.0.1\/it\/cultura-dimpresa\/cosa-resta-oggi-di-torino-un-reportage-in-15-dialoghi-sul-futuro\/\",\"url\":\"https:\/\/127.0.0.1\/it\/cultura-dimpresa\/cosa-resta-oggi-di-torino-un-reportage-in-15-dialoghi-sul-futuro\/\",\"name\":\"Cosa resta oggi di Torino. Un reportage in 15 dialoghi sul futuro. - Fondazione Pirelli\",\"isPartOf\":{\"@id\":\"https:\/\/www.fondazionepirelli.org\/it\/#website\"},\"primaryImageOfPage\":{\"@id\":\"https:\/\/127.0.0.1\/it\/cultura-dimpresa\/cosa-resta-oggi-di-torino-un-reportage-in-15-dialoghi-sul-futuro\/#primaryimage\"},\"image\":{\"@id\":\"https:\/\/127.0.0.1\/it\/cultura-dimpresa\/cosa-resta-oggi-di-torino-un-reportage-in-15-dialoghi-sul-futuro\/#primaryimage\"},\"thumbnailUrl\":\"https:\/\/wpsite-assets.fondazionepirelli.org\/wp-content\/uploads\/2021\/10\/19122528\/9788815294593_0_536_0_75-1-e1634642751641.jpg\",\"datePublished\":\"2021-10-19T11:25:34+00:00\",\"dateModified\":\"2021-10-19T11:26:03+00:00\",\"author\":{\"@id\":\"https:\/\/www.fondazionepirelli.org\/it\/#\/schema\/person\/c31fcf5937a0e6afa45497f3f8b6d7a0\"},\"breadcrumb\":{\"@id\":\"https:\/\/127.0.0.1\/it\/cultura-dimpresa\/cosa-resta-oggi-di-torino-un-reportage-in-15-dialoghi-sul-futuro\/#breadcrumb\"},\"inLanguage\":\"it-IT\",\"potentialAction\":[{\"@type\":\"ReadAction\",\"target\":[\"https:\/\/127.0.0.1\/it\/cultura-dimpresa\/cosa-resta-oggi-di-torino-un-reportage-in-15-dialoghi-sul-futuro\/\"]}]},{\"@type\":\"ImageObject\",\"inLanguage\":\"it-IT\",\"@id\":\"https:\/\/127.0.0.1\/it\/cultura-dimpresa\/cosa-resta-oggi-di-torino-un-reportage-in-15-dialoghi-sul-futuro\/#primaryimage\",\"url\":\"https:\/\/wpsite-assets.fondazionepirelli.org\/wp-content\/uploads\/2021\/10\/19122528\/9788815294593_0_536_0_75-1-e1634642751641.jpg\",\"contentUrl\":\"https:\/\/wpsite-assets.fondazionepirelli.org\/wp-content\/uploads\/2021\/10\/19122528\/9788815294593_0_536_0_75-1-e1634642751641.jpg\",\"width\":499,\"height\":785},{\"@type\":\"BreadcrumbList\",\"@id\":\"https:\/\/127.0.0.1\/it\/cultura-dimpresa\/cosa-resta-oggi-di-torino-un-reportage-in-15-dialoghi-sul-futuro\/#breadcrumb\",\"itemListElement\":[{\"@type\":\"ListItem\",\"position\":1,\"name\":\"Home\",\"item\":\"https:\/\/www.fondazionepirelli.org\/it\/\"},{\"@type\":\"ListItem\",\"position\":2,\"name\":\"Cosa resta oggi di Torino. Un reportage in 15 dialoghi sul futuro.\"}]},{\"@type\":\"WebSite\",\"@id\":\"https:\/\/www.fondazionepirelli.org\/it\/#website\",\"url\":\"https:\/\/www.fondazionepirelli.org\/it\/\",\"name\":\"Fondazione Pirelli\",\"description\":\"\",\"potentialAction\":[{\"@type\":\"SearchAction\",\"target\":{\"@type\":\"EntryPoint\",\"urlTemplate\":\"https:\/\/www.fondazionepirelli.org\/it\/?s={search_term_string}\"},\"query-input\":{\"@type\":\"PropertyValueSpecification\",\"valueRequired\":true,\"valueName\":\"search_term_string\"}}],\"inLanguage\":\"it-IT\"},{\"@type\":\"Person\",\"@id\":\"https:\/\/www.fondazionepirelli.org\/it\/#\/schema\/person\/c31fcf5937a0e6afa45497f3f8b6d7a0\",\"name\":\"fondazionepirelli\",\"image\":{\"@type\":\"ImageObject\",\"inLanguage\":\"it-IT\",\"@id\":\"https:\/\/www.fondazionepirelli.org\/it\/#\/schema\/person\/image\/\",\"url\":\"https:\/\/secure.gravatar.com\/avatar\/9cb486421ce1d6eddbf6c4fb66841b4325b786695f7aedf1dde2222428218696?s=96&d=mm&r=g\",\"contentUrl\":\"https:\/\/secure.gravatar.com\/avatar\/9cb486421ce1d6eddbf6c4fb66841b4325b786695f7aedf1dde2222428218696?s=96&d=mm&r=g\",\"caption\":\"fondazionepirelli\"},\"url\":\"https:\/\/www.fondazionepirelli.org\/it\/author\/fondazionepirelli\/\"}]}<\/script>\n<!-- \/ Yoast SEO plugin. -->","yoast_head_json":{"title":"Cosa resta oggi di Torino. Un reportage in 15 dialoghi sul futuro. - Fondazione Pirelli","robots":{"index":"index","follow":"follow","max-snippet":"max-snippet:-1","max-image-preview":"max-image-preview:large","max-video-preview":"max-video-preview:-1"},"canonical":"https:\/\/www.fondazionepirelli.org\/it\/cultura-dimpresa\/cosa-resta-oggi-di-torino-un-reportage-in-15-dialoghi-sul-futuro\/","og_locale":"it_IT","og_type":"article","og_title":"Cosa resta oggi di Torino. Un reportage in 15 dialoghi sul futuro. - Fondazione Pirelli","og_description":"Da \u201ccitt\u00e0 imperiale\u201d a \u201ccitt\u00e0 operaia\u201d fino all\u2019odierna \u201ccitt\u00e0 laboratorio\u201d. Torino, pi\u00f9 di altre realt\u00e0 italiane, ha attraversato momenti storici e mutazioni socioeconomiche che ne hanno fatto un osservatorio molto interessante di dinamiche politiche, produttive, culturali e sociali della contemporaneit\u00e0. Capitale del Regno d&#8217;Italia, centro del boom economico e dell\u2019immigrazione dal Mezzogiorno; testimone dei quartieri [&hellip;]","og_url":"https:\/\/127.0.0.1\/it\/cultura-dimpresa\/cosa-resta-oggi-di-torino-un-reportage-in-15-dialoghi-sul-futuro\/","og_site_name":"Fondazione Pirelli","article_published_time":"2021-10-19T11:25:34+00:00","article_modified_time":"2021-10-19T11:26:03+00:00","og_image":[{"width":499,"height":785,"url":"https:\/\/wpsite-assets.fondazionepirelli.org\/wp-content\/uploads\/2021\/10\/19122528\/9788815294593_0_536_0_75-1-e1634642751641.jpg","type":"image\/jpeg"}],"author":"fondazionepirelli","twitter_card":"summary_large_image","twitter_misc":{"Scritto da":"fondazionepirelli","Tempo di lettura stimato":"2 minuti"},"schema":{"@context":"https:\/\/schema.org","@graph":[{"@type":"WebPage","@id":"https:\/\/127.0.0.1\/it\/cultura-dimpresa\/cosa-resta-oggi-di-torino-un-reportage-in-15-dialoghi-sul-futuro\/","url":"https:\/\/127.0.0.1\/it\/cultura-dimpresa\/cosa-resta-oggi-di-torino-un-reportage-in-15-dialoghi-sul-futuro\/","name":"Cosa resta oggi di Torino. Un reportage in 15 dialoghi sul futuro. - Fondazione Pirelli","isPartOf":{"@id":"https:\/\/www.fondazionepirelli.org\/it\/#website"},"primaryImageOfPage":{"@id":"https:\/\/127.0.0.1\/it\/cultura-dimpresa\/cosa-resta-oggi-di-torino-un-reportage-in-15-dialoghi-sul-futuro\/#primaryimage"},"image":{"@id":"https:\/\/127.0.0.1\/it\/cultura-dimpresa\/cosa-resta-oggi-di-torino-un-reportage-in-15-dialoghi-sul-futuro\/#primaryimage"},"thumbnailUrl":"https:\/\/wpsite-assets.fondazionepirelli.org\/wp-content\/uploads\/2021\/10\/19122528\/9788815294593_0_536_0_75-1-e1634642751641.jpg","datePublished":"2021-10-19T11:25:34+00:00","dateModified":"2021-10-19T11:26:03+00:00","author":{"@id":"https:\/\/www.fondazionepirelli.org\/it\/#\/schema\/person\/c31fcf5937a0e6afa45497f3f8b6d7a0"},"breadcrumb":{"@id":"https:\/\/127.0.0.1\/it\/cultura-dimpresa\/cosa-resta-oggi-di-torino-un-reportage-in-15-dialoghi-sul-futuro\/#breadcrumb"},"inLanguage":"it-IT","potentialAction":[{"@type":"ReadAction","target":["https:\/\/127.0.0.1\/it\/cultura-dimpresa\/cosa-resta-oggi-di-torino-un-reportage-in-15-dialoghi-sul-futuro\/"]}]},{"@type":"ImageObject","inLanguage":"it-IT","@id":"https:\/\/127.0.0.1\/it\/cultura-dimpresa\/cosa-resta-oggi-di-torino-un-reportage-in-15-dialoghi-sul-futuro\/#primaryimage","url":"https:\/\/wpsite-assets.fondazionepirelli.org\/wp-content\/uploads\/2021\/10\/19122528\/9788815294593_0_536_0_75-1-e1634642751641.jpg","contentUrl":"https:\/\/wpsite-assets.fondazionepirelli.org\/wp-content\/uploads\/2021\/10\/19122528\/9788815294593_0_536_0_75-1-e1634642751641.jpg","width":499,"height":785},{"@type":"BreadcrumbList","@id":"https:\/\/127.0.0.1\/it\/cultura-dimpresa\/cosa-resta-oggi-di-torino-un-reportage-in-15-dialoghi-sul-futuro\/#breadcrumb","itemListElement":[{"@type":"ListItem","position":1,"name":"Home","item":"https:\/\/www.fondazionepirelli.org\/it\/"},{"@type":"ListItem","position":2,"name":"Cosa resta oggi di Torino. Un reportage in 15 dialoghi sul futuro."}]},{"@type":"WebSite","@id":"https:\/\/www.fondazionepirelli.org\/it\/#website","url":"https:\/\/www.fondazionepirelli.org\/it\/","name":"Fondazione Pirelli","description":"","potentialAction":[{"@type":"SearchAction","target":{"@type":"EntryPoint","urlTemplate":"https:\/\/www.fondazionepirelli.org\/it\/?s={search_term_string}"},"query-input":{"@type":"PropertyValueSpecification","valueRequired":true,"valueName":"search_term_string"}}],"inLanguage":"it-IT"},{"@type":"Person","@id":"https:\/\/www.fondazionepirelli.org\/it\/#\/schema\/person\/c31fcf5937a0e6afa45497f3f8b6d7a0","name":"fondazionepirelli","image":{"@type":"ImageObject","inLanguage":"it-IT","@id":"https:\/\/www.fondazionepirelli.org\/it\/#\/schema\/person\/image\/","url":"https:\/\/secure.gravatar.com\/avatar\/9cb486421ce1d6eddbf6c4fb66841b4325b786695f7aedf1dde2222428218696?s=96&d=mm&r=g","contentUrl":"https:\/\/secure.gravatar.com\/avatar\/9cb486421ce1d6eddbf6c4fb66841b4325b786695f7aedf1dde2222428218696?s=96&d=mm&r=g","caption":"fondazionepirelli"},"url":"https:\/\/www.fondazionepirelli.org\/it\/author\/fondazionepirelli\/"}]}},"_links":{"self":[{"href":"https:\/\/www.fondazionepirelli.org\/it\/wp-json\/wp\/v2\/posts\/85189\/"}],"collection":[{"href":"https:\/\/www.fondazionepirelli.org\/it\/wp-json\/wp\/v2\/posts\/"}],"about":[{"href":"https:\/\/www.fondazionepirelli.org\/it\/wp-json\/wp\/v2\/types\/post\/"}],"author":[{"embeddable":true,"href":"https:\/\/www.fondazionepirelli.org\/it\/wp-json\/wp\/v2\/users\/9\/"}],"replies":[{"embeddable":true,"href":"https:\/\/www.fondazionepirelli.org\/it\/wp-json\/wp\/v2\/comments\/?post=85189"}],"version-history":[{"count":2,"href":"https:\/\/www.fondazionepirelli.org\/it\/wp-json\/wp\/v2\/posts\/85189\/revisions\/"}],"predecessor-version":[{"id":85191,"href":"https:\/\/www.fondazionepirelli.org\/it\/wp-json\/wp\/v2\/posts\/85189\/revisions\/85191\/"}],"wp:featuredmedia":[{"embeddable":true,"href":"https:\/\/www.fondazionepirelli.org\/it\/wp-json\/wp\/v2\/media\/85192\/"}],"wp:attachment":[{"href":"https:\/\/www.fondazionepirelli.org\/it\/wp-json\/wp\/v2\/media\/?parent=85189"}],"wp:term":[{"taxonomy":"category","embeddable":true,"href":"https:\/\/www.fondazionepirelli.org\/it\/wp-json\/wp\/v2\/categories\/?post=85189"},{"taxonomy":"post_tag","embeddable":true,"href":"https:\/\/www.fondazionepirelli.org\/it\/wp-json\/wp\/v2\/tags\/?post=85189"}],"curies":[{"name":"wp","href":"https:\/\/api.w.org\/{rel}","templated":true}]}}