{"id":85241,"date":"2021-10-26T08:30:49","date_gmt":"2021-10-26T07:30:49","guid":{"rendered":"https:\/\/www.fondazionepirelli.org\/?p=85241"},"modified":"2021-11-02T15:57:14","modified_gmt":"2021-11-02T14:57:14","slug":"al-di-la-dei-rischi-e-delle-paure-quotidiane-ricostruire-fiducia-su-istituzioni-e-imprese","status":"publish","type":"post","link":"https:\/\/www.fondazionepirelli.org\/it\/cultura-dimpresa\/al-di-la-dei-rischi-e-delle-paure-quotidiane-ricostruire-fiducia-su-istituzioni-e-imprese\/","title":{"rendered":"Al di l\u00e0 dei rischi e delle paure quotidiane ricostruire fiducia su istituzioni e imprese"},"content":{"rendered":"<p>\u201cNessuno pu\u00f2 tornare indietro e ricominciare da capo, ma chiunque pu\u00f2 andare avanti e decidere il finale\u201d. Affidarsi alla saggezza di <strong>Karl Barth,<\/strong> teologo svizzero, acuta mente critica del Novecento, aiuta a trovare strade possibili di comportamento in una \u201c<strong>societ\u00e0 del rischio<\/strong>\u201d (Ulrich Beck) che amplifica la crescente sensazione di <strong>incertezza<\/strong> e di<strong> fragilit\u00e0<\/strong> che continua a ferire la nostra condizione umana. Emergenze ambientali, pandemia, cybercrime invasivo, violenze razziali, ma anche tensioni economiche sull\u2019energia e sulle materie prime, sui microchip, sul lavoro e sui prezzi acuiscono la portata dei problemi aperti. E aggravano la nostra sensazione di <strong>insicurezza<\/strong>, fanno crescere l\u2019ansia personale e sociale di fronte alle <strong>ombre del futuro<\/strong>. Ecco il punto di Barth. Decidere il finale come? Con quali scelte? E come fare vivere il riformismo responsabile, in tempi di crisi radicali e metamorfosi?<br \/>\nGuardiamo, innanzitutto, lo stato delle cose. La globalizzazione estrema ha mostrato da tempo i suoi limiti (\u201cLeft Behind\u201d era il titolo di un\u2019efficace copertina di \u201cThe Economist\u201d dell\u2019ottobre 2017, gi\u00e0 quattro anni fa, per illustrare una documentata inchiesta su persone e luoghi \u201churt by globalisation\u201d, colpiti dolorosamente dalle diseguaglianze crescenti e dalle speculazioni della finanza rapace internazionale). E lo sviluppo impetuoso delle nuove tecnologie digitali ha travolto gli assetti tradizionali di produzione, consumo, distribuzione del reddito. Vita civile, ambiente, mercati ne risentono pesantemente. E il disagio sociale crescente turba profondamente anche gli equilibri politici, soprattutto nelle sensibili democrazie liberali.<\/p>\n<p>A che rischi andiamo incontro? Le cronache di questi mesi controversi ci offrono alcune delle tante rappresentazioni. La pandemia da Covid19, che ancora dura, pur ridimensionata dalla diffusione dei vaccini e di terapie finalmente efficaci. Le <strong>devastazioni ambientali<\/strong>, determinate dalle scelte inquinanti dell\u2019aria e delle acque. E il proliferare del<strong> cybercrime<\/strong>, che rende insicure e fragili tutte le reti di connessione che riguardano l\u2019economia, i trasporti, le comunicazioni, i mille aspetti della vita quotidiana.<br \/>\nEccola, la \u201csociet\u00e0 del rischio\u201d. Con fenomeni aggravati dalla crescente intolleranza per i tanti aspetti dei divari e delle diseguaglianze di genere, generazione, religione, razza, cultura.<br \/>\nA rendere il quadro pi\u00f9 cupo concorrono le nuove dimensioni di quella che \u201cThe Economist\u201d ha definito la \u201c<strong>shortage economy<\/strong>\u201d (ne abbiamo parlato nel blog di due settimane fa), un\u2019economia della scarsit\u00e0 che riguarda le fonti energetiche (con impennata dei prezzi del petrolio e del gas) e una serie di materie prime, ma anche la componentistica essenziale di parte ampia dell\u2019industria e dei servizi (i microchip) e, nel cambiamento radicale degli assetti produttivi, anche la mano d\u2019opera qualificata e i mezzi di trasporto marittimo (il sovraffollamento dei porti del Pacifico, con le gigantesche navi porta-container in rada a Los Angeles, ferme perch\u00e9 non riescono a caricare e scaricare, ne \u00e8 oggi immagine esemplare, dopo quella del luglio scorso del blocco del Canale di Suez).<br \/>\n\u201cQuesto eterno presente non ci fa pensare al futuro\u201d, nota Giuseppe De Rita (\u201cCorriere della Sera\u201d, 23 ottobre), rilevando criticamente il nostro chiudersi nel piccolo recinto delle paure e degli interessi privati, familisti, egoisticamente localisti e nazionalisti.<br \/>\nEppure, proprio la crisi da pandemia e recessione ci mostra come sia necessario uscire dall\u2019angustia degli egoismi particolari e partecipare alla scommessa ragionevole su un migliore futuro.<\/p>\n<p>La collaborazione internazionale tra scienziati, centri di ricerca pubblici e privati, imprese e, naturalmente, governi ha dato all\u2019umanit\u00e0, in tempi molto brevi, i vaccini, mettendo ben a frutto una lunga stagione di ricerche di base su biologia, genomica, farmaceutica. Ed \u00e8 chiaro come su questa strada sia necessario continuare ad andare: la salute \u00e8 un bene pubblico fondamentale, le sinergie tra istituzioni e imprese pu\u00f2 fare moltissimo.<br \/>\nGli Stati, i governi e le autorit\u00e0 monetarie internazionali, che hanno messo da canto l\u2019ortodossia ideologica dell\u2019austerit\u00e0 e promosso spesa pubblica contro la caduta dei redditi e per investimenti di sviluppo, hanno aperto una <strong>nuova stagione economica<\/strong>. Il \u201cRecovery Plan\u201d dell&#8217; Ue centrato su <strong>green economy<\/strong> e digital economy, pensando soprattutto alla Next Generation, \u00e8 una delle scelte migliori in questa direzione. Ed \u00e8 un\u2019Europa generosa, lungimirante e impegnata sui progetti di sviluppo sostenibile cui continuare a guardare con fiducia. Il Governo Draghi, in Italia, ne \u00e8 protagonista di grande rilievo.<br \/>\nEccola, la strada da seguire. Un riformismo lungimirante e sensibile. Una ricostruzione di fiducia grazie a una capacit\u00e0 di governo competente e autorevole, attento agli interessi generali.<br \/>\nDecidere il finale, dunque. Alla Barth. Con <strong>consapevolezza della fragilit\u00e0<\/strong>, ma senza cedere alle paure, alle emozioni irrazionali, al pensiero magico o agli egoismi di corporazione e di comunit\u00e0 chiuse, escludenti, gelose d\u2019un piccolo o grande privilegio. E facendosi carico, con senso di responsabilit\u00e0, dei progetti e dei costi di un futuro migliore. \u201cI care\u201d era un\u2019espressione cara ad alcune delle personalit\u00e0 che segnano ancora positivamente il nostro tempo. Don Milani, per esempio. O l\u2019ex presidente degli Usa Obama. \u201cI care\u201d e cio\u00e8 ho a cuore, mi faccio carico di un problema, mi prendo cura delle persone con cui entro in rapporto, per \u201csimpatia\u201d (sun e pathos, affrontare insieme una tensione, un dolore) e solidariet\u00e0. Per spirito di comunit\u00e0. Una buona indicazione.<\/p>\n","protected":false},"excerpt":{"rendered":"<p>\u201cNessuno pu\u00f2 tornare indietro e ricominciare da capo, ma chiunque pu\u00f2 andare avanti e decidere il finale\u201d. Affidarsi alla saggezza di Karl Barth, teologo svizzero, acuta mente critica del Novecento, aiuta a trovare strade possibili di comportamento in una \u201csociet\u00e0 del rischio\u201d (Ulrich Beck) che amplifica la crescente sensazione di incertezza e di fragilit\u00e0 che [&hellip;]<\/p>\n","protected":false},"author":9,"featured_media":85266,"comment_status":"open","ping_status":"open","sticky":false,"template":"","format":"standard","meta":{"footnotes":""},"categories":[53,52],"tags":[],"class_list":["post-85241","post","type-post","status-publish","format-standard","has-post-thumbnail","hentry","category-blog","category-cultura-dimpresa"],"acf":[],"yoast_head":"<!-- This site is optimized with the Yoast SEO plugin v25.0 - https:\/\/yoast.com\/wordpress\/plugins\/seo\/ -->\n<title>Al di l\u00e0 dei rischi e delle paure quotidiane ricostruire fiducia su istituzioni e imprese - Fondazione Pirelli<\/title>\n<meta name=\"robots\" content=\"index, follow, max-snippet:-1, max-image-preview:large, max-video-preview:-1\" \/>\n<link rel=\"canonical\" href=\"https:\/\/www.fondazionepirelli.org\/it\/cultura-dimpresa\/al-di-la-dei-rischi-e-delle-paure-quotidiane-ricostruire-fiducia-su-istituzioni-e-imprese\/\" \/>\n<meta property=\"og:locale\" content=\"it_IT\" \/>\n<meta property=\"og:type\" content=\"article\" \/>\n<meta property=\"og:title\" content=\"Al di l\u00e0 dei rischi e delle paure quotidiane ricostruire fiducia su istituzioni e imprese - Fondazione Pirelli\" \/>\n<meta property=\"og:description\" content=\"\u201cNessuno pu\u00f2 tornare indietro e ricominciare da capo, ma chiunque pu\u00f2 andare avanti e decidere il finale\u201d. Affidarsi alla saggezza di Karl Barth, teologo svizzero, acuta mente critica del Novecento, aiuta a trovare strade possibili di comportamento in una \u201csociet\u00e0 del rischio\u201d (Ulrich Beck) che amplifica la crescente sensazione di incertezza e di fragilit\u00e0 che [&hellip;]\" \/>\n<meta property=\"og:url\" content=\"https:\/\/www.fondazionepirelli.org\/it\/cultura-dimpresa\/al-di-la-dei-rischi-e-delle-paure-quotidiane-ricostruire-fiducia-su-istituzioni-e-imprese\/\" \/>\n<meta property=\"og:site_name\" content=\"Fondazione Pirelli\" \/>\n<meta property=\"article:published_time\" content=\"2021-10-26T07:30:49+00:00\" \/>\n<meta property=\"article:modified_time\" content=\"2021-11-02T14:57:14+00:00\" \/>\n<meta property=\"og:image\" content=\"https:\/\/wpsite-assets.fondazionepirelli.org\/wp-content\/uploads\/2021\/10\/26082850\/064ddc_ecb0ffa42c4c4edfb4e6d01fe6f4c93a_mv2-e1635233350142.jpg\" \/>\n\t<meta property=\"og:image:width\" content=\"500\" \/>\n\t<meta property=\"og:image:height\" content=\"306\" \/>\n\t<meta property=\"og:image:type\" content=\"image\/jpeg\" \/>\n<meta name=\"author\" content=\"fondazionepirelli\" \/>\n<meta name=\"twitter:card\" content=\"summary_large_image\" \/>\n<meta name=\"twitter:label1\" content=\"Scritto da\" \/>\n\t<meta name=\"twitter:data1\" content=\"fondazionepirelli\" \/>\n\t<meta name=\"twitter:label2\" content=\"Tempo di lettura stimato\" \/>\n\t<meta name=\"twitter:data2\" content=\"4 minuti\" \/>\n<script type=\"application\/ld+json\" class=\"yoast-schema-graph\">{\"@context\":\"https:\/\/schema.org\",\"@graph\":[{\"@type\":\"WebPage\",\"@id\":\"https:\/\/www.fondazionepirelli.org\/it\/cultura-dimpresa\/al-di-la-dei-rischi-e-delle-paure-quotidiane-ricostruire-fiducia-su-istituzioni-e-imprese\/\",\"url\":\"https:\/\/www.fondazionepirelli.org\/it\/cultura-dimpresa\/al-di-la-dei-rischi-e-delle-paure-quotidiane-ricostruire-fiducia-su-istituzioni-e-imprese\/\",\"name\":\"Al di l\u00e0 dei rischi e delle paure quotidiane ricostruire fiducia su istituzioni e imprese - Fondazione Pirelli\",\"isPartOf\":{\"@id\":\"https:\/\/www.fondazionepirelli.org\/it\/#website\"},\"primaryImageOfPage\":{\"@id\":\"https:\/\/www.fondazionepirelli.org\/it\/cultura-dimpresa\/al-di-la-dei-rischi-e-delle-paure-quotidiane-ricostruire-fiducia-su-istituzioni-e-imprese\/#primaryimage\"},\"image\":{\"@id\":\"https:\/\/www.fondazionepirelli.org\/it\/cultura-dimpresa\/al-di-la-dei-rischi-e-delle-paure-quotidiane-ricostruire-fiducia-su-istituzioni-e-imprese\/#primaryimage\"},\"thumbnailUrl\":\"https:\/\/wpsite-assets.fondazionepirelli.org\/wp-content\/uploads\/2021\/10\/26082850\/064ddc_ecb0ffa42c4c4edfb4e6d01fe6f4c93a_mv2-e1635233350142.jpg\",\"datePublished\":\"2021-10-26T07:30:49+00:00\",\"dateModified\":\"2021-11-02T14:57:14+00:00\",\"author\":{\"@id\":\"https:\/\/www.fondazionepirelli.org\/it\/#\/schema\/person\/c31fcf5937a0e6afa45497f3f8b6d7a0\"},\"breadcrumb\":{\"@id\":\"https:\/\/www.fondazionepirelli.org\/it\/cultura-dimpresa\/al-di-la-dei-rischi-e-delle-paure-quotidiane-ricostruire-fiducia-su-istituzioni-e-imprese\/#breadcrumb\"},\"inLanguage\":\"it-IT\",\"potentialAction\":[{\"@type\":\"ReadAction\",\"target\":[\"https:\/\/www.fondazionepirelli.org\/it\/cultura-dimpresa\/al-di-la-dei-rischi-e-delle-paure-quotidiane-ricostruire-fiducia-su-istituzioni-e-imprese\/\"]}]},{\"@type\":\"ImageObject\",\"inLanguage\":\"it-IT\",\"@id\":\"https:\/\/www.fondazionepirelli.org\/it\/cultura-dimpresa\/al-di-la-dei-rischi-e-delle-paure-quotidiane-ricostruire-fiducia-su-istituzioni-e-imprese\/#primaryimage\",\"url\":\"https:\/\/wpsite-assets.fondazionepirelli.org\/wp-content\/uploads\/2021\/10\/26082850\/064ddc_ecb0ffa42c4c4edfb4e6d01fe6f4c93a_mv2-e1635233350142.jpg\",\"contentUrl\":\"https:\/\/wpsite-assets.fondazionepirelli.org\/wp-content\/uploads\/2021\/10\/26082850\/064ddc_ecb0ffa42c4c4edfb4e6d01fe6f4c93a_mv2-e1635233350142.jpg\",\"width\":500,\"height\":306},{\"@type\":\"BreadcrumbList\",\"@id\":\"https:\/\/www.fondazionepirelli.org\/it\/cultura-dimpresa\/al-di-la-dei-rischi-e-delle-paure-quotidiane-ricostruire-fiducia-su-istituzioni-e-imprese\/#breadcrumb\",\"itemListElement\":[{\"@type\":\"ListItem\",\"position\":1,\"name\":\"Home\",\"item\":\"https:\/\/www.fondazionepirelli.org\/it\/\"},{\"@type\":\"ListItem\",\"position\":2,\"name\":\"Al di l\u00e0 dei rischi e delle paure quotidiane ricostruire fiducia su istituzioni e imprese\"}]},{\"@type\":\"WebSite\",\"@id\":\"https:\/\/www.fondazionepirelli.org\/it\/#website\",\"url\":\"https:\/\/www.fondazionepirelli.org\/it\/\",\"name\":\"Fondazione Pirelli\",\"description\":\"\",\"potentialAction\":[{\"@type\":\"SearchAction\",\"target\":{\"@type\":\"EntryPoint\",\"urlTemplate\":\"https:\/\/www.fondazionepirelli.org\/it\/?s={search_term_string}\"},\"query-input\":{\"@type\":\"PropertyValueSpecification\",\"valueRequired\":true,\"valueName\":\"search_term_string\"}}],\"inLanguage\":\"it-IT\"},{\"@type\":\"Person\",\"@id\":\"https:\/\/www.fondazionepirelli.org\/it\/#\/schema\/person\/c31fcf5937a0e6afa45497f3f8b6d7a0\",\"name\":\"fondazionepirelli\",\"image\":{\"@type\":\"ImageObject\",\"inLanguage\":\"it-IT\",\"@id\":\"https:\/\/www.fondazionepirelli.org\/it\/#\/schema\/person\/image\/\",\"url\":\"https:\/\/secure.gravatar.com\/avatar\/9cb486421ce1d6eddbf6c4fb66841b4325b786695f7aedf1dde2222428218696?s=96&d=mm&r=g\",\"contentUrl\":\"https:\/\/secure.gravatar.com\/avatar\/9cb486421ce1d6eddbf6c4fb66841b4325b786695f7aedf1dde2222428218696?s=96&d=mm&r=g\",\"caption\":\"fondazionepirelli\"},\"url\":\"https:\/\/www.fondazionepirelli.org\/it\/author\/fondazionepirelli\/\"}]}<\/script>\n<!-- \/ Yoast SEO plugin. -->","yoast_head_json":{"title":"Al di l\u00e0 dei rischi e delle paure quotidiane ricostruire fiducia su istituzioni e imprese - Fondazione Pirelli","robots":{"index":"index","follow":"follow","max-snippet":"max-snippet:-1","max-image-preview":"max-image-preview:large","max-video-preview":"max-video-preview:-1"},"canonical":"https:\/\/www.fondazionepirelli.org\/it\/cultura-dimpresa\/al-di-la-dei-rischi-e-delle-paure-quotidiane-ricostruire-fiducia-su-istituzioni-e-imprese\/","og_locale":"it_IT","og_type":"article","og_title":"Al di l\u00e0 dei rischi e delle paure quotidiane ricostruire fiducia su istituzioni e imprese - Fondazione Pirelli","og_description":"\u201cNessuno pu\u00f2 tornare indietro e ricominciare da capo, ma chiunque pu\u00f2 andare avanti e decidere il finale\u201d. Affidarsi alla saggezza di Karl Barth, teologo svizzero, acuta mente critica del Novecento, aiuta a trovare strade possibili di comportamento in una \u201csociet\u00e0 del rischio\u201d (Ulrich Beck) che amplifica la crescente sensazione di incertezza e di fragilit\u00e0 che [&hellip;]","og_url":"https:\/\/www.fondazionepirelli.org\/it\/cultura-dimpresa\/al-di-la-dei-rischi-e-delle-paure-quotidiane-ricostruire-fiducia-su-istituzioni-e-imprese\/","og_site_name":"Fondazione Pirelli","article_published_time":"2021-10-26T07:30:49+00:00","article_modified_time":"2021-11-02T14:57:14+00:00","og_image":[{"width":500,"height":306,"url":"https:\/\/wpsite-assets.fondazionepirelli.org\/wp-content\/uploads\/2021\/10\/26082850\/064ddc_ecb0ffa42c4c4edfb4e6d01fe6f4c93a_mv2-e1635233350142.jpg","type":"image\/jpeg"}],"author":"fondazionepirelli","twitter_card":"summary_large_image","twitter_misc":{"Scritto da":"fondazionepirelli","Tempo di lettura stimato":"4 minuti"},"schema":{"@context":"https:\/\/schema.org","@graph":[{"@type":"WebPage","@id":"https:\/\/www.fondazionepirelli.org\/it\/cultura-dimpresa\/al-di-la-dei-rischi-e-delle-paure-quotidiane-ricostruire-fiducia-su-istituzioni-e-imprese\/","url":"https:\/\/www.fondazionepirelli.org\/it\/cultura-dimpresa\/al-di-la-dei-rischi-e-delle-paure-quotidiane-ricostruire-fiducia-su-istituzioni-e-imprese\/","name":"Al di l\u00e0 dei rischi e delle paure quotidiane ricostruire fiducia su istituzioni e imprese - Fondazione Pirelli","isPartOf":{"@id":"https:\/\/www.fondazionepirelli.org\/it\/#website"},"primaryImageOfPage":{"@id":"https:\/\/www.fondazionepirelli.org\/it\/cultura-dimpresa\/al-di-la-dei-rischi-e-delle-paure-quotidiane-ricostruire-fiducia-su-istituzioni-e-imprese\/#primaryimage"},"image":{"@id":"https:\/\/www.fondazionepirelli.org\/it\/cultura-dimpresa\/al-di-la-dei-rischi-e-delle-paure-quotidiane-ricostruire-fiducia-su-istituzioni-e-imprese\/#primaryimage"},"thumbnailUrl":"https:\/\/wpsite-assets.fondazionepirelli.org\/wp-content\/uploads\/2021\/10\/26082850\/064ddc_ecb0ffa42c4c4edfb4e6d01fe6f4c93a_mv2-e1635233350142.jpg","datePublished":"2021-10-26T07:30:49+00:00","dateModified":"2021-11-02T14:57:14+00:00","author":{"@id":"https:\/\/www.fondazionepirelli.org\/it\/#\/schema\/person\/c31fcf5937a0e6afa45497f3f8b6d7a0"},"breadcrumb":{"@id":"https:\/\/www.fondazionepirelli.org\/it\/cultura-dimpresa\/al-di-la-dei-rischi-e-delle-paure-quotidiane-ricostruire-fiducia-su-istituzioni-e-imprese\/#breadcrumb"},"inLanguage":"it-IT","potentialAction":[{"@type":"ReadAction","target":["https:\/\/www.fondazionepirelli.org\/it\/cultura-dimpresa\/al-di-la-dei-rischi-e-delle-paure-quotidiane-ricostruire-fiducia-su-istituzioni-e-imprese\/"]}]},{"@type":"ImageObject","inLanguage":"it-IT","@id":"https:\/\/www.fondazionepirelli.org\/it\/cultura-dimpresa\/al-di-la-dei-rischi-e-delle-paure-quotidiane-ricostruire-fiducia-su-istituzioni-e-imprese\/#primaryimage","url":"https:\/\/wpsite-assets.fondazionepirelli.org\/wp-content\/uploads\/2021\/10\/26082850\/064ddc_ecb0ffa42c4c4edfb4e6d01fe6f4c93a_mv2-e1635233350142.jpg","contentUrl":"https:\/\/wpsite-assets.fondazionepirelli.org\/wp-content\/uploads\/2021\/10\/26082850\/064ddc_ecb0ffa42c4c4edfb4e6d01fe6f4c93a_mv2-e1635233350142.jpg","width":500,"height":306},{"@type":"BreadcrumbList","@id":"https:\/\/www.fondazionepirelli.org\/it\/cultura-dimpresa\/al-di-la-dei-rischi-e-delle-paure-quotidiane-ricostruire-fiducia-su-istituzioni-e-imprese\/#breadcrumb","itemListElement":[{"@type":"ListItem","position":1,"name":"Home","item":"https:\/\/www.fondazionepirelli.org\/it\/"},{"@type":"ListItem","position":2,"name":"Al di l\u00e0 dei rischi e delle paure quotidiane ricostruire fiducia su istituzioni e imprese"}]},{"@type":"WebSite","@id":"https:\/\/www.fondazionepirelli.org\/it\/#website","url":"https:\/\/www.fondazionepirelli.org\/it\/","name":"Fondazione Pirelli","description":"","potentialAction":[{"@type":"SearchAction","target":{"@type":"EntryPoint","urlTemplate":"https:\/\/www.fondazionepirelli.org\/it\/?s={search_term_string}"},"query-input":{"@type":"PropertyValueSpecification","valueRequired":true,"valueName":"search_term_string"}}],"inLanguage":"it-IT"},{"@type":"Person","@id":"https:\/\/www.fondazionepirelli.org\/it\/#\/schema\/person\/c31fcf5937a0e6afa45497f3f8b6d7a0","name":"fondazionepirelli","image":{"@type":"ImageObject","inLanguage":"it-IT","@id":"https:\/\/www.fondazionepirelli.org\/it\/#\/schema\/person\/image\/","url":"https:\/\/secure.gravatar.com\/avatar\/9cb486421ce1d6eddbf6c4fb66841b4325b786695f7aedf1dde2222428218696?s=96&d=mm&r=g","contentUrl":"https:\/\/secure.gravatar.com\/avatar\/9cb486421ce1d6eddbf6c4fb66841b4325b786695f7aedf1dde2222428218696?s=96&d=mm&r=g","caption":"fondazionepirelli"},"url":"https:\/\/www.fondazionepirelli.org\/it\/author\/fondazionepirelli\/"}]}},"_links":{"self":[{"href":"https:\/\/www.fondazionepirelli.org\/it\/wp-json\/wp\/v2\/posts\/85241\/"}],"collection":[{"href":"https:\/\/www.fondazionepirelli.org\/it\/wp-json\/wp\/v2\/posts\/"}],"about":[{"href":"https:\/\/www.fondazionepirelli.org\/it\/wp-json\/wp\/v2\/types\/post\/"}],"author":[{"embeddable":true,"href":"https:\/\/www.fondazionepirelli.org\/it\/wp-json\/wp\/v2\/users\/9\/"}],"replies":[{"embeddable":true,"href":"https:\/\/www.fondazionepirelli.org\/it\/wp-json\/wp\/v2\/comments\/?post=85241"}],"version-history":[{"count":4,"href":"https:\/\/www.fondazionepirelli.org\/it\/wp-json\/wp\/v2\/posts\/85241\/revisions\/"}],"predecessor-version":[{"id":85399,"href":"https:\/\/www.fondazionepirelli.org\/it\/wp-json\/wp\/v2\/posts\/85241\/revisions\/85399\/"}],"wp:featuredmedia":[{"embeddable":true,"href":"https:\/\/www.fondazionepirelli.org\/it\/wp-json\/wp\/v2\/media\/85266\/"}],"wp:attachment":[{"href":"https:\/\/www.fondazionepirelli.org\/it\/wp-json\/wp\/v2\/media\/?parent=85241"}],"wp:term":[{"taxonomy":"category","embeddable":true,"href":"https:\/\/www.fondazionepirelli.org\/it\/wp-json\/wp\/v2\/categories\/?post=85241"},{"taxonomy":"post_tag","embeddable":true,"href":"https:\/\/www.fondazionepirelli.org\/it\/wp-json\/wp\/v2\/tags\/?post=85241"}],"curies":[{"name":"wp","href":"https:\/\/api.w.org\/{rel}","templated":true}]}}