{"id":85247,"date":"2021-10-26T08:32:01","date_gmt":"2021-10-26T07:32:01","guid":{"rendered":"https:\/\/www.fondazionepirelli.org\/?p=85247"},"modified":"2021-11-02T16:03:15","modified_gmt":"2021-11-02T15:03:15","slug":"capire-la-diseguaglianza-per-capire-come-crescere","status":"publish","type":"post","link":"https:\/\/www.fondazionepirelli.org\/it\/cultura-dimpresa\/capire-la-diseguaglianza-per-capire-come-crescere\/","title":{"rendered":"Capire la diseguaglianza per capire come crescere"},"content":{"rendered":"<p><em>L\u2019ultimo libro di Pierluigi Ciocca va al centro della questione povert\u00e0\/ricchezza. E delinea un possibile percorso di sviluppo<\/em><\/p>\n<p><strong>\u00a0<\/strong><\/p>\n<p>Pochi ricchi, molti poveri. Diseguaglianze. Una questione che non \u00e8 solo etica ma anche economica, perch\u00e9 mette in forse le basi stesse dello sviluppo e della crescita. Questione che oggi torna in primo piano. E non solo nelle analisi degli economisti, ma anche nelle cronache giornalistiche. E che deve anche essere tenuta in gran conto dalle imprese cos\u00ec come dai governi.<\/p>\n<p>Attualissimo eppure antichissimo, il nodo delle diseguaglianze \u2013 e quindi della ricchezza e della povert\u00e0 -, deve essere sciolto ma \u00e8 difficilissimo scioglierlo. Per farlo, o almeno per provarci, serve prima capire bene come si \u00e8 formato. Ed a questo serve leggere \u201cRicchi e poveri. Storia della diseguaglianza\u201d di Pierluigi Ciocca: un vero racconto della continua contrapposizione di questi due stati dell\u2019uomo scritto con le competenze di un economista e la curiosit\u00e0 di un antropologo, che va dal Paleolitico ai Sumeri, dagli Etruschi all&#8217;Antica Roma, fino all&#8217;Et\u00e0 moderna e contemporanea. E che non \u00e8, occorre sottolinearlo, un libretto di storia scritto da un economista, ma qualcosa di molto denso, importante, utile a molti.<\/p>\n<p>Ciocca \u2013 con un linguaggio sempre piano e semplice ma non per questo privo di esattezza \u2013 delinea prima i concetti di povert\u00e0 e ricchezza, poi approfondisce la constatazione che povert\u00e0\/ricchezza sia la \u201cdiade che ha segnato e segna la storia dell\u2019umanit\u00e0\u201d, per passare quindi ad approfondire alcuni passaggi della storia dell\u2019umanit\u00e0 visti proprio dal lato del grado di povert\u00e0 e ricchezza che li ha connotati. Ciocca, quindi, approfondisce la situazione dell\u2019Europa preindustriale, poi quella che gradualmente ha condotto dal Medioevo al secolo dei Lumi, alla Rivoluzione industriale e quindi all\u2019Ottocento e ai giorni nostri. L\u2019autore, quindi, esamina le \u201cragioni dell\u2019equit\u00e0\u201d e la possibilit\u00e0 di agire concretamente per ottenerla.<\/p>\n<p>E\u2019 bello da leggere il libro di Ciocca. Ed \u00e8 bello da rileggere e da tenere come una specie di guida per comprendere meglio uno dei problemi (forse il problema) che pi\u00f9 di altri pu\u00f2 condizionare il futuro dell\u2019attuale assetto economico e sociale.<\/p><p><strong>Ricchi e poveri. Storia della diseguaglianza<\/strong><\/p>\n<p>Pierluigi Ciocca<\/p>\n<p>Einaudi, 2021<\/p>\n","protected":false},"excerpt":{"rendered":"<p>L\u2019ultimo libro di Pierluigi Ciocca va al centro della questione povert\u00e0\/ricchezza. E delinea un possibile percorso di sviluppo \u00a0 Pochi ricchi, molti poveri. Diseguaglianze. Una questione che non \u00e8 solo etica ma anche economica, perch\u00e9 mette in forse le basi stesse dello sviluppo e della crescita. Questione che oggi torna in primo piano. E non [&hellip;]<\/p>\n","protected":false},"author":9,"featured_media":85248,"comment_status":"open","ping_status":"open","sticky":false,"template":"","format":"standard","meta":{"footnotes":""},"categories":[52,58],"tags":[],"class_list":["post-85247","post","type-post","status-publish","format-standard","has-post-thumbnail","hentry","category-cultura-dimpresa","category-recensioni-libri"],"acf":[],"yoast_head":"<!-- This site is optimized with the Yoast SEO plugin v25.0 - https:\/\/yoast.com\/wordpress\/plugins\/seo\/ -->\n<title>Capire la diseguaglianza per capire come crescere - Fondazione Pirelli<\/title>\n<meta name=\"robots\" content=\"index, follow, max-snippet:-1, max-image-preview:large, max-video-preview:-1\" \/>\n<link rel=\"canonical\" href=\"https:\/\/www.fondazionepirelli.org\/it\/cultura-dimpresa\/capire-la-diseguaglianza-per-capire-come-crescere\/\" \/>\n<meta property=\"og:locale\" content=\"it_IT\" \/>\n<meta property=\"og:type\" content=\"article\" \/>\n<meta property=\"og:title\" content=\"Capire la diseguaglianza per capire come crescere - Fondazione Pirelli\" \/>\n<meta property=\"og:description\" content=\"L\u2019ultimo libro di Pierluigi Ciocca va al centro della questione povert\u00e0\/ricchezza. E delinea un possibile percorso di sviluppo \u00a0 Pochi ricchi, molti poveri. Diseguaglianze. Una questione che non \u00e8 solo etica ma anche economica, perch\u00e9 mette in forse le basi stesse dello sviluppo e della crescita. Questione che oggi torna in primo piano. E non [&hellip;]\" \/>\n<meta property=\"og:url\" content=\"https:\/\/www.fondazionepirelli.org\/it\/cultura-dimpresa\/capire-la-diseguaglianza-per-capire-come-crescere\/\" \/>\n<meta property=\"og:site_name\" content=\"Fondazione Pirelli\" \/>\n<meta property=\"article:published_time\" content=\"2021-10-26T07:32:01+00:00\" \/>\n<meta property=\"article:modified_time\" content=\"2021-11-02T15:03:15+00:00\" \/>\n<meta property=\"og:image\" content=\"https:\/\/wpsite-assets.fondazionepirelli.org\/wp-content\/uploads\/2021\/10\/25074159\/61TxMdzVwkL-e1635144129897.jpg\" \/>\n\t<meta property=\"og:image:width\" content=\"500\" \/>\n\t<meta property=\"og:image:height\" content=\"773\" \/>\n\t<meta property=\"og:image:type\" content=\"image\/jpeg\" \/>\n<meta name=\"author\" content=\"fondazionepirelli\" \/>\n<meta name=\"twitter:card\" content=\"summary_large_image\" \/>\n<meta name=\"twitter:label1\" content=\"Scritto da\" \/>\n\t<meta name=\"twitter:data1\" content=\"fondazionepirelli\" \/>\n\t<meta name=\"twitter:label2\" content=\"Tempo di lettura stimato\" \/>\n\t<meta name=\"twitter:data2\" content=\"2 minuti\" \/>\n<script type=\"application\/ld+json\" class=\"yoast-schema-graph\">{\"@context\":\"https:\/\/schema.org\",\"@graph\":[{\"@type\":\"WebPage\",\"@id\":\"https:\/\/www.fondazionepirelli.org\/it\/cultura-dimpresa\/capire-la-diseguaglianza-per-capire-come-crescere\/\",\"url\":\"https:\/\/www.fondazionepirelli.org\/it\/cultura-dimpresa\/capire-la-diseguaglianza-per-capire-come-crescere\/\",\"name\":\"Capire la diseguaglianza per capire come crescere - Fondazione Pirelli\",\"isPartOf\":{\"@id\":\"https:\/\/www.fondazionepirelli.org\/it\/#website\"},\"primaryImageOfPage\":{\"@id\":\"https:\/\/www.fondazionepirelli.org\/it\/cultura-dimpresa\/capire-la-diseguaglianza-per-capire-come-crescere\/#primaryimage\"},\"image\":{\"@id\":\"https:\/\/www.fondazionepirelli.org\/it\/cultura-dimpresa\/capire-la-diseguaglianza-per-capire-come-crescere\/#primaryimage\"},\"thumbnailUrl\":\"https:\/\/wpsite-assets.fondazionepirelli.org\/wp-content\/uploads\/2021\/10\/25074159\/61TxMdzVwkL-e1635144129897.jpg\",\"datePublished\":\"2021-10-26T07:32:01+00:00\",\"dateModified\":\"2021-11-02T15:03:15+00:00\",\"author\":{\"@id\":\"https:\/\/www.fondazionepirelli.org\/it\/#\/schema\/person\/c31fcf5937a0e6afa45497f3f8b6d7a0\"},\"breadcrumb\":{\"@id\":\"https:\/\/www.fondazionepirelli.org\/it\/cultura-dimpresa\/capire-la-diseguaglianza-per-capire-come-crescere\/#breadcrumb\"},\"inLanguage\":\"it-IT\",\"potentialAction\":[{\"@type\":\"ReadAction\",\"target\":[\"https:\/\/www.fondazionepirelli.org\/it\/cultura-dimpresa\/capire-la-diseguaglianza-per-capire-come-crescere\/\"]}]},{\"@type\":\"ImageObject\",\"inLanguage\":\"it-IT\",\"@id\":\"https:\/\/www.fondazionepirelli.org\/it\/cultura-dimpresa\/capire-la-diseguaglianza-per-capire-come-crescere\/#primaryimage\",\"url\":\"https:\/\/wpsite-assets.fondazionepirelli.org\/wp-content\/uploads\/2021\/10\/25074159\/61TxMdzVwkL-e1635144129897.jpg\",\"contentUrl\":\"https:\/\/wpsite-assets.fondazionepirelli.org\/wp-content\/uploads\/2021\/10\/25074159\/61TxMdzVwkL-e1635144129897.jpg\",\"width\":500,\"height\":773},{\"@type\":\"BreadcrumbList\",\"@id\":\"https:\/\/www.fondazionepirelli.org\/it\/cultura-dimpresa\/capire-la-diseguaglianza-per-capire-come-crescere\/#breadcrumb\",\"itemListElement\":[{\"@type\":\"ListItem\",\"position\":1,\"name\":\"Home\",\"item\":\"https:\/\/www.fondazionepirelli.org\/it\/\"},{\"@type\":\"ListItem\",\"position\":2,\"name\":\"Capire la diseguaglianza per capire come crescere\"}]},{\"@type\":\"WebSite\",\"@id\":\"https:\/\/www.fondazionepirelli.org\/it\/#website\",\"url\":\"https:\/\/www.fondazionepirelli.org\/it\/\",\"name\":\"Fondazione Pirelli\",\"description\":\"\",\"potentialAction\":[{\"@type\":\"SearchAction\",\"target\":{\"@type\":\"EntryPoint\",\"urlTemplate\":\"https:\/\/www.fondazionepirelli.org\/it\/?s={search_term_string}\"},\"query-input\":{\"@type\":\"PropertyValueSpecification\",\"valueRequired\":true,\"valueName\":\"search_term_string\"}}],\"inLanguage\":\"it-IT\"},{\"@type\":\"Person\",\"@id\":\"https:\/\/www.fondazionepirelli.org\/it\/#\/schema\/person\/c31fcf5937a0e6afa45497f3f8b6d7a0\",\"name\":\"fondazionepirelli\",\"image\":{\"@type\":\"ImageObject\",\"inLanguage\":\"it-IT\",\"@id\":\"https:\/\/www.fondazionepirelli.org\/it\/#\/schema\/person\/image\/\",\"url\":\"https:\/\/secure.gravatar.com\/avatar\/9cb486421ce1d6eddbf6c4fb66841b4325b786695f7aedf1dde2222428218696?s=96&d=mm&r=g\",\"contentUrl\":\"https:\/\/secure.gravatar.com\/avatar\/9cb486421ce1d6eddbf6c4fb66841b4325b786695f7aedf1dde2222428218696?s=96&d=mm&r=g\",\"caption\":\"fondazionepirelli\"},\"url\":\"https:\/\/www.fondazionepirelli.org\/it\/author\/fondazionepirelli\/\"}]}<\/script>\n<!-- \/ Yoast SEO plugin. -->","yoast_head_json":{"title":"Capire la diseguaglianza per capire come crescere - Fondazione Pirelli","robots":{"index":"index","follow":"follow","max-snippet":"max-snippet:-1","max-image-preview":"max-image-preview:large","max-video-preview":"max-video-preview:-1"},"canonical":"https:\/\/www.fondazionepirelli.org\/it\/cultura-dimpresa\/capire-la-diseguaglianza-per-capire-come-crescere\/","og_locale":"it_IT","og_type":"article","og_title":"Capire la diseguaglianza per capire come crescere - Fondazione Pirelli","og_description":"L\u2019ultimo libro di Pierluigi Ciocca va al centro della questione povert\u00e0\/ricchezza. E delinea un possibile percorso di sviluppo \u00a0 Pochi ricchi, molti poveri. Diseguaglianze. Una questione che non \u00e8 solo etica ma anche economica, perch\u00e9 mette in forse le basi stesse dello sviluppo e della crescita. Questione che oggi torna in primo piano. E non [&hellip;]","og_url":"https:\/\/www.fondazionepirelli.org\/it\/cultura-dimpresa\/capire-la-diseguaglianza-per-capire-come-crescere\/","og_site_name":"Fondazione Pirelli","article_published_time":"2021-10-26T07:32:01+00:00","article_modified_time":"2021-11-02T15:03:15+00:00","og_image":[{"width":500,"height":773,"url":"https:\/\/wpsite-assets.fondazionepirelli.org\/wp-content\/uploads\/2021\/10\/25074159\/61TxMdzVwkL-e1635144129897.jpg","type":"image\/jpeg"}],"author":"fondazionepirelli","twitter_card":"summary_large_image","twitter_misc":{"Scritto da":"fondazionepirelli","Tempo di lettura stimato":"2 minuti"},"schema":{"@context":"https:\/\/schema.org","@graph":[{"@type":"WebPage","@id":"https:\/\/www.fondazionepirelli.org\/it\/cultura-dimpresa\/capire-la-diseguaglianza-per-capire-come-crescere\/","url":"https:\/\/www.fondazionepirelli.org\/it\/cultura-dimpresa\/capire-la-diseguaglianza-per-capire-come-crescere\/","name":"Capire la diseguaglianza per capire come crescere - Fondazione Pirelli","isPartOf":{"@id":"https:\/\/www.fondazionepirelli.org\/it\/#website"},"primaryImageOfPage":{"@id":"https:\/\/www.fondazionepirelli.org\/it\/cultura-dimpresa\/capire-la-diseguaglianza-per-capire-come-crescere\/#primaryimage"},"image":{"@id":"https:\/\/www.fondazionepirelli.org\/it\/cultura-dimpresa\/capire-la-diseguaglianza-per-capire-come-crescere\/#primaryimage"},"thumbnailUrl":"https:\/\/wpsite-assets.fondazionepirelli.org\/wp-content\/uploads\/2021\/10\/25074159\/61TxMdzVwkL-e1635144129897.jpg","datePublished":"2021-10-26T07:32:01+00:00","dateModified":"2021-11-02T15:03:15+00:00","author":{"@id":"https:\/\/www.fondazionepirelli.org\/it\/#\/schema\/person\/c31fcf5937a0e6afa45497f3f8b6d7a0"},"breadcrumb":{"@id":"https:\/\/www.fondazionepirelli.org\/it\/cultura-dimpresa\/capire-la-diseguaglianza-per-capire-come-crescere\/#breadcrumb"},"inLanguage":"it-IT","potentialAction":[{"@type":"ReadAction","target":["https:\/\/www.fondazionepirelli.org\/it\/cultura-dimpresa\/capire-la-diseguaglianza-per-capire-come-crescere\/"]}]},{"@type":"ImageObject","inLanguage":"it-IT","@id":"https:\/\/www.fondazionepirelli.org\/it\/cultura-dimpresa\/capire-la-diseguaglianza-per-capire-come-crescere\/#primaryimage","url":"https:\/\/wpsite-assets.fondazionepirelli.org\/wp-content\/uploads\/2021\/10\/25074159\/61TxMdzVwkL-e1635144129897.jpg","contentUrl":"https:\/\/wpsite-assets.fondazionepirelli.org\/wp-content\/uploads\/2021\/10\/25074159\/61TxMdzVwkL-e1635144129897.jpg","width":500,"height":773},{"@type":"BreadcrumbList","@id":"https:\/\/www.fondazionepirelli.org\/it\/cultura-dimpresa\/capire-la-diseguaglianza-per-capire-come-crescere\/#breadcrumb","itemListElement":[{"@type":"ListItem","position":1,"name":"Home","item":"https:\/\/www.fondazionepirelli.org\/it\/"},{"@type":"ListItem","position":2,"name":"Capire la diseguaglianza per capire come crescere"}]},{"@type":"WebSite","@id":"https:\/\/www.fondazionepirelli.org\/it\/#website","url":"https:\/\/www.fondazionepirelli.org\/it\/","name":"Fondazione Pirelli","description":"","potentialAction":[{"@type":"SearchAction","target":{"@type":"EntryPoint","urlTemplate":"https:\/\/www.fondazionepirelli.org\/it\/?s={search_term_string}"},"query-input":{"@type":"PropertyValueSpecification","valueRequired":true,"valueName":"search_term_string"}}],"inLanguage":"it-IT"},{"@type":"Person","@id":"https:\/\/www.fondazionepirelli.org\/it\/#\/schema\/person\/c31fcf5937a0e6afa45497f3f8b6d7a0","name":"fondazionepirelli","image":{"@type":"ImageObject","inLanguage":"it-IT","@id":"https:\/\/www.fondazionepirelli.org\/it\/#\/schema\/person\/image\/","url":"https:\/\/secure.gravatar.com\/avatar\/9cb486421ce1d6eddbf6c4fb66841b4325b786695f7aedf1dde2222428218696?s=96&d=mm&r=g","contentUrl":"https:\/\/secure.gravatar.com\/avatar\/9cb486421ce1d6eddbf6c4fb66841b4325b786695f7aedf1dde2222428218696?s=96&d=mm&r=g","caption":"fondazionepirelli"},"url":"https:\/\/www.fondazionepirelli.org\/it\/author\/fondazionepirelli\/"}]}},"_links":{"self":[{"href":"https:\/\/www.fondazionepirelli.org\/it\/wp-json\/wp\/v2\/posts\/85247\/"}],"collection":[{"href":"https:\/\/www.fondazionepirelli.org\/it\/wp-json\/wp\/v2\/posts\/"}],"about":[{"href":"https:\/\/www.fondazionepirelli.org\/it\/wp-json\/wp\/v2\/types\/post\/"}],"author":[{"embeddable":true,"href":"https:\/\/www.fondazionepirelli.org\/it\/wp-json\/wp\/v2\/users\/9\/"}],"replies":[{"embeddable":true,"href":"https:\/\/www.fondazionepirelli.org\/it\/wp-json\/wp\/v2\/comments\/?post=85247"}],"version-history":[{"count":2,"href":"https:\/\/www.fondazionepirelli.org\/it\/wp-json\/wp\/v2\/posts\/85247\/revisions\/"}],"predecessor-version":[{"id":85251,"href":"https:\/\/www.fondazionepirelli.org\/it\/wp-json\/wp\/v2\/posts\/85247\/revisions\/85251\/"}],"wp:featuredmedia":[{"embeddable":true,"href":"https:\/\/www.fondazionepirelli.org\/it\/wp-json\/wp\/v2\/media\/85248\/"}],"wp:attachment":[{"href":"https:\/\/www.fondazionepirelli.org\/it\/wp-json\/wp\/v2\/media\/?parent=85247"}],"wp:term":[{"taxonomy":"category","embeddable":true,"href":"https:\/\/www.fondazionepirelli.org\/it\/wp-json\/wp\/v2\/categories\/?post=85247"},{"taxonomy":"post_tag","embeddable":true,"href":"https:\/\/www.fondazionepirelli.org\/it\/wp-json\/wp\/v2\/tags\/?post=85247"}],"curies":[{"name":"wp","href":"https:\/\/api.w.org\/{rel}","templated":true}]}}