{"id":85436,"date":"2021-11-09T09:11:18","date_gmt":"2021-11-09T08:11:18","guid":{"rendered":"https:\/\/www.fondazionepirelli.org\/?p=85436"},"modified":"2021-11-15T17:39:47","modified_gmt":"2021-11-15T16:39:47","slug":"raccontare-milano-con-le-mille-gru-dei-cantierie-i-versi-di-saba-in-cui-si-accendono-parole","status":"publish","type":"post","link":"https:\/\/www.fondazionepirelli.org\/it\/cultura-dimpresa\/raccontare-milano-con-le-mille-gru-dei-cantierie-i-versi-di-saba-in-cui-si-accendono-parole\/","title":{"rendered":"Raccontare Milano con le mille gru dei cantierie i versi di Saba in cui \u201csi accendono parole\u201d"},"content":{"rendered":"<p><strong>Raccontare Milano<\/strong>, fuori dai luoghi comuni, proprio in questi tempi di risvegli e ripresa. Cercando di capire, tra storia e attualit\u00e0, anche il senso profondo delle implicazioni delle recenti dichiarazioni del sindaco di Londra Sadiq Khan: \u201cLondra e Milano, fari per l\u2019ambiente\u201d, date le <strong>politiche innovative<\/strong> scelte per difendere e valorizzare lo sviluppo sostenibile (\u201cCorriere della Sera\u201d, 4 novembre).<\/p>\n<p>Per farlo, si pu\u00f2 anche partire da una strada estranea alla politica. E affidarsi alla capacit\u00e0 d\u2019epifania della poesia. Rileggendo, per esempio, le parole di <strong>Umberto Saba<\/strong>: \u201cTra le tue pietre e le tue nebbie faccio villeggiatura. Mi riposo in piazza del Duomo. Invece di stelle, ogni sera si accendono parole\u201d.<\/p>\n<p>Sono versi dal \u201cCanzoniere\u201d, pubblicato da Einaudi nel 1965. E rendono manifesto il carattere di una citt\u00e0 il cui ritmo vitale consente spazi di quiete e di riflessione e in cui l\u2019attitudine alla conversazione, alla cultura narrativa e, appunto, al fare poesia \u00e8 una profonda dimensione dell\u2019anima. Da considerare strettamente connessa alla volont\u00e0 del fare, del progettare, dell\u2019intraprendere, del lavorare. E, come s\u2019addice a una vera e propria capitale di libri e giornali, all\u2019inclinazione al raccontare.<\/p>\n<p>Milano citt\u00e0 di <strong>ingegneri filosofi<\/strong> (Leonardo Sinisgalli) e di letterati sostenitori della \u201c<strong>cultura politecnica<\/strong>\u201d (Elio Vittorini), di imprenditori amanti del teatro (i Pirelli, i Borletti e i Falck, fondatori del Piccolo Teatro di Paolo Grassi e Giorgio Strelher), di banchieri umanisti (Raffaele Mattioli, presidente della Banca Commerciale Italiana) e di industriali mecenati. Milano, ancor oggi, da vivere e scrivere, seguendo le indicazioni di Alberto Savinio: \u201cAscolto il tuo cuore, citt\u00e0\u2026\u201d, come s\u2019annunciava con amorosa curiosit\u00e0 nel difficile inizio degli anni Quaranta, andando alla scoperta di una Milano \u201cdotta e meditativa\u201d, \u201cromantica\u201d, \u201ctutta pietra in apparenza e dura\u201d ma anche \u201cmorbida di giardini interni\u201d.<\/p>\n<p>Le \u201cpietre\u201d di Saba. Le \u201cpietre\u201d di Savinio. E adesso? Le \u201cpietre\u201d miste al vetro e all\u2019acciaio dei grattacieli luminosi di Porta Nuova e CityLife, quelle delle periferie che in tanti tentano di \u201crammendare\u201d secondo le indicazioni di Renzo Piano e quelle altre delle universit\u00e0 che fanno crescere accanto agli edifici storici (la Statale in via Festa del Perdono, la Cattolica a un passo da Sant\u2019Ambrogio, il Politecnico in piazza Leonardo Da Vinci) le nuove sedi in Bovisa, in Bicocca, nei campus Bocconi e Iulm a sud della citt\u00e0 o negli spazi di Mind, \u201cMilan Innovation District\u201d, proprio l\u00e0 dove si sono celebrati i successi internazionali dell\u2019Expo 2015.<\/p>\n<p>Passato e presente, <strong>memoria e innovazione<\/strong>. Come s\u2019addice a una metropoli che ha 200mila studenti universitari e ne continua ad attrarre migliaia da tutto il mondo. Milano colta e magistrale, luogo da buoni maestri. O anche, perch\u00e9 no?, ascoltando Lucio Dalla, \u201cMilano che ride e si diverte\u2026\u201d o \u201cMilano lontana dal cielo\/ tra la vita e la morte continua il tuo mistero\u201d.<\/p>\n<p>Un mistero davvero? Forse, la chiave per provare a decifrare quello che potremmo chiamare \u201c<strong>l\u2019umanesimo dinamico<\/strong>\u201d di Milano, sta nell\u2019originale sintesi tra cultura di radici classiche, conoscenze scientifiche e vocazione imprenditoriale. E, soprattutto, in una capacit\u00e0 di concepire il lavoro come impegno serio, cura per la qualit\u00e0 di prodotti e processi di produzione, scrupolo a fare bene e, contemporaneamente, come segno di identit\u00e0 personale, appartenenza a una comunit\u00e0, valore di cittadinanza. Ricordando qui, ancora una volta, le parole essenziali dell\u2019editto del vescovo Ariberto d\u2019Intimiano, nel 1018: \u201cChi sa lavorare venga a Milano. E chi viene a Milano \u00e8 un uomo libero\u201d.<\/p>\n<p>Per costruire il racconto di un grande cambiamento in corso, dopo la crisi da pandemia e recessione, si pu\u00f2 guardare la grande mappa urbana della metropoli in trasformazione e prendere nota delle pi\u00f9 recenti novit\u00e0.<\/p>\n<p>Vanno avanti speditamente i lavori di <strong>MilanoSesto<\/strong>, una delle pi\u00f9 importanti iniziative europee di rigenerazione urbana, seguita da Hines su un progetto di Foster+Partners nell\u2019area che sino agli anni Ottanta ospitava le gigantesche Acciaierie Falck: uno spazio da 1,5milioni di metri quadri su cui sorgeranno abitazioni, servizi, uffici, una \u201ccitt\u00e0 della salute\u201d progettata da Mario Cucinella e una avveniristica stazione ferroviaria progettata da Renzo Piano, insieme a tanto verde (10mila nuovi alberi) e strutture per il social housing, case a prezzo contenuto per studenti e abitanti a basso reddito. Al Social Housing ci si affida anche nell\u2019area dell\u2019ex Macello, con un intervento di Redo, una \u201cbenefit company\u201d presieduta da Carlo Cerami e con risorse di Fondazione Cariplo, Cassa Depositi e Prestiti e Intesa San Paolo: \u201cAbitazioni a basso impatto ambientale e basso costo\u201d, spiega Cerami.<\/p>\n<p>Altri cantieri si aprono, a <strong>San Siro<\/strong> e al <strong>Gratosoglio<\/strong>, per il rilancio dei quartieri popolari. Si espande, tra il Lorenteggio e il Naviglio Grande, l\u2019idea del \u201cBosco Verticale\u201d di Stefano Boeri, un quartiere disteso nel verde urbano, ai margini della ricostruzione degli spazi dell\u2019ex stazione ferroviaria di Porta Genova. E, proprio in centro della citt\u00e0, proseguono rapidamente i lavori di ristrutturazione della Torre Velasca, mentre il fondo immobiliare internazionale Blackstone compra 14 palazzi storici nel \u201cQuadrilatero della Moda\u201d tra Montenapoleone e via Spiga, con un investimento da 1,5 miliardi.<\/p>\n<p>L\u2019elenco potrebbe continuare a lungo, raccontando di strade e piazza, aree dismesse da valorizzare e luoghi residenziali da fare rivivere. Cantieri e gru. Progetti da archistar e ristrutturazioni. Tutto in movimento. Come dimostrano anche i dati di Unioncamere per la Lombardia: il volume d\u2019affari dell\u2019edilizia nel 2021 \u00e8 cresciuto del 37,4%, un vero e proprio boom che ha Milano metropoli come baricentro.<\/p>\n<p>Ecco il punto su cui riflettere. Milano come baricentro. Citt\u00e0 grande. Citt\u00e0 aperta. Nodo di flussi di idee, iniziative, interessi, risorse finanziarie, attivit\u00e0 d\u2019impresa. E di persone. Con la forza di saper intessere legami e mettere in relazione diversit\u00e0. Diversit\u00e0 come valore. E valori su cui fondare tendenze di sviluppo diffuse.<\/p>\n<p>Le metropoli, d\u2019altronde, sono cos\u00ec. Movimento. Trasformazione. E, perch\u00e9 no?, <strong>metamorfosi.<\/strong><\/p>\n<p>Milano, infatti, va letta nel contesto del grande rettangolo luminoso fotografato nel 2017 dalla Stazione Spaziale Internazionale comandata da Luca Parmitano. Una rete di luci dal Nord Ovest di Torino e Genova al Nord Est di Padova, Venezia, Udine e Trieste, con la linea di confine delle Alpi a Nord e la dinamica Emilia della media impresa diffusa verso Sud. Un reticolo di metropoli, citt\u00e0 grandi, medie e piccole, paesi operosi, industrie diffuse sui territori, vie di comunicazione strettamente legate tutt\u2019attorno ai grandi assi delle autostrade A1 e A4 e alle infrastrutture dell\u2019Alta Velocit\u00e0. Infrastrutture high tech che hanno cambiato profondamente la geografia economica e sociale.<\/p>\n<p>E\u2019 una delle zone economiche e sociali pi\u00f9 integrate, dinamiche e sviluppate d\u2019Europa. Una piattaforma che tiene in relazione l\u2019Europa continentale con il Mediterraneo. Un insieme di territori ricchi di capitale sociale positivo, tra competitivit\u00e0 e solidariet\u00e0, nella collaborazione tra istituzioni pubbliche tutto sommato efficienti e imprese private capaci di stare sui mercati del mondo. Imprese innovative, coesive, impegnate sui temi della sostenibilit\u00e0 ambientale e sociale. Un mondo complesso, denso non solo di luci ma anche di ombre e contraddizioni, economiche e sociali. Ma pur sempre un mondo in cambiamento positivo.<\/p>\n<p>Milano si muove dentro questi orizzonti. E cresce. Innova. E integra. Tutt\u2019altro che perfetta. Ma comunque, nel tempo, consapevole della sua stessa fragilit\u00e0, dei suoi limiti.<\/p>\n<p>Milano citt\u00e0 di intraprendenza. E di coscienza critica.<\/p>\n<p>Una coscienza indispensabile per prepararsi in modo umano al tempo in cui un nuovo Umberto Saba possa trovare sosta e riposo e scoprire, anche lui, che \u201cin piazza del Duomo, invece di stelle, ogni sera si accendono parole\u201d.<\/p>\n","protected":false},"excerpt":{"rendered":"<p>Raccontare Milano, fuori dai luoghi comuni, proprio in questi tempi di risvegli e ripresa. Cercando di capire, tra storia e attualit\u00e0, anche il senso profondo delle implicazioni delle recenti dichiarazioni del sindaco di Londra Sadiq Khan: \u201cLondra e Milano, fari per l\u2019ambiente\u201d, date le politiche innovative scelte per difendere e valorizzare lo sviluppo sostenibile (\u201cCorriere [&hellip;]<\/p>\n","protected":false},"author":9,"featured_media":85447,"comment_status":"open","ping_status":"open","sticky":false,"template":"","format":"standard","meta":{"footnotes":""},"categories":[53,52],"tags":[],"class_list":["post-85436","post","type-post","status-publish","format-standard","has-post-thumbnail","hentry","category-blog","category-cultura-dimpresa"],"acf":[],"yoast_head":"<!-- This site is optimized with the Yoast SEO plugin v25.0 - https:\/\/yoast.com\/wordpress\/plugins\/seo\/ -->\n<title>Raccontare Milano con le mille gru dei cantierie i versi di Saba in cui \u201csi accendono parole\u201d - Fondazione Pirelli<\/title>\n<meta name=\"robots\" content=\"index, follow, max-snippet:-1, max-image-preview:large, max-video-preview:-1\" \/>\n<link rel=\"canonical\" href=\"https:\/\/www.fondazionepirelli.org\/it\/cultura-dimpresa\/raccontare-milano-con-le-mille-gru-dei-cantierie-i-versi-di-saba-in-cui-si-accendono-parole\/\" \/>\n<meta property=\"og:locale\" content=\"it_IT\" \/>\n<meta property=\"og:type\" content=\"article\" \/>\n<meta property=\"og:title\" content=\"Raccontare Milano con le mille gru dei cantierie i versi di Saba in cui \u201csi accendono parole\u201d - Fondazione Pirelli\" \/>\n<meta property=\"og:description\" content=\"Raccontare Milano, fuori dai luoghi comuni, proprio in questi tempi di risvegli e ripresa. Cercando di capire, tra storia e attualit\u00e0, anche il senso profondo delle implicazioni delle recenti dichiarazioni del sindaco di Londra Sadiq Khan: \u201cLondra e Milano, fari per l\u2019ambiente\u201d, date le politiche innovative scelte per difendere e valorizzare lo sviluppo sostenibile (\u201cCorriere [&hellip;]\" \/>\n<meta property=\"og:url\" content=\"https:\/\/www.fondazionepirelli.org\/it\/cultura-dimpresa\/raccontare-milano-con-le-mille-gru-dei-cantierie-i-versi-di-saba-in-cui-si-accendono-parole\/\" \/>\n<meta property=\"og:site_name\" content=\"Fondazione Pirelli\" \/>\n<meta property=\"article:published_time\" content=\"2021-11-09T08:11:18+00:00\" \/>\n<meta property=\"article:modified_time\" content=\"2021-11-15T16:39:47+00:00\" \/>\n<meta property=\"og:image\" content=\"https:\/\/wpsite-assets.fondazionepirelli.org\/wp-content\/uploads\/2021\/11\/09091020\/IPP3544-e1636445428581.jpg\" \/>\n\t<meta property=\"og:image:width\" content=\"500\" \/>\n\t<meta property=\"og:image:height\" content=\"333\" \/>\n\t<meta property=\"og:image:type\" content=\"image\/jpeg\" \/>\n<meta name=\"author\" content=\"fondazionepirelli\" \/>\n<meta name=\"twitter:card\" content=\"summary_large_image\" \/>\n<meta name=\"twitter:label1\" content=\"Scritto da\" \/>\n\t<meta name=\"twitter:data1\" content=\"fondazionepirelli\" \/>\n\t<meta name=\"twitter:label2\" content=\"Tempo di lettura stimato\" \/>\n\t<meta name=\"twitter:data2\" content=\"6 minuti\" \/>\n<script type=\"application\/ld+json\" class=\"yoast-schema-graph\">{\"@context\":\"https:\/\/schema.org\",\"@graph\":[{\"@type\":\"WebPage\",\"@id\":\"https:\/\/www.fondazionepirelli.org\/it\/cultura-dimpresa\/raccontare-milano-con-le-mille-gru-dei-cantierie-i-versi-di-saba-in-cui-si-accendono-parole\/\",\"url\":\"https:\/\/www.fondazionepirelli.org\/it\/cultura-dimpresa\/raccontare-milano-con-le-mille-gru-dei-cantierie-i-versi-di-saba-in-cui-si-accendono-parole\/\",\"name\":\"Raccontare Milano con le mille gru dei cantierie i versi di Saba in cui \u201csi accendono parole\u201d - Fondazione Pirelli\",\"isPartOf\":{\"@id\":\"https:\/\/www.fondazionepirelli.org\/it\/#website\"},\"primaryImageOfPage\":{\"@id\":\"https:\/\/www.fondazionepirelli.org\/it\/cultura-dimpresa\/raccontare-milano-con-le-mille-gru-dei-cantierie-i-versi-di-saba-in-cui-si-accendono-parole\/#primaryimage\"},\"image\":{\"@id\":\"https:\/\/www.fondazionepirelli.org\/it\/cultura-dimpresa\/raccontare-milano-con-le-mille-gru-dei-cantierie-i-versi-di-saba-in-cui-si-accendono-parole\/#primaryimage\"},\"thumbnailUrl\":\"https:\/\/wpsite-assets.fondazionepirelli.org\/wp-content\/uploads\/2021\/11\/09091020\/IPP3544-e1636445428581.jpg\",\"datePublished\":\"2021-11-09T08:11:18+00:00\",\"dateModified\":\"2021-11-15T16:39:47+00:00\",\"author\":{\"@id\":\"https:\/\/www.fondazionepirelli.org\/it\/#\/schema\/person\/c31fcf5937a0e6afa45497f3f8b6d7a0\"},\"breadcrumb\":{\"@id\":\"https:\/\/www.fondazionepirelli.org\/it\/cultura-dimpresa\/raccontare-milano-con-le-mille-gru-dei-cantierie-i-versi-di-saba-in-cui-si-accendono-parole\/#breadcrumb\"},\"inLanguage\":\"it-IT\",\"potentialAction\":[{\"@type\":\"ReadAction\",\"target\":[\"https:\/\/www.fondazionepirelli.org\/it\/cultura-dimpresa\/raccontare-milano-con-le-mille-gru-dei-cantierie-i-versi-di-saba-in-cui-si-accendono-parole\/\"]}]},{\"@type\":\"ImageObject\",\"inLanguage\":\"it-IT\",\"@id\":\"https:\/\/www.fondazionepirelli.org\/it\/cultura-dimpresa\/raccontare-milano-con-le-mille-gru-dei-cantierie-i-versi-di-saba-in-cui-si-accendono-parole\/#primaryimage\",\"url\":\"https:\/\/wpsite-assets.fondazionepirelli.org\/wp-content\/uploads\/2021\/11\/09091020\/IPP3544-e1636445428581.jpg\",\"contentUrl\":\"https:\/\/wpsite-assets.fondazionepirelli.org\/wp-content\/uploads\/2021\/11\/09091020\/IPP3544-e1636445428581.jpg\",\"width\":500,\"height\":333},{\"@type\":\"BreadcrumbList\",\"@id\":\"https:\/\/www.fondazionepirelli.org\/it\/cultura-dimpresa\/raccontare-milano-con-le-mille-gru-dei-cantierie-i-versi-di-saba-in-cui-si-accendono-parole\/#breadcrumb\",\"itemListElement\":[{\"@type\":\"ListItem\",\"position\":1,\"name\":\"Home\",\"item\":\"https:\/\/www.fondazionepirelli.org\/it\/\"},{\"@type\":\"ListItem\",\"position\":2,\"name\":\"Raccontare Milano con le mille gru dei cantierie i versi di Saba in cui \u201csi accendono parole\u201d\"}]},{\"@type\":\"WebSite\",\"@id\":\"https:\/\/www.fondazionepirelli.org\/it\/#website\",\"url\":\"https:\/\/www.fondazionepirelli.org\/it\/\",\"name\":\"Fondazione Pirelli\",\"description\":\"\",\"potentialAction\":[{\"@type\":\"SearchAction\",\"target\":{\"@type\":\"EntryPoint\",\"urlTemplate\":\"https:\/\/www.fondazionepirelli.org\/it\/?s={search_term_string}\"},\"query-input\":{\"@type\":\"PropertyValueSpecification\",\"valueRequired\":true,\"valueName\":\"search_term_string\"}}],\"inLanguage\":\"it-IT\"},{\"@type\":\"Person\",\"@id\":\"https:\/\/www.fondazionepirelli.org\/it\/#\/schema\/person\/c31fcf5937a0e6afa45497f3f8b6d7a0\",\"name\":\"fondazionepirelli\",\"image\":{\"@type\":\"ImageObject\",\"inLanguage\":\"it-IT\",\"@id\":\"https:\/\/www.fondazionepirelli.org\/it\/#\/schema\/person\/image\/\",\"url\":\"https:\/\/secure.gravatar.com\/avatar\/9cb486421ce1d6eddbf6c4fb66841b4325b786695f7aedf1dde2222428218696?s=96&d=mm&r=g\",\"contentUrl\":\"https:\/\/secure.gravatar.com\/avatar\/9cb486421ce1d6eddbf6c4fb66841b4325b786695f7aedf1dde2222428218696?s=96&d=mm&r=g\",\"caption\":\"fondazionepirelli\"},\"url\":\"https:\/\/www.fondazionepirelli.org\/it\/author\/fondazionepirelli\/\"}]}<\/script>\n<!-- \/ Yoast SEO plugin. -->","yoast_head_json":{"title":"Raccontare Milano con le mille gru dei cantierie i versi di Saba in cui \u201csi accendono parole\u201d - Fondazione Pirelli","robots":{"index":"index","follow":"follow","max-snippet":"max-snippet:-1","max-image-preview":"max-image-preview:large","max-video-preview":"max-video-preview:-1"},"canonical":"https:\/\/www.fondazionepirelli.org\/it\/cultura-dimpresa\/raccontare-milano-con-le-mille-gru-dei-cantierie-i-versi-di-saba-in-cui-si-accendono-parole\/","og_locale":"it_IT","og_type":"article","og_title":"Raccontare Milano con le mille gru dei cantierie i versi di Saba in cui \u201csi accendono parole\u201d - Fondazione Pirelli","og_description":"Raccontare Milano, fuori dai luoghi comuni, proprio in questi tempi di risvegli e ripresa. Cercando di capire, tra storia e attualit\u00e0, anche il senso profondo delle implicazioni delle recenti dichiarazioni del sindaco di Londra Sadiq Khan: \u201cLondra e Milano, fari per l\u2019ambiente\u201d, date le politiche innovative scelte per difendere e valorizzare lo sviluppo sostenibile (\u201cCorriere [&hellip;]","og_url":"https:\/\/www.fondazionepirelli.org\/it\/cultura-dimpresa\/raccontare-milano-con-le-mille-gru-dei-cantierie-i-versi-di-saba-in-cui-si-accendono-parole\/","og_site_name":"Fondazione Pirelli","article_published_time":"2021-11-09T08:11:18+00:00","article_modified_time":"2021-11-15T16:39:47+00:00","og_image":[{"width":500,"height":333,"url":"https:\/\/wpsite-assets.fondazionepirelli.org\/wp-content\/uploads\/2021\/11\/09091020\/IPP3544-e1636445428581.jpg","type":"image\/jpeg"}],"author":"fondazionepirelli","twitter_card":"summary_large_image","twitter_misc":{"Scritto da":"fondazionepirelli","Tempo di lettura stimato":"6 minuti"},"schema":{"@context":"https:\/\/schema.org","@graph":[{"@type":"WebPage","@id":"https:\/\/www.fondazionepirelli.org\/it\/cultura-dimpresa\/raccontare-milano-con-le-mille-gru-dei-cantierie-i-versi-di-saba-in-cui-si-accendono-parole\/","url":"https:\/\/www.fondazionepirelli.org\/it\/cultura-dimpresa\/raccontare-milano-con-le-mille-gru-dei-cantierie-i-versi-di-saba-in-cui-si-accendono-parole\/","name":"Raccontare Milano con le mille gru dei cantierie i versi di Saba in cui \u201csi accendono parole\u201d - Fondazione Pirelli","isPartOf":{"@id":"https:\/\/www.fondazionepirelli.org\/it\/#website"},"primaryImageOfPage":{"@id":"https:\/\/www.fondazionepirelli.org\/it\/cultura-dimpresa\/raccontare-milano-con-le-mille-gru-dei-cantierie-i-versi-di-saba-in-cui-si-accendono-parole\/#primaryimage"},"image":{"@id":"https:\/\/www.fondazionepirelli.org\/it\/cultura-dimpresa\/raccontare-milano-con-le-mille-gru-dei-cantierie-i-versi-di-saba-in-cui-si-accendono-parole\/#primaryimage"},"thumbnailUrl":"https:\/\/wpsite-assets.fondazionepirelli.org\/wp-content\/uploads\/2021\/11\/09091020\/IPP3544-e1636445428581.jpg","datePublished":"2021-11-09T08:11:18+00:00","dateModified":"2021-11-15T16:39:47+00:00","author":{"@id":"https:\/\/www.fondazionepirelli.org\/it\/#\/schema\/person\/c31fcf5937a0e6afa45497f3f8b6d7a0"},"breadcrumb":{"@id":"https:\/\/www.fondazionepirelli.org\/it\/cultura-dimpresa\/raccontare-milano-con-le-mille-gru-dei-cantierie-i-versi-di-saba-in-cui-si-accendono-parole\/#breadcrumb"},"inLanguage":"it-IT","potentialAction":[{"@type":"ReadAction","target":["https:\/\/www.fondazionepirelli.org\/it\/cultura-dimpresa\/raccontare-milano-con-le-mille-gru-dei-cantierie-i-versi-di-saba-in-cui-si-accendono-parole\/"]}]},{"@type":"ImageObject","inLanguage":"it-IT","@id":"https:\/\/www.fondazionepirelli.org\/it\/cultura-dimpresa\/raccontare-milano-con-le-mille-gru-dei-cantierie-i-versi-di-saba-in-cui-si-accendono-parole\/#primaryimage","url":"https:\/\/wpsite-assets.fondazionepirelli.org\/wp-content\/uploads\/2021\/11\/09091020\/IPP3544-e1636445428581.jpg","contentUrl":"https:\/\/wpsite-assets.fondazionepirelli.org\/wp-content\/uploads\/2021\/11\/09091020\/IPP3544-e1636445428581.jpg","width":500,"height":333},{"@type":"BreadcrumbList","@id":"https:\/\/www.fondazionepirelli.org\/it\/cultura-dimpresa\/raccontare-milano-con-le-mille-gru-dei-cantierie-i-versi-di-saba-in-cui-si-accendono-parole\/#breadcrumb","itemListElement":[{"@type":"ListItem","position":1,"name":"Home","item":"https:\/\/www.fondazionepirelli.org\/it\/"},{"@type":"ListItem","position":2,"name":"Raccontare Milano con le mille gru dei cantierie i versi di Saba in cui \u201csi accendono parole\u201d"}]},{"@type":"WebSite","@id":"https:\/\/www.fondazionepirelli.org\/it\/#website","url":"https:\/\/www.fondazionepirelli.org\/it\/","name":"Fondazione Pirelli","description":"","potentialAction":[{"@type":"SearchAction","target":{"@type":"EntryPoint","urlTemplate":"https:\/\/www.fondazionepirelli.org\/it\/?s={search_term_string}"},"query-input":{"@type":"PropertyValueSpecification","valueRequired":true,"valueName":"search_term_string"}}],"inLanguage":"it-IT"},{"@type":"Person","@id":"https:\/\/www.fondazionepirelli.org\/it\/#\/schema\/person\/c31fcf5937a0e6afa45497f3f8b6d7a0","name":"fondazionepirelli","image":{"@type":"ImageObject","inLanguage":"it-IT","@id":"https:\/\/www.fondazionepirelli.org\/it\/#\/schema\/person\/image\/","url":"https:\/\/secure.gravatar.com\/avatar\/9cb486421ce1d6eddbf6c4fb66841b4325b786695f7aedf1dde2222428218696?s=96&d=mm&r=g","contentUrl":"https:\/\/secure.gravatar.com\/avatar\/9cb486421ce1d6eddbf6c4fb66841b4325b786695f7aedf1dde2222428218696?s=96&d=mm&r=g","caption":"fondazionepirelli"},"url":"https:\/\/www.fondazionepirelli.org\/it\/author\/fondazionepirelli\/"}]}},"_links":{"self":[{"href":"https:\/\/www.fondazionepirelli.org\/it\/wp-json\/wp\/v2\/posts\/85436\/"}],"collection":[{"href":"https:\/\/www.fondazionepirelli.org\/it\/wp-json\/wp\/v2\/posts\/"}],"about":[{"href":"https:\/\/www.fondazionepirelli.org\/it\/wp-json\/wp\/v2\/types\/post\/"}],"author":[{"embeddable":true,"href":"https:\/\/www.fondazionepirelli.org\/it\/wp-json\/wp\/v2\/users\/9\/"}],"replies":[{"embeddable":true,"href":"https:\/\/www.fondazionepirelli.org\/it\/wp-json\/wp\/v2\/comments\/?post=85436"}],"version-history":[{"count":3,"href":"https:\/\/www.fondazionepirelli.org\/it\/wp-json\/wp\/v2\/posts\/85436\/revisions\/"}],"predecessor-version":[{"id":85471,"href":"https:\/\/www.fondazionepirelli.org\/it\/wp-json\/wp\/v2\/posts\/85436\/revisions\/85471\/"}],"wp:featuredmedia":[{"embeddable":true,"href":"https:\/\/www.fondazionepirelli.org\/it\/wp-json\/wp\/v2\/media\/85447\/"}],"wp:attachment":[{"href":"https:\/\/www.fondazionepirelli.org\/it\/wp-json\/wp\/v2\/media\/?parent=85436"}],"wp:term":[{"taxonomy":"category","embeddable":true,"href":"https:\/\/www.fondazionepirelli.org\/it\/wp-json\/wp\/v2\/categories\/?post=85436"},{"taxonomy":"post_tag","embeddable":true,"href":"https:\/\/www.fondazionepirelli.org\/it\/wp-json\/wp\/v2\/tags\/?post=85436"}],"curies":[{"name":"wp","href":"https:\/\/api.w.org\/{rel}","templated":true}]}}