{"id":85487,"date":"2021-11-16T09:37:01","date_gmt":"2021-11-16T08:37:01","guid":{"rendered":"https:\/\/www.fondazionepirelli.org\/?p=85487"},"modified":"2021-11-16T09:37:01","modified_gmt":"2021-11-16T08:37:01","slug":"gusto-produttivo","status":"publish","type":"post","link":"https:\/\/www.fondazionepirelli.org\/it\/cultura-dimpresa\/gusto-produttivo\/","title":{"rendered":"Gusto produttivo"},"content":{"rendered":"<p><em>Una ricerca condotta sui legami tra design \u00a0e industria italiana, approfondisce i complessi collegamenti che danno forma e sostanza alla buona cultura d\u2019impresa nazionale<\/em><\/p><p>Buona cultura del produrre. Sintesi di un tutto fatto di capacit\u00e0 tecnica, gusto, valori umani. Luogo d\u2019eccellenza per tutto questo: l\u2019Italia. E\u2019 attorno a questi temi che ragionano Maria Antonietta Sbordone (dell\u2019Universit\u00e0 degli Studi della Campania &#8220;Luigi Vanvitelli&#8221;, Dipartimento di Architettura e Disegno Industriale), e Davide Turrini (dell\u2019Universit\u00e0 degli Studi di Ferrara, Dipartimento di Architettura) con un loro contributo apparso recentemente su MD Journal.<\/p>\n<p>\u201cDesigned &amp; Made in Italy. Invarianti, transizioni, nuove mappe valoriali\u201d \u00e8 il tentativo di sintesi di una serie dei collegamenti tra il <em>design<\/em> e il <em>made<\/em> <em>in<\/em> <em>Italy<\/em> che cerca di fissare i punti \u201ccostanti\u201d rispetto a quelli \u00a0variabili che mutano con il tempo e con l\u2019evoluzione del contesto economico e sociale.<\/p>\n<p>Scrivono Sbordone e Turrini nella loro introduzione: \u201cIn Italia, dove sono perlopi\u00f9 mancati investimenti ingenti e continuativi di grandi imprese industriali, nonch\u00e9 committenze unitarie, vaste e strutturate, l\u2019osservazione del nesso tra <em>design<\/em> e manifattura ha dovuto includere storicamente il fattore \u00abgusto\u00bb, inteso come fenomeno culturale complesso e ricco di sfumature che ha incorporato valenze semantiche, formali, di qualit\u00e0 esecutiva e commerciali del tutto peculiari e riconoscibili. Oggi questo fenomeno \u00e8 connotato da ulteriori gradi di complessit\u00e0 e di varianza: in scenari nazionali e globali sempre pi\u00f9 fluidi i processi di delocalizzazione dilagano; il tessuto sociale del ceto medio, storico protagonista nella sfera produttiva e gestionale della trasformazione del consumo in immaginario, si sgretola; le consapevolezze degli acquirenti nei confronti dei reali contenuti valoriali dei beni si indeboliscono e la percezione della qualit\u00e0 \u00e8 soggetta a variabili viepi\u00f9 aleatori\u201d.<\/p>\n<p>E\u2019 da questa serie di constatazioni che la ricerca prende le mosse per compiere un cammino in poche mosse: prima vengono approfonditi i diversi collegamenti all\u2019interno di ci\u00f2 che per comodit\u00e0 viene indicato come <em>made in Italy<\/em>, poi si passa ad approfondire le \u201cConvergenze tra creativit\u00e0 e manifattura\u201d per arrivare quindi a valutare gli effetti del cambiamento con una analisi delle \u201cdeclinazioni del design nella nuova catena valoriale\u201d.<\/p>\n<p>Il saggio di Maria Antonietta Sbordone e Davide Turrini non \u00e8 sempre di facilissima lettura, ma contribuisce ad approfondire la conoscenza di un sistema davvero complesso di relazioni che, tuttavia, \u00e8 alla base di buona parte dell\u2019eccellenza industriale e produttiva italiana.<\/p><p><a href=\"https:\/\/wpsite-assets.fondazionepirelli.org\/wp-content\/uploads\/2021\/11\/16082101\/document.pdf\"><strong>Designed &amp; Made in Italy. Invarianti, transizioni, nuove mappe valoriali<\/strong><\/a><\/p>\n<p>Maria Antonietta Sbordone, Davide Turrini<\/p>\n<p>MD Journal, 9, 2020<\/p>","protected":false},"excerpt":{"rendered":"<p>Una ricerca condotta sui legami tra design \u00a0e industria italiana, approfondisce i complessi collegamenti che danno forma e sostanza alla buona cultura d\u2019impresa nazionaleBuona cultura del produrre. Sintesi di un tutto fatto di capacit\u00e0 tecnica, gusto, valori umani. Luogo d\u2019eccellenza per tutto questo: l\u2019Italia. E\u2019 attorno a questi temi che ragionano Maria Antonietta Sbordone (dell\u2019Universit\u00e0 [&hellip;]<\/p>\n","protected":false},"author":9,"featured_media":0,"comment_status":"open","ping_status":"open","sticky":false,"template":"","format":"standard","meta":{"footnotes":""},"categories":[54,52],"tags":[],"class_list":["post-85487","post","type-post","status-publish","format-standard","hentry","category-approfondimenti","category-cultura-dimpresa"],"acf":[],"yoast_head":"<!-- This site is optimized with the Yoast SEO plugin v25.0 - https:\/\/yoast.com\/wordpress\/plugins\/seo\/ -->\n<title>Gusto produttivo - Fondazione Pirelli<\/title>\n<meta name=\"robots\" content=\"index, follow, max-snippet:-1, max-image-preview:large, max-video-preview:-1\" \/>\n<link rel=\"canonical\" href=\"https:\/\/www.fondazionepirelli.org\/it\/cultura-dimpresa\/gusto-produttivo\/\" \/>\n<meta property=\"og:locale\" content=\"it_IT\" \/>\n<meta property=\"og:type\" content=\"article\" \/>\n<meta property=\"og:title\" content=\"Gusto produttivo - Fondazione Pirelli\" \/>\n<meta property=\"og:description\" content=\"Una ricerca condotta sui legami tra design \u00a0e industria italiana, approfondisce i complessi collegamenti che danno forma e sostanza alla buona cultura d\u2019impresa nazionaleBuona cultura del produrre. Sintesi di un tutto fatto di capacit\u00e0 tecnica, gusto, valori umani. Luogo d\u2019eccellenza per tutto questo: l\u2019Italia. E\u2019 attorno a questi temi che ragionano Maria Antonietta Sbordone (dell\u2019Universit\u00e0 [&hellip;]\" \/>\n<meta property=\"og:url\" content=\"https:\/\/www.fondazionepirelli.org\/it\/cultura-dimpresa\/gusto-produttivo\/\" \/>\n<meta property=\"og:site_name\" content=\"Fondazione Pirelli\" \/>\n<meta property=\"article:published_time\" content=\"2021-11-16T08:37:01+00:00\" \/>\n<meta name=\"author\" content=\"fondazionepirelli\" \/>\n<meta name=\"twitter:card\" content=\"summary_large_image\" \/>\n<meta name=\"twitter:label1\" content=\"Scritto da\" \/>\n\t<meta name=\"twitter:data1\" content=\"fondazionepirelli\" \/>\n\t<meta name=\"twitter:label2\" content=\"Tempo di lettura stimato\" \/>\n\t<meta name=\"twitter:data2\" content=\"2 minuti\" \/>\n<script type=\"application\/ld+json\" class=\"yoast-schema-graph\">{\"@context\":\"https:\/\/schema.org\",\"@graph\":[{\"@type\":\"WebPage\",\"@id\":\"https:\/\/www.fondazionepirelli.org\/it\/cultura-dimpresa\/gusto-produttivo\/\",\"url\":\"https:\/\/www.fondazionepirelli.org\/it\/cultura-dimpresa\/gusto-produttivo\/\",\"name\":\"Gusto produttivo - Fondazione Pirelli\",\"isPartOf\":{\"@id\":\"https:\/\/www.fondazionepirelli.org\/it\/#website\"},\"datePublished\":\"2021-11-16T08:37:01+00:00\",\"author\":{\"@id\":\"https:\/\/www.fondazionepirelli.org\/it\/#\/schema\/person\/c31fcf5937a0e6afa45497f3f8b6d7a0\"},\"breadcrumb\":{\"@id\":\"https:\/\/www.fondazionepirelli.org\/it\/cultura-dimpresa\/gusto-produttivo\/#breadcrumb\"},\"inLanguage\":\"it-IT\",\"potentialAction\":[{\"@type\":\"ReadAction\",\"target\":[\"https:\/\/www.fondazionepirelli.org\/it\/cultura-dimpresa\/gusto-produttivo\/\"]}]},{\"@type\":\"BreadcrumbList\",\"@id\":\"https:\/\/www.fondazionepirelli.org\/it\/cultura-dimpresa\/gusto-produttivo\/#breadcrumb\",\"itemListElement\":[{\"@type\":\"ListItem\",\"position\":1,\"name\":\"Home\",\"item\":\"https:\/\/www.fondazionepirelli.org\/it\/\"},{\"@type\":\"ListItem\",\"position\":2,\"name\":\"Gusto produttivo\"}]},{\"@type\":\"WebSite\",\"@id\":\"https:\/\/www.fondazionepirelli.org\/it\/#website\",\"url\":\"https:\/\/www.fondazionepirelli.org\/it\/\",\"name\":\"Fondazione Pirelli\",\"description\":\"\",\"potentialAction\":[{\"@type\":\"SearchAction\",\"target\":{\"@type\":\"EntryPoint\",\"urlTemplate\":\"https:\/\/www.fondazionepirelli.org\/it\/?s={search_term_string}\"},\"query-input\":{\"@type\":\"PropertyValueSpecification\",\"valueRequired\":true,\"valueName\":\"search_term_string\"}}],\"inLanguage\":\"it-IT\"},{\"@type\":\"Person\",\"@id\":\"https:\/\/www.fondazionepirelli.org\/it\/#\/schema\/person\/c31fcf5937a0e6afa45497f3f8b6d7a0\",\"name\":\"fondazionepirelli\",\"image\":{\"@type\":\"ImageObject\",\"inLanguage\":\"it-IT\",\"@id\":\"https:\/\/www.fondazionepirelli.org\/it\/#\/schema\/person\/image\/\",\"url\":\"https:\/\/secure.gravatar.com\/avatar\/9cb486421ce1d6eddbf6c4fb66841b4325b786695f7aedf1dde2222428218696?s=96&d=mm&r=g\",\"contentUrl\":\"https:\/\/secure.gravatar.com\/avatar\/9cb486421ce1d6eddbf6c4fb66841b4325b786695f7aedf1dde2222428218696?s=96&d=mm&r=g\",\"caption\":\"fondazionepirelli\"},\"url\":\"https:\/\/www.fondazionepirelli.org\/it\/author\/fondazionepirelli\/\"}]}<\/script>\n<!-- \/ Yoast SEO plugin. -->","yoast_head_json":{"title":"Gusto produttivo - Fondazione Pirelli","robots":{"index":"index","follow":"follow","max-snippet":"max-snippet:-1","max-image-preview":"max-image-preview:large","max-video-preview":"max-video-preview:-1"},"canonical":"https:\/\/www.fondazionepirelli.org\/it\/cultura-dimpresa\/gusto-produttivo\/","og_locale":"it_IT","og_type":"article","og_title":"Gusto produttivo - Fondazione Pirelli","og_description":"Una ricerca condotta sui legami tra design \u00a0e industria italiana, approfondisce i complessi collegamenti che danno forma e sostanza alla buona cultura d\u2019impresa nazionaleBuona cultura del produrre. Sintesi di un tutto fatto di capacit\u00e0 tecnica, gusto, valori umani. Luogo d\u2019eccellenza per tutto questo: l\u2019Italia. E\u2019 attorno a questi temi che ragionano Maria Antonietta Sbordone (dell\u2019Universit\u00e0 [&hellip;]","og_url":"https:\/\/www.fondazionepirelli.org\/it\/cultura-dimpresa\/gusto-produttivo\/","og_site_name":"Fondazione Pirelli","article_published_time":"2021-11-16T08:37:01+00:00","author":"fondazionepirelli","twitter_card":"summary_large_image","twitter_misc":{"Scritto da":"fondazionepirelli","Tempo di lettura stimato":"2 minuti"},"schema":{"@context":"https:\/\/schema.org","@graph":[{"@type":"WebPage","@id":"https:\/\/www.fondazionepirelli.org\/it\/cultura-dimpresa\/gusto-produttivo\/","url":"https:\/\/www.fondazionepirelli.org\/it\/cultura-dimpresa\/gusto-produttivo\/","name":"Gusto produttivo - Fondazione Pirelli","isPartOf":{"@id":"https:\/\/www.fondazionepirelli.org\/it\/#website"},"datePublished":"2021-11-16T08:37:01+00:00","author":{"@id":"https:\/\/www.fondazionepirelli.org\/it\/#\/schema\/person\/c31fcf5937a0e6afa45497f3f8b6d7a0"},"breadcrumb":{"@id":"https:\/\/www.fondazionepirelli.org\/it\/cultura-dimpresa\/gusto-produttivo\/#breadcrumb"},"inLanguage":"it-IT","potentialAction":[{"@type":"ReadAction","target":["https:\/\/www.fondazionepirelli.org\/it\/cultura-dimpresa\/gusto-produttivo\/"]}]},{"@type":"BreadcrumbList","@id":"https:\/\/www.fondazionepirelli.org\/it\/cultura-dimpresa\/gusto-produttivo\/#breadcrumb","itemListElement":[{"@type":"ListItem","position":1,"name":"Home","item":"https:\/\/www.fondazionepirelli.org\/it\/"},{"@type":"ListItem","position":2,"name":"Gusto produttivo"}]},{"@type":"WebSite","@id":"https:\/\/www.fondazionepirelli.org\/it\/#website","url":"https:\/\/www.fondazionepirelli.org\/it\/","name":"Fondazione Pirelli","description":"","potentialAction":[{"@type":"SearchAction","target":{"@type":"EntryPoint","urlTemplate":"https:\/\/www.fondazionepirelli.org\/it\/?s={search_term_string}"},"query-input":{"@type":"PropertyValueSpecification","valueRequired":true,"valueName":"search_term_string"}}],"inLanguage":"it-IT"},{"@type":"Person","@id":"https:\/\/www.fondazionepirelli.org\/it\/#\/schema\/person\/c31fcf5937a0e6afa45497f3f8b6d7a0","name":"fondazionepirelli","image":{"@type":"ImageObject","inLanguage":"it-IT","@id":"https:\/\/www.fondazionepirelli.org\/it\/#\/schema\/person\/image\/","url":"https:\/\/secure.gravatar.com\/avatar\/9cb486421ce1d6eddbf6c4fb66841b4325b786695f7aedf1dde2222428218696?s=96&d=mm&r=g","contentUrl":"https:\/\/secure.gravatar.com\/avatar\/9cb486421ce1d6eddbf6c4fb66841b4325b786695f7aedf1dde2222428218696?s=96&d=mm&r=g","caption":"fondazionepirelli"},"url":"https:\/\/www.fondazionepirelli.org\/it\/author\/fondazionepirelli\/"}]}},"_links":{"self":[{"href":"https:\/\/www.fondazionepirelli.org\/it\/wp-json\/wp\/v2\/posts\/85487\/"}],"collection":[{"href":"https:\/\/www.fondazionepirelli.org\/it\/wp-json\/wp\/v2\/posts\/"}],"about":[{"href":"https:\/\/www.fondazionepirelli.org\/it\/wp-json\/wp\/v2\/types\/post\/"}],"author":[{"embeddable":true,"href":"https:\/\/www.fondazionepirelli.org\/it\/wp-json\/wp\/v2\/users\/9\/"}],"replies":[{"embeddable":true,"href":"https:\/\/www.fondazionepirelli.org\/it\/wp-json\/wp\/v2\/comments\/?post=85487"}],"version-history":[{"count":2,"href":"https:\/\/www.fondazionepirelli.org\/it\/wp-json\/wp\/v2\/posts\/85487\/revisions\/"}],"predecessor-version":[{"id":85491,"href":"https:\/\/www.fondazionepirelli.org\/it\/wp-json\/wp\/v2\/posts\/85487\/revisions\/85491\/"}],"wp:attachment":[{"href":"https:\/\/www.fondazionepirelli.org\/it\/wp-json\/wp\/v2\/media\/?parent=85487"}],"wp:term":[{"taxonomy":"category","embeddable":true,"href":"https:\/\/www.fondazionepirelli.org\/it\/wp-json\/wp\/v2\/categories\/?post=85487"},{"taxonomy":"post_tag","embeddable":true,"href":"https:\/\/www.fondazionepirelli.org\/it\/wp-json\/wp\/v2\/tags\/?post=85487"}],"curies":[{"name":"wp","href":"https:\/\/api.w.org\/{rel}","templated":true}]}}