{"id":85566,"date":"2021-11-23T08:51:59","date_gmt":"2021-11-23T07:51:59","guid":{"rendered":"https:\/\/www.fondazionepirelli.org\/?p=85566"},"modified":"2021-11-23T08:51:59","modified_gmt":"2021-11-23T07:51:59","slug":"industria-in-ripresa-e-tempo-di-reshoring-si-torna-a-produrre-a-casa-in-europa","status":"publish","type":"post","link":"https:\/\/www.fondazionepirelli.org\/it\/cultura-dimpresa\/industria-in-ripresa-e-tempo-di-reshoring-si-torna-a-produrre-a-casa-in-europa\/","title":{"rendered":"Industria in ripresa, \u00e8 tempo di reshoring. Si torna a produrre a casa, in Europa"},"content":{"rendered":"<p>\u201cIndustria, la locomotiva italiana traina la ripresa europea\u201d, sostiene il <strong>Centro Studi Confindustria<\/strong>, nel recente rapporto sugli Scenari Industriali (\u201cIl Sole24Ore\u201d, 21 novembre). La nostra <strong>manifattura<\/strong>, infatti, ha recuperato i livelli di attivit\u00e0 precedenti alla pandemia (il suo valore aggiunto in dollari correnti \u00e8 di nuovo al 2,2% del totale mondiale) e va meglio della Germania (una produzione del 10% inferiore al pre-Covid) e della Francia (gi\u00f9 del 5%).<\/p>\n<p>L\u2019industria italiana, insomma, rafforza l\u2019export, conquista nuovi spazi sul mercato interno (grazie anche ai sostegni del governo Draghi per edilizia e consumi), investe sull\u2019<strong>innovazione digitale<\/strong> ma anche sulla <strong>sostenibilit\u00e0 ambientale e sociale<\/strong> (le industrie coesive, attente ai valori della comunit\u00e0, all\u2019inclusione e alla solidariet\u00e0 sono pi\u00f9 competitive, confermano i pi\u00f9 recenti sudi di Symbola sulla Green Italy). E se non subisse la grave e diffusa carenza di mano d\u2019opera specializzata e gli aumenti clamorosi dei prezzi dell\u2019energia e della componentistica, a cominciare dai microchip, potrebbe crescere ancora di pi\u00f9.<\/p>\n<p>Di certo, continua il Centro Studi Confindustria, la crescita del <strong>Pil italiano<\/strong> nel \u201821 di oltre il 6% dipende in gran parte dall\u2019impegno produttivo della manifattura del Paese. E, mentre ci si aspetta un altro aumento del 4,4% nel \u201822, molti dati confermano che questa ripresa economica non \u00e8 solo un rimbalzo dopo il crollo del 2020, ma mostra alcuni elementi forti di crescita strutturale, in parecchi settori (meccanica strumentale, apparecchiature elettriche, elettronica, gomma plastica, legno, etc.).<\/p>\n<p>Un momento positivo, dunque. Da non sprecare. Per <strong>ricostruire benesser<\/strong>e e lavoro stabile. Ma anche per cumulare risorse che ci permettano di pagare gli interessi del debito pubblico cresciuto per fare fronte alla crisi pandemica e alla recessione e continuare a investire. Il buon uso dei fondi della Ue secondo le indicazioni del Pnrr (transizione digitale e ambientale, ricerca e formazione, riforme della pubblica amministrazione e della giustizia, grandi infrastrutture strategiche) \u00e8 fondamentale per rafforzare il percorso di crescita. Una sfida politica ed economica rilevante. Che coinvolge istituzioni, forze politiche e sociali, imprese.<\/p>\n<p>Il Centro Studi Confindustria sostiene inoltre che aumenta il numero di aziende che stanno radicalmente modificando le loro catene di produzione del valore, le supply chain, le reti delle forniture. Cambiando strada rispetto a scelte diffuse degli anni scorsi (si andava a produrre l\u00e0 dove c\u2019erano costi minori e condizioni di produzione migliori, dal Far East a certe aree dell\u2019Europa orientale) per tornare a produrre vicino casa.<\/p>\n<p>Va avanti il backshoring o reshoring che dir si voglia, il ritorno delle fabbriche dall\u2019estero. Le catene di fornitura, insomma, si accorciano. Le filiere lunghe ed estese, come volevano le strategie internazionali negli anni d\u2019oro della globalizzazione e della Cina e dell\u2019India \u201cfabbriche del mondo\u201d, hanno mostrato, infatti, una estrema fragilit\u00e0. Subiscono fratture per fattori sociali ed economici locali. Possono essere bloccate da <strong>carenze di materie prime<\/strong>, da strozzature nel sistema dei trasporti e da tensioni di ogni tipo. Oppure interrotte da crisi legate al cybercrime. Meglio provare a produrre in sicurezza. E dunque riportare le filiere produttive, le forniture in ambienti pi\u00f9 rassicuranti e opportunamente gestiti, sotto controllo.<\/p>\n<p>Un backshoring che, naturalmente, non pu\u00f2 essere pensato principalmente nei singoli paesi europei. Ma che deve saper considerare tutta Europa come mercato interno, come comune piattaforma produttiva, da rendere pi\u00f9 competitiva a livello internazionale.<\/p>\n<p>Rimarranno, certo, le tendenze globali. E si continuer\u00e0 a produrre nel Far East. Ma guardando pi\u00f9 a logiche local for local, alla produzione al servizio dei mercati interni che non alle strategie d\u2019un tempo basate sui grandi volumi di esportazioni e scambi. Non \u00e8 certo una svolta protezionista. Ma una modifica delle ragioni di competitivit\u00e0, proprio perch\u00e9 le imprese possano fare valere la loro capacit\u00e0 produttiva e la loro qualit\u00e0 sui mercati del mondo, in condizioni di maggiore autonomia e sicurezza.<\/p>\n<p>Sostiene <strong>Maurizio Marchesini<\/strong>, vicepresidente di Confindustria per le filiere e le medie imprese: \u201cCi troviamo in una fase di transizione molto complessa. Digitalizzazione, sostenibilit\u00e0, nuovi assetti delle catene globali del valore pongono sfide impegnative, che non coinvolgono solo i sistemi produttivi ma la societ\u00e0 in generale\u201d. E \u201cistituzioni e industria devono collaborare per definire una road map\u201d della transizione.<\/p>\n<p>Il <strong>cambio di paradigma<\/strong>, il profondo rinnovamento della cultura d\u2019impresa, sono importanti. Il ritorno della manifattura in Europa e nei suoi paesi a maggiore vocazione industriale (Germania e Italia, appunto, ma anche Francia e Spagna) ha bisogno di essere stimolato e rafforzato proprio da una vera e propria nuova politica industriale della Ue (se ne trovano per fortuna tracce in alcune indicazioni del Recovery Plan Next Generation Ue). E le caratteristiche di qualit\u00e0 e sostenibilit\u00e0, che connotano l\u2019industria europea con maggior forza che non quella degli Usa, della Cina e dell\u2019India, vanno valorizzate, appunto, come asset fondamentali di competitivit\u00e0. Il settore automotive, nella difficile e socialmente costosa transizione verso l\u2019auto elettrica, \u00e8 uno dei settori principali su cui sia la Commissione di Bruxelles che i grandi paesi dell\u2019industria automobilistica (Germania, Italia e Francia, appunto) devono saper investire e innovare.<\/p>\n","protected":false},"excerpt":{"rendered":"<p>\u201cIndustria, la locomotiva italiana traina la ripresa europea\u201d, sostiene il Centro Studi Confindustria, nel recente rapporto sugli Scenari Industriali (\u201cIl Sole24Ore\u201d, 21 novembre). La nostra manifattura, infatti, ha recuperato i livelli di attivit\u00e0 precedenti alla pandemia (il suo valore aggiunto in dollari correnti \u00e8 di nuovo al 2,2% del totale mondiale) e va meglio della [&hellip;]<\/p>\n","protected":false},"author":9,"featured_media":85569,"comment_status":"open","ping_status":"open","sticky":false,"template":"","format":"standard","meta":{"footnotes":""},"categories":[53,52],"tags":[],"class_list":["post-85566","post","type-post","status-publish","format-standard","has-post-thumbnail","hentry","category-blog","category-cultura-dimpresa"],"acf":[],"yoast_head":"<!-- This site is optimized with the Yoast SEO plugin v25.0 - https:\/\/yoast.com\/wordpress\/plugins\/seo\/ -->\n<title>Industria in ripresa, \u00e8 tempo di reshoring. Si torna a produrre a casa, in Europa - Fondazione Pirelli<\/title>\n<meta name=\"robots\" content=\"index, follow, max-snippet:-1, max-image-preview:large, max-video-preview:-1\" \/>\n<link rel=\"canonical\" href=\"https:\/\/www.fondazionepirelli.org\/it\/cultura-dimpresa\/industria-in-ripresa-e-tempo-di-reshoring-si-torna-a-produrre-a-casa-in-europa\/\" \/>\n<meta property=\"og:locale\" content=\"it_IT\" \/>\n<meta property=\"og:type\" content=\"article\" \/>\n<meta property=\"og:title\" content=\"Industria in ripresa, \u00e8 tempo di reshoring. Si torna a produrre a casa, in Europa - Fondazione Pirelli\" \/>\n<meta property=\"og:description\" content=\"\u201cIndustria, la locomotiva italiana traina la ripresa europea\u201d, sostiene il Centro Studi Confindustria, nel recente rapporto sugli Scenari Industriali (\u201cIl Sole24Ore\u201d, 21 novembre). La nostra manifattura, infatti, ha recuperato i livelli di attivit\u00e0 precedenti alla pandemia (il suo valore aggiunto in dollari correnti \u00e8 di nuovo al 2,2% del totale mondiale) e va meglio della [&hellip;]\" \/>\n<meta property=\"og:url\" content=\"https:\/\/www.fondazionepirelli.org\/it\/cultura-dimpresa\/industria-in-ripresa-e-tempo-di-reshoring-si-torna-a-produrre-a-casa-in-europa\/\" \/>\n<meta property=\"og:site_name\" content=\"Fondazione Pirelli\" \/>\n<meta property=\"article:published_time\" content=\"2021-11-23T07:51:59+00:00\" \/>\n<meta property=\"og:image\" content=\"https:\/\/wpsite-assets.fondazionepirelli.org\/wp-content\/uploads\/2021\/11\/23085127\/Patto-di-Fabbrica-e1637653904135.jpg\" \/>\n\t<meta property=\"og:image:width\" content=\"499\" \/>\n\t<meta property=\"og:image:height\" content=\"333\" \/>\n\t<meta property=\"og:image:type\" content=\"image\/jpeg\" \/>\n<meta name=\"author\" content=\"fondazionepirelli\" \/>\n<meta name=\"twitter:card\" content=\"summary_large_image\" \/>\n<meta name=\"twitter:label1\" content=\"Scritto da\" \/>\n\t<meta name=\"twitter:data1\" content=\"fondazionepirelli\" \/>\n\t<meta name=\"twitter:label2\" content=\"Tempo di lettura stimato\" \/>\n\t<meta name=\"twitter:data2\" content=\"4 minuti\" \/>\n<script type=\"application\/ld+json\" class=\"yoast-schema-graph\">{\"@context\":\"https:\/\/schema.org\",\"@graph\":[{\"@type\":\"WebPage\",\"@id\":\"https:\/\/www.fondazionepirelli.org\/it\/cultura-dimpresa\/industria-in-ripresa-e-tempo-di-reshoring-si-torna-a-produrre-a-casa-in-europa\/\",\"url\":\"https:\/\/www.fondazionepirelli.org\/it\/cultura-dimpresa\/industria-in-ripresa-e-tempo-di-reshoring-si-torna-a-produrre-a-casa-in-europa\/\",\"name\":\"Industria in ripresa, \u00e8 tempo di reshoring. Si torna a produrre a casa, in Europa - Fondazione Pirelli\",\"isPartOf\":{\"@id\":\"https:\/\/www.fondazionepirelli.org\/it\/#website\"},\"primaryImageOfPage\":{\"@id\":\"https:\/\/www.fondazionepirelli.org\/it\/cultura-dimpresa\/industria-in-ripresa-e-tempo-di-reshoring-si-torna-a-produrre-a-casa-in-europa\/#primaryimage\"},\"image\":{\"@id\":\"https:\/\/www.fondazionepirelli.org\/it\/cultura-dimpresa\/industria-in-ripresa-e-tempo-di-reshoring-si-torna-a-produrre-a-casa-in-europa\/#primaryimage\"},\"thumbnailUrl\":\"https:\/\/wpsite-assets.fondazionepirelli.org\/wp-content\/uploads\/2021\/11\/23085127\/Patto-di-Fabbrica-e1637653904135.jpg\",\"datePublished\":\"2021-11-23T07:51:59+00:00\",\"author\":{\"@id\":\"https:\/\/www.fondazionepirelli.org\/it\/#\/schema\/person\/c31fcf5937a0e6afa45497f3f8b6d7a0\"},\"breadcrumb\":{\"@id\":\"https:\/\/www.fondazionepirelli.org\/it\/cultura-dimpresa\/industria-in-ripresa-e-tempo-di-reshoring-si-torna-a-produrre-a-casa-in-europa\/#breadcrumb\"},\"inLanguage\":\"it-IT\",\"potentialAction\":[{\"@type\":\"ReadAction\",\"target\":[\"https:\/\/www.fondazionepirelli.org\/it\/cultura-dimpresa\/industria-in-ripresa-e-tempo-di-reshoring-si-torna-a-produrre-a-casa-in-europa\/\"]}]},{\"@type\":\"ImageObject\",\"inLanguage\":\"it-IT\",\"@id\":\"https:\/\/www.fondazionepirelli.org\/it\/cultura-dimpresa\/industria-in-ripresa-e-tempo-di-reshoring-si-torna-a-produrre-a-casa-in-europa\/#primaryimage\",\"url\":\"https:\/\/wpsite-assets.fondazionepirelli.org\/wp-content\/uploads\/2021\/11\/23085127\/Patto-di-Fabbrica-e1637653904135.jpg\",\"contentUrl\":\"https:\/\/wpsite-assets.fondazionepirelli.org\/wp-content\/uploads\/2021\/11\/23085127\/Patto-di-Fabbrica-e1637653904135.jpg\",\"width\":499,\"height\":333},{\"@type\":\"BreadcrumbList\",\"@id\":\"https:\/\/www.fondazionepirelli.org\/it\/cultura-dimpresa\/industria-in-ripresa-e-tempo-di-reshoring-si-torna-a-produrre-a-casa-in-europa\/#breadcrumb\",\"itemListElement\":[{\"@type\":\"ListItem\",\"position\":1,\"name\":\"Home\",\"item\":\"https:\/\/www.fondazionepirelli.org\/it\/\"},{\"@type\":\"ListItem\",\"position\":2,\"name\":\"Industria in ripresa, \u00e8 tempo di reshoring. Si torna a produrre a casa, in Europa\"}]},{\"@type\":\"WebSite\",\"@id\":\"https:\/\/www.fondazionepirelli.org\/it\/#website\",\"url\":\"https:\/\/www.fondazionepirelli.org\/it\/\",\"name\":\"Fondazione Pirelli\",\"description\":\"\",\"potentialAction\":[{\"@type\":\"SearchAction\",\"target\":{\"@type\":\"EntryPoint\",\"urlTemplate\":\"https:\/\/www.fondazionepirelli.org\/it\/?s={search_term_string}\"},\"query-input\":{\"@type\":\"PropertyValueSpecification\",\"valueRequired\":true,\"valueName\":\"search_term_string\"}}],\"inLanguage\":\"it-IT\"},{\"@type\":\"Person\",\"@id\":\"https:\/\/www.fondazionepirelli.org\/it\/#\/schema\/person\/c31fcf5937a0e6afa45497f3f8b6d7a0\",\"name\":\"fondazionepirelli\",\"image\":{\"@type\":\"ImageObject\",\"inLanguage\":\"it-IT\",\"@id\":\"https:\/\/www.fondazionepirelli.org\/it\/#\/schema\/person\/image\/\",\"url\":\"https:\/\/secure.gravatar.com\/avatar\/9cb486421ce1d6eddbf6c4fb66841b4325b786695f7aedf1dde2222428218696?s=96&d=mm&r=g\",\"contentUrl\":\"https:\/\/secure.gravatar.com\/avatar\/9cb486421ce1d6eddbf6c4fb66841b4325b786695f7aedf1dde2222428218696?s=96&d=mm&r=g\",\"caption\":\"fondazionepirelli\"},\"url\":\"https:\/\/www.fondazionepirelli.org\/it\/author\/fondazionepirelli\/\"}]}<\/script>\n<!-- \/ Yoast SEO plugin. -->","yoast_head_json":{"title":"Industria in ripresa, \u00e8 tempo di reshoring. Si torna a produrre a casa, in Europa - Fondazione Pirelli","robots":{"index":"index","follow":"follow","max-snippet":"max-snippet:-1","max-image-preview":"max-image-preview:large","max-video-preview":"max-video-preview:-1"},"canonical":"https:\/\/www.fondazionepirelli.org\/it\/cultura-dimpresa\/industria-in-ripresa-e-tempo-di-reshoring-si-torna-a-produrre-a-casa-in-europa\/","og_locale":"it_IT","og_type":"article","og_title":"Industria in ripresa, \u00e8 tempo di reshoring. Si torna a produrre a casa, in Europa - Fondazione Pirelli","og_description":"\u201cIndustria, la locomotiva italiana traina la ripresa europea\u201d, sostiene il Centro Studi Confindustria, nel recente rapporto sugli Scenari Industriali (\u201cIl Sole24Ore\u201d, 21 novembre). La nostra manifattura, infatti, ha recuperato i livelli di attivit\u00e0 precedenti alla pandemia (il suo valore aggiunto in dollari correnti \u00e8 di nuovo al 2,2% del totale mondiale) e va meglio della [&hellip;]","og_url":"https:\/\/www.fondazionepirelli.org\/it\/cultura-dimpresa\/industria-in-ripresa-e-tempo-di-reshoring-si-torna-a-produrre-a-casa-in-europa\/","og_site_name":"Fondazione Pirelli","article_published_time":"2021-11-23T07:51:59+00:00","og_image":[{"width":499,"height":333,"url":"https:\/\/wpsite-assets.fondazionepirelli.org\/wp-content\/uploads\/2021\/11\/23085127\/Patto-di-Fabbrica-e1637653904135.jpg","type":"image\/jpeg"}],"author":"fondazionepirelli","twitter_card":"summary_large_image","twitter_misc":{"Scritto da":"fondazionepirelli","Tempo di lettura stimato":"4 minuti"},"schema":{"@context":"https:\/\/schema.org","@graph":[{"@type":"WebPage","@id":"https:\/\/www.fondazionepirelli.org\/it\/cultura-dimpresa\/industria-in-ripresa-e-tempo-di-reshoring-si-torna-a-produrre-a-casa-in-europa\/","url":"https:\/\/www.fondazionepirelli.org\/it\/cultura-dimpresa\/industria-in-ripresa-e-tempo-di-reshoring-si-torna-a-produrre-a-casa-in-europa\/","name":"Industria in ripresa, \u00e8 tempo di reshoring. Si torna a produrre a casa, in Europa - Fondazione Pirelli","isPartOf":{"@id":"https:\/\/www.fondazionepirelli.org\/it\/#website"},"primaryImageOfPage":{"@id":"https:\/\/www.fondazionepirelli.org\/it\/cultura-dimpresa\/industria-in-ripresa-e-tempo-di-reshoring-si-torna-a-produrre-a-casa-in-europa\/#primaryimage"},"image":{"@id":"https:\/\/www.fondazionepirelli.org\/it\/cultura-dimpresa\/industria-in-ripresa-e-tempo-di-reshoring-si-torna-a-produrre-a-casa-in-europa\/#primaryimage"},"thumbnailUrl":"https:\/\/wpsite-assets.fondazionepirelli.org\/wp-content\/uploads\/2021\/11\/23085127\/Patto-di-Fabbrica-e1637653904135.jpg","datePublished":"2021-11-23T07:51:59+00:00","author":{"@id":"https:\/\/www.fondazionepirelli.org\/it\/#\/schema\/person\/c31fcf5937a0e6afa45497f3f8b6d7a0"},"breadcrumb":{"@id":"https:\/\/www.fondazionepirelli.org\/it\/cultura-dimpresa\/industria-in-ripresa-e-tempo-di-reshoring-si-torna-a-produrre-a-casa-in-europa\/#breadcrumb"},"inLanguage":"it-IT","potentialAction":[{"@type":"ReadAction","target":["https:\/\/www.fondazionepirelli.org\/it\/cultura-dimpresa\/industria-in-ripresa-e-tempo-di-reshoring-si-torna-a-produrre-a-casa-in-europa\/"]}]},{"@type":"ImageObject","inLanguage":"it-IT","@id":"https:\/\/www.fondazionepirelli.org\/it\/cultura-dimpresa\/industria-in-ripresa-e-tempo-di-reshoring-si-torna-a-produrre-a-casa-in-europa\/#primaryimage","url":"https:\/\/wpsite-assets.fondazionepirelli.org\/wp-content\/uploads\/2021\/11\/23085127\/Patto-di-Fabbrica-e1637653904135.jpg","contentUrl":"https:\/\/wpsite-assets.fondazionepirelli.org\/wp-content\/uploads\/2021\/11\/23085127\/Patto-di-Fabbrica-e1637653904135.jpg","width":499,"height":333},{"@type":"BreadcrumbList","@id":"https:\/\/www.fondazionepirelli.org\/it\/cultura-dimpresa\/industria-in-ripresa-e-tempo-di-reshoring-si-torna-a-produrre-a-casa-in-europa\/#breadcrumb","itemListElement":[{"@type":"ListItem","position":1,"name":"Home","item":"https:\/\/www.fondazionepirelli.org\/it\/"},{"@type":"ListItem","position":2,"name":"Industria in ripresa, \u00e8 tempo di reshoring. Si torna a produrre a casa, in Europa"}]},{"@type":"WebSite","@id":"https:\/\/www.fondazionepirelli.org\/it\/#website","url":"https:\/\/www.fondazionepirelli.org\/it\/","name":"Fondazione Pirelli","description":"","potentialAction":[{"@type":"SearchAction","target":{"@type":"EntryPoint","urlTemplate":"https:\/\/www.fondazionepirelli.org\/it\/?s={search_term_string}"},"query-input":{"@type":"PropertyValueSpecification","valueRequired":true,"valueName":"search_term_string"}}],"inLanguage":"it-IT"},{"@type":"Person","@id":"https:\/\/www.fondazionepirelli.org\/it\/#\/schema\/person\/c31fcf5937a0e6afa45497f3f8b6d7a0","name":"fondazionepirelli","image":{"@type":"ImageObject","inLanguage":"it-IT","@id":"https:\/\/www.fondazionepirelli.org\/it\/#\/schema\/person\/image\/","url":"https:\/\/secure.gravatar.com\/avatar\/9cb486421ce1d6eddbf6c4fb66841b4325b786695f7aedf1dde2222428218696?s=96&d=mm&r=g","contentUrl":"https:\/\/secure.gravatar.com\/avatar\/9cb486421ce1d6eddbf6c4fb66841b4325b786695f7aedf1dde2222428218696?s=96&d=mm&r=g","caption":"fondazionepirelli"},"url":"https:\/\/www.fondazionepirelli.org\/it\/author\/fondazionepirelli\/"}]}},"_links":{"self":[{"href":"https:\/\/www.fondazionepirelli.org\/it\/wp-json\/wp\/v2\/posts\/85566\/"}],"collection":[{"href":"https:\/\/www.fondazionepirelli.org\/it\/wp-json\/wp\/v2\/posts\/"}],"about":[{"href":"https:\/\/www.fondazionepirelli.org\/it\/wp-json\/wp\/v2\/types\/post\/"}],"author":[{"embeddable":true,"href":"https:\/\/www.fondazionepirelli.org\/it\/wp-json\/wp\/v2\/users\/9\/"}],"replies":[{"embeddable":true,"href":"https:\/\/www.fondazionepirelli.org\/it\/wp-json\/wp\/v2\/comments\/?post=85566"}],"version-history":[{"count":2,"href":"https:\/\/www.fondazionepirelli.org\/it\/wp-json\/wp\/v2\/posts\/85566\/revisions\/"}],"predecessor-version":[{"id":85568,"href":"https:\/\/www.fondazionepirelli.org\/it\/wp-json\/wp\/v2\/posts\/85566\/revisions\/85568\/"}],"wp:featuredmedia":[{"embeddable":true,"href":"https:\/\/www.fondazionepirelli.org\/it\/wp-json\/wp\/v2\/media\/85569\/"}],"wp:attachment":[{"href":"https:\/\/www.fondazionepirelli.org\/it\/wp-json\/wp\/v2\/media\/?parent=85566"}],"wp:term":[{"taxonomy":"category","embeddable":true,"href":"https:\/\/www.fondazionepirelli.org\/it\/wp-json\/wp\/v2\/categories\/?post=85566"},{"taxonomy":"post_tag","embeddable":true,"href":"https:\/\/www.fondazionepirelli.org\/it\/wp-json\/wp\/v2\/tags\/?post=85566"}],"curies":[{"name":"wp","href":"https:\/\/api.w.org\/{rel}","templated":true}]}}