{"id":85638,"date":"2021-12-09T09:43:01","date_gmt":"2021-12-09T08:43:01","guid":{"rendered":"https:\/\/www.fondazionepirelli.org\/?p=85638"},"modified":"2021-12-14T13:31:52","modified_gmt":"2021-12-14T12:31:52","slug":"la-risposta-alla-societa-irrazionale-e-ricostruire-fiducia-e-bloccare-il-degrado","status":"publish","type":"post","link":"https:\/\/www.fondazionepirelli.org\/it\/cultura-dimpresa\/la-risposta-alla-societa-irrazionale-e-ricostruire-fiducia-e-bloccare-il-degrado\/","title":{"rendered":"La risposta alla \u201csociet\u00e0 irrazionale\u201d \u00e8 ricostruire fiducia e bloccare il degrado"},"content":{"rendered":"<p>\u201cIl cuore ha le sue ragioni, che la ragione non conosce\u201d. Vale la pena riprendere in mano i \u201cPensieri\u201d di Blaise Pascal, per riflettere sul senso profondo delle opinioni di quella \u201csociet\u00e0 irrazionale\u201d appena fotografata dal Censis nel suo <strong><em>55\u00b0 Rapporto sulla situazione sociale dell\u2019Italia<\/em>.<\/strong> Perch\u00e9 proprio quel giudizio di Pascal, al di l\u00e0 del suo riferimento specifico alla relazione dell\u2019uomo con la <strong>Verit\u00e0<\/strong> e dunque con Dio, ci porta ad andare oltre la tendenza a stigmatizzare il cosiddetto \u201cpensiero magico\u201d e a porre una serie di domande sui motivi dell\u2019irrazionalit\u00e0 cos\u00ec diffusa.<br \/>\nE\u2019 necessario, infatti, articolare risposte che cerchino di recuperare alla sfera del <strong>pensiero razionale<\/strong>, della conoscenza scientifica e della consapevolezza della \u201cverit\u00e0 dei fatti\u201d e dei dati (e cio\u00e8 anche alla dialettica del discorso pubblico critico e al pensiero della democrazia liberale) quote rilevanti di opinione pubblica che non possono essere lasciate in balia di credenze bizzarre sulla \u201cterra piatta\u201d, il \u201cgrande reset\u201d delle coscienze, i complotti del potere, le manovre dei \u201cnemici\u201d.<br \/>\nAl di l\u00e0 dei violenti che si fanno scudo delle credenze No Vax, degli estremisti e dei provocatori e degli esibizionisti spregiudicati in cerca di facile notoriet\u00e0, si tratta di fare i conti con pur minoritarie correnti di opinione e di lavorare per ricostruire un tessuto di \u201cfiducia\u201d fondato su pensieri di razionalit\u00e0 critica positiva. E la <strong>fiducia<\/strong> \u00e8 proprio la dimensione in cui si compongono aspettative e sentimenti, passioni e calcoli, interessi e valori, quelle \u201cragioni del cuore\u201d che si muovono su piani diversi dalla razionalit\u00e0 del progresso, dell\u2019efficienza, della finalizzazione tecnico-scientifica delle scelte. Della ragione razionale.<\/p>\n<p>La \u201cragione del cuore\u201d \u00e8 una ragione poetica, letteraria, capace di esprimere le emozioni profonde dell\u2019inquietudine umana. Ed \u00e8 una ragione politica, se il collante di una comunit\u00e0, di una polis, \u00e8 una miscela, pur instabile, di sentimenti e scelte ideali, di spinte emotive e calcoli di interesse, di \u201csimpatia\u201d (sun e pathos, una condivisione di tensioni e sofferenze) e di valori di comunit\u00e0.<br \/>\nEcco perch\u00e9, dopo aver messo giustamente in rilievo i dati della \u201c<strong>societ\u00e0 irrazionale<\/strong>\u201d, con gli strumenti dell\u2019indagine e della critica sociale di cui il Censis \u00e8 maestro (per il 5,9% degli italiani il Covid non esiste, il 10,9% \u00e8 convinto che il vaccino sia inutile, il 12,7% dichiara che la scienza produce pi\u00f9 danni che benefici, il 19,9% ritiene che il 5G sia uno \u201cstrumento sofisticato per controllare le persone\u201d, il 5,8% dichiara che \u201cla terra \u00e8 piatta\u201d), \u00e8 necessario, per gli attori sociali e politici e per tutti coloro che hanno responsabilit\u00e0 di professioni intellettuali, capire come affrontare le radici di disagi e lacerazioni sociali che producono marginalit\u00e0. E indicare prospettive possibili di migliori condizioni di lavoro e di vita.<br \/>\nPerch\u00e9 proprio nelle aree delle marginalit\u00e0 sociali e del degrado culturale mettono pi\u00f9 facilmente radici le credenze del \u201cpensiero magico\u201d. L\u00ec si alimentano sovranismi e populismi, anche con caratteristiche eversive. E l\u00ec hanno presa le spregiudicate operazioni di diffusione di fake news, attraverso cui passano tentativi di forze politiche internazionali di lacerare il tessuto delle opinioni pubbliche dei paesi europei e occidentali.<\/p>\n<p>Il <strong>declino italiano<\/strong> e i diffusi disagi hanno antiche radici, naturalmente. Gli italiani erano \u201csciapi e infelici\u201d, secondo il Rapporto Censis del 2013, attento comunque a indicare condizioni in cui si coglieva \u201cil fervore del sale\u201d. Poi \u00e8 arrivata, nel 2017, la \u201csociet\u00e0 del rancore\u201d e, nel 2018, \u201cla cattiveria\u201d, con fenomeni di \u201csovranismo psichico\u201d che indicavano isolamento e rottura della fiducia e del senso di appartenenza civica. Nel 2020, come reazione a caldo alla pandemia, si \u00e8 parlato di \u201cfervore\u201d. Adesso, \u00e8 la volta della \u201csociet\u00e0 irrazionale\u201d. L\u2019Italia, \u00e8 vero, ha una identit\u00e0 complessa. Vive di tensioni molteplici e spesso contrastanti. Di certo, rimangono evidenti le tracce di crisi, di spaesamento, di dolorose incertezze. E nel lungo periodo, con la caduta dell\u2019idea (dell\u2019illusione?) del progresso continuo e del benessere crescente e diffuso, piuttosto che affrontare con realismo le luci e le ombre di una difficile realt\u00e0, quote rilevanti di popolazione si lasciano andare al pessimismo, a quel \u201cpensiero magico\u201d che vede complotti, nemici, persecuzioni. E che spregiudicate e poco responsabili forze politiche e gruppi sociali forti sui social media strumentalizzano, con messaggi carichi di ostilit\u00e0.<\/p>\n<p>Come reagire? Stigmatizzare il \u201cpensiero magico\u201d e \u201cl\u2019irrazionale\u201d \u00e8 necessario, naturalmente. Cos\u00ec come ricordarsi che, nella costruzione dell\u2019informazione, \u201cnon puoi mettere sullo stesso piano uno scienziato e il primo sciamano che passa per strada\u201d e che quindi \u201cdeve tornare a contare la competenza\u201d perch\u00e9 \u201cnon tutte le opinioni hanno lo stesso valore\u201d, come sostiene giustamente <strong>Monica Maggioni<\/strong>, direttrice del Tg1 (\u201cla Repubblica\u201d, 5 dicembre).<br \/>\nMa non basta. E\u2019 vero, la stragrande maggioranza degli italiani adulti, l\u201985%, si \u00e8 vaccinata, con ammirevole senso di responsabilit\u00e0 e intelligente comprensione dei doveri etici e civili verso se stessi e gli altri cittadini. E\u2019 vero anche che imprese e lavoratori, con scarse eccezioni, hanno saputo affrontare bene la crisi da pandemia e recessione, investendo, innovando, lavorando, producendo e determinando un\u2019ammirevole ripresa economica del 6,3%. E\u2019 vero infine che stiamo assistendo a straordinarie conferme dell\u2019esistenza di un solido spirito civico e di un robusto capitale sociale positivo (a cominciare dalle esperienze del volontariato).<br \/>\nMa tutto questo non ci esime dal farci carico del disagio oramai di lungo periodo, fondato sul divario tra aspettative crescenti di benessere e basso livello di sviluppo economico soprattutto nelle societ\u00e0 occidentali, sulle rotture dell\u2019ascensore sociale con un forte annebbiamento delle prospettive delle giovani generazioni, sui nuovi divari tecnologici, culturali, geografici con un peggioramento delle condizioni di vita del ceto medio.<\/p>\n<p>La pandemia e la recessione conseguente hanno aggravato il quadro. Il <strong>disagio<\/strong> \u00e8 cresciuto. Un dato per tutti: i nuclei di famiglie in povert\u00e0 assoluta in un anno sono raddoppiati, toccando quota 2 milioni. Il lavoro continua a mancare, soprattutto per giovani e donne. E proprio sul tema del lavoro si evidenzia un clamoroso contrasto: le aziende assumerebbero volentieri 400mila persone, che per\u00f2 non trovano, ma altre centinaia di migliaia di persone dichiarano che lavorerebbero volentieri, se ne avessero l\u2019occasione. La ragione sta da entrambe le parti. E servirebbe una seria politica del lavoro legata a formazione e canali di incontro pi\u00f9 efficaci tra offerta e domanda.<br \/>\nEcco il punto: servirebbe una politica, che a lungo \u00e8 mancata e che in parecchie situazioni, soprattutto negli enti locali e nel Mezzogiorno, continua a mancare. Servirebbe un \u201crammendo\u201d sociale. Una ricostruzione di fiducia in un progetto comune.<br \/>\nDal febbraio scorso abbiamo un buon governo, guidato da Mario Draghi, personalit\u00e0 autorevole e prestigiosa anche a livello internazionale. E grazie a questo governo (dopo le gravi carenze delle compagini precedenti) e grazie alla affidabilit\u00e0 e alla credibilit\u00e0 del Quirinale e del presidente Mattarella, abbiamo finalmente affrontato bene la pandemia, definito le scelte per poter usare i fondi europei del Recovery Plan, rimesso in moto la macchina dell\u2019economia, incoraggiando le imprese a investire ed espandersi.<br \/>\nMa adesso bisogna andare avanti, con chiarezza e lungimirante senso di responsabilit\u00e0. Le manovre e le schermaglie di questi ultimi giorni, su Finanziaria e prospettive per il Quirinale, non sono per\u00f2, purtroppo, incoraggianti.<\/p>\n<p>La fiducia da riconquistare e rafforzare resta l\u2019obiettivo, per ridare vigore all\u2019Italia e consolidare la ripresa, cominciando a sanare degrado, disillusioni, rancori, ferite sociali.<br \/>\nBisogna, insomma, fare riavvicinare cuore e razionalit\u00e0. E fare il modo, tornando a Pascal, che le ragioni del cuore e quelle della ragione si incontrino e si capiscano. Nella vita, il lavoro pi\u00f9 importante \u00e8 progettare futuro. E costruire ponti. Di idee e di parole. Con pensieri veri, tutt\u2019altro che \u201cmagici\u201d.<\/p>\n","protected":false},"excerpt":{"rendered":"<p>\u201cIl cuore ha le sue ragioni, che la ragione non conosce\u201d. Vale la pena riprendere in mano i \u201cPensieri\u201d di Blaise Pascal, per riflettere sul senso profondo delle opinioni di quella \u201csociet\u00e0 irrazionale\u201d appena fotografata dal Censis nel suo 55\u00b0 Rapporto sulla situazione sociale dell\u2019Italia. Perch\u00e9 proprio quel giudizio di Pascal, al di l\u00e0 del [&hellip;]<\/p>\n","protected":false},"author":9,"featured_media":85646,"comment_status":"open","ping_status":"open","sticky":false,"template":"","format":"standard","meta":{"footnotes":""},"categories":[53,52],"tags":[],"class_list":["post-85638","post","type-post","status-publish","format-standard","has-post-thumbnail","hentry","category-blog","category-cultura-dimpresa"],"acf":[],"yoast_head":"<!-- This site is optimized with the Yoast SEO plugin v25.0 - https:\/\/yoast.com\/wordpress\/plugins\/seo\/ -->\n<title>La risposta alla \u201csociet\u00e0 irrazionale\u201d \u00e8 ricostruire fiducia e bloccare il degrado - Fondazione Pirelli<\/title>\n<meta name=\"robots\" content=\"index, follow, max-snippet:-1, max-image-preview:large, max-video-preview:-1\" \/>\n<link rel=\"canonical\" href=\"https:\/\/www.fondazionepirelli.org\/it\/cultura-dimpresa\/la-risposta-alla-societa-irrazionale-e-ricostruire-fiducia-e-bloccare-il-degrado\/\" \/>\n<meta property=\"og:locale\" content=\"it_IT\" \/>\n<meta property=\"og:type\" content=\"article\" \/>\n<meta property=\"og:title\" content=\"La risposta alla \u201csociet\u00e0 irrazionale\u201d \u00e8 ricostruire fiducia e bloccare il degrado - Fondazione Pirelli\" \/>\n<meta property=\"og:description\" content=\"\u201cIl cuore ha le sue ragioni, che la ragione non conosce\u201d. Vale la pena riprendere in mano i \u201cPensieri\u201d di Blaise Pascal, per riflettere sul senso profondo delle opinioni di quella \u201csociet\u00e0 irrazionale\u201d appena fotografata dal Censis nel suo 55\u00b0 Rapporto sulla situazione sociale dell\u2019Italia. Perch\u00e9 proprio quel giudizio di Pascal, al di l\u00e0 del [&hellip;]\" \/>\n<meta property=\"og:url\" content=\"https:\/\/127.0.0.1\/it\/cultura-dimpresa\/la-risposta-alla-societa-irrazionale-e-ricostruire-fiducia-e-bloccare-il-degrado\/\" \/>\n<meta property=\"og:site_name\" content=\"Fondazione Pirelli\" \/>\n<meta property=\"article:published_time\" content=\"2021-12-09T08:43:01+00:00\" \/>\n<meta property=\"article:modified_time\" content=\"2021-12-14T12:31:52+00:00\" \/>\n<meta property=\"og:image\" content=\"https:\/\/wpsite-assets.fondazionepirelli.org\/wp-content\/uploads\/2021\/12\/09094245\/images-9.jpg\" \/>\n\t<meta property=\"og:image:width\" content=\"275\" \/>\n\t<meta property=\"og:image:height\" content=\"183\" \/>\n\t<meta property=\"og:image:type\" content=\"image\/jpeg\" \/>\n<meta name=\"author\" content=\"fondazionepirelli\" \/>\n<meta name=\"twitter:card\" content=\"summary_large_image\" \/>\n<meta name=\"twitter:label1\" content=\"Scritto da\" \/>\n\t<meta name=\"twitter:data1\" content=\"fondazionepirelli\" \/>\n\t<meta name=\"twitter:label2\" content=\"Tempo di lettura stimato\" \/>\n\t<meta name=\"twitter:data2\" content=\"6 minuti\" \/>\n<script type=\"application\/ld+json\" class=\"yoast-schema-graph\">{\"@context\":\"https:\/\/schema.org\",\"@graph\":[{\"@type\":\"WebPage\",\"@id\":\"https:\/\/127.0.0.1\/it\/cultura-dimpresa\/la-risposta-alla-societa-irrazionale-e-ricostruire-fiducia-e-bloccare-il-degrado\/\",\"url\":\"https:\/\/127.0.0.1\/it\/cultura-dimpresa\/la-risposta-alla-societa-irrazionale-e-ricostruire-fiducia-e-bloccare-il-degrado\/\",\"name\":\"La risposta alla \u201csociet\u00e0 irrazionale\u201d \u00e8 ricostruire fiducia e bloccare il degrado - Fondazione Pirelli\",\"isPartOf\":{\"@id\":\"https:\/\/www.fondazionepirelli.org\/it\/#website\"},\"primaryImageOfPage\":{\"@id\":\"https:\/\/127.0.0.1\/it\/cultura-dimpresa\/la-risposta-alla-societa-irrazionale-e-ricostruire-fiducia-e-bloccare-il-degrado\/#primaryimage\"},\"image\":{\"@id\":\"https:\/\/127.0.0.1\/it\/cultura-dimpresa\/la-risposta-alla-societa-irrazionale-e-ricostruire-fiducia-e-bloccare-il-degrado\/#primaryimage\"},\"thumbnailUrl\":\"https:\/\/wpsite-assets.fondazionepirelli.org\/wp-content\/uploads\/2021\/12\/09094245\/images-9.jpg\",\"datePublished\":\"2021-12-09T08:43:01+00:00\",\"dateModified\":\"2021-12-14T12:31:52+00:00\",\"author\":{\"@id\":\"https:\/\/www.fondazionepirelli.org\/it\/#\/schema\/person\/c31fcf5937a0e6afa45497f3f8b6d7a0\"},\"breadcrumb\":{\"@id\":\"https:\/\/127.0.0.1\/it\/cultura-dimpresa\/la-risposta-alla-societa-irrazionale-e-ricostruire-fiducia-e-bloccare-il-degrado\/#breadcrumb\"},\"inLanguage\":\"it-IT\",\"potentialAction\":[{\"@type\":\"ReadAction\",\"target\":[\"https:\/\/127.0.0.1\/it\/cultura-dimpresa\/la-risposta-alla-societa-irrazionale-e-ricostruire-fiducia-e-bloccare-il-degrado\/\"]}]},{\"@type\":\"ImageObject\",\"inLanguage\":\"it-IT\",\"@id\":\"https:\/\/127.0.0.1\/it\/cultura-dimpresa\/la-risposta-alla-societa-irrazionale-e-ricostruire-fiducia-e-bloccare-il-degrado\/#primaryimage\",\"url\":\"https:\/\/wpsite-assets.fondazionepirelli.org\/wp-content\/uploads\/2021\/12\/09094245\/images-9.jpg\",\"contentUrl\":\"https:\/\/wpsite-assets.fondazionepirelli.org\/wp-content\/uploads\/2021\/12\/09094245\/images-9.jpg\",\"width\":275,\"height\":183},{\"@type\":\"BreadcrumbList\",\"@id\":\"https:\/\/127.0.0.1\/it\/cultura-dimpresa\/la-risposta-alla-societa-irrazionale-e-ricostruire-fiducia-e-bloccare-il-degrado\/#breadcrumb\",\"itemListElement\":[{\"@type\":\"ListItem\",\"position\":1,\"name\":\"Home\",\"item\":\"https:\/\/www.fondazionepirelli.org\/it\/\"},{\"@type\":\"ListItem\",\"position\":2,\"name\":\"La risposta alla \u201csociet\u00e0 irrazionale\u201d \u00e8 ricostruire fiducia e bloccare il degrado\"}]},{\"@type\":\"WebSite\",\"@id\":\"https:\/\/www.fondazionepirelli.org\/it\/#website\",\"url\":\"https:\/\/www.fondazionepirelli.org\/it\/\",\"name\":\"Fondazione Pirelli\",\"description\":\"\",\"potentialAction\":[{\"@type\":\"SearchAction\",\"target\":{\"@type\":\"EntryPoint\",\"urlTemplate\":\"https:\/\/www.fondazionepirelli.org\/it\/?s={search_term_string}\"},\"query-input\":{\"@type\":\"PropertyValueSpecification\",\"valueRequired\":true,\"valueName\":\"search_term_string\"}}],\"inLanguage\":\"it-IT\"},{\"@type\":\"Person\",\"@id\":\"https:\/\/www.fondazionepirelli.org\/it\/#\/schema\/person\/c31fcf5937a0e6afa45497f3f8b6d7a0\",\"name\":\"fondazionepirelli\",\"image\":{\"@type\":\"ImageObject\",\"inLanguage\":\"it-IT\",\"@id\":\"https:\/\/www.fondazionepirelli.org\/it\/#\/schema\/person\/image\/\",\"url\":\"https:\/\/secure.gravatar.com\/avatar\/9cb486421ce1d6eddbf6c4fb66841b4325b786695f7aedf1dde2222428218696?s=96&d=mm&r=g\",\"contentUrl\":\"https:\/\/secure.gravatar.com\/avatar\/9cb486421ce1d6eddbf6c4fb66841b4325b786695f7aedf1dde2222428218696?s=96&d=mm&r=g\",\"caption\":\"fondazionepirelli\"},\"url\":\"https:\/\/www.fondazionepirelli.org\/it\/author\/fondazionepirelli\/\"}]}<\/script>\n<!-- \/ Yoast SEO plugin. -->","yoast_head_json":{"title":"La risposta alla \u201csociet\u00e0 irrazionale\u201d \u00e8 ricostruire fiducia e bloccare il degrado - Fondazione Pirelli","robots":{"index":"index","follow":"follow","max-snippet":"max-snippet:-1","max-image-preview":"max-image-preview:large","max-video-preview":"max-video-preview:-1"},"canonical":"https:\/\/www.fondazionepirelli.org\/it\/cultura-dimpresa\/la-risposta-alla-societa-irrazionale-e-ricostruire-fiducia-e-bloccare-il-degrado\/","og_locale":"it_IT","og_type":"article","og_title":"La risposta alla \u201csociet\u00e0 irrazionale\u201d \u00e8 ricostruire fiducia e bloccare il degrado - Fondazione Pirelli","og_description":"\u201cIl cuore ha le sue ragioni, che la ragione non conosce\u201d. Vale la pena riprendere in mano i \u201cPensieri\u201d di Blaise Pascal, per riflettere sul senso profondo delle opinioni di quella \u201csociet\u00e0 irrazionale\u201d appena fotografata dal Censis nel suo 55\u00b0 Rapporto sulla situazione sociale dell\u2019Italia. Perch\u00e9 proprio quel giudizio di Pascal, al di l\u00e0 del [&hellip;]","og_url":"https:\/\/127.0.0.1\/it\/cultura-dimpresa\/la-risposta-alla-societa-irrazionale-e-ricostruire-fiducia-e-bloccare-il-degrado\/","og_site_name":"Fondazione Pirelli","article_published_time":"2021-12-09T08:43:01+00:00","article_modified_time":"2021-12-14T12:31:52+00:00","og_image":[{"width":275,"height":183,"url":"https:\/\/wpsite-assets.fondazionepirelli.org\/wp-content\/uploads\/2021\/12\/09094245\/images-9.jpg","type":"image\/jpeg"}],"author":"fondazionepirelli","twitter_card":"summary_large_image","twitter_misc":{"Scritto da":"fondazionepirelli","Tempo di lettura stimato":"6 minuti"},"schema":{"@context":"https:\/\/schema.org","@graph":[{"@type":"WebPage","@id":"https:\/\/127.0.0.1\/it\/cultura-dimpresa\/la-risposta-alla-societa-irrazionale-e-ricostruire-fiducia-e-bloccare-il-degrado\/","url":"https:\/\/127.0.0.1\/it\/cultura-dimpresa\/la-risposta-alla-societa-irrazionale-e-ricostruire-fiducia-e-bloccare-il-degrado\/","name":"La risposta alla \u201csociet\u00e0 irrazionale\u201d \u00e8 ricostruire fiducia e bloccare il degrado - Fondazione Pirelli","isPartOf":{"@id":"https:\/\/www.fondazionepirelli.org\/it\/#website"},"primaryImageOfPage":{"@id":"https:\/\/127.0.0.1\/it\/cultura-dimpresa\/la-risposta-alla-societa-irrazionale-e-ricostruire-fiducia-e-bloccare-il-degrado\/#primaryimage"},"image":{"@id":"https:\/\/127.0.0.1\/it\/cultura-dimpresa\/la-risposta-alla-societa-irrazionale-e-ricostruire-fiducia-e-bloccare-il-degrado\/#primaryimage"},"thumbnailUrl":"https:\/\/wpsite-assets.fondazionepirelli.org\/wp-content\/uploads\/2021\/12\/09094245\/images-9.jpg","datePublished":"2021-12-09T08:43:01+00:00","dateModified":"2021-12-14T12:31:52+00:00","author":{"@id":"https:\/\/www.fondazionepirelli.org\/it\/#\/schema\/person\/c31fcf5937a0e6afa45497f3f8b6d7a0"},"breadcrumb":{"@id":"https:\/\/127.0.0.1\/it\/cultura-dimpresa\/la-risposta-alla-societa-irrazionale-e-ricostruire-fiducia-e-bloccare-il-degrado\/#breadcrumb"},"inLanguage":"it-IT","potentialAction":[{"@type":"ReadAction","target":["https:\/\/127.0.0.1\/it\/cultura-dimpresa\/la-risposta-alla-societa-irrazionale-e-ricostruire-fiducia-e-bloccare-il-degrado\/"]}]},{"@type":"ImageObject","inLanguage":"it-IT","@id":"https:\/\/127.0.0.1\/it\/cultura-dimpresa\/la-risposta-alla-societa-irrazionale-e-ricostruire-fiducia-e-bloccare-il-degrado\/#primaryimage","url":"https:\/\/wpsite-assets.fondazionepirelli.org\/wp-content\/uploads\/2021\/12\/09094245\/images-9.jpg","contentUrl":"https:\/\/wpsite-assets.fondazionepirelli.org\/wp-content\/uploads\/2021\/12\/09094245\/images-9.jpg","width":275,"height":183},{"@type":"BreadcrumbList","@id":"https:\/\/127.0.0.1\/it\/cultura-dimpresa\/la-risposta-alla-societa-irrazionale-e-ricostruire-fiducia-e-bloccare-il-degrado\/#breadcrumb","itemListElement":[{"@type":"ListItem","position":1,"name":"Home","item":"https:\/\/www.fondazionepirelli.org\/it\/"},{"@type":"ListItem","position":2,"name":"La risposta alla \u201csociet\u00e0 irrazionale\u201d \u00e8 ricostruire fiducia e bloccare il degrado"}]},{"@type":"WebSite","@id":"https:\/\/www.fondazionepirelli.org\/it\/#website","url":"https:\/\/www.fondazionepirelli.org\/it\/","name":"Fondazione Pirelli","description":"","potentialAction":[{"@type":"SearchAction","target":{"@type":"EntryPoint","urlTemplate":"https:\/\/www.fondazionepirelli.org\/it\/?s={search_term_string}"},"query-input":{"@type":"PropertyValueSpecification","valueRequired":true,"valueName":"search_term_string"}}],"inLanguage":"it-IT"},{"@type":"Person","@id":"https:\/\/www.fondazionepirelli.org\/it\/#\/schema\/person\/c31fcf5937a0e6afa45497f3f8b6d7a0","name":"fondazionepirelli","image":{"@type":"ImageObject","inLanguage":"it-IT","@id":"https:\/\/www.fondazionepirelli.org\/it\/#\/schema\/person\/image\/","url":"https:\/\/secure.gravatar.com\/avatar\/9cb486421ce1d6eddbf6c4fb66841b4325b786695f7aedf1dde2222428218696?s=96&d=mm&r=g","contentUrl":"https:\/\/secure.gravatar.com\/avatar\/9cb486421ce1d6eddbf6c4fb66841b4325b786695f7aedf1dde2222428218696?s=96&d=mm&r=g","caption":"fondazionepirelli"},"url":"https:\/\/www.fondazionepirelli.org\/it\/author\/fondazionepirelli\/"}]}},"_links":{"self":[{"href":"https:\/\/www.fondazionepirelli.org\/it\/wp-json\/wp\/v2\/posts\/85638\/"}],"collection":[{"href":"https:\/\/www.fondazionepirelli.org\/it\/wp-json\/wp\/v2\/posts\/"}],"about":[{"href":"https:\/\/www.fondazionepirelli.org\/it\/wp-json\/wp\/v2\/types\/post\/"}],"author":[{"embeddable":true,"href":"https:\/\/www.fondazionepirelli.org\/it\/wp-json\/wp\/v2\/users\/9\/"}],"replies":[{"embeddable":true,"href":"https:\/\/www.fondazionepirelli.org\/it\/wp-json\/wp\/v2\/comments\/?post=85638"}],"version-history":[{"count":3,"href":"https:\/\/www.fondazionepirelli.org\/it\/wp-json\/wp\/v2\/posts\/85638\/revisions\/"}],"predecessor-version":[{"id":85763,"href":"https:\/\/www.fondazionepirelli.org\/it\/wp-json\/wp\/v2\/posts\/85638\/revisions\/85763\/"}],"wp:featuredmedia":[{"embeddable":true,"href":"https:\/\/www.fondazionepirelli.org\/it\/wp-json\/wp\/v2\/media\/85646\/"}],"wp:attachment":[{"href":"https:\/\/www.fondazionepirelli.org\/it\/wp-json\/wp\/v2\/media\/?parent=85638"}],"wp:term":[{"taxonomy":"category","embeddable":true,"href":"https:\/\/www.fondazionepirelli.org\/it\/wp-json\/wp\/v2\/categories\/?post=85638"},{"taxonomy":"post_tag","embeddable":true,"href":"https:\/\/www.fondazionepirelli.org\/it\/wp-json\/wp\/v2\/tags\/?post=85638"}],"curies":[{"name":"wp","href":"https:\/\/api.w.org\/{rel}","templated":true}]}}