{"id":85640,"date":"2021-12-09T09:48:15","date_gmt":"2021-12-09T08:48:15","guid":{"rendered":"https:\/\/www.fondazionepirelli.org\/?p=85640"},"modified":"2021-12-09T12:05:15","modified_gmt":"2021-12-09T11:05:15","slug":"nuove-imprese-allorizzonte","status":"publish","type":"post","link":"https:\/\/www.fondazionepirelli.org\/it\/cultura-dimpresa\/nuove-imprese-allorizzonte\/","title":{"rendered":"Nuove imprese all\u2019orizzonte"},"content":{"rendered":"<p><em>Una serie di interviste a imprenditori e manager delineano un modo diverso (e positivo) di produrre<\/em><\/p><p>E\u2019 possibile che dalle enormi difficolt\u00e0 dell\u2019oggi nasca qualcosa di positivo e di nuovo? Molti lo credono fattibile e molti ineluttabile. E\u2019 comunque una prospettiva da coltivare. Anche per il sistema delle imprese e dell\u2019economia in generale. Una prospettiva per la quale vale la pena lavorare.<br \/>\nAttorno a questo nucleo di pensieri hanno ragionato Maurizio Decastri, Emanuela Ferro e Massimo Quizielvu mettendo insieme \u201cVerso un nuovo rinascimento. L\u2019impresa di valore\u201d, un\u2019antologia di conversazioni con imprenditori e manager uniti dall\u2019indagine e dalla ricerca pratica sulle nuove prospettive della loro attivit\u00e0 d\u2019impresa.<br \/>\nCosa accade oggi. E\u2019, come si \u00e8 detto, da questa condizione che il libro prende le mosse. Una condizione vista in positivo. L\u2019accelerazione apportata dalla crisi pandemica di inizio 2020 \u2013 viene spiegato -, si \u00e8 insinuata nelle imprese, ergendosi a momento di rara opportunit\u00e0 per ridisegnare in corsa nuovi modelli manageriali, culturali e organizzativi, la cui essenza immaginiamo possa perdurare nel tempo.<br \/>\nImmaginazione positiva (e concreta). Che delinea quanto d\u00e0 poi il titolo alla raccolta stessa &#8211; un nuovo Rinascimento -, oltre che comporre una sorta di dizionario che racconta tratti nuovi del produrre. In questo vocabolario, viene ancora spiegato, si trovano alcune parole, insolite in molti casi per un vocabolario d\u2019impresa, ma la cui etimologia ci porta alla riscoperta del senso profondo da cui ognuna trae origine, apportando valore all\u2019organizzazione che la accoglie a proprio pilastro culturale e organizzativo. Si parla quindi di sostenibilit\u00e0, tecnologia, ma anche di emozioni, di tempo ritrovato, fiducia, equilibrio armonico, oltre che naturalmente del pi\u00f9 vasto rapporto tra impresa e societ\u00e0. Su tutto, poi, il ragionamento sul concetto di \u201cvalore\u201d \u2013 nella societ\u00e0 e nel sistema delle imprese -, che non viene ridotto solo ad espressione materiale di qualcosa ma a qualcosa di molto pi\u00f9 importante.<br \/>\nNelle pagine si ritrovano quindi i pensieri di imprenditori e manager attivi in imprese di vario genere e dimensioni dei settori della chimica, della logistica, dell\u2019alta tecnologia, dell\u2019energia e di altro ancora. Tutti, delineano in modi diversi quanto i curatori indicano con grande chiarezza in un passaggio del libro: \u201cLa fase di incertezza e tensione che stiamo vivendo ci suggerisce sottovoce di costruire imprese di valore, ossia imprese sobrie, temperanti e armoniche\u201d.<br \/>\n\u201cVerso un nuovo rinascimento. L\u2019impresa di valore\u201d \u00e8 un libro tutto da leggere. E magari da rileggere tra qualche tempo per verificare quanto si sta avverando delle prospettive delineate.<\/p>\n<p><strong>Verso un nuovo rinascimento. L\u2019impresa di valore<\/strong><br \/>\nMaurizio Decastri, Emanuela Ferro e Massimo Quizielvu (a cura di)<br \/>\nGuerini Next, 2021<\/p>\n","protected":false},"excerpt":{"rendered":"<p>Una serie di interviste a imprenditori e manager delineano un modo diverso (e positivo) di produrreE\u2019 possibile che dalle enormi difficolt\u00e0 dell\u2019oggi nasca qualcosa di positivo e di nuovo? Molti lo credono fattibile e molti ineluttabile. E\u2019 comunque una prospettiva da coltivare. Anche per il sistema delle imprese e dell\u2019economia in generale. Una prospettiva per [&hellip;]<\/p>\n","protected":false},"author":9,"featured_media":85642,"comment_status":"open","ping_status":"open","sticky":false,"template":"","format":"standard","meta":{"footnotes":""},"categories":[52,58],"tags":[],"class_list":["post-85640","post","type-post","status-publish","format-standard","has-post-thumbnail","hentry","category-cultura-dimpresa","category-recensioni-libri"],"acf":[],"yoast_head":"<!-- This site is optimized with the Yoast SEO plugin v25.0 - https:\/\/yoast.com\/wordpress\/plugins\/seo\/ -->\n<title>Nuove imprese all\u2019orizzonte - Fondazione Pirelli<\/title>\n<meta name=\"robots\" content=\"index, follow, max-snippet:-1, max-image-preview:large, max-video-preview:-1\" \/>\n<link rel=\"canonical\" href=\"https:\/\/www.fondazionepirelli.org\/it\/cultura-dimpresa\/nuove-imprese-allorizzonte\/\" \/>\n<meta property=\"og:locale\" content=\"it_IT\" \/>\n<meta property=\"og:type\" content=\"article\" \/>\n<meta property=\"og:title\" content=\"Nuove imprese all\u2019orizzonte - Fondazione Pirelli\" \/>\n<meta property=\"og:description\" content=\"Una serie di interviste a imprenditori e manager delineano un modo diverso (e positivo) di produrreE\u2019 possibile che dalle enormi difficolt\u00e0 dell\u2019oggi nasca qualcosa di positivo e di nuovo? Molti lo credono fattibile e molti ineluttabile. E\u2019 comunque una prospettiva da coltivare. Anche per il sistema delle imprese e dell\u2019economia in generale. Una prospettiva per [&hellip;]\" \/>\n<meta property=\"og:url\" content=\"https:\/\/www.fondazionepirelli.org\/it\/cultura-dimpresa\/nuove-imprese-allorizzonte\/\" \/>\n<meta property=\"og:site_name\" content=\"Fondazione Pirelli\" \/>\n<meta property=\"article:published_time\" content=\"2021-12-09T08:48:15+00:00\" \/>\n<meta property=\"article:modified_time\" content=\"2021-12-09T11:05:15+00:00\" \/>\n<meta property=\"og:image\" content=\"https:\/\/wpsite-assets.fondazionepirelli.org\/wp-content\/uploads\/2021\/12\/09084013\/9788868963682-1-e1639035628834.jpg\" \/>\n\t<meta property=\"og:image:width\" content=\"500\" \/>\n\t<meta property=\"og:image:height\" content=\"771\" \/>\n\t<meta property=\"og:image:type\" content=\"image\/jpeg\" \/>\n<meta name=\"author\" content=\"fondazionepirelli\" \/>\n<meta name=\"twitter:card\" content=\"summary_large_image\" \/>\n<meta name=\"twitter:label1\" content=\"Scritto da\" \/>\n\t<meta name=\"twitter:data1\" content=\"fondazionepirelli\" \/>\n\t<meta name=\"twitter:label2\" content=\"Tempo di lettura stimato\" \/>\n\t<meta name=\"twitter:data2\" content=\"2 minuti\" \/>\n<script type=\"application\/ld+json\" class=\"yoast-schema-graph\">{\"@context\":\"https:\/\/schema.org\",\"@graph\":[{\"@type\":\"WebPage\",\"@id\":\"https:\/\/www.fondazionepirelli.org\/it\/cultura-dimpresa\/nuove-imprese-allorizzonte\/\",\"url\":\"https:\/\/www.fondazionepirelli.org\/it\/cultura-dimpresa\/nuove-imprese-allorizzonte\/\",\"name\":\"Nuove imprese all\u2019orizzonte - Fondazione Pirelli\",\"isPartOf\":{\"@id\":\"https:\/\/www.fondazionepirelli.org\/it\/#website\"},\"primaryImageOfPage\":{\"@id\":\"https:\/\/www.fondazionepirelli.org\/it\/cultura-dimpresa\/nuove-imprese-allorizzonte\/#primaryimage\"},\"image\":{\"@id\":\"https:\/\/www.fondazionepirelli.org\/it\/cultura-dimpresa\/nuove-imprese-allorizzonte\/#primaryimage\"},\"thumbnailUrl\":\"https:\/\/wpsite-assets.fondazionepirelli.org\/wp-content\/uploads\/2021\/12\/09084013\/9788868963682-1-e1639035628834.jpg\",\"datePublished\":\"2021-12-09T08:48:15+00:00\",\"dateModified\":\"2021-12-09T11:05:15+00:00\",\"author\":{\"@id\":\"https:\/\/www.fondazionepirelli.org\/it\/#\/schema\/person\/c31fcf5937a0e6afa45497f3f8b6d7a0\"},\"breadcrumb\":{\"@id\":\"https:\/\/www.fondazionepirelli.org\/it\/cultura-dimpresa\/nuove-imprese-allorizzonte\/#breadcrumb\"},\"inLanguage\":\"it-IT\",\"potentialAction\":[{\"@type\":\"ReadAction\",\"target\":[\"https:\/\/www.fondazionepirelli.org\/it\/cultura-dimpresa\/nuove-imprese-allorizzonte\/\"]}]},{\"@type\":\"ImageObject\",\"inLanguage\":\"it-IT\",\"@id\":\"https:\/\/www.fondazionepirelli.org\/it\/cultura-dimpresa\/nuove-imprese-allorizzonte\/#primaryimage\",\"url\":\"https:\/\/wpsite-assets.fondazionepirelli.org\/wp-content\/uploads\/2021\/12\/09084013\/9788868963682-1-e1639035628834.jpg\",\"contentUrl\":\"https:\/\/wpsite-assets.fondazionepirelli.org\/wp-content\/uploads\/2021\/12\/09084013\/9788868963682-1-e1639035628834.jpg\",\"width\":500,\"height\":771},{\"@type\":\"BreadcrumbList\",\"@id\":\"https:\/\/www.fondazionepirelli.org\/it\/cultura-dimpresa\/nuove-imprese-allorizzonte\/#breadcrumb\",\"itemListElement\":[{\"@type\":\"ListItem\",\"position\":1,\"name\":\"Home\",\"item\":\"https:\/\/www.fondazionepirelli.org\/it\/\"},{\"@type\":\"ListItem\",\"position\":2,\"name\":\"Nuove imprese all\u2019orizzonte\"}]},{\"@type\":\"WebSite\",\"@id\":\"https:\/\/www.fondazionepirelli.org\/it\/#website\",\"url\":\"https:\/\/www.fondazionepirelli.org\/it\/\",\"name\":\"Fondazione Pirelli\",\"description\":\"\",\"potentialAction\":[{\"@type\":\"SearchAction\",\"target\":{\"@type\":\"EntryPoint\",\"urlTemplate\":\"https:\/\/www.fondazionepirelli.org\/it\/?s={search_term_string}\"},\"query-input\":{\"@type\":\"PropertyValueSpecification\",\"valueRequired\":true,\"valueName\":\"search_term_string\"}}],\"inLanguage\":\"it-IT\"},{\"@type\":\"Person\",\"@id\":\"https:\/\/www.fondazionepirelli.org\/it\/#\/schema\/person\/c31fcf5937a0e6afa45497f3f8b6d7a0\",\"name\":\"fondazionepirelli\",\"image\":{\"@type\":\"ImageObject\",\"inLanguage\":\"it-IT\",\"@id\":\"https:\/\/www.fondazionepirelli.org\/it\/#\/schema\/person\/image\/\",\"url\":\"https:\/\/secure.gravatar.com\/avatar\/9cb486421ce1d6eddbf6c4fb66841b4325b786695f7aedf1dde2222428218696?s=96&d=mm&r=g\",\"contentUrl\":\"https:\/\/secure.gravatar.com\/avatar\/9cb486421ce1d6eddbf6c4fb66841b4325b786695f7aedf1dde2222428218696?s=96&d=mm&r=g\",\"caption\":\"fondazionepirelli\"},\"url\":\"https:\/\/www.fondazionepirelli.org\/it\/author\/fondazionepirelli\/\"}]}<\/script>\n<!-- \/ Yoast SEO plugin. -->","yoast_head_json":{"title":"Nuove imprese all\u2019orizzonte - Fondazione Pirelli","robots":{"index":"index","follow":"follow","max-snippet":"max-snippet:-1","max-image-preview":"max-image-preview:large","max-video-preview":"max-video-preview:-1"},"canonical":"https:\/\/www.fondazionepirelli.org\/it\/cultura-dimpresa\/nuove-imprese-allorizzonte\/","og_locale":"it_IT","og_type":"article","og_title":"Nuove imprese all\u2019orizzonte - Fondazione Pirelli","og_description":"Una serie di interviste a imprenditori e manager delineano un modo diverso (e positivo) di produrreE\u2019 possibile che dalle enormi difficolt\u00e0 dell\u2019oggi nasca qualcosa di positivo e di nuovo? Molti lo credono fattibile e molti ineluttabile. E\u2019 comunque una prospettiva da coltivare. Anche per il sistema delle imprese e dell\u2019economia in generale. Una prospettiva per [&hellip;]","og_url":"https:\/\/www.fondazionepirelli.org\/it\/cultura-dimpresa\/nuove-imprese-allorizzonte\/","og_site_name":"Fondazione Pirelli","article_published_time":"2021-12-09T08:48:15+00:00","article_modified_time":"2021-12-09T11:05:15+00:00","og_image":[{"width":500,"height":771,"url":"https:\/\/wpsite-assets.fondazionepirelli.org\/wp-content\/uploads\/2021\/12\/09084013\/9788868963682-1-e1639035628834.jpg","type":"image\/jpeg"}],"author":"fondazionepirelli","twitter_card":"summary_large_image","twitter_misc":{"Scritto da":"fondazionepirelli","Tempo di lettura stimato":"2 minuti"},"schema":{"@context":"https:\/\/schema.org","@graph":[{"@type":"WebPage","@id":"https:\/\/www.fondazionepirelli.org\/it\/cultura-dimpresa\/nuove-imprese-allorizzonte\/","url":"https:\/\/www.fondazionepirelli.org\/it\/cultura-dimpresa\/nuove-imprese-allorizzonte\/","name":"Nuove imprese all\u2019orizzonte - Fondazione Pirelli","isPartOf":{"@id":"https:\/\/www.fondazionepirelli.org\/it\/#website"},"primaryImageOfPage":{"@id":"https:\/\/www.fondazionepirelli.org\/it\/cultura-dimpresa\/nuove-imprese-allorizzonte\/#primaryimage"},"image":{"@id":"https:\/\/www.fondazionepirelli.org\/it\/cultura-dimpresa\/nuove-imprese-allorizzonte\/#primaryimage"},"thumbnailUrl":"https:\/\/wpsite-assets.fondazionepirelli.org\/wp-content\/uploads\/2021\/12\/09084013\/9788868963682-1-e1639035628834.jpg","datePublished":"2021-12-09T08:48:15+00:00","dateModified":"2021-12-09T11:05:15+00:00","author":{"@id":"https:\/\/www.fondazionepirelli.org\/it\/#\/schema\/person\/c31fcf5937a0e6afa45497f3f8b6d7a0"},"breadcrumb":{"@id":"https:\/\/www.fondazionepirelli.org\/it\/cultura-dimpresa\/nuove-imprese-allorizzonte\/#breadcrumb"},"inLanguage":"it-IT","potentialAction":[{"@type":"ReadAction","target":["https:\/\/www.fondazionepirelli.org\/it\/cultura-dimpresa\/nuove-imprese-allorizzonte\/"]}]},{"@type":"ImageObject","inLanguage":"it-IT","@id":"https:\/\/www.fondazionepirelli.org\/it\/cultura-dimpresa\/nuove-imprese-allorizzonte\/#primaryimage","url":"https:\/\/wpsite-assets.fondazionepirelli.org\/wp-content\/uploads\/2021\/12\/09084013\/9788868963682-1-e1639035628834.jpg","contentUrl":"https:\/\/wpsite-assets.fondazionepirelli.org\/wp-content\/uploads\/2021\/12\/09084013\/9788868963682-1-e1639035628834.jpg","width":500,"height":771},{"@type":"BreadcrumbList","@id":"https:\/\/www.fondazionepirelli.org\/it\/cultura-dimpresa\/nuove-imprese-allorizzonte\/#breadcrumb","itemListElement":[{"@type":"ListItem","position":1,"name":"Home","item":"https:\/\/www.fondazionepirelli.org\/it\/"},{"@type":"ListItem","position":2,"name":"Nuove imprese all\u2019orizzonte"}]},{"@type":"WebSite","@id":"https:\/\/www.fondazionepirelli.org\/it\/#website","url":"https:\/\/www.fondazionepirelli.org\/it\/","name":"Fondazione Pirelli","description":"","potentialAction":[{"@type":"SearchAction","target":{"@type":"EntryPoint","urlTemplate":"https:\/\/www.fondazionepirelli.org\/it\/?s={search_term_string}"},"query-input":{"@type":"PropertyValueSpecification","valueRequired":true,"valueName":"search_term_string"}}],"inLanguage":"it-IT"},{"@type":"Person","@id":"https:\/\/www.fondazionepirelli.org\/it\/#\/schema\/person\/c31fcf5937a0e6afa45497f3f8b6d7a0","name":"fondazionepirelli","image":{"@type":"ImageObject","inLanguage":"it-IT","@id":"https:\/\/www.fondazionepirelli.org\/it\/#\/schema\/person\/image\/","url":"https:\/\/secure.gravatar.com\/avatar\/9cb486421ce1d6eddbf6c4fb66841b4325b786695f7aedf1dde2222428218696?s=96&d=mm&r=g","contentUrl":"https:\/\/secure.gravatar.com\/avatar\/9cb486421ce1d6eddbf6c4fb66841b4325b786695f7aedf1dde2222428218696?s=96&d=mm&r=g","caption":"fondazionepirelli"},"url":"https:\/\/www.fondazionepirelli.org\/it\/author\/fondazionepirelli\/"}]}},"_links":{"self":[{"href":"https:\/\/www.fondazionepirelli.org\/it\/wp-json\/wp\/v2\/posts\/85640\/"}],"collection":[{"href":"https:\/\/www.fondazionepirelli.org\/it\/wp-json\/wp\/v2\/posts\/"}],"about":[{"href":"https:\/\/www.fondazionepirelli.org\/it\/wp-json\/wp\/v2\/types\/post\/"}],"author":[{"embeddable":true,"href":"https:\/\/www.fondazionepirelli.org\/it\/wp-json\/wp\/v2\/users\/9\/"}],"replies":[{"embeddable":true,"href":"https:\/\/www.fondazionepirelli.org\/it\/wp-json\/wp\/v2\/comments\/?post=85640"}],"version-history":[{"count":1,"href":"https:\/\/www.fondazionepirelli.org\/it\/wp-json\/wp\/v2\/posts\/85640\/revisions\/"}],"predecessor-version":[{"id":85641,"href":"https:\/\/www.fondazionepirelli.org\/it\/wp-json\/wp\/v2\/posts\/85640\/revisions\/85641\/"}],"wp:featuredmedia":[{"embeddable":true,"href":"https:\/\/www.fondazionepirelli.org\/it\/wp-json\/wp\/v2\/media\/85642\/"}],"wp:attachment":[{"href":"https:\/\/www.fondazionepirelli.org\/it\/wp-json\/wp\/v2\/media\/?parent=85640"}],"wp:term":[{"taxonomy":"category","embeddable":true,"href":"https:\/\/www.fondazionepirelli.org\/it\/wp-json\/wp\/v2\/categories\/?post=85640"},{"taxonomy":"post_tag","embeddable":true,"href":"https:\/\/www.fondazionepirelli.org\/it\/wp-json\/wp\/v2\/tags\/?post=85640"}],"curies":[{"name":"wp","href":"https:\/\/api.w.org\/{rel}","templated":true}]}}