{"id":85792,"date":"2021-12-17T13:08:14","date_gmt":"2021-12-17T12:08:14","guid":{"rendered":"https:\/\/www.fondazionepirelli.org\/?p=85792"},"modified":"2022-04-27T12:37:38","modified_gmt":"2022-04-27T11:37:38","slug":"annunciati-i-tre-finalisti-del-premio-campiello-junior","status":"publish","type":"post","link":"https:\/\/www.fondazionepirelli.org\/it\/biblioteche\/annunciati-i-tre-finalisti-del-premio-campiello-junior\/","title":{"rendered":"Annunciati i tre finalisti del Premio Campiello Junior"},"content":{"rendered":"<p>Il 10 dicembre, in diretta streaming dall\u2019<strong>Auditorium Headquarters Pirelli<\/strong>, \u00e8 stata selezionata la terna finalista della 1a edizione del <strong>Campiello Junio<\/strong>r, il nuovo riconoscimento letterario nato dalla collaborazione tra la Fondazione Campiello e le biblioteche Pirelli per opere italiane di narrativa e poesia scritte per ragazzi tra i 10 e i 14 anni.<\/p>\n<p>Nel corso della Cerimonia di selezione la Giuria Tecnica del Premio ha scelto, tra gli oltre 81 libri ammessi, i tre finalisti:<\/p>\n<p>Chiara Carminati, \u201c<strong>Un pinguino a Trieste<\/strong>\u201d (Bompiani),<\/p>\n<p>Guido Quarzo \u2013 Anna Vivarelli, \u201c<strong>La scatola dei sogni<\/strong>\u201d (Editoriale Scienza),<\/p>\n<p>Antonella Sbuelz, \u201c<strong>Questa notte non torno<\/strong>\u201d (Feltrinelli).<\/p>\n<p>In questi giorni \u00e8 stata composta una Giuria di <strong>160 ragazzi<\/strong> dell\u2019ultimo anno delle scuole primarie e del triennio delle scuole secondarie di primo grado, che tiene conto dei criteri statistici di distribuzione geografica e di fasce di et\u00e0. Nei prossimi mesi la Giuria sar\u00e0 chiamata a scegliere il vincitore, che sar\u00e0 annunciato nel maggio 2022 e celebrato a settembre durante la Cerimonia di Premiazione del Campiello 2022.<\/p>\n<p>Fondazione Pirelli insieme al Premio Campiello organizzer\u00e0 inoltre, durante la primavera 2022, una serie di iniziative dedicate al mondo del libro e dell\u2019editoria per ragazzi, rivolte alla giuria dei ragazzi, alle scuole e ai giovani lettori di tutta Italia, che vedranno anche la partecipazione degli autori dei libri finalisti.<\/p>\n<p style=\"background: white; margin: 0cm 0cm 7.5pt 0cm;\">Maggiori informazioni sulle iniziative del Premio Campiello Junior ai siti\u00a0<a href=\"https:\/\/www.fondazionepirelli.org\">www.fondazionepirelli.org<\/a> e\u00a0<a href=\"http:\/\/www.premiocampiello.org\">www.premiocampiello.org<\/a>.<\/p>\n","protected":false},"excerpt":{"rendered":"<p>Il 10 dicembre, in diretta streaming dall\u2019Auditorium Headquarters Pirelli, \u00e8 stata selezionata la terna finalista della 1a edizione del Campiello Junior, il nuovo riconoscimento letterario nato dalla collaborazione tra la Fondazione Campiello e le biblioteche Pirelli per opere italiane di narrativa e poesia scritte per ragazzi tra i 10 e i 14 anni. Nel corso [&hellip;]<\/p>\n","protected":false},"author":9,"featured_media":89033,"comment_status":"open","ping_status":"open","sticky":false,"template":"","format":"standard","meta":{"footnotes":""},"categories":[61,461],"tags":[],"class_list":["post-85792","post","type-post","status-publish","format-standard","has-post-thumbnail","hentry","category-biblioteche","category-evento-biblioteche"],"acf":[],"yoast_head":"<!-- This site is optimized with the Yoast SEO plugin v25.0 - https:\/\/yoast.com\/wordpress\/plugins\/seo\/ -->\n<title>Annunciati i tre finalisti del Premio Campiello Junior - Fondazione Pirelli<\/title>\n<meta name=\"robots\" content=\"index, follow, max-snippet:-1, max-image-preview:large, max-video-preview:-1\" \/>\n<link rel=\"canonical\" href=\"https:\/\/www.fondazionepirelli.org\/it\/biblioteche\/annunciati-i-tre-finalisti-del-premio-campiello-junior\/\" \/>\n<meta property=\"og:locale\" content=\"it_IT\" \/>\n<meta property=\"og:type\" content=\"article\" \/>\n<meta property=\"og:title\" content=\"Annunciati i tre finalisti del Premio Campiello Junior - Fondazione Pirelli\" \/>\n<meta property=\"og:description\" content=\"Il 10 dicembre, in diretta streaming dall\u2019Auditorium Headquarters Pirelli, \u00e8 stata selezionata la terna finalista della 1a edizione del Campiello Junior, il nuovo riconoscimento letterario nato dalla collaborazione tra la Fondazione Campiello e le biblioteche Pirelli per opere italiane di narrativa e poesia scritte per ragazzi tra i 10 e i 14 anni. Nel corso [&hellip;]\" \/>\n<meta property=\"og:url\" content=\"https:\/\/127.0.0.1\/it\/biblioteche\/annunciati-i-tre-finalisti-del-premio-campiello-junior\/\" \/>\n<meta property=\"og:site_name\" content=\"Fondazione Pirelli\" \/>\n<meta property=\"article:published_time\" content=\"2021-12-17T12:08:14+00:00\" \/>\n<meta property=\"article:modified_time\" content=\"2022-04-27T11:37:38+00:00\" \/>\n<meta property=\"og:image\" content=\"https:\/\/wpsite-assets.fondazionepirelli.org\/wp-content\/uploads\/2021\/12\/27123718\/XT3N0622.jpg\" \/>\n\t<meta property=\"og:image:width\" content=\"5000\" \/>\n\t<meta property=\"og:image:height\" content=\"3333\" \/>\n\t<meta property=\"og:image:type\" content=\"image\/jpeg\" \/>\n<meta name=\"author\" content=\"fondazionepirelli\" \/>\n<meta name=\"twitter:card\" content=\"summary_large_image\" \/>\n<meta name=\"twitter:label1\" content=\"Scritto da\" \/>\n\t<meta name=\"twitter:data1\" content=\"fondazionepirelli\" \/>\n\t<meta name=\"twitter:label2\" content=\"Tempo di lettura stimato\" \/>\n\t<meta name=\"twitter:data2\" content=\"1 minuto\" \/>\n<script type=\"application\/ld+json\" class=\"yoast-schema-graph\">{\"@context\":\"https:\/\/schema.org\",\"@graph\":[{\"@type\":\"WebPage\",\"@id\":\"https:\/\/127.0.0.1\/it\/biblioteche\/annunciati-i-tre-finalisti-del-premio-campiello-junior\/\",\"url\":\"https:\/\/127.0.0.1\/it\/biblioteche\/annunciati-i-tre-finalisti-del-premio-campiello-junior\/\",\"name\":\"Annunciati i tre finalisti del Premio Campiello Junior - Fondazione Pirelli\",\"isPartOf\":{\"@id\":\"https:\/\/www.fondazionepirelli.org\/it\/#website\"},\"primaryImageOfPage\":{\"@id\":\"https:\/\/127.0.0.1\/it\/biblioteche\/annunciati-i-tre-finalisti-del-premio-campiello-junior\/#primaryimage\"},\"image\":{\"@id\":\"https:\/\/127.0.0.1\/it\/biblioteche\/annunciati-i-tre-finalisti-del-premio-campiello-junior\/#primaryimage\"},\"thumbnailUrl\":\"https:\/\/wpsite-assets.fondazionepirelli.org\/wp-content\/uploads\/2021\/12\/27123718\/XT3N0622.jpg\",\"datePublished\":\"2021-12-17T12:08:14+00:00\",\"dateModified\":\"2022-04-27T11:37:38+00:00\",\"author\":{\"@id\":\"https:\/\/www.fondazionepirelli.org\/it\/#\/schema\/person\/c31fcf5937a0e6afa45497f3f8b6d7a0\"},\"breadcrumb\":{\"@id\":\"https:\/\/127.0.0.1\/it\/biblioteche\/annunciati-i-tre-finalisti-del-premio-campiello-junior\/#breadcrumb\"},\"inLanguage\":\"it-IT\",\"potentialAction\":[{\"@type\":\"ReadAction\",\"target\":[\"https:\/\/127.0.0.1\/it\/biblioteche\/annunciati-i-tre-finalisti-del-premio-campiello-junior\/\"]}]},{\"@type\":\"ImageObject\",\"inLanguage\":\"it-IT\",\"@id\":\"https:\/\/127.0.0.1\/it\/biblioteche\/annunciati-i-tre-finalisti-del-premio-campiello-junior\/#primaryimage\",\"url\":\"https:\/\/wpsite-assets.fondazionepirelli.org\/wp-content\/uploads\/2021\/12\/27123718\/XT3N0622.jpg\",\"contentUrl\":\"https:\/\/wpsite-assets.fondazionepirelli.org\/wp-content\/uploads\/2021\/12\/27123718\/XT3N0622.jpg\",\"width\":5000,\"height\":3333},{\"@type\":\"BreadcrumbList\",\"@id\":\"https:\/\/127.0.0.1\/it\/biblioteche\/annunciati-i-tre-finalisti-del-premio-campiello-junior\/#breadcrumb\",\"itemListElement\":[{\"@type\":\"ListItem\",\"position\":1,\"name\":\"Home\",\"item\":\"https:\/\/www.fondazionepirelli.org\/it\/\"},{\"@type\":\"ListItem\",\"position\":2,\"name\":\"Annunciati i tre finalisti del Premio Campiello Junior\"}]},{\"@type\":\"WebSite\",\"@id\":\"https:\/\/www.fondazionepirelli.org\/it\/#website\",\"url\":\"https:\/\/www.fondazionepirelli.org\/it\/\",\"name\":\"Fondazione Pirelli\",\"description\":\"\",\"potentialAction\":[{\"@type\":\"SearchAction\",\"target\":{\"@type\":\"EntryPoint\",\"urlTemplate\":\"https:\/\/www.fondazionepirelli.org\/it\/?s={search_term_string}\"},\"query-input\":{\"@type\":\"PropertyValueSpecification\",\"valueRequired\":true,\"valueName\":\"search_term_string\"}}],\"inLanguage\":\"it-IT\"},{\"@type\":\"Person\",\"@id\":\"https:\/\/www.fondazionepirelli.org\/it\/#\/schema\/person\/c31fcf5937a0e6afa45497f3f8b6d7a0\",\"name\":\"fondazionepirelli\",\"image\":{\"@type\":\"ImageObject\",\"inLanguage\":\"it-IT\",\"@id\":\"https:\/\/www.fondazionepirelli.org\/it\/#\/schema\/person\/image\/\",\"url\":\"https:\/\/secure.gravatar.com\/avatar\/9cb486421ce1d6eddbf6c4fb66841b4325b786695f7aedf1dde2222428218696?s=96&d=mm&r=g\",\"contentUrl\":\"https:\/\/secure.gravatar.com\/avatar\/9cb486421ce1d6eddbf6c4fb66841b4325b786695f7aedf1dde2222428218696?s=96&d=mm&r=g\",\"caption\":\"fondazionepirelli\"},\"url\":\"https:\/\/www.fondazionepirelli.org\/it\/author\/fondazionepirelli\/\"}]}<\/script>\n<!-- \/ Yoast SEO plugin. -->","yoast_head_json":{"title":"Annunciati i tre finalisti del Premio Campiello Junior - Fondazione Pirelli","robots":{"index":"index","follow":"follow","max-snippet":"max-snippet:-1","max-image-preview":"max-image-preview:large","max-video-preview":"max-video-preview:-1"},"canonical":"https:\/\/www.fondazionepirelli.org\/it\/biblioteche\/annunciati-i-tre-finalisti-del-premio-campiello-junior\/","og_locale":"it_IT","og_type":"article","og_title":"Annunciati i tre finalisti del Premio Campiello Junior - Fondazione Pirelli","og_description":"Il 10 dicembre, in diretta streaming dall\u2019Auditorium Headquarters Pirelli, \u00e8 stata selezionata la terna finalista della 1a edizione del Campiello Junior, il nuovo riconoscimento letterario nato dalla collaborazione tra la Fondazione Campiello e le biblioteche Pirelli per opere italiane di narrativa e poesia scritte per ragazzi tra i 10 e i 14 anni. Nel corso [&hellip;]","og_url":"https:\/\/127.0.0.1\/it\/biblioteche\/annunciati-i-tre-finalisti-del-premio-campiello-junior\/","og_site_name":"Fondazione Pirelli","article_published_time":"2021-12-17T12:08:14+00:00","article_modified_time":"2022-04-27T11:37:38+00:00","og_image":[{"width":5000,"height":3333,"url":"https:\/\/wpsite-assets.fondazionepirelli.org\/wp-content\/uploads\/2021\/12\/27123718\/XT3N0622.jpg","type":"image\/jpeg"}],"author":"fondazionepirelli","twitter_card":"summary_large_image","twitter_misc":{"Scritto da":"fondazionepirelli","Tempo di lettura stimato":"1 minuto"},"schema":{"@context":"https:\/\/schema.org","@graph":[{"@type":"WebPage","@id":"https:\/\/127.0.0.1\/it\/biblioteche\/annunciati-i-tre-finalisti-del-premio-campiello-junior\/","url":"https:\/\/127.0.0.1\/it\/biblioteche\/annunciati-i-tre-finalisti-del-premio-campiello-junior\/","name":"Annunciati i tre finalisti del Premio Campiello Junior - Fondazione Pirelli","isPartOf":{"@id":"https:\/\/www.fondazionepirelli.org\/it\/#website"},"primaryImageOfPage":{"@id":"https:\/\/127.0.0.1\/it\/biblioteche\/annunciati-i-tre-finalisti-del-premio-campiello-junior\/#primaryimage"},"image":{"@id":"https:\/\/127.0.0.1\/it\/biblioteche\/annunciati-i-tre-finalisti-del-premio-campiello-junior\/#primaryimage"},"thumbnailUrl":"https:\/\/wpsite-assets.fondazionepirelli.org\/wp-content\/uploads\/2021\/12\/27123718\/XT3N0622.jpg","datePublished":"2021-12-17T12:08:14+00:00","dateModified":"2022-04-27T11:37:38+00:00","author":{"@id":"https:\/\/www.fondazionepirelli.org\/it\/#\/schema\/person\/c31fcf5937a0e6afa45497f3f8b6d7a0"},"breadcrumb":{"@id":"https:\/\/127.0.0.1\/it\/biblioteche\/annunciati-i-tre-finalisti-del-premio-campiello-junior\/#breadcrumb"},"inLanguage":"it-IT","potentialAction":[{"@type":"ReadAction","target":["https:\/\/127.0.0.1\/it\/biblioteche\/annunciati-i-tre-finalisti-del-premio-campiello-junior\/"]}]},{"@type":"ImageObject","inLanguage":"it-IT","@id":"https:\/\/127.0.0.1\/it\/biblioteche\/annunciati-i-tre-finalisti-del-premio-campiello-junior\/#primaryimage","url":"https:\/\/wpsite-assets.fondazionepirelli.org\/wp-content\/uploads\/2021\/12\/27123718\/XT3N0622.jpg","contentUrl":"https:\/\/wpsite-assets.fondazionepirelli.org\/wp-content\/uploads\/2021\/12\/27123718\/XT3N0622.jpg","width":5000,"height":3333},{"@type":"BreadcrumbList","@id":"https:\/\/127.0.0.1\/it\/biblioteche\/annunciati-i-tre-finalisti-del-premio-campiello-junior\/#breadcrumb","itemListElement":[{"@type":"ListItem","position":1,"name":"Home","item":"https:\/\/www.fondazionepirelli.org\/it\/"},{"@type":"ListItem","position":2,"name":"Annunciati i tre finalisti del Premio Campiello Junior"}]},{"@type":"WebSite","@id":"https:\/\/www.fondazionepirelli.org\/it\/#website","url":"https:\/\/www.fondazionepirelli.org\/it\/","name":"Fondazione Pirelli","description":"","potentialAction":[{"@type":"SearchAction","target":{"@type":"EntryPoint","urlTemplate":"https:\/\/www.fondazionepirelli.org\/it\/?s={search_term_string}"},"query-input":{"@type":"PropertyValueSpecification","valueRequired":true,"valueName":"search_term_string"}}],"inLanguage":"it-IT"},{"@type":"Person","@id":"https:\/\/www.fondazionepirelli.org\/it\/#\/schema\/person\/c31fcf5937a0e6afa45497f3f8b6d7a0","name":"fondazionepirelli","image":{"@type":"ImageObject","inLanguage":"it-IT","@id":"https:\/\/www.fondazionepirelli.org\/it\/#\/schema\/person\/image\/","url":"https:\/\/secure.gravatar.com\/avatar\/9cb486421ce1d6eddbf6c4fb66841b4325b786695f7aedf1dde2222428218696?s=96&d=mm&r=g","contentUrl":"https:\/\/secure.gravatar.com\/avatar\/9cb486421ce1d6eddbf6c4fb66841b4325b786695f7aedf1dde2222428218696?s=96&d=mm&r=g","caption":"fondazionepirelli"},"url":"https:\/\/www.fondazionepirelli.org\/it\/author\/fondazionepirelli\/"}]}},"_links":{"self":[{"href":"https:\/\/www.fondazionepirelli.org\/it\/wp-json\/wp\/v2\/posts\/85792\/"}],"collection":[{"href":"https:\/\/www.fondazionepirelli.org\/it\/wp-json\/wp\/v2\/posts\/"}],"about":[{"href":"https:\/\/www.fondazionepirelli.org\/it\/wp-json\/wp\/v2\/types\/post\/"}],"author":[{"embeddable":true,"href":"https:\/\/www.fondazionepirelli.org\/it\/wp-json\/wp\/v2\/users\/9\/"}],"replies":[{"embeddable":true,"href":"https:\/\/www.fondazionepirelli.org\/it\/wp-json\/wp\/v2\/comments\/?post=85792"}],"version-history":[{"count":6,"href":"https:\/\/www.fondazionepirelli.org\/it\/wp-json\/wp\/v2\/posts\/85792\/revisions\/"}],"predecessor-version":[{"id":85795,"href":"https:\/\/www.fondazionepirelli.org\/it\/wp-json\/wp\/v2\/posts\/85792\/revisions\/85795\/"}],"wp:featuredmedia":[{"embeddable":true,"href":"https:\/\/www.fondazionepirelli.org\/it\/wp-json\/wp\/v2\/media\/89033\/"}],"wp:attachment":[{"href":"https:\/\/www.fondazionepirelli.org\/it\/wp-json\/wp\/v2\/media\/?parent=85792"}],"wp:term":[{"taxonomy":"category","embeddable":true,"href":"https:\/\/www.fondazionepirelli.org\/it\/wp-json\/wp\/v2\/categories\/?post=85792"},{"taxonomy":"post_tag","embeddable":true,"href":"https:\/\/www.fondazionepirelli.org\/it\/wp-json\/wp\/v2\/tags\/?post=85792"}],"curies":[{"name":"wp","href":"https:\/\/api.w.org\/{rel}","templated":true}]}}