{"id":85909,"date":"2022-01-18T09:39:59","date_gmt":"2022-01-18T08:39:59","guid":{"rendered":"https:\/\/www.fondazionepirelli.org\/?p=85909"},"modified":"2022-03-28T11:21:16","modified_gmt":"2022-03-28T10:21:16","slug":"il-racconto-di-milano-tra-immagini-e-ricorrenze-una-citta-in-movimento","status":"publish","type":"post","link":"https:\/\/www.fondazionepirelli.org\/it\/cultura-dimpresa\/il-racconto-di-milano-tra-immagini-e-ricorrenze-una-citta-in-movimento\/","title":{"rendered":"Il racconto di Milano tra immagini e ricorrenze: una citt\u00e0 in movimento"},"content":{"rendered":"<p>Raccontare Milano per immagini, parole letterarie in trasformazione, ricorrenze, musei.\u00a0Raccontarla, per esempio, con un volume speciale fatto di lunghe strisce di carta che in due metri di disegni ne rappresentano lo skyline, tra persistenze storiche e grattacieli contemporanei: \u201cEcco Milano. Ritratto di una citt\u00e0 che cambia\u201d di <strong>Matteo Pericoli<\/strong>, architetto, per le edizioni Rizzoli (dopo analoghe iniziative per Londra e New York), con la convinzione che \u201ci nuovi grattacieli hanno un alto potenziale narrativo\u201d.<\/p>\n<p>Raccontarla, ancora, con una serie Tv, \u201cMonterossi\u201d, su Amazon Prime Video (da luned\u00ec), portando sugli schermi il personaggio letterario, Carlo Monterossi, appunto, protagonista dei brillanti \u201cgialli\u201d di <strong>Alessandro Robecchi<\/strong> per Sellerio. Il personaggio \u00e8 interpretato con efficacia da Fabrizio Bentivoglio perfettamente a suo agio nei panni dell\u2019autore di un programma da trash Tv, \u201cCrazy Love\u201d che si vergogna dei suoi prodotti ma gode dei ricchi compensi, coltiva passioni investigative e malinconie, ascolta ossessivamente le canzoni di Bob Dylan ed \u00e8 \u201cun vincente involontario che ama i perdenti\u201d (parola del suo creatore Robecchi). Protagonista \u00e8 anche la stessa Milano, <strong>nera e ironica<\/strong>, tutto il contrario delle \u201cmille luci\u201d di finanza, moda e comunicazione, tanto da fare dire a Robecchi, insofferente degli stereotipi: \u201cDa trent\u2019anni a Milano siamo tutti modelle e designer. Vorrei dire che non \u00e8 cos\u00ec, ci vive gente normale. Si pensa al milanese come a un coglione ricco, da milanese mi vorrei ribellare\u201d (\u201cla Repubblica\u201d, 15 gennaio).<\/p>\n<p>Il design dei luoghi comuni, naturalmente. Perch\u00e9 poi, apparenze a parte, c\u2019\u00e8 il design vero, quello che connota, nel segno della qualit\u00e0 e della bellezza, la migliore <strong>cultura dell\u2019industria <\/strong>e dell\u2019immagine del nostro Paese e che a Milano offre straordinari racconti di s\u00e9 all\u2019ADI Design Museum in piazza Compasso d\u2019Oro e in alcuni dei principali musei aziendali riuniti in Museimpresa (l\u2019associazione fondata vent\u2019anni da Assolombarda e Confindustria). L\u00ec, all\u2019Adi Museum, si esprime \u201cl\u2019identit\u00e0 di Milano attraverso la merce che si \u00e8 fatta simbolo, civilt\u00e0 materiale del nostro abitare\u201d, come nota con sagacia <strong>Aldo Bonomi<\/strong>, sociologo attentissimo alle metamorfosi culturali e sociali e si documenta come continui a crescere, con rilevanza internazionale e ottimi risultati di export, un \u201ccapitalismo di territorio\u201d che parla con i consumatori globali e ogni anno fa vivere un Salone del Mobile come iniziativa milanese e italiana d\u2019eccellenza con respiro internazionale, punto d\u2019incontro fondamentale tra industria, cultura e, appunto, design (\u201cIl Sole24Ore\u201d, 11 gennaio).<\/p>\n<p>Raccontare Milano con le sue ricorrenze culturali, ancora. I cent\u2019anni dalla nascita di <strong>Giorgio Strehler<\/strong>, con un fitto calendario di iniziative al <strong>Piccolo Teatro<\/strong> e con i dialoghi con altri soggetti di primo piano del panorama culturale, sotto la sapiente regia di Claudio Longhi, direttore del Piccolo, affascinato dalle risonanze ancora evidenti dell\u2019Illuminismo lombardo e da una citt\u00e0 \u201cche conserva un senso del teatro in rapporto alla comunit\u00e0 abbastanza unico\u201d (\u201cla Repubblica\u201d, 23 dicembre \u201821).<\/p>\n<p>C\u2019\u00e8 anche il mezzo secolo di vita del <strong>Teatro Franco Parenti<\/strong>, inaugurato il 16 gennaio del 1973 con la rappresentazione dell\u2019\u201cAmbleto\u201d di Giovanni Testori e ricordato proprio domenica sera, in annuncio e anticipazione, da Gioele Dix e Andr\u00e9e Ruth Shammah, che del teatro \u00e8 anima creativa indomabile.<\/p>\n<p>O, ancora, i vent\u2019anni del <strong>Teatro degli Arcimboldi<\/strong>, progettato da Vittorio Gregotti nel quartiere della Bicocca che era storica sede degli stabilimenti Pirelli. Un teatro che oggi \u00e8 \u201chub di cultura e socialit\u00e0, uno spazio dove possono star bene tutti, spettatori e artisti\u201d, secondo il giudizio del suo gestore Gianmario Longoni (\u201cla Repubblica\u201d, 11 gennaio). Tutt\u2019attorno, un quartiere in crescita, che ospita una grande universit\u00e0 (oltre 30mila, gli studenti), residenze e attivit\u00e0 di servizi, sedi di imprese (compreso l\u2019Headquarters di Pirelli).<\/p>\n<p>Il racconto delle ricorrenze, d\u2019altronde, a Milano, non \u00e8 mai \u201camarcord\u201d. Semmai, un\u2019occasione di bilancio e di annuncio di nuovi progetti. Un gioco d\u2019intrecci tra memoria e futuro. L\u2019abitudine, insomma, \u00e0 quella di <strong>raccontare una citt\u00e0<\/strong> con la rappresentazione della sua vita in movimento. Perch\u00e9 qui si presume, tra impegni, investimenti e ambiziosi progetti, che il movimento sia particolarmente intenso, sino alla frenesia vanitosa. E qui, comunque, molte cose avvengono davvero, a dare retta per esempio alla classifica della qualit\u00e0 della vita elaborata, come ogni anno, da \u201cIl Sole24Ore\u201d, dove nel 2021 Milano torna in testa, subito dopo Trieste, riavvicinandosi al primato assoluto del 2019.Milano laboriosa, Milano vanitosa, messa in difficolt\u00e0, nelle sue tante dimensioni sociali e culturali (e dunque, anche chiaramente economiche), dal perdurare della pandemia da Covid19, tanto da pensare di rinviare all\u2019estate il Salone del Mobile di aprile ma comunque mai ferma: si aprono _ tanto per ricordare solo le pi\u00f9 recenti notizie di cronaca &#8211; i cantieri di MilanoSesto, sui 250mila metri quadri dell\u2019ex area Falck (una delle principali riqualificazioni urbane d\u2019Europa), prende corpo il nuovo Campus dell\u2019Accademia d\u2019arte di Brera nell\u2019ex scalo ferroviario Farini, arrivano nuovi investimenti per Mind (Milano Innovation District, l\u00e0 dove sette anni fa si apr\u00ec l\u2019Expo, l\u2019impetuosa ripartenza della metropoli).<\/p>\n<p>Nessuno, tra i soggetti sociali e culturali, nel mondo delle imprese e nei luoghi della pubblica amministrazione, si nasconde il peso della crisi. Nessuno ne sottovaluta i costi personali e sociali. Resta per\u00f2 chiara la coscienza di una caratteristica di fondo di una metropoli che richiama, assorbe, inserisce e sa come far vivere, insieme, produttivit\u00e0 e inclusione sociale, competitivit\u00e0 e solidariet\u00e0: una <strong>cultura del progetto<\/strong>, del lavoro, dell\u2019impresa, del \u201csaper fare\u201d. Ripartenze, appunto. Anche il racconto ne fa parte.<\/p>\n<p><em>(Photo by Emanuele Cremaschi\/Getty Images)<\/em><\/p>\n","protected":false},"excerpt":{"rendered":"<p>Raccontare Milano per immagini, parole letterarie in trasformazione, ricorrenze, musei.\u00a0Raccontarla, per esempio, con un volume speciale fatto di lunghe strisce di carta che in due metri di disegni ne rappresentano lo skyline, tra persistenze storiche e grattacieli contemporanei: \u201cEcco Milano. Ritratto di una citt\u00e0 che cambia\u201d di Matteo Pericoli, architetto, per le edizioni Rizzoli (dopo [&hellip;]<\/p>\n","protected":false},"author":9,"featured_media":85917,"comment_status":"open","ping_status":"open","sticky":false,"template":"","format":"standard","meta":{"footnotes":""},"categories":[53,52],"tags":[],"class_list":["post-85909","post","type-post","status-publish","format-standard","has-post-thumbnail","hentry","category-blog","category-cultura-dimpresa"],"acf":[],"yoast_head":"<!-- This site is optimized with the Yoast SEO plugin v25.0 - https:\/\/yoast.com\/wordpress\/plugins\/seo\/ -->\n<title>Il racconto di Milano tra immagini e ricorrenze: una citt\u00e0 in movimento - Fondazione Pirelli<\/title>\n<meta name=\"robots\" content=\"index, follow, max-snippet:-1, max-image-preview:large, max-video-preview:-1\" \/>\n<link rel=\"canonical\" href=\"https:\/\/www.fondazionepirelli.org\/it\/cultura-dimpresa\/il-racconto-di-milano-tra-immagini-e-ricorrenze-una-citta-in-movimento\/\" \/>\n<meta property=\"og:locale\" content=\"it_IT\" \/>\n<meta property=\"og:type\" content=\"article\" \/>\n<meta property=\"og:title\" content=\"Il racconto di Milano tra immagini e ricorrenze: una citt\u00e0 in movimento - Fondazione Pirelli\" \/>\n<meta property=\"og:description\" content=\"Raccontare Milano per immagini, parole letterarie in trasformazione, ricorrenze, musei.\u00a0Raccontarla, per esempio, con un volume speciale fatto di lunghe strisce di carta che in due metri di disegni ne rappresentano lo skyline, tra persistenze storiche e grattacieli contemporanei: \u201cEcco Milano. Ritratto di una citt\u00e0 che cambia\u201d di Matteo Pericoli, architetto, per le edizioni Rizzoli (dopo [&hellip;]\" \/>\n<meta property=\"og:url\" content=\"https:\/\/127.0.0.1\/it\/cultura-dimpresa\/il-racconto-di-milano-tra-immagini-e-ricorrenze-una-citta-in-movimento\/\" \/>\n<meta property=\"og:site_name\" content=\"Fondazione Pirelli\" \/>\n<meta property=\"article:published_time\" content=\"2022-01-18T08:39:59+00:00\" \/>\n<meta property=\"article:modified_time\" content=\"2022-03-28T10:21:16+00:00\" \/>\n<meta property=\"og:image\" content=\"https:\/\/wpsite-assets.fondazionepirelli.org\/wp-content\/uploads\/2022\/01\/18093934\/GettyImages-1319971135.jpg\" \/>\n\t<meta property=\"og:image:width\" content=\"594\" \/>\n\t<meta property=\"og:image:height\" content=\"396\" \/>\n\t<meta property=\"og:image:type\" content=\"image\/jpeg\" \/>\n<meta name=\"author\" content=\"fondazionepirelli\" \/>\n<meta name=\"twitter:card\" content=\"summary_large_image\" \/>\n<meta name=\"twitter:label1\" content=\"Scritto da\" \/>\n\t<meta name=\"twitter:data1\" content=\"fondazionepirelli\" \/>\n\t<meta name=\"twitter:label2\" content=\"Tempo di lettura stimato\" \/>\n\t<meta name=\"twitter:data2\" content=\"5 minuti\" \/>\n<script type=\"application\/ld+json\" class=\"yoast-schema-graph\">{\"@context\":\"https:\/\/schema.org\",\"@graph\":[{\"@type\":\"WebPage\",\"@id\":\"https:\/\/127.0.0.1\/it\/cultura-dimpresa\/il-racconto-di-milano-tra-immagini-e-ricorrenze-una-citta-in-movimento\/\",\"url\":\"https:\/\/127.0.0.1\/it\/cultura-dimpresa\/il-racconto-di-milano-tra-immagini-e-ricorrenze-una-citta-in-movimento\/\",\"name\":\"Il racconto di Milano tra immagini e ricorrenze: una citt\u00e0 in movimento - Fondazione Pirelli\",\"isPartOf\":{\"@id\":\"https:\/\/www.fondazionepirelli.org\/it\/#website\"},\"primaryImageOfPage\":{\"@id\":\"https:\/\/127.0.0.1\/it\/cultura-dimpresa\/il-racconto-di-milano-tra-immagini-e-ricorrenze-una-citta-in-movimento\/#primaryimage\"},\"image\":{\"@id\":\"https:\/\/127.0.0.1\/it\/cultura-dimpresa\/il-racconto-di-milano-tra-immagini-e-ricorrenze-una-citta-in-movimento\/#primaryimage\"},\"thumbnailUrl\":\"https:\/\/wpsite-assets.fondazionepirelli.org\/wp-content\/uploads\/2022\/01\/18093934\/GettyImages-1319971135.jpg\",\"datePublished\":\"2022-01-18T08:39:59+00:00\",\"dateModified\":\"2022-03-28T10:21:16+00:00\",\"author\":{\"@id\":\"https:\/\/www.fondazionepirelli.org\/it\/#\/schema\/person\/c31fcf5937a0e6afa45497f3f8b6d7a0\"},\"breadcrumb\":{\"@id\":\"https:\/\/127.0.0.1\/it\/cultura-dimpresa\/il-racconto-di-milano-tra-immagini-e-ricorrenze-una-citta-in-movimento\/#breadcrumb\"},\"inLanguage\":\"it-IT\",\"potentialAction\":[{\"@type\":\"ReadAction\",\"target\":[\"https:\/\/127.0.0.1\/it\/cultura-dimpresa\/il-racconto-di-milano-tra-immagini-e-ricorrenze-una-citta-in-movimento\/\"]}]},{\"@type\":\"ImageObject\",\"inLanguage\":\"it-IT\",\"@id\":\"https:\/\/127.0.0.1\/it\/cultura-dimpresa\/il-racconto-di-milano-tra-immagini-e-ricorrenze-una-citta-in-movimento\/#primaryimage\",\"url\":\"https:\/\/wpsite-assets.fondazionepirelli.org\/wp-content\/uploads\/2022\/01\/18093934\/GettyImages-1319971135.jpg\",\"contentUrl\":\"https:\/\/wpsite-assets.fondazionepirelli.org\/wp-content\/uploads\/2022\/01\/18093934\/GettyImages-1319971135.jpg\",\"width\":594,\"height\":396,\"caption\":\"MILAN, ITALY - MAY 25: People attend the inauguration of the ADI Design Museum - Compasso d'Oro on May 25, 2021 in Milan, Italy. The museum displays the historical collection of the \\\"Compasso d'Oro\\\", the first and most recognized industrial design award, hosted by ADI (Associazione per il Disegno Industriale), an Italian association promoting industrial design established in 1956. (Photo by Emanuele Cremaschi\/Getty Images)\"},{\"@type\":\"BreadcrumbList\",\"@id\":\"https:\/\/127.0.0.1\/it\/cultura-dimpresa\/il-racconto-di-milano-tra-immagini-e-ricorrenze-una-citta-in-movimento\/#breadcrumb\",\"itemListElement\":[{\"@type\":\"ListItem\",\"position\":1,\"name\":\"Home\",\"item\":\"https:\/\/www.fondazionepirelli.org\/it\/\"},{\"@type\":\"ListItem\",\"position\":2,\"name\":\"Il racconto di Milano tra immagini e ricorrenze: una citt\u00e0 in movimento\"}]},{\"@type\":\"WebSite\",\"@id\":\"https:\/\/www.fondazionepirelli.org\/it\/#website\",\"url\":\"https:\/\/www.fondazionepirelli.org\/it\/\",\"name\":\"Fondazione Pirelli\",\"description\":\"\",\"potentialAction\":[{\"@type\":\"SearchAction\",\"target\":{\"@type\":\"EntryPoint\",\"urlTemplate\":\"https:\/\/www.fondazionepirelli.org\/it\/?s={search_term_string}\"},\"query-input\":{\"@type\":\"PropertyValueSpecification\",\"valueRequired\":true,\"valueName\":\"search_term_string\"}}],\"inLanguage\":\"it-IT\"},{\"@type\":\"Person\",\"@id\":\"https:\/\/www.fondazionepirelli.org\/it\/#\/schema\/person\/c31fcf5937a0e6afa45497f3f8b6d7a0\",\"name\":\"fondazionepirelli\",\"image\":{\"@type\":\"ImageObject\",\"inLanguage\":\"it-IT\",\"@id\":\"https:\/\/www.fondazionepirelli.org\/it\/#\/schema\/person\/image\/\",\"url\":\"https:\/\/secure.gravatar.com\/avatar\/9cb486421ce1d6eddbf6c4fb66841b4325b786695f7aedf1dde2222428218696?s=96&d=mm&r=g\",\"contentUrl\":\"https:\/\/secure.gravatar.com\/avatar\/9cb486421ce1d6eddbf6c4fb66841b4325b786695f7aedf1dde2222428218696?s=96&d=mm&r=g\",\"caption\":\"fondazionepirelli\"},\"url\":\"https:\/\/www.fondazionepirelli.org\/it\/author\/fondazionepirelli\/\"}]}<\/script>\n<!-- \/ Yoast SEO plugin. -->","yoast_head_json":{"title":"Il racconto di Milano tra immagini e ricorrenze: una citt\u00e0 in movimento - Fondazione Pirelli","robots":{"index":"index","follow":"follow","max-snippet":"max-snippet:-1","max-image-preview":"max-image-preview:large","max-video-preview":"max-video-preview:-1"},"canonical":"https:\/\/www.fondazionepirelli.org\/it\/cultura-dimpresa\/il-racconto-di-milano-tra-immagini-e-ricorrenze-una-citta-in-movimento\/","og_locale":"it_IT","og_type":"article","og_title":"Il racconto di Milano tra immagini e ricorrenze: una citt\u00e0 in movimento - Fondazione Pirelli","og_description":"Raccontare Milano per immagini, parole letterarie in trasformazione, ricorrenze, musei.\u00a0Raccontarla, per esempio, con un volume speciale fatto di lunghe strisce di carta che in due metri di disegni ne rappresentano lo skyline, tra persistenze storiche e grattacieli contemporanei: \u201cEcco Milano. Ritratto di una citt\u00e0 che cambia\u201d di Matteo Pericoli, architetto, per le edizioni Rizzoli (dopo [&hellip;]","og_url":"https:\/\/127.0.0.1\/it\/cultura-dimpresa\/il-racconto-di-milano-tra-immagini-e-ricorrenze-una-citta-in-movimento\/","og_site_name":"Fondazione Pirelli","article_published_time":"2022-01-18T08:39:59+00:00","article_modified_time":"2022-03-28T10:21:16+00:00","og_image":[{"width":594,"height":396,"url":"https:\/\/wpsite-assets.fondazionepirelli.org\/wp-content\/uploads\/2022\/01\/18093934\/GettyImages-1319971135.jpg","type":"image\/jpeg"}],"author":"fondazionepirelli","twitter_card":"summary_large_image","twitter_misc":{"Scritto da":"fondazionepirelli","Tempo di lettura stimato":"5 minuti"},"schema":{"@context":"https:\/\/schema.org","@graph":[{"@type":"WebPage","@id":"https:\/\/127.0.0.1\/it\/cultura-dimpresa\/il-racconto-di-milano-tra-immagini-e-ricorrenze-una-citta-in-movimento\/","url":"https:\/\/127.0.0.1\/it\/cultura-dimpresa\/il-racconto-di-milano-tra-immagini-e-ricorrenze-una-citta-in-movimento\/","name":"Il racconto di Milano tra immagini e ricorrenze: una citt\u00e0 in movimento - Fondazione Pirelli","isPartOf":{"@id":"https:\/\/www.fondazionepirelli.org\/it\/#website"},"primaryImageOfPage":{"@id":"https:\/\/127.0.0.1\/it\/cultura-dimpresa\/il-racconto-di-milano-tra-immagini-e-ricorrenze-una-citta-in-movimento\/#primaryimage"},"image":{"@id":"https:\/\/127.0.0.1\/it\/cultura-dimpresa\/il-racconto-di-milano-tra-immagini-e-ricorrenze-una-citta-in-movimento\/#primaryimage"},"thumbnailUrl":"https:\/\/wpsite-assets.fondazionepirelli.org\/wp-content\/uploads\/2022\/01\/18093934\/GettyImages-1319971135.jpg","datePublished":"2022-01-18T08:39:59+00:00","dateModified":"2022-03-28T10:21:16+00:00","author":{"@id":"https:\/\/www.fondazionepirelli.org\/it\/#\/schema\/person\/c31fcf5937a0e6afa45497f3f8b6d7a0"},"breadcrumb":{"@id":"https:\/\/127.0.0.1\/it\/cultura-dimpresa\/il-racconto-di-milano-tra-immagini-e-ricorrenze-una-citta-in-movimento\/#breadcrumb"},"inLanguage":"it-IT","potentialAction":[{"@type":"ReadAction","target":["https:\/\/127.0.0.1\/it\/cultura-dimpresa\/il-racconto-di-milano-tra-immagini-e-ricorrenze-una-citta-in-movimento\/"]}]},{"@type":"ImageObject","inLanguage":"it-IT","@id":"https:\/\/127.0.0.1\/it\/cultura-dimpresa\/il-racconto-di-milano-tra-immagini-e-ricorrenze-una-citta-in-movimento\/#primaryimage","url":"https:\/\/wpsite-assets.fondazionepirelli.org\/wp-content\/uploads\/2022\/01\/18093934\/GettyImages-1319971135.jpg","contentUrl":"https:\/\/wpsite-assets.fondazionepirelli.org\/wp-content\/uploads\/2022\/01\/18093934\/GettyImages-1319971135.jpg","width":594,"height":396,"caption":"MILAN, ITALY - MAY 25: People attend the inauguration of the ADI Design Museum - Compasso d'Oro on May 25, 2021 in Milan, Italy. The museum displays the historical collection of the \"Compasso d'Oro\", the first and most recognized industrial design award, hosted by ADI (Associazione per il Disegno Industriale), an Italian association promoting industrial design established in 1956. (Photo by Emanuele Cremaschi\/Getty Images)"},{"@type":"BreadcrumbList","@id":"https:\/\/127.0.0.1\/it\/cultura-dimpresa\/il-racconto-di-milano-tra-immagini-e-ricorrenze-una-citta-in-movimento\/#breadcrumb","itemListElement":[{"@type":"ListItem","position":1,"name":"Home","item":"https:\/\/www.fondazionepirelli.org\/it\/"},{"@type":"ListItem","position":2,"name":"Il racconto di Milano tra immagini e ricorrenze: una citt\u00e0 in movimento"}]},{"@type":"WebSite","@id":"https:\/\/www.fondazionepirelli.org\/it\/#website","url":"https:\/\/www.fondazionepirelli.org\/it\/","name":"Fondazione Pirelli","description":"","potentialAction":[{"@type":"SearchAction","target":{"@type":"EntryPoint","urlTemplate":"https:\/\/www.fondazionepirelli.org\/it\/?s={search_term_string}"},"query-input":{"@type":"PropertyValueSpecification","valueRequired":true,"valueName":"search_term_string"}}],"inLanguage":"it-IT"},{"@type":"Person","@id":"https:\/\/www.fondazionepirelli.org\/it\/#\/schema\/person\/c31fcf5937a0e6afa45497f3f8b6d7a0","name":"fondazionepirelli","image":{"@type":"ImageObject","inLanguage":"it-IT","@id":"https:\/\/www.fondazionepirelli.org\/it\/#\/schema\/person\/image\/","url":"https:\/\/secure.gravatar.com\/avatar\/9cb486421ce1d6eddbf6c4fb66841b4325b786695f7aedf1dde2222428218696?s=96&d=mm&r=g","contentUrl":"https:\/\/secure.gravatar.com\/avatar\/9cb486421ce1d6eddbf6c4fb66841b4325b786695f7aedf1dde2222428218696?s=96&d=mm&r=g","caption":"fondazionepirelli"},"url":"https:\/\/www.fondazionepirelli.org\/it\/author\/fondazionepirelli\/"}]}},"_links":{"self":[{"href":"https:\/\/www.fondazionepirelli.org\/it\/wp-json\/wp\/v2\/posts\/85909\/"}],"collection":[{"href":"https:\/\/www.fondazionepirelli.org\/it\/wp-json\/wp\/v2\/posts\/"}],"about":[{"href":"https:\/\/www.fondazionepirelli.org\/it\/wp-json\/wp\/v2\/types\/post\/"}],"author":[{"embeddable":true,"href":"https:\/\/www.fondazionepirelli.org\/it\/wp-json\/wp\/v2\/users\/9\/"}],"replies":[{"embeddable":true,"href":"https:\/\/www.fondazionepirelli.org\/it\/wp-json\/wp\/v2\/comments\/?post=85909"}],"version-history":[{"count":5,"href":"https:\/\/www.fondazionepirelli.org\/it\/wp-json\/wp\/v2\/posts\/85909\/revisions\/"}],"predecessor-version":[{"id":85934,"href":"https:\/\/www.fondazionepirelli.org\/it\/wp-json\/wp\/v2\/posts\/85909\/revisions\/85934\/"}],"wp:featuredmedia":[{"embeddable":true,"href":"https:\/\/www.fondazionepirelli.org\/it\/wp-json\/wp\/v2\/media\/85917\/"}],"wp:attachment":[{"href":"https:\/\/www.fondazionepirelli.org\/it\/wp-json\/wp\/v2\/media\/?parent=85909"}],"wp:term":[{"taxonomy":"category","embeddable":true,"href":"https:\/\/www.fondazionepirelli.org\/it\/wp-json\/wp\/v2\/categories\/?post=85909"},{"taxonomy":"post_tag","embeddable":true,"href":"https:\/\/www.fondazionepirelli.org\/it\/wp-json\/wp\/v2\/tags\/?post=85909"}],"curies":[{"name":"wp","href":"https:\/\/api.w.org\/{rel}","templated":true}]}}