{"id":87337,"date":"2022-02-08T10:50:50","date_gmt":"2022-02-08T09:50:50","guid":{"rendered":"https:\/\/www.fondazionepirelli.org\/?p=87337"},"modified":"2022-02-08T10:50:50","modified_gmt":"2022-02-08T09:50:50","slug":"liberta-versus-autorita","status":"publish","type":"post","link":"https:\/\/www.fondazionepirelli.org\/it\/cultura-dimpresa\/liberta-versus-autorita\/","title":{"rendered":"Libert\u00e0 versus autorit\u00e0?"},"content":{"rendered":"<p><em>Quanto che sta accadendo nelle societ\u00e0 attuali, letto attraverso uno dei binomi cruciali della modernit\u00e0<\/em><\/p><p>Libert\u00e0 d\u2019intraprendere, cos\u00ec come di criticare, di cambiare idea, di crescere seguendo una certa strada e non un\u2019altra, di esprimere le proprie opinioni oppure il dissenso. Principio fondamentale di ogni buona societ\u00e0 cos\u00ec come di ogni organizzazione della produzione. Libert\u00e0, dunque. Che non significa, tuttavia, libero arbitrio. E\u00a0 tantomeno facolt\u00e0 di distruggere tutto. Libert\u00e0 contrapposta ad autorit\u00e0, dunque. Oppure libert\u00e0 che con una adeguata autorit\u00e0 pu\u00f2 crescere e farsi pi\u00f9 potente. Il tema \u00e8 complesso ma fondamentale, soprattutto oggi. Ed \u00e8 per questo che serve leggere (con attenzione) \u201cLa porta dell&#8217;autorit\u00e0\u201d saggio scritto a quattro mani tra Mauro Magatti (sociologo ed economista, ordinario di Sociologia presso la Facolt\u00e0 di Scienze politiche e sociali dell\u2019Universit\u00e0 Cattolica del Sacro Cuore di Milano) e Monica Martinelli (Sociologia sempre presso l\u2019Universit\u00e0 Cattolica).<\/p>\n<p>Il libro si basa sull\u2019osservazione dei fatti passati e di quanto sta avvenendo oggi. E parte dal considerare che la contestazione, fino al rifiuto, dell\u2019autorit\u00e0 quale freno alla libera espressione del s\u00e9 \u00e8 davvero una delle eredit\u00e0 del secondo Novecento. Un\u2019eredit\u00e0 che pesa ancora oggi con la messa sotto accusa dei pilastri su cui l\u2019autorit\u00e0 poggiava: la tradizione, il padre, l\u2019insegnante, la Chiesa. E tutto in nome dell\u2019affermazione dello spirito individualistico in un mondo orizzontale senza padri n\u00e9 maestri. Eppure \u2013 spiegano i due autori -, come l\u2019araba fenice, l\u2019autorit\u00e0 risorge in continuazione dalle sue ceneri, ricostituendosi in forme inedite, pi\u00f9 fuggevoli e indeterminate, ma non per questo meno efficaci. Assistiamo, cio\u00e8, al moltiplicarsi di spinte per un ritorno all\u2019ordine di un padre autoritario, tirannico e fondamentalista, oppure, in modi pi\u00f9 sottili ma insidiosi, al presentarsi di un dominio tecnocratico che di fatto punta al superamento della condizione umana come la conosciamo. E c\u2019\u00e8 chi vuole erigere muri oppure chi, in nome proprio della libert\u00e0, rifiuta ogni obbligo (anche quelli inerenti aspetti drammatici della vita odierna).<\/p>\n<p>E\u2019, racconta il libro, la contrapposizione sempre pi\u00f9 netta \u2013 in apparenza -, tra libert\u00e0 e autorit\u00e0 quella che si sta vivendo un po\u2019 ovunque (anche nell\u2019economia e nella produzione).<\/p>\n<p>Ma quindi che fare? Magatti e Martinelli non hanno dubbi: non si tratta di tornare indietro; si tratta, piuttosto, di andare avanti, riflettendo in forme nuove su un binomio che rimane essenziale e insieme difficile. Perch\u00e9, viene spiegato benissimo nel libro, un mondo senza autorit\u00e0 non \u00e8 possibile, se non a costo di perdere la libert\u00e0. Quella libert\u00e0 in cui proprio il limite diventa risorsa per l\u2019azione, dando una prospettiva al nostro punto di vista sul mondo. Occorre insomma ricostruire il legame tra le generazioni, riconoscendo all\u2019autorit\u00e0 la capacit\u00e0 di essere lo snodo tra chi viene prima e chi viene dopo (e non solo in senso temporale). In tal modo l\u2019autorit\u00e0 pu\u00f2 essere vista come una porta che, mentre inquadra \u2013 definendo cos\u00ec una direzione \u2013, al tempo stesso apre a un futuro che ancora non c\u2019\u00e8 ma che pure non procede dal nulla. Una condizione che, a ben vedere, vale per la societ\u00e0 nel suo complesso cos\u00ec come per le sue espressioni particolari: le istituzioni, le imprese, i gruppi. Il libro di Magatti e Martinelli \u00e8 una lettura che tutti devono affrontare.<\/p><p><strong>La porta dell&#8217;autorit\u00e0<\/strong><\/p>\n<p>Mauro Magatti, Monica Martinelli<\/p>\n<p>Vita e Pensiero, 2021<\/p>\n","protected":false},"excerpt":{"rendered":"<p>Quanto che sta accadendo nelle societ\u00e0 attuali, letto attraverso uno dei binomi cruciali della modernit\u00e0Libert\u00e0 d\u2019intraprendere, cos\u00ec come di criticare, di cambiare idea, di crescere seguendo una certa strada e non un\u2019altra, di esprimere le proprie opinioni oppure il dissenso. Principio fondamentale di ogni buona societ\u00e0 cos\u00ec come di ogni organizzazione della produzione. Libert\u00e0, dunque. [&hellip;]<\/p>\n","protected":false},"author":9,"featured_media":87338,"comment_status":"open","ping_status":"open","sticky":false,"template":"","format":"standard","meta":{"footnotes":""},"categories":[52,58],"tags":[],"class_list":["post-87337","post","type-post","status-publish","format-standard","has-post-thumbnail","hentry","category-cultura-dimpresa","category-recensioni-libri"],"acf":[],"yoast_head":"<!-- This site is optimized with the Yoast SEO plugin v25.0 - https:\/\/yoast.com\/wordpress\/plugins\/seo\/ -->\n<title>Libert\u00e0 versus autorit\u00e0? - Fondazione Pirelli<\/title>\n<meta name=\"robots\" content=\"index, follow, max-snippet:-1, max-image-preview:large, max-video-preview:-1\" \/>\n<link rel=\"canonical\" href=\"https:\/\/www.fondazionepirelli.org\/it\/cultura-dimpresa\/liberta-versus-autorita\/\" \/>\n<meta property=\"og:locale\" content=\"it_IT\" \/>\n<meta property=\"og:type\" content=\"article\" \/>\n<meta property=\"og:title\" content=\"Libert\u00e0 versus autorit\u00e0? - Fondazione Pirelli\" \/>\n<meta property=\"og:description\" content=\"Quanto che sta accadendo nelle societ\u00e0 attuali, letto attraverso uno dei binomi cruciali della modernit\u00e0Libert\u00e0 d\u2019intraprendere, cos\u00ec come di criticare, di cambiare idea, di crescere seguendo una certa strada e non un\u2019altra, di esprimere le proprie opinioni oppure il dissenso. Principio fondamentale di ogni buona societ\u00e0 cos\u00ec come di ogni organizzazione della produzione. Libert\u00e0, dunque. [&hellip;]\" \/>\n<meta property=\"og:url\" content=\"https:\/\/127.0.0.1\/it\/cultura-dimpresa\/liberta-versus-autorita\/\" \/>\n<meta property=\"og:site_name\" content=\"Fondazione Pirelli\" \/>\n<meta property=\"article:published_time\" content=\"2022-02-08T09:50:50+00:00\" \/>\n<meta property=\"og:image\" content=\"https:\/\/wpsite-assets.fondazionepirelli.org\/wp-content\/uploads\/2022\/02\/08092831\/61osDqXwfS-e1644308924188.jpg\" \/>\n\t<meta property=\"og:image:width\" content=\"500\" \/>\n\t<meta property=\"og:image:height\" content=\"749\" \/>\n\t<meta property=\"og:image:type\" content=\"image\/jpeg\" \/>\n<meta name=\"author\" content=\"fondazionepirelli\" \/>\n<meta name=\"twitter:card\" content=\"summary_large_image\" \/>\n<meta name=\"twitter:label1\" content=\"Scritto da\" \/>\n\t<meta name=\"twitter:data1\" content=\"fondazionepirelli\" \/>\n\t<meta name=\"twitter:label2\" content=\"Tempo di lettura stimato\" \/>\n\t<meta name=\"twitter:data2\" content=\"3 minuti\" \/>\n<script type=\"application\/ld+json\" class=\"yoast-schema-graph\">{\"@context\":\"https:\/\/schema.org\",\"@graph\":[{\"@type\":\"WebPage\",\"@id\":\"https:\/\/127.0.0.1\/it\/cultura-dimpresa\/liberta-versus-autorita\/\",\"url\":\"https:\/\/127.0.0.1\/it\/cultura-dimpresa\/liberta-versus-autorita\/\",\"name\":\"Libert\u00e0 versus autorit\u00e0? - Fondazione Pirelli\",\"isPartOf\":{\"@id\":\"https:\/\/www.fondazionepirelli.org\/it\/#website\"},\"primaryImageOfPage\":{\"@id\":\"https:\/\/127.0.0.1\/it\/cultura-dimpresa\/liberta-versus-autorita\/#primaryimage\"},\"image\":{\"@id\":\"https:\/\/127.0.0.1\/it\/cultura-dimpresa\/liberta-versus-autorita\/#primaryimage\"},\"thumbnailUrl\":\"https:\/\/wpsite-assets.fondazionepirelli.org\/wp-content\/uploads\/2022\/02\/08092831\/61osDqXwfS-e1644308924188.jpg\",\"datePublished\":\"2022-02-08T09:50:50+00:00\",\"author\":{\"@id\":\"https:\/\/www.fondazionepirelli.org\/it\/#\/schema\/person\/c31fcf5937a0e6afa45497f3f8b6d7a0\"},\"breadcrumb\":{\"@id\":\"https:\/\/127.0.0.1\/it\/cultura-dimpresa\/liberta-versus-autorita\/#breadcrumb\"},\"inLanguage\":\"it-IT\",\"potentialAction\":[{\"@type\":\"ReadAction\",\"target\":[\"https:\/\/127.0.0.1\/it\/cultura-dimpresa\/liberta-versus-autorita\/\"]}]},{\"@type\":\"ImageObject\",\"inLanguage\":\"it-IT\",\"@id\":\"https:\/\/127.0.0.1\/it\/cultura-dimpresa\/liberta-versus-autorita\/#primaryimage\",\"url\":\"https:\/\/wpsite-assets.fondazionepirelli.org\/wp-content\/uploads\/2022\/02\/08092831\/61osDqXwfS-e1644308924188.jpg\",\"contentUrl\":\"https:\/\/wpsite-assets.fondazionepirelli.org\/wp-content\/uploads\/2022\/02\/08092831\/61osDqXwfS-e1644308924188.jpg\",\"width\":500,\"height\":749},{\"@type\":\"BreadcrumbList\",\"@id\":\"https:\/\/127.0.0.1\/it\/cultura-dimpresa\/liberta-versus-autorita\/#breadcrumb\",\"itemListElement\":[{\"@type\":\"ListItem\",\"position\":1,\"name\":\"Home\",\"item\":\"https:\/\/www.fondazionepirelli.org\/it\/\"},{\"@type\":\"ListItem\",\"position\":2,\"name\":\"Libert\u00e0 versus autorit\u00e0?\"}]},{\"@type\":\"WebSite\",\"@id\":\"https:\/\/www.fondazionepirelli.org\/it\/#website\",\"url\":\"https:\/\/www.fondazionepirelli.org\/it\/\",\"name\":\"Fondazione Pirelli\",\"description\":\"\",\"potentialAction\":[{\"@type\":\"SearchAction\",\"target\":{\"@type\":\"EntryPoint\",\"urlTemplate\":\"https:\/\/www.fondazionepirelli.org\/it\/?s={search_term_string}\"},\"query-input\":{\"@type\":\"PropertyValueSpecification\",\"valueRequired\":true,\"valueName\":\"search_term_string\"}}],\"inLanguage\":\"it-IT\"},{\"@type\":\"Person\",\"@id\":\"https:\/\/www.fondazionepirelli.org\/it\/#\/schema\/person\/c31fcf5937a0e6afa45497f3f8b6d7a0\",\"name\":\"fondazionepirelli\",\"image\":{\"@type\":\"ImageObject\",\"inLanguage\":\"it-IT\",\"@id\":\"https:\/\/www.fondazionepirelli.org\/it\/#\/schema\/person\/image\/\",\"url\":\"https:\/\/secure.gravatar.com\/avatar\/9cb486421ce1d6eddbf6c4fb66841b4325b786695f7aedf1dde2222428218696?s=96&d=mm&r=g\",\"contentUrl\":\"https:\/\/secure.gravatar.com\/avatar\/9cb486421ce1d6eddbf6c4fb66841b4325b786695f7aedf1dde2222428218696?s=96&d=mm&r=g\",\"caption\":\"fondazionepirelli\"},\"url\":\"https:\/\/www.fondazionepirelli.org\/it\/author\/fondazionepirelli\/\"}]}<\/script>\n<!-- \/ Yoast SEO plugin. -->","yoast_head_json":{"title":"Libert\u00e0 versus autorit\u00e0? - Fondazione Pirelli","robots":{"index":"index","follow":"follow","max-snippet":"max-snippet:-1","max-image-preview":"max-image-preview:large","max-video-preview":"max-video-preview:-1"},"canonical":"https:\/\/www.fondazionepirelli.org\/it\/cultura-dimpresa\/liberta-versus-autorita\/","og_locale":"it_IT","og_type":"article","og_title":"Libert\u00e0 versus autorit\u00e0? - Fondazione Pirelli","og_description":"Quanto che sta accadendo nelle societ\u00e0 attuali, letto attraverso uno dei binomi cruciali della modernit\u00e0Libert\u00e0 d\u2019intraprendere, cos\u00ec come di criticare, di cambiare idea, di crescere seguendo una certa strada e non un\u2019altra, di esprimere le proprie opinioni oppure il dissenso. Principio fondamentale di ogni buona societ\u00e0 cos\u00ec come di ogni organizzazione della produzione. Libert\u00e0, dunque. [&hellip;]","og_url":"https:\/\/127.0.0.1\/it\/cultura-dimpresa\/liberta-versus-autorita\/","og_site_name":"Fondazione Pirelli","article_published_time":"2022-02-08T09:50:50+00:00","og_image":[{"width":500,"height":749,"url":"https:\/\/wpsite-assets.fondazionepirelli.org\/wp-content\/uploads\/2022\/02\/08092831\/61osDqXwfS-e1644308924188.jpg","type":"image\/jpeg"}],"author":"fondazionepirelli","twitter_card":"summary_large_image","twitter_misc":{"Scritto da":"fondazionepirelli","Tempo di lettura stimato":"3 minuti"},"schema":{"@context":"https:\/\/schema.org","@graph":[{"@type":"WebPage","@id":"https:\/\/127.0.0.1\/it\/cultura-dimpresa\/liberta-versus-autorita\/","url":"https:\/\/127.0.0.1\/it\/cultura-dimpresa\/liberta-versus-autorita\/","name":"Libert\u00e0 versus autorit\u00e0? - Fondazione Pirelli","isPartOf":{"@id":"https:\/\/www.fondazionepirelli.org\/it\/#website"},"primaryImageOfPage":{"@id":"https:\/\/127.0.0.1\/it\/cultura-dimpresa\/liberta-versus-autorita\/#primaryimage"},"image":{"@id":"https:\/\/127.0.0.1\/it\/cultura-dimpresa\/liberta-versus-autorita\/#primaryimage"},"thumbnailUrl":"https:\/\/wpsite-assets.fondazionepirelli.org\/wp-content\/uploads\/2022\/02\/08092831\/61osDqXwfS-e1644308924188.jpg","datePublished":"2022-02-08T09:50:50+00:00","author":{"@id":"https:\/\/www.fondazionepirelli.org\/it\/#\/schema\/person\/c31fcf5937a0e6afa45497f3f8b6d7a0"},"breadcrumb":{"@id":"https:\/\/127.0.0.1\/it\/cultura-dimpresa\/liberta-versus-autorita\/#breadcrumb"},"inLanguage":"it-IT","potentialAction":[{"@type":"ReadAction","target":["https:\/\/127.0.0.1\/it\/cultura-dimpresa\/liberta-versus-autorita\/"]}]},{"@type":"ImageObject","inLanguage":"it-IT","@id":"https:\/\/127.0.0.1\/it\/cultura-dimpresa\/liberta-versus-autorita\/#primaryimage","url":"https:\/\/wpsite-assets.fondazionepirelli.org\/wp-content\/uploads\/2022\/02\/08092831\/61osDqXwfS-e1644308924188.jpg","contentUrl":"https:\/\/wpsite-assets.fondazionepirelli.org\/wp-content\/uploads\/2022\/02\/08092831\/61osDqXwfS-e1644308924188.jpg","width":500,"height":749},{"@type":"BreadcrumbList","@id":"https:\/\/127.0.0.1\/it\/cultura-dimpresa\/liberta-versus-autorita\/#breadcrumb","itemListElement":[{"@type":"ListItem","position":1,"name":"Home","item":"https:\/\/www.fondazionepirelli.org\/it\/"},{"@type":"ListItem","position":2,"name":"Libert\u00e0 versus autorit\u00e0?"}]},{"@type":"WebSite","@id":"https:\/\/www.fondazionepirelli.org\/it\/#website","url":"https:\/\/www.fondazionepirelli.org\/it\/","name":"Fondazione Pirelli","description":"","potentialAction":[{"@type":"SearchAction","target":{"@type":"EntryPoint","urlTemplate":"https:\/\/www.fondazionepirelli.org\/it\/?s={search_term_string}"},"query-input":{"@type":"PropertyValueSpecification","valueRequired":true,"valueName":"search_term_string"}}],"inLanguage":"it-IT"},{"@type":"Person","@id":"https:\/\/www.fondazionepirelli.org\/it\/#\/schema\/person\/c31fcf5937a0e6afa45497f3f8b6d7a0","name":"fondazionepirelli","image":{"@type":"ImageObject","inLanguage":"it-IT","@id":"https:\/\/www.fondazionepirelli.org\/it\/#\/schema\/person\/image\/","url":"https:\/\/secure.gravatar.com\/avatar\/9cb486421ce1d6eddbf6c4fb66841b4325b786695f7aedf1dde2222428218696?s=96&d=mm&r=g","contentUrl":"https:\/\/secure.gravatar.com\/avatar\/9cb486421ce1d6eddbf6c4fb66841b4325b786695f7aedf1dde2222428218696?s=96&d=mm&r=g","caption":"fondazionepirelli"},"url":"https:\/\/www.fondazionepirelli.org\/it\/author\/fondazionepirelli\/"}]}},"_links":{"self":[{"href":"https:\/\/www.fondazionepirelli.org\/it\/wp-json\/wp\/v2\/posts\/87337\/"}],"collection":[{"href":"https:\/\/www.fondazionepirelli.org\/it\/wp-json\/wp\/v2\/posts\/"}],"about":[{"href":"https:\/\/www.fondazionepirelli.org\/it\/wp-json\/wp\/v2\/types\/post\/"}],"author":[{"embeddable":true,"href":"https:\/\/www.fondazionepirelli.org\/it\/wp-json\/wp\/v2\/users\/9\/"}],"replies":[{"embeddable":true,"href":"https:\/\/www.fondazionepirelli.org\/it\/wp-json\/wp\/v2\/comments\/?post=87337"}],"version-history":[{"count":1,"href":"https:\/\/www.fondazionepirelli.org\/it\/wp-json\/wp\/v2\/posts\/87337\/revisions\/"}],"predecessor-version":[{"id":87340,"href":"https:\/\/www.fondazionepirelli.org\/it\/wp-json\/wp\/v2\/posts\/87337\/revisions\/87340\/"}],"wp:featuredmedia":[{"embeddable":true,"href":"https:\/\/www.fondazionepirelli.org\/it\/wp-json\/wp\/v2\/media\/87338\/"}],"wp:attachment":[{"href":"https:\/\/www.fondazionepirelli.org\/it\/wp-json\/wp\/v2\/media\/?parent=87337"}],"wp:term":[{"taxonomy":"category","embeddable":true,"href":"https:\/\/www.fondazionepirelli.org\/it\/wp-json\/wp\/v2\/categories\/?post=87337"},{"taxonomy":"post_tag","embeddable":true,"href":"https:\/\/www.fondazionepirelli.org\/it\/wp-json\/wp\/v2\/tags\/?post=87337"}],"curies":[{"name":"wp","href":"https:\/\/api.w.org\/{rel}","templated":true}]}}