{"id":87479,"date":"2022-02-15T13:45:33","date_gmt":"2022-02-15T12:45:33","guid":{"rendered":"https:\/\/www.fondazionepirelli.org\/?p=87479"},"modified":"2022-02-15T13:45:33","modified_gmt":"2022-02-15T12:45:33","slug":"un-restyling-di-carattere-per-il-sito-di-fondazione","status":"publish","type":"post","link":"https:\/\/www.fondazionepirelli.org\/it\/la-fondazione\/un-restyling-di-carattere-per-il-sito-di-fondazione\/","title":{"rendered":"Un restyling di \u201ccarattere\u201d per il sito di Fondazione"},"content":{"rendered":"<p><em>Il nostro sito si rinnova per celebrare i 150 anni dell\u2019azienda<\/em><\/p>\n<p>La divulgazione della <strong>cultura d\u2019impresa<\/strong> della Pirelli passa attraverso l\u2019utilizzo di strumenti digitali sempre aggiornati, primo tra tutti il nostro sito che ora si \u00e8 arricchito di contenuti e dotato anche di nuovi tool per favorire una pi\u00f9 immediata fruizione.<\/p>\n<p><strong>Hub digitali<\/strong> a supporto dei progetti editoriali, da <a href=\"http:\/\/www.ilcantodellafabbrica.org\/\">ilcantodellafabbrica.org<\/a> alla <a href=\"http:\/\/www.rivistapirelli.org\">rivistapirelli.org<\/a>, passando per le celebrazioni del <strong>Grattacielo Pirelli<\/strong> con il sito <a href=\"http:\/\/www.60grattacielopirelli.org\">60grattacielopirelli.org<\/a>, fino ad arrivare alla nuova piattaforma dedicata ai 150 anni dell\u2019azienda <a href=\"https:\/\/www.pirellibuildsthefuture.org\/it\/index.html\">pirellibuildsthefuture.org<\/a>. Nuove rubriche come \u201cStorie del mondo Pirelli\u201d, prodotti podcast inediti, e la nuova sezione dedicata all\u2019intensa attivit\u00e0 di formazione della nostra Fondazione, costantemente documentata.<\/p>\n<p>Chi di voi \u00e8 approdato negli ultimi giorni sul sito di fondazionepirelli.org si sar\u00e0 sicuramente accorto che nuovamente \u201c<strong>qualcosa \u00e8 cambiato<\/strong>\u201d, ma cosa? Scopriamolo insieme.<\/p>\n<p>Un nuovo \u201c<strong>stile<\/strong>\u201d, con una nuova font per la titolazione degli articoli e delle sezioni del sito. Un nuovo men\u00f9 \u201c<strong>focus on<\/strong>\u201d per l\u2019accesso diretto a tutte le piattaforme digitali proposte. Una sezione dedicata interamente ai <a href=\"https:\/\/www.fondazionepirelli.org\/it\/podcast\/\">podcast<\/a>. La sezione dedicata all\u2019<a href=\"https:\/\/www.fondazionepirelli.org\/it\/archivio-storico\/\"><strong>Archivio storico<\/strong><\/a> \u00e8 stata arricchita di una nuova modalit\u00e0 di accesso ai documenti: la navigazione tematica. Inoltre una nuova pagina consentir\u00e0 l\u2019accesso ai <a href=\"https:\/\/www.fondazionepirelli.org\/it\/virtual-tour\/\">tour virtuali<\/a> proposti dalla Fondazione: verr\u00e0 inaugurato a breve il nuovo tour virtuale dedicato alla Bicocca degli Arcimboldi, una straordinaria architettura di epoca rinascimentale nel cuore del nostro Headquarters. Tra le ultime novit\u00e0, anche l\u2019aggiornamento del nostro <strong>chatbot<\/strong> e il restyling del sito della rivistapirelli.org.<\/p>\n<p>Ora vi lasciamo alla navigazione&#8230; Alle prossime novit\u00e0<\/p>\n","protected":false},"excerpt":{"rendered":"<p>Il nostro sito si rinnova per celebrare i 150 anni dell\u2019azienda La divulgazione della cultura d\u2019impresa della Pirelli passa attraverso l\u2019utilizzo di strumenti digitali sempre aggiornati, primo tra tutti il nostro sito che ora si \u00e8 arricchito di contenuti e dotato anche di nuovi tool per favorire una pi\u00f9 immediata fruizione. Hub digitali a supporto [&hellip;]<\/p>\n","protected":false},"author":9,"featured_media":87301,"comment_status":"open","ping_status":"open","sticky":false,"template":"","format":"standard","meta":{"footnotes":""},"categories":[63,64],"tags":[],"class_list":["post-87479","post","type-post","status-publish","format-standard","has-post-thumbnail","hentry","category-la-fondazione","category-la-fondazione-pirelli"],"acf":[],"yoast_head":"<!-- This site is optimized with the Yoast SEO plugin v25.0 - https:\/\/yoast.com\/wordpress\/plugins\/seo\/ -->\n<title>Un restyling di \u201ccarattere\u201d per il sito di Fondazione - Fondazione Pirelli<\/title>\n<meta name=\"robots\" content=\"index, follow, max-snippet:-1, max-image-preview:large, max-video-preview:-1\" \/>\n<link rel=\"canonical\" href=\"https:\/\/www.fondazionepirelli.org\/it\/la-fondazione\/un-restyling-di-carattere-per-il-sito-di-fondazione\/\" \/>\n<meta property=\"og:locale\" content=\"it_IT\" \/>\n<meta property=\"og:type\" content=\"article\" \/>\n<meta property=\"og:title\" content=\"Un restyling di \u201ccarattere\u201d per il sito di Fondazione - Fondazione Pirelli\" \/>\n<meta property=\"og:description\" content=\"Il nostro sito si rinnova per celebrare i 150 anni dell\u2019azienda La divulgazione della cultura d\u2019impresa della Pirelli passa attraverso l\u2019utilizzo di strumenti digitali sempre aggiornati, primo tra tutti il nostro sito che ora si \u00e8 arricchito di contenuti e dotato anche di nuovi tool per favorire una pi\u00f9 immediata fruizione. Hub digitali a supporto [&hellip;]\" \/>\n<meta property=\"og:url\" content=\"https:\/\/www.fondazionepirelli.org\/it\/la-fondazione\/un-restyling-di-carattere-per-il-sito-di-fondazione\/\" \/>\n<meta property=\"og:site_name\" content=\"Fondazione Pirelli\" \/>\n<meta property=\"article:published_time\" content=\"2022-02-15T12:45:33+00:00\" \/>\n<meta property=\"og:image\" content=\"https:\/\/wpsite-assets.fondazionepirelli.org\/wp-content\/uploads\/2022\/02\/07160923\/BicoccaArcimboldi_038.jpg\" \/>\n\t<meta property=\"og:image:width\" content=\"5136\" \/>\n\t<meta property=\"og:image:height\" content=\"3240\" \/>\n\t<meta property=\"og:image:type\" content=\"image\/jpeg\" \/>\n<meta name=\"author\" content=\"fondazionepirelli\" \/>\n<meta name=\"twitter:card\" content=\"summary_large_image\" \/>\n<meta name=\"twitter:label1\" content=\"Scritto da\" \/>\n\t<meta name=\"twitter:data1\" content=\"fondazionepirelli\" \/>\n\t<meta name=\"twitter:label2\" content=\"Tempo di lettura stimato\" \/>\n\t<meta name=\"twitter:data2\" content=\"1 minuto\" \/>\n<script type=\"application\/ld+json\" class=\"yoast-schema-graph\">{\"@context\":\"https:\/\/schema.org\",\"@graph\":[{\"@type\":\"WebPage\",\"@id\":\"https:\/\/www.fondazionepirelli.org\/it\/la-fondazione\/un-restyling-di-carattere-per-il-sito-di-fondazione\/\",\"url\":\"https:\/\/www.fondazionepirelli.org\/it\/la-fondazione\/un-restyling-di-carattere-per-il-sito-di-fondazione\/\",\"name\":\"Un restyling di \u201ccarattere\u201d per il sito di Fondazione - Fondazione Pirelli\",\"isPartOf\":{\"@id\":\"https:\/\/www.fondazionepirelli.org\/it\/#website\"},\"primaryImageOfPage\":{\"@id\":\"https:\/\/www.fondazionepirelli.org\/it\/la-fondazione\/un-restyling-di-carattere-per-il-sito-di-fondazione\/#primaryimage\"},\"image\":{\"@id\":\"https:\/\/www.fondazionepirelli.org\/it\/la-fondazione\/un-restyling-di-carattere-per-il-sito-di-fondazione\/#primaryimage\"},\"thumbnailUrl\":\"https:\/\/wpsite-assets.fondazionepirelli.org\/wp-content\/uploads\/2022\/02\/07160923\/BicoccaArcimboldi_038.jpg\",\"datePublished\":\"2022-02-15T12:45:33+00:00\",\"author\":{\"@id\":\"https:\/\/www.fondazionepirelli.org\/it\/#\/schema\/person\/c31fcf5937a0e6afa45497f3f8b6d7a0\"},\"breadcrumb\":{\"@id\":\"https:\/\/www.fondazionepirelli.org\/it\/la-fondazione\/un-restyling-di-carattere-per-il-sito-di-fondazione\/#breadcrumb\"},\"inLanguage\":\"it-IT\",\"potentialAction\":[{\"@type\":\"ReadAction\",\"target\":[\"https:\/\/www.fondazionepirelli.org\/it\/la-fondazione\/un-restyling-di-carattere-per-il-sito-di-fondazione\/\"]}]},{\"@type\":\"ImageObject\",\"inLanguage\":\"it-IT\",\"@id\":\"https:\/\/www.fondazionepirelli.org\/it\/la-fondazione\/un-restyling-di-carattere-per-il-sito-di-fondazione\/#primaryimage\",\"url\":\"https:\/\/wpsite-assets.fondazionepirelli.org\/wp-content\/uploads\/2022\/02\/07160923\/BicoccaArcimboldi_038.jpg\",\"contentUrl\":\"https:\/\/wpsite-assets.fondazionepirelli.org\/wp-content\/uploads\/2022\/02\/07160923\/BicoccaArcimboldi_038.jpg\",\"width\":5136,\"height\":3240},{\"@type\":\"BreadcrumbList\",\"@id\":\"https:\/\/www.fondazionepirelli.org\/it\/la-fondazione\/un-restyling-di-carattere-per-il-sito-di-fondazione\/#breadcrumb\",\"itemListElement\":[{\"@type\":\"ListItem\",\"position\":1,\"name\":\"Home\",\"item\":\"https:\/\/www.fondazionepirelli.org\/it\/\"},{\"@type\":\"ListItem\",\"position\":2,\"name\":\"Un restyling di \u201ccarattere\u201d per il sito di Fondazione\"}]},{\"@type\":\"WebSite\",\"@id\":\"https:\/\/www.fondazionepirelli.org\/it\/#website\",\"url\":\"https:\/\/www.fondazionepirelli.org\/it\/\",\"name\":\"Fondazione Pirelli\",\"description\":\"\",\"potentialAction\":[{\"@type\":\"SearchAction\",\"target\":{\"@type\":\"EntryPoint\",\"urlTemplate\":\"https:\/\/www.fondazionepirelli.org\/it\/?s={search_term_string}\"},\"query-input\":{\"@type\":\"PropertyValueSpecification\",\"valueRequired\":true,\"valueName\":\"search_term_string\"}}],\"inLanguage\":\"it-IT\"},{\"@type\":\"Person\",\"@id\":\"https:\/\/www.fondazionepirelli.org\/it\/#\/schema\/person\/c31fcf5937a0e6afa45497f3f8b6d7a0\",\"name\":\"fondazionepirelli\",\"image\":{\"@type\":\"ImageObject\",\"inLanguage\":\"it-IT\",\"@id\":\"https:\/\/www.fondazionepirelli.org\/it\/#\/schema\/person\/image\/\",\"url\":\"https:\/\/secure.gravatar.com\/avatar\/9cb486421ce1d6eddbf6c4fb66841b4325b786695f7aedf1dde2222428218696?s=96&d=mm&r=g\",\"contentUrl\":\"https:\/\/secure.gravatar.com\/avatar\/9cb486421ce1d6eddbf6c4fb66841b4325b786695f7aedf1dde2222428218696?s=96&d=mm&r=g\",\"caption\":\"fondazionepirelli\"},\"url\":\"https:\/\/www.fondazionepirelli.org\/it\/author\/fondazionepirelli\/\"}]}<\/script>\n<!-- \/ Yoast SEO plugin. -->","yoast_head_json":{"title":"Un restyling di \u201ccarattere\u201d per il sito di Fondazione - Fondazione Pirelli","robots":{"index":"index","follow":"follow","max-snippet":"max-snippet:-1","max-image-preview":"max-image-preview:large","max-video-preview":"max-video-preview:-1"},"canonical":"https:\/\/www.fondazionepirelli.org\/it\/la-fondazione\/un-restyling-di-carattere-per-il-sito-di-fondazione\/","og_locale":"it_IT","og_type":"article","og_title":"Un restyling di \u201ccarattere\u201d per il sito di Fondazione - Fondazione Pirelli","og_description":"Il nostro sito si rinnova per celebrare i 150 anni dell\u2019azienda La divulgazione della cultura d\u2019impresa della Pirelli passa attraverso l\u2019utilizzo di strumenti digitali sempre aggiornati, primo tra tutti il nostro sito che ora si \u00e8 arricchito di contenuti e dotato anche di nuovi tool per favorire una pi\u00f9 immediata fruizione. Hub digitali a supporto [&hellip;]","og_url":"https:\/\/www.fondazionepirelli.org\/it\/la-fondazione\/un-restyling-di-carattere-per-il-sito-di-fondazione\/","og_site_name":"Fondazione Pirelli","article_published_time":"2022-02-15T12:45:33+00:00","og_image":[{"width":5136,"height":3240,"url":"https:\/\/wpsite-assets.fondazionepirelli.org\/wp-content\/uploads\/2022\/02\/07160923\/BicoccaArcimboldi_038.jpg","type":"image\/jpeg"}],"author":"fondazionepirelli","twitter_card":"summary_large_image","twitter_misc":{"Scritto da":"fondazionepirelli","Tempo di lettura stimato":"1 minuto"},"schema":{"@context":"https:\/\/schema.org","@graph":[{"@type":"WebPage","@id":"https:\/\/www.fondazionepirelli.org\/it\/la-fondazione\/un-restyling-di-carattere-per-il-sito-di-fondazione\/","url":"https:\/\/www.fondazionepirelli.org\/it\/la-fondazione\/un-restyling-di-carattere-per-il-sito-di-fondazione\/","name":"Un restyling di \u201ccarattere\u201d per il sito di Fondazione - Fondazione Pirelli","isPartOf":{"@id":"https:\/\/www.fondazionepirelli.org\/it\/#website"},"primaryImageOfPage":{"@id":"https:\/\/www.fondazionepirelli.org\/it\/la-fondazione\/un-restyling-di-carattere-per-il-sito-di-fondazione\/#primaryimage"},"image":{"@id":"https:\/\/www.fondazionepirelli.org\/it\/la-fondazione\/un-restyling-di-carattere-per-il-sito-di-fondazione\/#primaryimage"},"thumbnailUrl":"https:\/\/wpsite-assets.fondazionepirelli.org\/wp-content\/uploads\/2022\/02\/07160923\/BicoccaArcimboldi_038.jpg","datePublished":"2022-02-15T12:45:33+00:00","author":{"@id":"https:\/\/www.fondazionepirelli.org\/it\/#\/schema\/person\/c31fcf5937a0e6afa45497f3f8b6d7a0"},"breadcrumb":{"@id":"https:\/\/www.fondazionepirelli.org\/it\/la-fondazione\/un-restyling-di-carattere-per-il-sito-di-fondazione\/#breadcrumb"},"inLanguage":"it-IT","potentialAction":[{"@type":"ReadAction","target":["https:\/\/www.fondazionepirelli.org\/it\/la-fondazione\/un-restyling-di-carattere-per-il-sito-di-fondazione\/"]}]},{"@type":"ImageObject","inLanguage":"it-IT","@id":"https:\/\/www.fondazionepirelli.org\/it\/la-fondazione\/un-restyling-di-carattere-per-il-sito-di-fondazione\/#primaryimage","url":"https:\/\/wpsite-assets.fondazionepirelli.org\/wp-content\/uploads\/2022\/02\/07160923\/BicoccaArcimboldi_038.jpg","contentUrl":"https:\/\/wpsite-assets.fondazionepirelli.org\/wp-content\/uploads\/2022\/02\/07160923\/BicoccaArcimboldi_038.jpg","width":5136,"height":3240},{"@type":"BreadcrumbList","@id":"https:\/\/www.fondazionepirelli.org\/it\/la-fondazione\/un-restyling-di-carattere-per-il-sito-di-fondazione\/#breadcrumb","itemListElement":[{"@type":"ListItem","position":1,"name":"Home","item":"https:\/\/www.fondazionepirelli.org\/it\/"},{"@type":"ListItem","position":2,"name":"Un restyling di \u201ccarattere\u201d per il sito di Fondazione"}]},{"@type":"WebSite","@id":"https:\/\/www.fondazionepirelli.org\/it\/#website","url":"https:\/\/www.fondazionepirelli.org\/it\/","name":"Fondazione Pirelli","description":"","potentialAction":[{"@type":"SearchAction","target":{"@type":"EntryPoint","urlTemplate":"https:\/\/www.fondazionepirelli.org\/it\/?s={search_term_string}"},"query-input":{"@type":"PropertyValueSpecification","valueRequired":true,"valueName":"search_term_string"}}],"inLanguage":"it-IT"},{"@type":"Person","@id":"https:\/\/www.fondazionepirelli.org\/it\/#\/schema\/person\/c31fcf5937a0e6afa45497f3f8b6d7a0","name":"fondazionepirelli","image":{"@type":"ImageObject","inLanguage":"it-IT","@id":"https:\/\/www.fondazionepirelli.org\/it\/#\/schema\/person\/image\/","url":"https:\/\/secure.gravatar.com\/avatar\/9cb486421ce1d6eddbf6c4fb66841b4325b786695f7aedf1dde2222428218696?s=96&d=mm&r=g","contentUrl":"https:\/\/secure.gravatar.com\/avatar\/9cb486421ce1d6eddbf6c4fb66841b4325b786695f7aedf1dde2222428218696?s=96&d=mm&r=g","caption":"fondazionepirelli"},"url":"https:\/\/www.fondazionepirelli.org\/it\/author\/fondazionepirelli\/"}]}},"_links":{"self":[{"href":"https:\/\/www.fondazionepirelli.org\/it\/wp-json\/wp\/v2\/posts\/87479\/"}],"collection":[{"href":"https:\/\/www.fondazionepirelli.org\/it\/wp-json\/wp\/v2\/posts\/"}],"about":[{"href":"https:\/\/www.fondazionepirelli.org\/it\/wp-json\/wp\/v2\/types\/post\/"}],"author":[{"embeddable":true,"href":"https:\/\/www.fondazionepirelli.org\/it\/wp-json\/wp\/v2\/users\/9\/"}],"replies":[{"embeddable":true,"href":"https:\/\/www.fondazionepirelli.org\/it\/wp-json\/wp\/v2\/comments\/?post=87479"}],"version-history":[{"count":7,"href":"https:\/\/www.fondazionepirelli.org\/it\/wp-json\/wp\/v2\/posts\/87479\/revisions\/"}],"predecessor-version":[{"id":87492,"href":"https:\/\/www.fondazionepirelli.org\/it\/wp-json\/wp\/v2\/posts\/87479\/revisions\/87492\/"}],"wp:featuredmedia":[{"embeddable":true,"href":"https:\/\/www.fondazionepirelli.org\/it\/wp-json\/wp\/v2\/media\/87301\/"}],"wp:attachment":[{"href":"https:\/\/www.fondazionepirelli.org\/it\/wp-json\/wp\/v2\/media\/?parent=87479"}],"wp:term":[{"taxonomy":"category","embeddable":true,"href":"https:\/\/www.fondazionepirelli.org\/it\/wp-json\/wp\/v2\/categories\/?post=87479"},{"taxonomy":"post_tag","embeddable":true,"href":"https:\/\/www.fondazionepirelli.org\/it\/wp-json\/wp\/v2\/tags\/?post=87479"}],"curies":[{"name":"wp","href":"https:\/\/api.w.org\/{rel}","templated":true}]}}