{"id":87582,"date":"2022-02-21T08:45:42","date_gmt":"2022-02-21T07:45:42","guid":{"rendered":"https:\/\/www.fondazionepirelli.org\/?p=87582"},"modified":"2022-03-14T12:00:56","modified_gmt":"2022-03-14T11:00:56","slug":"back-to-bicocca-lo-spettacolo-interattivo-di-fondazione-pirelli-per-museocity-2022","status":"publish","type":"post","link":"https:\/\/www.fondazionepirelli.org\/it\/iniziative\/back-to-bicocca-lo-spettacolo-interattivo-di-fondazione-pirelli-per-museocity-2022\/","title":{"rendered":"\u201cBack to Bicocca\u201d, lo spettacolo interattivo di Fondazione Pirelli per MuseoCity 2022"},"content":{"rendered":"<p>Fondazione Pirelli rinnova la sua partecipazione per il sesto anno consecutivo a <strong>MuseoCity<\/strong>, la manifestazione promossa dal Comune di Milano che dal 4 al 6 marzo 2022 coinvolger\u00e0 istituzioni e musei della citt\u00e0 e anche alcune realt\u00e0 fuori dai confini milanesi.<\/p>\n<p>Fondazione Pirelli organizza per <strong>venerd\u00ec 4 marzo<\/strong> alle <strong>ore 18 e 30<\/strong> \u201c<strong>Back to Bicocca. Pirelli e i luoghi dell&#8217;industria<\/strong>\u201d, uno spettacolo interattivo online per tutte le et\u00e0, realizzato in collaborazione con l\u2019Associazione Culturale <strong>Dramatr\u00e0<\/strong>. Nel corso dell\u2019evento, attraverso prove e giochi, i partecipanti potranno conoscere la lunga storia del quartiere Bicocca a Milano e scoprire edifici antichi e moderni che nel corso del tempo hanno cambiato profondamente la loro funzione, simboli della trasformazione che l\u2019area ha conosciuto nel corso di due secoli. Pirelli \u00e8 presente in questa zona sin dal 1907 e ancora oggi ha qui il suo Headquarters, con il Centro mondiale di Ricerca e Sviluppo e la Fondazione Pirelli, che ospita l\u2019Archivio Storico del Gruppo.<\/p>\n<p>Un viaggio tra passato e presente per scoprire la citt\u00e0 di Milano, attraverso il racconto di una ragazza alla ricerca della storia della sua famiglia, che si intreccia con quella di Pirelli. La protagonista si trover\u00e0 davanti a una sfida da risolvere attraverso l\u2019aiuto dei partecipanti, che dovranno cimentarsi in prove di abilit\u00e0 e di ingegno.<\/p>\n<p>Per iscriversi \u00e8 necessario compilare il form a questo <a href=\"https:\/\/www.fondazionepirelli.org\/it\/prenotazione\/back-to-bicocca-pirelli-e-i-luoghi-dellindustria\/\">link<\/a>. La prenotazione all\u2019evento \u00e8 obbligatoria. Le iscrizioni si chiuderanno <strong>marted\u00ec 1 marzo 2022<\/strong>. L\u2019incontro, della durata di circa 75 minuti, si terr\u00e0 in diretta sulla piattaforma Microsoft Teams.<\/p>\n<p>Tutte le informazioni dettagliate per la partecipazione agli eventi online saranno comunicate nella e-mail di conferma della prenotazione.<\/p>\n","protected":false},"excerpt":{"rendered":"<p>Fondazione Pirelli rinnova la sua partecipazione per il sesto anno consecutivo a MuseoCity, la manifestazione promossa dal Comune di Milano che dal 4 al 6 marzo 2022 coinvolger\u00e0 istituzioni e musei della citt\u00e0 e anche alcune realt\u00e0 fuori dai confini milanesi. Fondazione Pirelli organizza per venerd\u00ec 4 marzo alle ore 18 e 30 \u201cBack to [&hellip;]<\/p>\n","protected":false},"author":9,"featured_media":87581,"comment_status":"open","ping_status":"open","sticky":false,"template":"","format":"standard","meta":{"footnotes":""},"categories":[78,60],"tags":[],"class_list":["post-87582","post","type-post","status-publish","format-standard","has-post-thumbnail","hentry","category-gli-eventi-e-i-percorsi-guidati","category-iniziative"],"acf":[],"yoast_head":"<!-- This site is optimized with the Yoast SEO plugin v25.0 - https:\/\/yoast.com\/wordpress\/plugins\/seo\/ -->\n<title>\u201cBack to Bicocca\u201d, lo spettacolo interattivo di Fondazione Pirelli per MuseoCity 2022 - Fondazione Pirelli<\/title>\n<meta name=\"robots\" content=\"index, follow, max-snippet:-1, max-image-preview:large, max-video-preview:-1\" \/>\n<link rel=\"canonical\" href=\"https:\/\/www.fondazionepirelli.org\/it\/iniziative\/back-to-bicocca-lo-spettacolo-interattivo-di-fondazione-pirelli-per-museocity-2022\/\" \/>\n<meta property=\"og:locale\" content=\"it_IT\" \/>\n<meta property=\"og:type\" content=\"article\" \/>\n<meta property=\"og:title\" content=\"\u201cBack to Bicocca\u201d, lo spettacolo interattivo di Fondazione Pirelli per MuseoCity 2022 - Fondazione Pirelli\" \/>\n<meta property=\"og:description\" content=\"Fondazione Pirelli rinnova la sua partecipazione per il sesto anno consecutivo a MuseoCity, la manifestazione promossa dal Comune di Milano che dal 4 al 6 marzo 2022 coinvolger\u00e0 istituzioni e musei della citt\u00e0 e anche alcune realt\u00e0 fuori dai confini milanesi. Fondazione Pirelli organizza per venerd\u00ec 4 marzo alle ore 18 e 30 \u201cBack to [&hellip;]\" \/>\n<meta property=\"og:url\" content=\"https:\/\/www.fondazionepirelli.org\/it\/iniziative\/back-to-bicocca-lo-spettacolo-interattivo-di-fondazione-pirelli-per-museocity-2022\/\" \/>\n<meta property=\"og:site_name\" content=\"Fondazione Pirelli\" \/>\n<meta property=\"article:published_time\" content=\"2022-02-21T07:45:42+00:00\" \/>\n<meta property=\"article:modified_time\" content=\"2022-03-14T11:00:56+00:00\" \/>\n<meta property=\"og:image\" content=\"https:\/\/wpsite-assets.fondazionepirelli.org\/wp-content\/uploads\/2022\/02\/18122516\/24_HQ1.jpg\" \/>\n\t<meta property=\"og:image:width\" content=\"3168\" \/>\n\t<meta property=\"og:image:height\" content=\"4672\" \/>\n\t<meta property=\"og:image:type\" content=\"image\/jpeg\" \/>\n<meta name=\"author\" content=\"fondazionepirelli\" \/>\n<meta name=\"twitter:card\" content=\"summary_large_image\" \/>\n<meta name=\"twitter:label1\" content=\"Scritto da\" \/>\n\t<meta name=\"twitter:data1\" content=\"fondazionepirelli\" \/>\n\t<meta name=\"twitter:label2\" content=\"Tempo di lettura stimato\" \/>\n\t<meta name=\"twitter:data2\" content=\"1 minuto\" \/>\n<script type=\"application\/ld+json\" class=\"yoast-schema-graph\">{\"@context\":\"https:\/\/schema.org\",\"@graph\":[{\"@type\":\"WebPage\",\"@id\":\"https:\/\/www.fondazionepirelli.org\/it\/iniziative\/back-to-bicocca-lo-spettacolo-interattivo-di-fondazione-pirelli-per-museocity-2022\/\",\"url\":\"https:\/\/www.fondazionepirelli.org\/it\/iniziative\/back-to-bicocca-lo-spettacolo-interattivo-di-fondazione-pirelli-per-museocity-2022\/\",\"name\":\"\u201cBack to Bicocca\u201d, lo spettacolo interattivo di Fondazione Pirelli per MuseoCity 2022 - Fondazione Pirelli\",\"isPartOf\":{\"@id\":\"https:\/\/www.fondazionepirelli.org\/it\/#website\"},\"primaryImageOfPage\":{\"@id\":\"https:\/\/www.fondazionepirelli.org\/it\/iniziative\/back-to-bicocca-lo-spettacolo-interattivo-di-fondazione-pirelli-per-museocity-2022\/#primaryimage\"},\"image\":{\"@id\":\"https:\/\/www.fondazionepirelli.org\/it\/iniziative\/back-to-bicocca-lo-spettacolo-interattivo-di-fondazione-pirelli-per-museocity-2022\/#primaryimage\"},\"thumbnailUrl\":\"https:\/\/wpsite-assets.fondazionepirelli.org\/wp-content\/uploads\/2022\/02\/18122516\/24_HQ1.jpg\",\"datePublished\":\"2022-02-21T07:45:42+00:00\",\"dateModified\":\"2022-03-14T11:00:56+00:00\",\"author\":{\"@id\":\"https:\/\/www.fondazionepirelli.org\/it\/#\/schema\/person\/c31fcf5937a0e6afa45497f3f8b6d7a0\"},\"breadcrumb\":{\"@id\":\"https:\/\/www.fondazionepirelli.org\/it\/iniziative\/back-to-bicocca-lo-spettacolo-interattivo-di-fondazione-pirelli-per-museocity-2022\/#breadcrumb\"},\"inLanguage\":\"it-IT\",\"potentialAction\":[{\"@type\":\"ReadAction\",\"target\":[\"https:\/\/www.fondazionepirelli.org\/it\/iniziative\/back-to-bicocca-lo-spettacolo-interattivo-di-fondazione-pirelli-per-museocity-2022\/\"]}]},{\"@type\":\"ImageObject\",\"inLanguage\":\"it-IT\",\"@id\":\"https:\/\/www.fondazionepirelli.org\/it\/iniziative\/back-to-bicocca-lo-spettacolo-interattivo-di-fondazione-pirelli-per-museocity-2022\/#primaryimage\",\"url\":\"https:\/\/wpsite-assets.fondazionepirelli.org\/wp-content\/uploads\/2022\/02\/18122516\/24_HQ1.jpg\",\"contentUrl\":\"https:\/\/wpsite-assets.fondazionepirelli.org\/wp-content\/uploads\/2022\/02\/18122516\/24_HQ1.jpg\",\"width\":3168,\"height\":4672},{\"@type\":\"BreadcrumbList\",\"@id\":\"https:\/\/www.fondazionepirelli.org\/it\/iniziative\/back-to-bicocca-lo-spettacolo-interattivo-di-fondazione-pirelli-per-museocity-2022\/#breadcrumb\",\"itemListElement\":[{\"@type\":\"ListItem\",\"position\":1,\"name\":\"Home\",\"item\":\"https:\/\/www.fondazionepirelli.org\/it\/\"},{\"@type\":\"ListItem\",\"position\":2,\"name\":\"\u201cBack to Bicocca\u201d, lo spettacolo interattivo di Fondazione Pirelli per MuseoCity 2022\"}]},{\"@type\":\"WebSite\",\"@id\":\"https:\/\/www.fondazionepirelli.org\/it\/#website\",\"url\":\"https:\/\/www.fondazionepirelli.org\/it\/\",\"name\":\"Fondazione Pirelli\",\"description\":\"\",\"potentialAction\":[{\"@type\":\"SearchAction\",\"target\":{\"@type\":\"EntryPoint\",\"urlTemplate\":\"https:\/\/www.fondazionepirelli.org\/it\/?s={search_term_string}\"},\"query-input\":{\"@type\":\"PropertyValueSpecification\",\"valueRequired\":true,\"valueName\":\"search_term_string\"}}],\"inLanguage\":\"it-IT\"},{\"@type\":\"Person\",\"@id\":\"https:\/\/www.fondazionepirelli.org\/it\/#\/schema\/person\/c31fcf5937a0e6afa45497f3f8b6d7a0\",\"name\":\"fondazionepirelli\",\"image\":{\"@type\":\"ImageObject\",\"inLanguage\":\"it-IT\",\"@id\":\"https:\/\/www.fondazionepirelli.org\/it\/#\/schema\/person\/image\/\",\"url\":\"https:\/\/secure.gravatar.com\/avatar\/9cb486421ce1d6eddbf6c4fb66841b4325b786695f7aedf1dde2222428218696?s=96&d=mm&r=g\",\"contentUrl\":\"https:\/\/secure.gravatar.com\/avatar\/9cb486421ce1d6eddbf6c4fb66841b4325b786695f7aedf1dde2222428218696?s=96&d=mm&r=g\",\"caption\":\"fondazionepirelli\"},\"url\":\"https:\/\/www.fondazionepirelli.org\/it\/author\/fondazionepirelli\/\"}]}<\/script>\n<!-- \/ Yoast SEO plugin. -->","yoast_head_json":{"title":"\u201cBack to Bicocca\u201d, lo spettacolo interattivo di Fondazione Pirelli per MuseoCity 2022 - Fondazione Pirelli","robots":{"index":"index","follow":"follow","max-snippet":"max-snippet:-1","max-image-preview":"max-image-preview:large","max-video-preview":"max-video-preview:-1"},"canonical":"https:\/\/www.fondazionepirelli.org\/it\/iniziative\/back-to-bicocca-lo-spettacolo-interattivo-di-fondazione-pirelli-per-museocity-2022\/","og_locale":"it_IT","og_type":"article","og_title":"\u201cBack to Bicocca\u201d, lo spettacolo interattivo di Fondazione Pirelli per MuseoCity 2022 - Fondazione Pirelli","og_description":"Fondazione Pirelli rinnova la sua partecipazione per il sesto anno consecutivo a MuseoCity, la manifestazione promossa dal Comune di Milano che dal 4 al 6 marzo 2022 coinvolger\u00e0 istituzioni e musei della citt\u00e0 e anche alcune realt\u00e0 fuori dai confini milanesi. Fondazione Pirelli organizza per venerd\u00ec 4 marzo alle ore 18 e 30 \u201cBack to [&hellip;]","og_url":"https:\/\/www.fondazionepirelli.org\/it\/iniziative\/back-to-bicocca-lo-spettacolo-interattivo-di-fondazione-pirelli-per-museocity-2022\/","og_site_name":"Fondazione Pirelli","article_published_time":"2022-02-21T07:45:42+00:00","article_modified_time":"2022-03-14T11:00:56+00:00","og_image":[{"width":3168,"height":4672,"url":"https:\/\/wpsite-assets.fondazionepirelli.org\/wp-content\/uploads\/2022\/02\/18122516\/24_HQ1.jpg","type":"image\/jpeg"}],"author":"fondazionepirelli","twitter_card":"summary_large_image","twitter_misc":{"Scritto da":"fondazionepirelli","Tempo di lettura stimato":"1 minuto"},"schema":{"@context":"https:\/\/schema.org","@graph":[{"@type":"WebPage","@id":"https:\/\/www.fondazionepirelli.org\/it\/iniziative\/back-to-bicocca-lo-spettacolo-interattivo-di-fondazione-pirelli-per-museocity-2022\/","url":"https:\/\/www.fondazionepirelli.org\/it\/iniziative\/back-to-bicocca-lo-spettacolo-interattivo-di-fondazione-pirelli-per-museocity-2022\/","name":"\u201cBack to Bicocca\u201d, lo spettacolo interattivo di Fondazione Pirelli per MuseoCity 2022 - Fondazione Pirelli","isPartOf":{"@id":"https:\/\/www.fondazionepirelli.org\/it\/#website"},"primaryImageOfPage":{"@id":"https:\/\/www.fondazionepirelli.org\/it\/iniziative\/back-to-bicocca-lo-spettacolo-interattivo-di-fondazione-pirelli-per-museocity-2022\/#primaryimage"},"image":{"@id":"https:\/\/www.fondazionepirelli.org\/it\/iniziative\/back-to-bicocca-lo-spettacolo-interattivo-di-fondazione-pirelli-per-museocity-2022\/#primaryimage"},"thumbnailUrl":"https:\/\/wpsite-assets.fondazionepirelli.org\/wp-content\/uploads\/2022\/02\/18122516\/24_HQ1.jpg","datePublished":"2022-02-21T07:45:42+00:00","dateModified":"2022-03-14T11:00:56+00:00","author":{"@id":"https:\/\/www.fondazionepirelli.org\/it\/#\/schema\/person\/c31fcf5937a0e6afa45497f3f8b6d7a0"},"breadcrumb":{"@id":"https:\/\/www.fondazionepirelli.org\/it\/iniziative\/back-to-bicocca-lo-spettacolo-interattivo-di-fondazione-pirelli-per-museocity-2022\/#breadcrumb"},"inLanguage":"it-IT","potentialAction":[{"@type":"ReadAction","target":["https:\/\/www.fondazionepirelli.org\/it\/iniziative\/back-to-bicocca-lo-spettacolo-interattivo-di-fondazione-pirelli-per-museocity-2022\/"]}]},{"@type":"ImageObject","inLanguage":"it-IT","@id":"https:\/\/www.fondazionepirelli.org\/it\/iniziative\/back-to-bicocca-lo-spettacolo-interattivo-di-fondazione-pirelli-per-museocity-2022\/#primaryimage","url":"https:\/\/wpsite-assets.fondazionepirelli.org\/wp-content\/uploads\/2022\/02\/18122516\/24_HQ1.jpg","contentUrl":"https:\/\/wpsite-assets.fondazionepirelli.org\/wp-content\/uploads\/2022\/02\/18122516\/24_HQ1.jpg","width":3168,"height":4672},{"@type":"BreadcrumbList","@id":"https:\/\/www.fondazionepirelli.org\/it\/iniziative\/back-to-bicocca-lo-spettacolo-interattivo-di-fondazione-pirelli-per-museocity-2022\/#breadcrumb","itemListElement":[{"@type":"ListItem","position":1,"name":"Home","item":"https:\/\/www.fondazionepirelli.org\/it\/"},{"@type":"ListItem","position":2,"name":"\u201cBack to Bicocca\u201d, lo spettacolo interattivo di Fondazione Pirelli per MuseoCity 2022"}]},{"@type":"WebSite","@id":"https:\/\/www.fondazionepirelli.org\/it\/#website","url":"https:\/\/www.fondazionepirelli.org\/it\/","name":"Fondazione Pirelli","description":"","potentialAction":[{"@type":"SearchAction","target":{"@type":"EntryPoint","urlTemplate":"https:\/\/www.fondazionepirelli.org\/it\/?s={search_term_string}"},"query-input":{"@type":"PropertyValueSpecification","valueRequired":true,"valueName":"search_term_string"}}],"inLanguage":"it-IT"},{"@type":"Person","@id":"https:\/\/www.fondazionepirelli.org\/it\/#\/schema\/person\/c31fcf5937a0e6afa45497f3f8b6d7a0","name":"fondazionepirelli","image":{"@type":"ImageObject","inLanguage":"it-IT","@id":"https:\/\/www.fondazionepirelli.org\/it\/#\/schema\/person\/image\/","url":"https:\/\/secure.gravatar.com\/avatar\/9cb486421ce1d6eddbf6c4fb66841b4325b786695f7aedf1dde2222428218696?s=96&d=mm&r=g","contentUrl":"https:\/\/secure.gravatar.com\/avatar\/9cb486421ce1d6eddbf6c4fb66841b4325b786695f7aedf1dde2222428218696?s=96&d=mm&r=g","caption":"fondazionepirelli"},"url":"https:\/\/www.fondazionepirelli.org\/it\/author\/fondazionepirelli\/"}]}},"_links":{"self":[{"href":"https:\/\/www.fondazionepirelli.org\/it\/wp-json\/wp\/v2\/posts\/87582\/"}],"collection":[{"href":"https:\/\/www.fondazionepirelli.org\/it\/wp-json\/wp\/v2\/posts\/"}],"about":[{"href":"https:\/\/www.fondazionepirelli.org\/it\/wp-json\/wp\/v2\/types\/post\/"}],"author":[{"embeddable":true,"href":"https:\/\/www.fondazionepirelli.org\/it\/wp-json\/wp\/v2\/users\/9\/"}],"replies":[{"embeddable":true,"href":"https:\/\/www.fondazionepirelli.org\/it\/wp-json\/wp\/v2\/comments\/?post=87582"}],"version-history":[{"count":7,"href":"https:\/\/www.fondazionepirelli.org\/it\/wp-json\/wp\/v2\/posts\/87582\/revisions\/"}],"predecessor-version":[{"id":87960,"href":"https:\/\/www.fondazionepirelli.org\/it\/wp-json\/wp\/v2\/posts\/87582\/revisions\/87960\/"}],"wp:featuredmedia":[{"embeddable":true,"href":"https:\/\/www.fondazionepirelli.org\/it\/wp-json\/wp\/v2\/media\/87581\/"}],"wp:attachment":[{"href":"https:\/\/www.fondazionepirelli.org\/it\/wp-json\/wp\/v2\/media\/?parent=87582"}],"wp:term":[{"taxonomy":"category","embeddable":true,"href":"https:\/\/www.fondazionepirelli.org\/it\/wp-json\/wp\/v2\/categories\/?post=87582"},{"taxonomy":"post_tag","embeddable":true,"href":"https:\/\/www.fondazionepirelli.org\/it\/wp-json\/wp\/v2\/tags\/?post=87582"}],"curies":[{"name":"wp","href":"https:\/\/api.w.org\/{rel}","templated":true}]}}