{"id":87618,"date":"2022-02-22T09:31:28","date_gmt":"2022-02-22T08:31:28","guid":{"rendered":"https:\/\/www.fondazionepirelli.org\/?p=87618"},"modified":"2022-02-22T09:31:28","modified_gmt":"2022-02-22T08:31:28","slug":"dilemmi-di-oggi-divisioni-crescita-e-coesione-sociale","status":"publish","type":"post","link":"https:\/\/www.fondazionepirelli.org\/it\/cultura-dimpresa\/dilemmi-di-oggi-divisioni-crescita-e-coesione-sociale\/","title":{"rendered":"Dilemmi di oggi: divisioni, crescita e coesione sociale"},"content":{"rendered":"<p><em>L\u2019analisi della situazione e delle sue prospettive in un libro appena pubblicato<\/em><\/p>\n<p><strong>\u00a0<\/strong><\/p>\n<p><strong>\u00a0<\/strong>Molto pi\u00f9 connesso di prima ma estremamente pi\u00f9 diviso. Una condizione critica, che fa perdere potenzialit\u00e0 di crescita (economica e non solo), oltre che coesione sociale. E senso positivo del futuro. Il nodo di difficolt\u00e0 e problemi che i sistemi sociali ed economici occidentali stanno affrontando \u00e8 tutto qui. Qualcosa da prendere molto seriamente. E che va compresa fino in fondo. Per questo serve leggere \u201cUn mondo diviso. Come l&#8217;Occidente ha perso crescita e coesione sociale\u201d, bella prova letteraria d\u2019informazione a firma di Eugenio Occorsio e Stefano Scarpetta (giornalista il primo e direttore per il lavoro, l\u2019occupazione e le politiche sociali dell\u2019Ocse il secondo).<\/p>\n<p>Il libro \u00e8 un\u2019analisi chiara di quello che \u00e8 accaduto all\u2019Occidente tra crescente divario di reddito e patrimonio, scarsissima mobilit\u00e0 sociale e classe media sotto pressione. Una situazione sulla quale \u00e8 arrivata, potente, la pandemia di Covid-19 che ha complicato e stravolto tutto. I due autori analizzano il passato e si chiedono cosa sia cambiato dopo i due anni appena trascorsi. Soprattutto ci si chiede se le misure di contrasto dei governi di tutto il mondo siano riuscite ad arginare l\u2019impatto sui pi\u00f9 vulnerabili. E quali siano adesso le opportunit\u00e0 e le sfide per ricostruire un\u2019economia pi\u00f9 giusta.<\/p>\n<p>Il racconto si dipana in nove passaggi. La fotografia delle diseguaglianze in aumento, l\u2019analisi del blocco del cosiddetto \u201cascensore sociale\u201d, l\u2019approfondimento della \u201ccrescita\u201d, l\u2019istantanea dedicata ad una classe media in affanno, un\u2019altra sulle opportunit\u00e0 e sul tema della redistribuzione e poi ancora una sulla formazione, per passare poi a focalizzare la condizione dei pi\u00f9 giovani e quindi quella del cosiddetto <em>gender gap. <\/em>La conclusione \u00e8 che, s\u00ec, il futuro prospetta degli elementi positivi ma questi potranno essere colti solo da chi \u201cavr\u00e0 gli strumenti\u201d per coglierli.<\/p>\n<p>Non si tratta di un portato degli ultimi due anni \u2013 sottolineano i due autori -, anche se la pandemia ha generato la peggiore crisi sanitaria da cent\u2019anni a questa parte e una brutale crisi economica e sociale che si \u00e8 accanita contro i pi\u00f9 vulnerabili: i lavoratori con basse qualifiche, i precari, i migranti, le donne, i giovani. Le contraddizioni si sono fatte pi\u00f9 stridenti di prima e le conseguenze rischiano di essere di lungo termine.<\/p>\n<p>Occorsio e Scarpetta, naturalmente, si pongono anche l\u2019interrogativo su come fare per ricostruire un tessuto sociale solidale e un sistema economico equo. La risposta che viene data sta nella capacit\u00e0 di immaginare un mondo migliore, anche di quello da cui siamo usciti, affrontando non solo i fattori contingenti ma anche quelli strutturali.<\/p>\n<p>Il libro di Occorsio e Scarpetta ha un grande pregio: racconta e spiega problemi complessi e importanti con un linguaggio comprensibile e chiaro. Non \u00e8 una cosa di poco conto.<\/p><p><strong>Un mondo diviso. <\/strong><strong>Come l&#8217;Occidente ha perso crescita e coesione sociale<\/strong><\/p>\n<p>Eugenio Occorsio, Stefano Scarpetta<\/p>\n<p>Laterza, 2022<\/p>","protected":false},"excerpt":{"rendered":"<p>L\u2019analisi della situazione e delle sue prospettive in un libro appena pubblicato \u00a0 \u00a0Molto pi\u00f9 connesso di prima ma estremamente pi\u00f9 diviso. Una condizione critica, che fa perdere potenzialit\u00e0 di crescita (economica e non solo), oltre che coesione sociale. E senso positivo del futuro. Il nodo di difficolt\u00e0 e problemi che i sistemi sociali ed [&hellip;]<\/p>\n","protected":false},"author":9,"featured_media":87619,"comment_status":"open","ping_status":"open","sticky":false,"template":"","format":"standard","meta":{"footnotes":""},"categories":[52,58],"tags":[],"class_list":["post-87618","post","type-post","status-publish","format-standard","has-post-thumbnail","hentry","category-cultura-dimpresa","category-recensioni-libri"],"acf":[],"yoast_head":"<!-- This site is optimized with the Yoast SEO plugin v25.0 - https:\/\/yoast.com\/wordpress\/plugins\/seo\/ -->\n<title>Dilemmi di oggi: divisioni, crescita e coesione sociale - Fondazione Pirelli<\/title>\n<meta name=\"robots\" content=\"index, follow, max-snippet:-1, max-image-preview:large, max-video-preview:-1\" \/>\n<link rel=\"canonical\" href=\"https:\/\/www.fondazionepirelli.org\/it\/cultura-dimpresa\/dilemmi-di-oggi-divisioni-crescita-e-coesione-sociale\/\" \/>\n<meta property=\"og:locale\" content=\"it_IT\" \/>\n<meta property=\"og:type\" content=\"article\" \/>\n<meta property=\"og:title\" content=\"Dilemmi di oggi: divisioni, crescita e coesione sociale - Fondazione Pirelli\" \/>\n<meta property=\"og:description\" content=\"L\u2019analisi della situazione e delle sue prospettive in un libro appena pubblicato \u00a0 \u00a0Molto pi\u00f9 connesso di prima ma estremamente pi\u00f9 diviso. Una condizione critica, che fa perdere potenzialit\u00e0 di crescita (economica e non solo), oltre che coesione sociale. E senso positivo del futuro. Il nodo di difficolt\u00e0 e problemi che i sistemi sociali ed [&hellip;]\" \/>\n<meta property=\"og:url\" content=\"https:\/\/www.fondazionepirelli.org\/it\/cultura-dimpresa\/dilemmi-di-oggi-divisioni-crescita-e-coesione-sociale\/\" \/>\n<meta property=\"og:site_name\" content=\"Fondazione Pirelli\" \/>\n<meta property=\"article:published_time\" content=\"2022-02-22T08:31:28+00:00\" \/>\n<meta property=\"og:image\" content=\"https:\/\/wpsite-assets.fondazionepirelli.org\/wp-content\/uploads\/2022\/02\/22083957\/9788858145296-e1645515607877.jpg\" \/>\n\t<meta property=\"og:image:width\" content=\"500\" \/>\n\t<meta property=\"og:image:height\" content=\"750\" \/>\n\t<meta property=\"og:image:type\" content=\"image\/jpeg\" \/>\n<meta name=\"author\" content=\"fondazionepirelli\" \/>\n<meta name=\"twitter:card\" content=\"summary_large_image\" \/>\n<meta name=\"twitter:label1\" content=\"Scritto da\" \/>\n\t<meta name=\"twitter:data1\" content=\"fondazionepirelli\" \/>\n\t<meta name=\"twitter:label2\" content=\"Tempo di lettura stimato\" \/>\n\t<meta name=\"twitter:data2\" content=\"2 minuti\" \/>\n<script type=\"application\/ld+json\" class=\"yoast-schema-graph\">{\"@context\":\"https:\/\/schema.org\",\"@graph\":[{\"@type\":\"WebPage\",\"@id\":\"https:\/\/www.fondazionepirelli.org\/it\/cultura-dimpresa\/dilemmi-di-oggi-divisioni-crescita-e-coesione-sociale\/\",\"url\":\"https:\/\/www.fondazionepirelli.org\/it\/cultura-dimpresa\/dilemmi-di-oggi-divisioni-crescita-e-coesione-sociale\/\",\"name\":\"Dilemmi di oggi: divisioni, crescita e coesione sociale - Fondazione Pirelli\",\"isPartOf\":{\"@id\":\"https:\/\/www.fondazionepirelli.org\/it\/#website\"},\"primaryImageOfPage\":{\"@id\":\"https:\/\/www.fondazionepirelli.org\/it\/cultura-dimpresa\/dilemmi-di-oggi-divisioni-crescita-e-coesione-sociale\/#primaryimage\"},\"image\":{\"@id\":\"https:\/\/www.fondazionepirelli.org\/it\/cultura-dimpresa\/dilemmi-di-oggi-divisioni-crescita-e-coesione-sociale\/#primaryimage\"},\"thumbnailUrl\":\"https:\/\/wpsite-assets.fondazionepirelli.org\/wp-content\/uploads\/2022\/02\/22083957\/9788858145296-e1645515607877.jpg\",\"datePublished\":\"2022-02-22T08:31:28+00:00\",\"author\":{\"@id\":\"https:\/\/www.fondazionepirelli.org\/it\/#\/schema\/person\/c31fcf5937a0e6afa45497f3f8b6d7a0\"},\"breadcrumb\":{\"@id\":\"https:\/\/www.fondazionepirelli.org\/it\/cultura-dimpresa\/dilemmi-di-oggi-divisioni-crescita-e-coesione-sociale\/#breadcrumb\"},\"inLanguage\":\"it-IT\",\"potentialAction\":[{\"@type\":\"ReadAction\",\"target\":[\"https:\/\/www.fondazionepirelli.org\/it\/cultura-dimpresa\/dilemmi-di-oggi-divisioni-crescita-e-coesione-sociale\/\"]}]},{\"@type\":\"ImageObject\",\"inLanguage\":\"it-IT\",\"@id\":\"https:\/\/www.fondazionepirelli.org\/it\/cultura-dimpresa\/dilemmi-di-oggi-divisioni-crescita-e-coesione-sociale\/#primaryimage\",\"url\":\"https:\/\/wpsite-assets.fondazionepirelli.org\/wp-content\/uploads\/2022\/02\/22083957\/9788858145296-e1645515607877.jpg\",\"contentUrl\":\"https:\/\/wpsite-assets.fondazionepirelli.org\/wp-content\/uploads\/2022\/02\/22083957\/9788858145296-e1645515607877.jpg\",\"width\":500,\"height\":750},{\"@type\":\"BreadcrumbList\",\"@id\":\"https:\/\/www.fondazionepirelli.org\/it\/cultura-dimpresa\/dilemmi-di-oggi-divisioni-crescita-e-coesione-sociale\/#breadcrumb\",\"itemListElement\":[{\"@type\":\"ListItem\",\"position\":1,\"name\":\"Home\",\"item\":\"https:\/\/www.fondazionepirelli.org\/it\/\"},{\"@type\":\"ListItem\",\"position\":2,\"name\":\"Dilemmi di oggi: divisioni, crescita e coesione sociale\"}]},{\"@type\":\"WebSite\",\"@id\":\"https:\/\/www.fondazionepirelli.org\/it\/#website\",\"url\":\"https:\/\/www.fondazionepirelli.org\/it\/\",\"name\":\"Fondazione Pirelli\",\"description\":\"\",\"potentialAction\":[{\"@type\":\"SearchAction\",\"target\":{\"@type\":\"EntryPoint\",\"urlTemplate\":\"https:\/\/www.fondazionepirelli.org\/it\/?s={search_term_string}\"},\"query-input\":{\"@type\":\"PropertyValueSpecification\",\"valueRequired\":true,\"valueName\":\"search_term_string\"}}],\"inLanguage\":\"it-IT\"},{\"@type\":\"Person\",\"@id\":\"https:\/\/www.fondazionepirelli.org\/it\/#\/schema\/person\/c31fcf5937a0e6afa45497f3f8b6d7a0\",\"name\":\"fondazionepirelli\",\"image\":{\"@type\":\"ImageObject\",\"inLanguage\":\"it-IT\",\"@id\":\"https:\/\/www.fondazionepirelli.org\/it\/#\/schema\/person\/image\/\",\"url\":\"https:\/\/secure.gravatar.com\/avatar\/9cb486421ce1d6eddbf6c4fb66841b4325b786695f7aedf1dde2222428218696?s=96&d=mm&r=g\",\"contentUrl\":\"https:\/\/secure.gravatar.com\/avatar\/9cb486421ce1d6eddbf6c4fb66841b4325b786695f7aedf1dde2222428218696?s=96&d=mm&r=g\",\"caption\":\"fondazionepirelli\"},\"url\":\"https:\/\/www.fondazionepirelli.org\/it\/author\/fondazionepirelli\/\"}]}<\/script>\n<!-- \/ Yoast SEO plugin. -->","yoast_head_json":{"title":"Dilemmi di oggi: divisioni, crescita e coesione sociale - Fondazione Pirelli","robots":{"index":"index","follow":"follow","max-snippet":"max-snippet:-1","max-image-preview":"max-image-preview:large","max-video-preview":"max-video-preview:-1"},"canonical":"https:\/\/www.fondazionepirelli.org\/it\/cultura-dimpresa\/dilemmi-di-oggi-divisioni-crescita-e-coesione-sociale\/","og_locale":"it_IT","og_type":"article","og_title":"Dilemmi di oggi: divisioni, crescita e coesione sociale - Fondazione Pirelli","og_description":"L\u2019analisi della situazione e delle sue prospettive in un libro appena pubblicato \u00a0 \u00a0Molto pi\u00f9 connesso di prima ma estremamente pi\u00f9 diviso. Una condizione critica, che fa perdere potenzialit\u00e0 di crescita (economica e non solo), oltre che coesione sociale. E senso positivo del futuro. Il nodo di difficolt\u00e0 e problemi che i sistemi sociali ed [&hellip;]","og_url":"https:\/\/www.fondazionepirelli.org\/it\/cultura-dimpresa\/dilemmi-di-oggi-divisioni-crescita-e-coesione-sociale\/","og_site_name":"Fondazione Pirelli","article_published_time":"2022-02-22T08:31:28+00:00","og_image":[{"width":500,"height":750,"url":"https:\/\/wpsite-assets.fondazionepirelli.org\/wp-content\/uploads\/2022\/02\/22083957\/9788858145296-e1645515607877.jpg","type":"image\/jpeg"}],"author":"fondazionepirelli","twitter_card":"summary_large_image","twitter_misc":{"Scritto da":"fondazionepirelli","Tempo di lettura stimato":"2 minuti"},"schema":{"@context":"https:\/\/schema.org","@graph":[{"@type":"WebPage","@id":"https:\/\/www.fondazionepirelli.org\/it\/cultura-dimpresa\/dilemmi-di-oggi-divisioni-crescita-e-coesione-sociale\/","url":"https:\/\/www.fondazionepirelli.org\/it\/cultura-dimpresa\/dilemmi-di-oggi-divisioni-crescita-e-coesione-sociale\/","name":"Dilemmi di oggi: divisioni, crescita e coesione sociale - Fondazione Pirelli","isPartOf":{"@id":"https:\/\/www.fondazionepirelli.org\/it\/#website"},"primaryImageOfPage":{"@id":"https:\/\/www.fondazionepirelli.org\/it\/cultura-dimpresa\/dilemmi-di-oggi-divisioni-crescita-e-coesione-sociale\/#primaryimage"},"image":{"@id":"https:\/\/www.fondazionepirelli.org\/it\/cultura-dimpresa\/dilemmi-di-oggi-divisioni-crescita-e-coesione-sociale\/#primaryimage"},"thumbnailUrl":"https:\/\/wpsite-assets.fondazionepirelli.org\/wp-content\/uploads\/2022\/02\/22083957\/9788858145296-e1645515607877.jpg","datePublished":"2022-02-22T08:31:28+00:00","author":{"@id":"https:\/\/www.fondazionepirelli.org\/it\/#\/schema\/person\/c31fcf5937a0e6afa45497f3f8b6d7a0"},"breadcrumb":{"@id":"https:\/\/www.fondazionepirelli.org\/it\/cultura-dimpresa\/dilemmi-di-oggi-divisioni-crescita-e-coesione-sociale\/#breadcrumb"},"inLanguage":"it-IT","potentialAction":[{"@type":"ReadAction","target":["https:\/\/www.fondazionepirelli.org\/it\/cultura-dimpresa\/dilemmi-di-oggi-divisioni-crescita-e-coesione-sociale\/"]}]},{"@type":"ImageObject","inLanguage":"it-IT","@id":"https:\/\/www.fondazionepirelli.org\/it\/cultura-dimpresa\/dilemmi-di-oggi-divisioni-crescita-e-coesione-sociale\/#primaryimage","url":"https:\/\/wpsite-assets.fondazionepirelli.org\/wp-content\/uploads\/2022\/02\/22083957\/9788858145296-e1645515607877.jpg","contentUrl":"https:\/\/wpsite-assets.fondazionepirelli.org\/wp-content\/uploads\/2022\/02\/22083957\/9788858145296-e1645515607877.jpg","width":500,"height":750},{"@type":"BreadcrumbList","@id":"https:\/\/www.fondazionepirelli.org\/it\/cultura-dimpresa\/dilemmi-di-oggi-divisioni-crescita-e-coesione-sociale\/#breadcrumb","itemListElement":[{"@type":"ListItem","position":1,"name":"Home","item":"https:\/\/www.fondazionepirelli.org\/it\/"},{"@type":"ListItem","position":2,"name":"Dilemmi di oggi: divisioni, crescita e coesione sociale"}]},{"@type":"WebSite","@id":"https:\/\/www.fondazionepirelli.org\/it\/#website","url":"https:\/\/www.fondazionepirelli.org\/it\/","name":"Fondazione Pirelli","description":"","potentialAction":[{"@type":"SearchAction","target":{"@type":"EntryPoint","urlTemplate":"https:\/\/www.fondazionepirelli.org\/it\/?s={search_term_string}"},"query-input":{"@type":"PropertyValueSpecification","valueRequired":true,"valueName":"search_term_string"}}],"inLanguage":"it-IT"},{"@type":"Person","@id":"https:\/\/www.fondazionepirelli.org\/it\/#\/schema\/person\/c31fcf5937a0e6afa45497f3f8b6d7a0","name":"fondazionepirelli","image":{"@type":"ImageObject","inLanguage":"it-IT","@id":"https:\/\/www.fondazionepirelli.org\/it\/#\/schema\/person\/image\/","url":"https:\/\/secure.gravatar.com\/avatar\/9cb486421ce1d6eddbf6c4fb66841b4325b786695f7aedf1dde2222428218696?s=96&d=mm&r=g","contentUrl":"https:\/\/secure.gravatar.com\/avatar\/9cb486421ce1d6eddbf6c4fb66841b4325b786695f7aedf1dde2222428218696?s=96&d=mm&r=g","caption":"fondazionepirelli"},"url":"https:\/\/www.fondazionepirelli.org\/it\/author\/fondazionepirelli\/"}]}},"_links":{"self":[{"href":"https:\/\/www.fondazionepirelli.org\/it\/wp-json\/wp\/v2\/posts\/87618\/"}],"collection":[{"href":"https:\/\/www.fondazionepirelli.org\/it\/wp-json\/wp\/v2\/posts\/"}],"about":[{"href":"https:\/\/www.fondazionepirelli.org\/it\/wp-json\/wp\/v2\/types\/post\/"}],"author":[{"embeddable":true,"href":"https:\/\/www.fondazionepirelli.org\/it\/wp-json\/wp\/v2\/users\/9\/"}],"replies":[{"embeddable":true,"href":"https:\/\/www.fondazionepirelli.org\/it\/wp-json\/wp\/v2\/comments\/?post=87618"}],"version-history":[{"count":1,"href":"https:\/\/www.fondazionepirelli.org\/it\/wp-json\/wp\/v2\/posts\/87618\/revisions\/"}],"predecessor-version":[{"id":87621,"href":"https:\/\/www.fondazionepirelli.org\/it\/wp-json\/wp\/v2\/posts\/87618\/revisions\/87621\/"}],"wp:featuredmedia":[{"embeddable":true,"href":"https:\/\/www.fondazionepirelli.org\/it\/wp-json\/wp\/v2\/media\/87619\/"}],"wp:attachment":[{"href":"https:\/\/www.fondazionepirelli.org\/it\/wp-json\/wp\/v2\/media\/?parent=87618"}],"wp:term":[{"taxonomy":"category","embeddable":true,"href":"https:\/\/www.fondazionepirelli.org\/it\/wp-json\/wp\/v2\/categories\/?post=87618"},{"taxonomy":"post_tag","embeddable":true,"href":"https:\/\/www.fondazionepirelli.org\/it\/wp-json\/wp\/v2\/tags\/?post=87618"}],"curies":[{"name":"wp","href":"https:\/\/api.w.org\/{rel}","templated":true}]}}