{"id":87738,"date":"2022-03-01T09:39:55","date_gmt":"2022-03-01T08:39:55","guid":{"rendered":"https:\/\/www.fondazionepirelli.org\/?p=87738"},"modified":"2022-03-28T11:18:05","modified_gmt":"2022-03-28T10:18:05","slug":"laria-che-tira-a-milano-tra-moda-scienza-e-paure-e-la-chiave-per-capire-sta-in-un-romanzo-noir","status":"publish","type":"post","link":"https:\/\/www.fondazionepirelli.org\/it\/cultura-dimpresa\/laria-che-tira-a-milano-tra-moda-scienza-e-paure-e-la-chiave-per-capire-sta-in-un-romanzo-noir\/","title":{"rendered":"L\u2019aria che tira a Milano, tra moda, scienza e paure. E la chiave per capire sta in un romanzo noir"},"content":{"rendered":"<p>Che aria tira, in questi giorni, a <strong>Milano<\/strong>? Arie diverse ma comunque intense, coinvolgenti, inquietanti.<\/p>\n<p>Aria di solidariet\u00e0 con l\u2019Ucraina invasa dall\u2019esercito russo, i colori blu e giallo nelle piazze e sulle facciate dei monumenti, le dichiarazioni politiche e culturali, la sirena dell\u2019allarme aereo che apre gli spettacoli al Teatro Parenti di Andr\u00e9e Ruth Shammah per sottolineare la solidariet\u00e0 tra noi che siamo qui davanti a un palcoscenico e gli ucraini che resistono sotto le bombe.<\/p>\n<p>Aria di scienza, con l\u2019inaugurazione dei primi laboratori sperimentali allo <strong>Human Technopole<\/strong>, con i cinque sofisticatissimi microscopi per sequenziale cento filamenti di Dna in parallelo in 48 ore: scienza e ricerca, salute come bene pubblico primario e conoscenza di quel che serve per migliorare la qualit\u00e0 della vita.<br \/>\nAria di \u201camarcord\u201d, con le ricorrenze dei trent\u2019anni dall\u2019esplosione di Mani Pulite, tangenti e indagini giudiziarie, un terremoto che disastr\u00f2 i partiti della Prima Repubblica e un pezzo rilevante di imprenditoria: fioriscono libri, convegni, racconti critici e autocritici. Ma la corruzione diffusa continua a umiliare amministratori, imprese e cittadini perbene.<br \/>\nAria di violenza, con le bande criminali di ragazzini che dalla provincia e dalle periferie imperversano \u201cnella Milano che luccica\u201d, una rissa, una rapina, un accoltellamento. Marginalit\u00e0, disagio, rancore sociale, frenesia di soldi immediati per consumi facili. \u201cMovida sotto scorta per fermare le proteste\u201d, titolano le cronache milanesi dei grandi quotidiani, dando conto dell\u2019esasperazione di chi vive nelle strade e nelle piazze del centro prese d\u2019assalto.<br \/>\nAria di moda, con le sfilate, le modelle, le vetrine fashion nel Quadrilatero, le Mercedes nere degli autisti, non un posto libero in cui dormire o cenare se non hai prenotato settimane fa. Tutto glamour, con punte di consapevolezza (niente musica alla sfilata di Armani) dei tempi difficili che stiamo attraversando.<br \/>\nAria di trasformazioni di lungo periodo, con vecchi quartieri che rinascono (come NoLo, North of Loreto, nelle aree di nord est tra viale Monza, via Padova e Greco: ne abbiamo parlato nel blog di due settimane fa) e nuovi insediamenti di tendenza, a sud ovest, nella zona tutt\u2019attorno alla Fondazione Prada, arte contemporanea e lusso, ribattezzata Pradate.<\/p>\n<p>Le metropoli, d\u2019altronde, sono cos\u00ec. Mutevoli. Molteplici. E\u2019 la loro natura complessa. Il loro bello. La loro ricchezza. La loro dannazione.<\/p>\n<p>\u201cMilano \u00e8 l\u2019unico luogo che ha tutti i pregi e i difetti dell\u2019Italia\u201d, sentenzia <strong>Gianni Biondillo<\/strong>, architetto urbanista per formazione, scrittore di noir per passione, mentre sfoglia le pagine del suo ultimo libro, appena pubblicato da Guanda, \u201cI cani del Barrio\u201d, con un\u2019indagine del protagonista preferito, l\u2019ispettore Ferraro, sul tentato omicidio di un imprenditore \u201cetico, molto corteggiato dalla politica, che ha costruito la sua fortuna combattendo mafia e malaffare\u201d. L\u2019area di partenza dell\u2019inchiesta \u00e8 il commissariato di Quarto Oggiaro, dove l\u2019autore \u00e8 cresciuto, per divagare poi verso viale Padova (riecco NoLo\u2026), il Corvetto, Rogoredo. Quartieri con radici in ambienti sociali difficili e cambiamenti antropologici e sociali in corso. In realt\u00e0 \u201cil protagonista dei miei libri non \u00e8 l\u2019ispettore Ferraro, ma Milano. Tutti pensano che io scriva noir, ma \u00e8 il mio modo per fare urbanistica, scrivo saggi di interpretazione della citt\u00e0\u201d.<\/p>\n<p>Ecco il punto: uno dei modi migliori per cercare di capire e raccontare Milano \u00e8 affidarsi alla letteratura, ai romanzi \u201cgialli\u201d o noir che dir si voglia. Perch\u00e9, spiega <strong>Alessandro Robecchi<\/strong>, inventore, per Sellerio, dell\u2019investigatore per caso Carlo Monterossi, autore di spettacoli trash per la Tv, \u201cMilano \u00e8 piccola, le sue ambientazioni e le sue componenti sociali si muovono gomito a gomito. Per dire: a San Siro, in duecento metri, c\u2019\u00e8 la villa del calciatore e la casba di piazza Selinunte. Sacche di disagio affiorano nei quartieri cosiddetti residenziali: la presenza di contraddizioni cos\u00ec vicine rende la citt\u00e0 bella da narrare\u201d.<\/p>\n<p>E\u2019 dunque quanto mai acuta e pertinente la scelta dell\u2019ultimo numero de \u201cLa Lettura\u201d del Corriere della Sera (domenica, 27 gennaio) di dedicare l\u2019inchiesta di copertina a \u201cIl giallo di Milano\u201d, ricordandone l\u2019origine nelle pagine di Giorgio Scerbanenco (ucraino d\u2019origine, val la pena notare proprio in questi giorni, pronto a cambiare il nome originale di Vladimir Scerbanenko per non sentirsi troppo estraneo alla citt\u00e0 d\u2019elezione) e ricostruendo storie, ambienti e stili letterari delle opere di Biondillo e Robecchi appena citati e poi di Luca Crovi, Gian Andrea Cerone, Enrico Vanzina, Hans Tuzzi, Andrea G. Pinketts, Rosa Teruzzi e tanti altri ancora.<\/p>\n<p>\u201cMilano &#8211; spiega Tuzzi &#8211; \u00e8 sempre stata un laboratorio che ha anticipato scelte nazionali. Questo tratto la rende una citt\u00e0 simbolo, anche nelle sue brusche accelerazioni. \u00c8 la pi\u00f9 moderna e la pi\u00f9 europea tra quelle italiane, anche nella criminalit\u00e0. C\u2019\u00e8 un accumulo di ricchezze e i soldi portano con s\u00e9 ombre e conflitti sociali, tutte contraddizioni che invitano a sfruttare l\u2019elemento del giallo come lo videro Andr\u00e9 Gide e Carlo Emilio Gadda, un tipo di storia che pu\u00f2 fornire, poich\u00e9 ha al suo centro un crimine, una chiave per rappresentare il nostro tempo\u201d.<\/p>\n<p>Milano paradigma, insomma. In un tempo inquieto. Drammatico. Controverso. Ma forse, proprio per questo, quanto mai interessante da vivere. E da scrivere.<\/p><p><em>foto: Getty Images<\/em><\/p>\n","protected":false},"excerpt":{"rendered":"<p>Che aria tira, in questi giorni, a Milano? Arie diverse ma comunque intense, coinvolgenti, inquietanti. Aria di solidariet\u00e0 con l\u2019Ucraina invasa dall\u2019esercito russo, i colori blu e giallo nelle piazze e sulle facciate dei monumenti, le dichiarazioni politiche e culturali, la sirena dell\u2019allarme aereo che apre gli spettacoli al Teatro Parenti di Andr\u00e9e Ruth Shammah [&hellip;]<\/p>\n","protected":false},"author":9,"featured_media":87745,"comment_status":"open","ping_status":"open","sticky":false,"template":"","format":"standard","meta":{"footnotes":""},"categories":[53,52],"tags":[],"class_list":["post-87738","post","type-post","status-publish","format-standard","has-post-thumbnail","hentry","category-blog","category-cultura-dimpresa"],"acf":[],"yoast_head":"<!-- This site is optimized with the Yoast SEO plugin v25.0 - https:\/\/yoast.com\/wordpress\/plugins\/seo\/ -->\n<title>L\u2019aria che tira a Milano, tra moda, scienza e paure. E la chiave per capire sta in un romanzo noir - Fondazione Pirelli<\/title>\n<meta name=\"robots\" content=\"index, follow, max-snippet:-1, max-image-preview:large, max-video-preview:-1\" \/>\n<link rel=\"canonical\" href=\"https:\/\/www.fondazionepirelli.org\/it\/cultura-dimpresa\/laria-che-tira-a-milano-tra-moda-scienza-e-paure-e-la-chiave-per-capire-sta-in-un-romanzo-noir\/\" \/>\n<meta property=\"og:locale\" content=\"it_IT\" \/>\n<meta property=\"og:type\" content=\"article\" \/>\n<meta property=\"og:title\" content=\"L\u2019aria che tira a Milano, tra moda, scienza e paure. E la chiave per capire sta in un romanzo noir - Fondazione Pirelli\" \/>\n<meta property=\"og:description\" content=\"Che aria tira, in questi giorni, a Milano? Arie diverse ma comunque intense, coinvolgenti, inquietanti. Aria di solidariet\u00e0 con l\u2019Ucraina invasa dall\u2019esercito russo, i colori blu e giallo nelle piazze e sulle facciate dei monumenti, le dichiarazioni politiche e culturali, la sirena dell\u2019allarme aereo che apre gli spettacoli al Teatro Parenti di Andr\u00e9e Ruth Shammah [&hellip;]\" \/>\n<meta property=\"og:url\" content=\"https:\/\/127.0.0.1\/it\/cultura-dimpresa\/laria-che-tira-a-milano-tra-moda-scienza-e-paure-e-la-chiave-per-capire-sta-in-un-romanzo-noir\/\" \/>\n<meta property=\"og:site_name\" content=\"Fondazione Pirelli\" \/>\n<meta property=\"article:published_time\" content=\"2022-03-01T08:39:55+00:00\" \/>\n<meta property=\"article:modified_time\" content=\"2022-03-28T10:18:05+00:00\" \/>\n<meta property=\"og:image\" content=\"https:\/\/wpsite-assets.fondazionepirelli.org\/wp-content\/uploads\/2022\/02\/01091740\/GettyImages-1170383949.jpg\" \/>\n\t<meta property=\"og:image:width\" content=\"1999\" \/>\n\t<meta property=\"og:image:height\" content=\"1499\" \/>\n\t<meta property=\"og:image:type\" content=\"image\/jpeg\" \/>\n<meta name=\"author\" content=\"fondazionepirelli\" \/>\n<meta name=\"twitter:card\" content=\"summary_large_image\" \/>\n<meta name=\"twitter:label1\" content=\"Scritto da\" \/>\n\t<meta name=\"twitter:data1\" content=\"fondazionepirelli\" \/>\n\t<meta name=\"twitter:label2\" content=\"Tempo di lettura stimato\" \/>\n\t<meta name=\"twitter:data2\" content=\"4 minuti\" \/>\n<script type=\"application\/ld+json\" class=\"yoast-schema-graph\">{\"@context\":\"https:\/\/schema.org\",\"@graph\":[{\"@type\":\"WebPage\",\"@id\":\"https:\/\/127.0.0.1\/it\/cultura-dimpresa\/laria-che-tira-a-milano-tra-moda-scienza-e-paure-e-la-chiave-per-capire-sta-in-un-romanzo-noir\/\",\"url\":\"https:\/\/127.0.0.1\/it\/cultura-dimpresa\/laria-che-tira-a-milano-tra-moda-scienza-e-paure-e-la-chiave-per-capire-sta-in-un-romanzo-noir\/\",\"name\":\"L\u2019aria che tira a Milano, tra moda, scienza e paure. E la chiave per capire sta in un romanzo noir - Fondazione Pirelli\",\"isPartOf\":{\"@id\":\"https:\/\/www.fondazionepirelli.org\/it\/#website\"},\"primaryImageOfPage\":{\"@id\":\"https:\/\/127.0.0.1\/it\/cultura-dimpresa\/laria-che-tira-a-milano-tra-moda-scienza-e-paure-e-la-chiave-per-capire-sta-in-un-romanzo-noir\/#primaryimage\"},\"image\":{\"@id\":\"https:\/\/127.0.0.1\/it\/cultura-dimpresa\/laria-che-tira-a-milano-tra-moda-scienza-e-paure-e-la-chiave-per-capire-sta-in-un-romanzo-noir\/#primaryimage\"},\"thumbnailUrl\":\"https:\/\/wpsite-assets.fondazionepirelli.org\/wp-content\/uploads\/2022\/02\/01091740\/GettyImages-1170383949.jpg\",\"datePublished\":\"2022-03-01T08:39:55+00:00\",\"dateModified\":\"2022-03-28T10:18:05+00:00\",\"author\":{\"@id\":\"https:\/\/www.fondazionepirelli.org\/it\/#\/schema\/person\/c31fcf5937a0e6afa45497f3f8b6d7a0\"},\"breadcrumb\":{\"@id\":\"https:\/\/127.0.0.1\/it\/cultura-dimpresa\/laria-che-tira-a-milano-tra-moda-scienza-e-paure-e-la-chiave-per-capire-sta-in-un-romanzo-noir\/#breadcrumb\"},\"inLanguage\":\"it-IT\",\"potentialAction\":[{\"@type\":\"ReadAction\",\"target\":[\"https:\/\/127.0.0.1\/it\/cultura-dimpresa\/laria-che-tira-a-milano-tra-moda-scienza-e-paure-e-la-chiave-per-capire-sta-in-un-romanzo-noir\/\"]}]},{\"@type\":\"ImageObject\",\"inLanguage\":\"it-IT\",\"@id\":\"https:\/\/127.0.0.1\/it\/cultura-dimpresa\/laria-che-tira-a-milano-tra-moda-scienza-e-paure-e-la-chiave-per-capire-sta-in-un-romanzo-noir\/#primaryimage\",\"url\":\"https:\/\/wpsite-assets.fondazionepirelli.org\/wp-content\/uploads\/2022\/02\/01091740\/GettyImages-1170383949.jpg\",\"contentUrl\":\"https:\/\/wpsite-assets.fondazionepirelli.org\/wp-content\/uploads\/2022\/02\/01091740\/GettyImages-1170383949.jpg\",\"width\":1999,\"height\":1499,\"caption\":\"Apartment facade\"},{\"@type\":\"BreadcrumbList\",\"@id\":\"https:\/\/127.0.0.1\/it\/cultura-dimpresa\/laria-che-tira-a-milano-tra-moda-scienza-e-paure-e-la-chiave-per-capire-sta-in-un-romanzo-noir\/#breadcrumb\",\"itemListElement\":[{\"@type\":\"ListItem\",\"position\":1,\"name\":\"Home\",\"item\":\"https:\/\/www.fondazionepirelli.org\/it\/\"},{\"@type\":\"ListItem\",\"position\":2,\"name\":\"L\u2019aria che tira a Milano, tra moda, scienza e paure. E la chiave per capire sta in un romanzo noir\"}]},{\"@type\":\"WebSite\",\"@id\":\"https:\/\/www.fondazionepirelli.org\/it\/#website\",\"url\":\"https:\/\/www.fondazionepirelli.org\/it\/\",\"name\":\"Fondazione Pirelli\",\"description\":\"\",\"potentialAction\":[{\"@type\":\"SearchAction\",\"target\":{\"@type\":\"EntryPoint\",\"urlTemplate\":\"https:\/\/www.fondazionepirelli.org\/it\/?s={search_term_string}\"},\"query-input\":{\"@type\":\"PropertyValueSpecification\",\"valueRequired\":true,\"valueName\":\"search_term_string\"}}],\"inLanguage\":\"it-IT\"},{\"@type\":\"Person\",\"@id\":\"https:\/\/www.fondazionepirelli.org\/it\/#\/schema\/person\/c31fcf5937a0e6afa45497f3f8b6d7a0\",\"name\":\"fondazionepirelli\",\"image\":{\"@type\":\"ImageObject\",\"inLanguage\":\"it-IT\",\"@id\":\"https:\/\/www.fondazionepirelli.org\/it\/#\/schema\/person\/image\/\",\"url\":\"https:\/\/secure.gravatar.com\/avatar\/9cb486421ce1d6eddbf6c4fb66841b4325b786695f7aedf1dde2222428218696?s=96&d=mm&r=g\",\"contentUrl\":\"https:\/\/secure.gravatar.com\/avatar\/9cb486421ce1d6eddbf6c4fb66841b4325b786695f7aedf1dde2222428218696?s=96&d=mm&r=g\",\"caption\":\"fondazionepirelli\"},\"url\":\"https:\/\/www.fondazionepirelli.org\/it\/author\/fondazionepirelli\/\"}]}<\/script>\n<!-- \/ Yoast SEO plugin. -->","yoast_head_json":{"title":"L\u2019aria che tira a Milano, tra moda, scienza e paure. E la chiave per capire sta in un romanzo noir - Fondazione Pirelli","robots":{"index":"index","follow":"follow","max-snippet":"max-snippet:-1","max-image-preview":"max-image-preview:large","max-video-preview":"max-video-preview:-1"},"canonical":"https:\/\/www.fondazionepirelli.org\/it\/cultura-dimpresa\/laria-che-tira-a-milano-tra-moda-scienza-e-paure-e-la-chiave-per-capire-sta-in-un-romanzo-noir\/","og_locale":"it_IT","og_type":"article","og_title":"L\u2019aria che tira a Milano, tra moda, scienza e paure. E la chiave per capire sta in un romanzo noir - Fondazione Pirelli","og_description":"Che aria tira, in questi giorni, a Milano? Arie diverse ma comunque intense, coinvolgenti, inquietanti. Aria di solidariet\u00e0 con l\u2019Ucraina invasa dall\u2019esercito russo, i colori blu e giallo nelle piazze e sulle facciate dei monumenti, le dichiarazioni politiche e culturali, la sirena dell\u2019allarme aereo che apre gli spettacoli al Teatro Parenti di Andr\u00e9e Ruth Shammah [&hellip;]","og_url":"https:\/\/127.0.0.1\/it\/cultura-dimpresa\/laria-che-tira-a-milano-tra-moda-scienza-e-paure-e-la-chiave-per-capire-sta-in-un-romanzo-noir\/","og_site_name":"Fondazione Pirelli","article_published_time":"2022-03-01T08:39:55+00:00","article_modified_time":"2022-03-28T10:18:05+00:00","og_image":[{"width":1999,"height":1499,"url":"https:\/\/wpsite-assets.fondazionepirelli.org\/wp-content\/uploads\/2022\/02\/01091740\/GettyImages-1170383949.jpg","type":"image\/jpeg"}],"author":"fondazionepirelli","twitter_card":"summary_large_image","twitter_misc":{"Scritto da":"fondazionepirelli","Tempo di lettura stimato":"4 minuti"},"schema":{"@context":"https:\/\/schema.org","@graph":[{"@type":"WebPage","@id":"https:\/\/127.0.0.1\/it\/cultura-dimpresa\/laria-che-tira-a-milano-tra-moda-scienza-e-paure-e-la-chiave-per-capire-sta-in-un-romanzo-noir\/","url":"https:\/\/127.0.0.1\/it\/cultura-dimpresa\/laria-che-tira-a-milano-tra-moda-scienza-e-paure-e-la-chiave-per-capire-sta-in-un-romanzo-noir\/","name":"L\u2019aria che tira a Milano, tra moda, scienza e paure. E la chiave per capire sta in un romanzo noir - Fondazione Pirelli","isPartOf":{"@id":"https:\/\/www.fondazionepirelli.org\/it\/#website"},"primaryImageOfPage":{"@id":"https:\/\/127.0.0.1\/it\/cultura-dimpresa\/laria-che-tira-a-milano-tra-moda-scienza-e-paure-e-la-chiave-per-capire-sta-in-un-romanzo-noir\/#primaryimage"},"image":{"@id":"https:\/\/127.0.0.1\/it\/cultura-dimpresa\/laria-che-tira-a-milano-tra-moda-scienza-e-paure-e-la-chiave-per-capire-sta-in-un-romanzo-noir\/#primaryimage"},"thumbnailUrl":"https:\/\/wpsite-assets.fondazionepirelli.org\/wp-content\/uploads\/2022\/02\/01091740\/GettyImages-1170383949.jpg","datePublished":"2022-03-01T08:39:55+00:00","dateModified":"2022-03-28T10:18:05+00:00","author":{"@id":"https:\/\/www.fondazionepirelli.org\/it\/#\/schema\/person\/c31fcf5937a0e6afa45497f3f8b6d7a0"},"breadcrumb":{"@id":"https:\/\/127.0.0.1\/it\/cultura-dimpresa\/laria-che-tira-a-milano-tra-moda-scienza-e-paure-e-la-chiave-per-capire-sta-in-un-romanzo-noir\/#breadcrumb"},"inLanguage":"it-IT","potentialAction":[{"@type":"ReadAction","target":["https:\/\/127.0.0.1\/it\/cultura-dimpresa\/laria-che-tira-a-milano-tra-moda-scienza-e-paure-e-la-chiave-per-capire-sta-in-un-romanzo-noir\/"]}]},{"@type":"ImageObject","inLanguage":"it-IT","@id":"https:\/\/127.0.0.1\/it\/cultura-dimpresa\/laria-che-tira-a-milano-tra-moda-scienza-e-paure-e-la-chiave-per-capire-sta-in-un-romanzo-noir\/#primaryimage","url":"https:\/\/wpsite-assets.fondazionepirelli.org\/wp-content\/uploads\/2022\/02\/01091740\/GettyImages-1170383949.jpg","contentUrl":"https:\/\/wpsite-assets.fondazionepirelli.org\/wp-content\/uploads\/2022\/02\/01091740\/GettyImages-1170383949.jpg","width":1999,"height":1499,"caption":"Apartment facade"},{"@type":"BreadcrumbList","@id":"https:\/\/127.0.0.1\/it\/cultura-dimpresa\/laria-che-tira-a-milano-tra-moda-scienza-e-paure-e-la-chiave-per-capire-sta-in-un-romanzo-noir\/#breadcrumb","itemListElement":[{"@type":"ListItem","position":1,"name":"Home","item":"https:\/\/www.fondazionepirelli.org\/it\/"},{"@type":"ListItem","position":2,"name":"L\u2019aria che tira a Milano, tra moda, scienza e paure. E la chiave per capire sta in un romanzo noir"}]},{"@type":"WebSite","@id":"https:\/\/www.fondazionepirelli.org\/it\/#website","url":"https:\/\/www.fondazionepirelli.org\/it\/","name":"Fondazione Pirelli","description":"","potentialAction":[{"@type":"SearchAction","target":{"@type":"EntryPoint","urlTemplate":"https:\/\/www.fondazionepirelli.org\/it\/?s={search_term_string}"},"query-input":{"@type":"PropertyValueSpecification","valueRequired":true,"valueName":"search_term_string"}}],"inLanguage":"it-IT"},{"@type":"Person","@id":"https:\/\/www.fondazionepirelli.org\/it\/#\/schema\/person\/c31fcf5937a0e6afa45497f3f8b6d7a0","name":"fondazionepirelli","image":{"@type":"ImageObject","inLanguage":"it-IT","@id":"https:\/\/www.fondazionepirelli.org\/it\/#\/schema\/person\/image\/","url":"https:\/\/secure.gravatar.com\/avatar\/9cb486421ce1d6eddbf6c4fb66841b4325b786695f7aedf1dde2222428218696?s=96&d=mm&r=g","contentUrl":"https:\/\/secure.gravatar.com\/avatar\/9cb486421ce1d6eddbf6c4fb66841b4325b786695f7aedf1dde2222428218696?s=96&d=mm&r=g","caption":"fondazionepirelli"},"url":"https:\/\/www.fondazionepirelli.org\/it\/author\/fondazionepirelli\/"}]}},"_links":{"self":[{"href":"https:\/\/www.fondazionepirelli.org\/it\/wp-json\/wp\/v2\/posts\/87738\/"}],"collection":[{"href":"https:\/\/www.fondazionepirelli.org\/it\/wp-json\/wp\/v2\/posts\/"}],"about":[{"href":"https:\/\/www.fondazionepirelli.org\/it\/wp-json\/wp\/v2\/types\/post\/"}],"author":[{"embeddable":true,"href":"https:\/\/www.fondazionepirelli.org\/it\/wp-json\/wp\/v2\/users\/9\/"}],"replies":[{"embeddable":true,"href":"https:\/\/www.fondazionepirelli.org\/it\/wp-json\/wp\/v2\/comments\/?post=87738"}],"version-history":[{"count":7,"href":"https:\/\/www.fondazionepirelli.org\/it\/wp-json\/wp\/v2\/posts\/87738\/revisions\/"}],"predecessor-version":[{"id":87846,"href":"https:\/\/www.fondazionepirelli.org\/it\/wp-json\/wp\/v2\/posts\/87738\/revisions\/87846\/"}],"wp:featuredmedia":[{"embeddable":true,"href":"https:\/\/www.fondazionepirelli.org\/it\/wp-json\/wp\/v2\/media\/87745\/"}],"wp:attachment":[{"href":"https:\/\/www.fondazionepirelli.org\/it\/wp-json\/wp\/v2\/media\/?parent=87738"}],"wp:term":[{"taxonomy":"category","embeddable":true,"href":"https:\/\/www.fondazionepirelli.org\/it\/wp-json\/wp\/v2\/categories\/?post=87738"},{"taxonomy":"post_tag","embeddable":true,"href":"https:\/\/www.fondazionepirelli.org\/it\/wp-json\/wp\/v2\/tags\/?post=87738"}],"curies":[{"name":"wp","href":"https:\/\/api.w.org\/{rel}","templated":true}]}}